{"id":182039,"date":"2026-01-29T14:55:00","date_gmt":"2026-01-29T17:55:00","guid":{"rendered":"https:\/\/portaltela.pt\/noticias\/2026\/01\/29\/entre-almada-e-gaia-surgem-39-novas-casas-de-renda-acessivel\/"},"modified":"2026-01-29T14:55:00","modified_gmt":"2026-01-29T17:55:00","slug":"entre-almada-e-gaia-surgem-39-novas-casas-de-renda-acessivel","status":"publish","type":"post","link":"https:\/\/portaltela.pt\/noticias\/2026\/01\/29\/entre-almada-e-gaia-surgem-39-novas-casas-de-renda-acessivel\/","title":{"rendered":"Entre Almada e Gaia surgem 39 novas casas de renda acess\u00edvel"},"content":{"rendered":"<p>O Instituto da Habita\u00e7\u00e3o e da Reabilita\u00e7\u00e3o Urbana (IHRU) abriu dois concursos para o sorteio de 39 habita\u00e7\u00f5es com renda acess\u00edvel, num total de munic\u00edpios que v\u00e3o desde Almada a Gaia. As candidaturas permanecem abertas at\u00e9 ao dia 9 de fevereiro de 2026.<\/p>\n<p>Os im\u00f3veis v\u00e3o desde T0 a T5 e repartem-se por Lisboa, Almada, Amadora, Caldas da Rainha, Porto e Vila Nova de Gaia. O objetivo \u00e9 facilitar o acesso a habita\u00e7\u00e3o com rendas acess\u00edveis em v\u00e1rias zonas do pa\u00eds.<\/p>\n<p>Podem candidatar-se pessoas singulares ou agregados familiares que re\u00fanam os crit\u00e9rios de elegibilidade definidos nos avisos de concurso. A prioridade \u00e9 dada a agregados com idade at\u00e9 35 anos, fam\u00edlias monoparentais e situa\u00e7\u00f5es de queda de rendimento superior a 20%.<\/p>\n<h3>Quem pode candidatar-se<\/h3>\n<p>A lista de requisitos est\u00e1 detalhada nos avisos oficiais e no Guia de Apoio ao Candidato. As candidaturas devem ser submetidas pela plataforma de concursos do IHRU, at\u00e9 9 de fevereiro de 2026, com a documenta\u00e7\u00e3o comprovativa correspondente.<\/p>\n<h3>Onde encontrar as informa\u00e7\u00f5es<\/h3>\n<p>Os interessados podem consultar a informa\u00e7\u00e3o detalhada nos an\u00fancios oficiais e no Portal da Habita\u00e7\u00e3o, onde fica dispon\u00edvel o Guia de Apoio ao Candidato. Este guia ajuda a clarificar d\u00favidas comuns durante o processo de candidatura.<\/p>\n","protected":false},"excerpt":{"rendered":"<ul>\n<li>O Instituto da Habita\u00e7\u00e3o e da Reabilita\u00e7\u00e3o Urbana abriu dois concursos para o sorteio de 39 habita\u00e7\u00f5es com renda acess\u00edvel.<\/li>\n<li>As candidaturas v\u00e3o at\u00e9 ao dia 9 de fevereiro de 2026.<\/li>\n<li>Existem casas dispon\u00edveis entre T0 e T5 nos concelhos de Lisboa, Almada, Amadora, Caldas da Rainha, Porto e Vila Nova de Gaia.<\/li>\n<li>Podem candidatar-se pessoas singulares ou agregados familiares que cumpram os crit\u00e9rios de elegibilidade definidos nos avisos de concurso.<\/li>\n<li>A prioridade recai sobre agregados com idade at\u00e9 35 anos, fam\u00edlias monoparentais e agregados com quebras de rendimento superiores a 20% face aos tr\u00eas meses anteriores ou ao per\u00edodo hom\u00f3logo do ano anterior; informa\u00e7\u00f5es e candidaturas em ihruarrenda.portaldahabitacao.pt.<\/li>\n<\/ul>\n","protected":false},"author":2,"featured_media":182057,"comment_status":"closed","ping_status":"closed","sticky":false,"template":"","format":"standard","meta":{"footnotes":""},"categories":[1],"tags":[1373,1439,150,2287,981,982],"class_list":["post-182039","post","type-post","status-publish","format-standard","has-post-thumbnail","hentry","category-noticias","tag-almada","tag-amadora","tag-habitacao","tag-habitacao-a-custos-controlados","tag-lisboa","tag-porto"],"yoast_head":"<!-- This site is optimized with the Yoast SEO plugin v27.2 - https:\/\/yoast.com\/product\/yoast-seo-wordpress\/ -->\n<title>Entre Almada e Gaia surgem 39 novas casas de renda acess\u00edvel - Portal Tela Portugal<\/title>\n<meta name=\"robots\" content=\"index, follow, max-snippet:-1, max-image-preview:large, max-video-preview:-1\" \/>\n<meta property=\"og:locale\" content=\"pt_PT\" \/>\n<meta property=\"og:type\" content=\"article\" \/>\n<meta property=\"og:title\" content=\"Entre Almada e Gaia surgem 39 novas casas de renda acess\u00edvel - Portal Tela Portugal\" \/>\n<meta property=\"og:description\" content=\"O Instituto da Habita\u00e7\u00e3o e da Reabilita\u00e7\u00e3o Urbana abriu dois concursos para o sorteio de 39 habita\u00e7\u00f5es com renda acess\u00edvel. As candidaturas v\u00e3o at\u00e9 ao dia 9 de fevereiro de 2026. Existem casas dispon\u00edveis entre T0 e T5 nos concelhos de Lisboa, Almada, Amadora, Caldas da Rainha, Porto e Vila Nova de Gaia. Podem candidatar-se pessoas singulares ou agregados familiares que cumpram os crit\u00e9rios de elegibilidade definidos nos avisos de concurso. A prioridade recai sobre agregados com idade at\u00e9 35 anos, fam\u00edlias monoparentais e agregados com quebras de rendimento superiores a 20% face aos tr\u00eas meses anteriores ou ao per\u00edodo hom\u00f3logo do ano anterior; informa\u00e7\u00f5es e candidaturas em ihruarrenda.portaldahabitacao.pt.\" \/>\n<meta property=\"og:url\" content=\"https:\/\/portaltela.pt\/noticias\/2026\/01\/29\/entre-almada-e-gaia-surgem-39-novas-casas-de-renda-acessivel\/\" \/>\n<meta property=\"og:site_name\" content=\"Portal Tela Portugal\" \/>\n<meta property=\"article:published_time\" content=\"2026-01-29T17:55:00+00:00\" \/>\n<meta name=\"author\" content=\"Telinha\" \/>\n<meta name=\"twitter:card\" content=\"summary_large_image\" \/>\n<meta name=\"twitter:label1\" content=\"Escrito por\" \/>\n\t<meta name=\"twitter:data1\" content=\"Telinha\" \/>\n\t<meta name=\"twitter:label2\" content=\"Tempo estimado de leitura\" \/>\n\t<meta name=\"twitter:data2\" content=\"1 minuto\" \/>\n<script type=\"application\/ld+json\" class=\"yoast-schema-graph\">{\"@context\":\"https:\/\/schema.org\",\"@graph\":[{\"@type\":\"Article\",\"@id\":\"https:\/\/portaltela.pt\/noticias\/2026\/01\/29\/entre-almada-e-gaia-surgem-39-novas-casas-de-renda-acessivel\/#article\",\"isPartOf\":{\"@id\":\"https:\/\/portaltela.pt\/noticias\/2026\/01\/29\/entre-almada-e-gaia-surgem-39-novas-casas-de-renda-acessivel\/\"},\"author\":{\"name\":\"Telinha\",\"@id\":\"https:\/\/portaltela.pt\/#\/schema\/person\/c4278d4a6028830caff9ee44b42d32ed\"},\"headline\":\"Entre Almada e Gaia surgem 39 novas casas de renda acess\u00edvel\",\"datePublished\":\"2026-01-29T17:55:00+00:00\",\"mainEntityOfPage\":{\"@id\":\"https:\/\/portaltela.pt\/noticias\/2026\/01\/29\/entre-almada-e-gaia-surgem-39-novas-casas-de-renda-acessivel\/\"},\"wordCount\":227,\"image\":{\"@id\":\"https:\/\/portaltela.pt\/noticias\/2026\/01\/29\/entre-almada-e-gaia-surgem-39-novas-casas-de-renda-acessivel\/#primaryimage\"},\"thumbnailUrl\":\"https:\/\/portaltela.pt\/s.01k8rhncp4jt1\/2026\/01\/unnamed-file-5884.jpg\",\"keywords\":[\"Almada\",\"Amadora\",\"habita\u00e7\u00e3o\",\"habita\u00e7\u00e3o a custos controlados\",\"Lisboa\",\"Porto\"],\"articleSection\":[\"Not\u00edcias\"],\"inLanguage\":\"pt-PT\"},{\"@type\":\"WebPage\",\"@id\":\"https:\/\/portaltela.pt\/noticias\/2026\/01\/29\/entre-almada-e-gaia-surgem-39-novas-casas-de-renda-acessivel\/\",\"url\":\"https:\/\/portaltela.pt\/noticias\/2026\/01\/29\/entre-almada-e-gaia-surgem-39-novas-casas-de-renda-acessivel\/\",\"name\":\"Entre Almada e Gaia surgem 39 novas casas de renda acess\u00edvel - Portal Tela Portugal\",\"isPartOf\":{\"@id\":\"https:\/\/portaltela.pt\/#website\"},\"primaryImageOfPage\":{\"@id\":\"https:\/\/portaltela.pt\/noticias\/2026\/01\/29\/entre-almada-e-gaia-surgem-39-novas-casas-de-renda-acessivel\/#primaryimage\"},\"image\":{\"@id\":\"https:\/\/portaltela.pt\/noticias\/2026\/01\/29\/entre-almada-e-gaia-surgem-39-novas-casas-de-renda-acessivel\/#primaryimage\"},\"thumbnailUrl\":\"https:\/\/portaltela.pt\/s.01k8rhncp4jt1\/2026\/01\/unnamed-file-5884.jpg\",\"datePublished\":\"2026-01-29T17:55:00+00:00\",\"author\":{\"@id\":\"https:\/\/portaltela.pt\/#\/schema\/person\/c4278d4a6028830caff9ee44b42d32ed\"},\"breadcrumb\":{\"@id\":\"https:\/\/portaltela.pt\/noticias\/2026\/01\/29\/entre-almada-e-gaia-surgem-39-novas-casas-de-renda-acessivel\/#breadcrumb\"},\"inLanguage\":\"pt-PT\",\"potentialAction\":[{\"@type\":\"ReadAction\",\"target\":[\"https:\/\/portaltela.pt\/noticias\/2026\/01\/29\/entre-almada-e-gaia-surgem-39-novas-casas-de-renda-acessivel\/\"]}]},{\"@type\":\"ImageObject\",\"inLanguage\":\"pt-PT\",\"@id\":\"https:\/\/portaltela.pt\/noticias\/2026\/01\/29\/entre-almada-e-gaia-surgem-39-novas-casas-de-renda-acessivel\/#primaryimage\",\"url\":\"https:\/\/portaltela.pt\/s.01k8rhncp4jt1\/2026\/01\/unnamed-file-5884.jpg\",\"contentUrl\":\"https:\/\/portaltela.pt\/s.01k8rhncp4jt1\/2026\/01\/unnamed-file-5884.jpg\",\"width\":796,\"height\":448,\"caption\":\"De Almada a Gaia h\u00e1 mais 39 casas com renda acess\u00edvel\"},{\"@type\":\"BreadcrumbList\",\"@id\":\"https:\/\/portaltela.pt\/noticias\/2026\/01\/29\/entre-almada-e-gaia-surgem-39-novas-casas-de-renda-acessivel\/#breadcrumb\",\"itemListElement\":[{\"@type\":\"ListItem\",\"position\":1,\"name\":\"In\u00edcio\",\"item\":\"https:\/\/portaltela.pt\/\"},{\"@type\":\"ListItem\",\"position\":2,\"name\":\"Entre Almada e Gaia surgem 39 novas casas de renda acess\u00edvel\"}]},{\"@type\":\"WebSite\",\"@id\":\"https:\/\/portaltela.pt\/#website\",\"url\":\"https:\/\/portaltela.pt\/\",\"name\":\"Portal Tela Portugal\",\"description\":\"\",\"potentialAction\":[{\"@type\":\"SearchAction\",\"target\":{\"@type\":\"EntryPoint\",\"urlTemplate\":\"https:\/\/portaltela.pt\/?s={search_term_string}\"},\"query-input\":{\"@type\":\"PropertyValueSpecification\",\"valueRequired\":true,\"valueName\":\"search_term_string\"}}],\"inLanguage\":\"pt-PT\"},{\"@type\":\"Person\",\"@id\":\"https:\/\/portaltela.pt\/#\/schema\/person\/c4278d4a6028830caff9ee44b42d32ed\",\"name\":\"Telinha\",\"image\":{\"@type\":\"ImageObject\",\"inLanguage\":\"pt-PT\",\"@id\":\"https:\/\/portaltela.pt\/s.01k8rhncp4jt1\/2025\/11\/talking-bot-125x125.png\",\"url\":\"https:\/\/portaltela.pt\/s.01k8rhncp4jt1\/2025\/11\/talking-bot-125x125.png\",\"contentUrl\":\"https:\/\/portaltela.pt\/s.01k8rhncp4jt1\/2025\/11\/talking-bot-125x125.png\",\"caption\":\"Telinha\"},\"sameAs\":[\"https:\/\/portaltela.pt\/\"],\"url\":\"https:\/\/portaltela.pt\/por\/367410592786\/\"}]}<\/script>\n<!-- \/ Yoast SEO plugin. -->","yoast_head_json":{"title":"Entre Almada e Gaia surgem 39 novas casas de renda acess\u00edvel - Portal Tela Portugal","robots":{"index":"index","follow":"follow","max-snippet":"max-snippet:-1","max-image-preview":"max-image-preview:large","max-video-preview":"max-video-preview:-1"},"og_locale":"pt_PT","og_type":"article","og_title":"Entre Almada e Gaia surgem 39 novas casas de renda acess\u00edvel - Portal Tela Portugal","og_description":"O Instituto da Habita\u00e7\u00e3o e da Reabilita\u00e7\u00e3o Urbana abriu dois concursos para o sorteio de 39 habita\u00e7\u00f5es com renda acess\u00edvel. As candidaturas v\u00e3o at\u00e9 ao dia 9 de fevereiro de 2026. Existem casas dispon\u00edveis entre T0 e T5 nos concelhos de Lisboa, Almada, Amadora, Caldas da Rainha, Porto e Vila Nova de Gaia. Podem candidatar-se pessoas singulares ou agregados familiares que cumpram os crit\u00e9rios de elegibilidade definidos nos avisos de concurso. A prioridade recai sobre agregados com idade at\u00e9 35 anos, fam\u00edlias monoparentais e agregados com quebras de rendimento superiores a 20% face aos tr\u00eas meses anteriores ou ao per\u00edodo hom\u00f3logo do ano anterior; informa\u00e7\u00f5es e candidaturas em ihruarrenda.portaldahabitacao.pt.","og_url":"https:\/\/portaltela.pt\/noticias\/2026\/01\/29\/entre-almada-e-gaia-surgem-39-novas-casas-de-renda-acessivel\/","og_site_name":"Portal Tela Portugal","article_published_time":"2026-01-29T17:55:00+00:00","author":"Telinha","twitter_card":"summary_large_image","twitter_misc":{"Escrito por":"Telinha","Tempo estimado de leitura":"1 minuto"},"schema":{"@context":"https:\/\/schema.org","@graph":[{"@type":"Article","@id":"https:\/\/portaltela.pt\/noticias\/2026\/01\/29\/entre-almada-e-gaia-surgem-39-novas-casas-de-renda-acessivel\/#article","isPartOf":{"@id":"https:\/\/portaltela.pt\/noticias\/2026\/01\/29\/entre-almada-e-gaia-surgem-39-novas-casas-de-renda-acessivel\/"},"author":{"name":"Telinha","@id":"https:\/\/portaltela.pt\/#\/schema\/person\/c4278d4a6028830caff9ee44b42d32ed"},"headline":"Entre Almada e Gaia surgem 39 novas casas de renda acess\u00edvel","datePublished":"2026-01-29T17:55:00+00:00","mainEntityOfPage":{"@id":"https:\/\/portaltela.pt\/noticias\/2026\/01\/29\/entre-almada-e-gaia-surgem-39-novas-casas-de-renda-acessivel\/"},"wordCount":227,"image":{"@id":"https:\/\/portaltela.pt\/noticias\/2026\/01\/29\/entre-almada-e-gaia-surgem-39-novas-casas-de-renda-acessivel\/#primaryimage"},"thumbnailUrl":"https:\/\/portaltela.pt\/s.01k8rhncp4jt1\/2026\/01\/unnamed-file-5884.jpg","keywords":["Almada","Amadora","habita\u00e7\u00e3o","habita\u00e7\u00e3o a custos controlados","Lisboa","Porto"],"articleSection":["Not\u00edcias"],"inLanguage":"pt-PT"},{"@type":"WebPage","@id":"https:\/\/portaltela.pt\/noticias\/2026\/01\/29\/entre-almada-e-gaia-surgem-39-novas-casas-de-renda-acessivel\/","url":"https:\/\/portaltela.pt\/noticias\/2026\/01\/29\/entre-almada-e-gaia-surgem-39-novas-casas-de-renda-acessivel\/","name":"Entre Almada e Gaia surgem 39 novas casas de renda acess\u00edvel - Portal Tela Portugal","isPartOf":{"@id":"https:\/\/portaltela.pt\/#website"},"primaryImageOfPage":{"@id":"https:\/\/portaltela.pt\/noticias\/2026\/01\/29\/entre-almada-e-gaia-surgem-39-novas-casas-de-renda-acessivel\/#primaryimage"},"image":{"@id":"https:\/\/portaltela.pt\/noticias\/2026\/01\/29\/entre-almada-e-gaia-surgem-39-novas-casas-de-renda-acessivel\/#primaryimage"},"thumbnailUrl":"https:\/\/portaltela.pt\/s.01k8rhncp4jt1\/2026\/01\/unnamed-file-5884.jpg","datePublished":"2026-01-29T17:55:00+00:00","author":{"@id":"https:\/\/portaltela.pt\/#\/schema\/person\/c4278d4a6028830caff9ee44b42d32ed"},"breadcrumb":{"@id":"https:\/\/portaltela.pt\/noticias\/2026\/01\/29\/entre-almada-e-gaia-surgem-39-novas-casas-de-renda-acessivel\/#breadcrumb"},"inLanguage":"pt-PT","potentialAction":[{"@type":"ReadAction","target":["https:\/\/portaltela.pt\/noticias\/2026\/01\/29\/entre-almada-e-gaia-surgem-39-novas-casas-de-renda-acessivel\/"]}]},{"@type":"ImageObject","inLanguage":"pt-PT","@id":"https:\/\/portaltela.pt\/noticias\/2026\/01\/29\/entre-almada-e-gaia-surgem-39-novas-casas-de-renda-acessivel\/#primaryimage","url":"https:\/\/portaltela.pt\/s.01k8rhncp4jt1\/2026\/01\/unnamed-file-5884.jpg","contentUrl":"https:\/\/portaltela.pt\/s.01k8rhncp4jt1\/2026\/01\/unnamed-file-5884.jpg","width":796,"height":448,"caption":"De Almada a Gaia h\u00e1 mais 39 casas com renda acess\u00edvel"},{"@type":"BreadcrumbList","@id":"https:\/\/portaltela.pt\/noticias\/2026\/01\/29\/entre-almada-e-gaia-surgem-39-novas-casas-de-renda-acessivel\/#breadcrumb","itemListElement":[{"@type":"ListItem","position":1,"name":"In\u00edcio","item":"https:\/\/portaltela.pt\/"},{"@type":"ListItem","position":2,"name":"Entre Almada e Gaia surgem 39 novas casas de renda acess\u00edvel"}]},{"@type":"WebSite","@id":"https:\/\/portaltela.pt\/#website","url":"https:\/\/portaltela.pt\/","name":"Portal Tela Portugal","description":"","potentialAction":[{"@type":"SearchAction","target":{"@type":"EntryPoint","urlTemplate":"https:\/\/portaltela.pt\/?s={search_term_string}"},"query-input":{"@type":"PropertyValueSpecification","valueRequired":true,"valueName":"search_term_string"}}],"inLanguage":"pt-PT"},{"@type":"Person","@id":"https:\/\/portaltela.pt\/#\/schema\/person\/c4278d4a6028830caff9ee44b42d32ed","name":"Telinha","image":{"@type":"ImageObject","inLanguage":"pt-PT","@id":"https:\/\/portaltela.pt\/s.01k8rhncp4jt1\/2025\/11\/talking-bot-125x125.png","url":"https:\/\/portaltela.pt\/s.01k8rhncp4jt1\/2025\/11\/talking-bot-125x125.png","contentUrl":"https:\/\/portaltela.pt\/s.01k8rhncp4jt1\/2025\/11\/talking-bot-125x125.png","caption":"Telinha"},"sameAs":["https:\/\/portaltela.pt\/"],"url":"https:\/\/portaltela.pt\/por\/367410592786\/"}]}},"_links":{"self":[{"href":"https:\/\/portaltela.pt\/api\/wp\/v2\/posts\/182039","targetHints":{"allow":["GET"]}}],"collection":[{"href":"https:\/\/portaltela.pt\/api\/wp\/v2\/posts"}],"about":[{"href":"https:\/\/portaltela.pt\/api\/wp\/v2\/types\/post"}],"author":[{"embeddable":true,"href":"https:\/\/portaltela.pt\/api\/wp\/v2\/users\/2"}],"replies":[{"embeddable":true,"href":"https:\/\/portaltela.pt\/api\/wp\/v2\/comments?post=182039"}],"version-history":[{"count":0,"href":"https:\/\/portaltela.pt\/api\/wp\/v2\/posts\/182039\/revisions"}],"wp:featuredmedia":[{"embeddable":true,"href":"https:\/\/portaltela.pt\/api\/wp\/v2\/media\/182057"}],"wp:attachment":[{"href":"https:\/\/portaltela.pt\/api\/wp\/v2\/media?parent=182039"}],"wp:term":[{"taxonomy":"category","embeddable":true,"href":"https:\/\/portaltela.pt\/api\/wp\/v2\/categories?post=182039"},{"taxonomy":"post_tag","embeddable":true,"href":"https:\/\/portaltela.pt\/api\/wp\/v2\/tags?post=182039"}],"curies":[{"name":"wp","href":"https:\/\/api.w.org\/{rel}","templated":true}]}}