{"id":182010,"date":"2026-01-29T14:29:00","date_gmt":"2026-01-29T17:29:00","guid":{"rendered":"https:\/\/portaltela.pt\/noticias\/2026\/01\/29\/uls-da-cova-da-beira-faz-primeira-cirurgia-inovadora-para-tumor-cerebral\/"},"modified":"2026-01-29T14:29:00","modified_gmt":"2026-01-29T17:29:00","slug":"uls-da-cova-da-beira-faz-primeira-cirurgia-inovadora-para-tumor-cerebral","status":"publish","type":"post","link":"https:\/\/portaltela.pt\/noticias\/2026\/01\/29\/uls-da-cova-da-beira-faz-primeira-cirurgia-inovadora-para-tumor-cerebral\/","title":{"rendered":"ULS da Cova da Beira faz primeira cirurgia inovadora para tumor cerebral"},"content":{"rendered":"<p>A ULS da Cova da Beira realizou, no dia 22 de janeiro, a primeira cirurgia de remo\u00e7\u00e3o de um tumor do osso frontal do cr\u00e2nio na institui\u00e7\u00e3o. A interven\u00e7\u00e3o foi liderada pelo neurocirurgi\u00e3o Dr. Bruno Louren\u00e7o Costa e incluiu a reconstru\u00e7\u00e3o do osso frontal, assegurando prote\u00e7\u00e3o cerebral e resultado est\u00e9tico.<\/p>\n<p>A equipa recorreu a uma abordagem minimamente invasiva, com um pequeno corte junto \u00e0 sobrancelha, evitando grandes incis\u00f5es no couro cabeludo. A opera\u00e7\u00e3o reduziu o risco de perdas de sangue, infe\u00e7\u00e3o, dor e cicatrizes vis\u00edveis.<\/p>\n<p>Foi utilizada neuronavega\u00e7\u00e3o, equivalente a um GPS cir\u00fargico, para localizar o tumor com precis\u00e3o milim\u00e9trica e confirmar a remo\u00e7\u00e3o total. Esta t\u00e9cnica oferece seguran\u00e7a equivalente \u00e0s cirurgias tradicionais, com menor impacto f\u00edsico.<\/p>\n<p>Segundo o Dr. Bruno Louren\u00e7o Costa, estas t\u00e9cnicas j\u00e1 s\u00e3o praticadas em centros internacionais de refer\u00eancia e t\u00eam sido adotadas em casos de grande complexidade, inclusive envolvendo figuras p\u00fablicas.<\/p>\n<p>A equipa contou com o neurocirurgi\u00e3o Dr. In\u00e1cio Reis, destacando a elevada exig\u00eancia da opera\u00e7\u00e3o. A institui\u00e7\u00e3o v\u00ea o feito como reflexo do trabalho conjunto entre equipas cl\u00ednicas e a administra\u00e7\u00e3o.<\/p>\n<p>Com a interven\u00e7\u00e3o, a ULS da Cova da Beira refor\u00e7a o compromisso com a excel\u00eancia cl\u00ednica e a inova\u00e7\u00e3o cir\u00fargica, posicionando-se na linha da frente da neurocirurgia em Portugal.<\/p>\n<p>Fotos: ULS da Cova da Beira<\/p>\n","protected":false},"excerpt":{"rendered":"<ul>\n<li>A ULS da Cova da Beira realizou, no dia 22 de janeiro, a primeira cirurgia de remo\u00e7\u00e3o de um tumor no osso frontal do cr\u00e2nio na institui\u00e7\u00e3o.<\/li>\n<li>A interven\u00e7\u00e3o foi liderada pelo neurocirurgi\u00e3o Dr. Bruno Louren\u00e7o Costa e consistiu na excis\u00e3o completa do tumor, seguida da reconstru\u00e7\u00e3o do osso frontal.<\/li>\n<li>A opera\u00e7\u00e3o utilizou uma abordagem minimamente invasiva, com um pequeno corte na sobrancelha, evitando pontos externos e promovendo recupera\u00e7\u00e3o mais r\u00e1pida.<\/li>\n<li>Foi empregada tecnologia de neuronavega\u00e7\u00e3o (semelhante a um GPS cir\u00fargico) para localizar o tumor com precis\u00e3o milim\u00e9trica e confirmar a remo\u00e7\u00e3o total.<\/li>\n<li>A equipa incluiu o neurocirurgi\u00e3o Dr. In\u00e1cio Reis; a institui\u00e7\u00e3o sublinha o recurso a t\u00e9cnicas inovadoras como parte do seu compromisso com a seguran\u00e7a e os cuidados centrados no doente.<\/li>\n<\/ul>\n","protected":false},"author":2,"featured_media":182024,"comment_status":"closed","ping_status":"closed","sticky":false,"template":"","format":"standard","meta":{"footnotes":""},"categories":[1],"tags":[2218,3634,633,33,1014,271],"class_list":["post-182010","post","type-post","status-publish","format-standard","has-post-thumbnail","hentry","category-noticias","tag-cirurgia-geral","tag-cirurgias","tag-hospital","tag-inovacao","tag-portugal","tag-saude-publica"],"yoast_head":"<!-- This site is optimized with the Yoast SEO plugin v27.2 - https:\/\/yoast.com\/product\/yoast-seo-wordpress\/ -->\n<title>ULS da Cova da Beira faz primeira cirurgia inovadora para tumor cerebral - Portal Tela Portugal<\/title>\n<meta name=\"robots\" content=\"index, follow, max-snippet:-1, max-image-preview:large, max-video-preview:-1\" \/>\n<meta property=\"og:locale\" content=\"pt_PT\" \/>\n<meta property=\"og:type\" content=\"article\" \/>\n<meta property=\"og:title\" content=\"ULS da Cova da Beira faz primeira cirurgia inovadora para tumor cerebral - Portal Tela Portugal\" \/>\n<meta property=\"og:description\" content=\"A ULS da Cova da Beira realizou, no dia 22 de janeiro, a primeira cirurgia de remo\u00e7\u00e3o de um tumor no osso frontal do cr\u00e2nio na institui\u00e7\u00e3o. A interven\u00e7\u00e3o foi liderada pelo neurocirurgi\u00e3o Dr. Bruno Louren\u00e7o Costa e consistiu na excis\u00e3o completa do tumor, seguida da reconstru\u00e7\u00e3o do osso frontal. A opera\u00e7\u00e3o utilizou uma abordagem minimamente invasiva, com um pequeno corte na sobrancelha, evitando pontos externos e promovendo recupera\u00e7\u00e3o mais r\u00e1pida. Foi empregada tecnologia de neuronavega\u00e7\u00e3o (semelhante a um GPS cir\u00fargico) para localizar o tumor com precis\u00e3o milim\u00e9trica e confirmar a remo\u00e7\u00e3o total. A equipa incluiu o neurocirurgi\u00e3o Dr. In\u00e1cio Reis; a institui\u00e7\u00e3o sublinha o recurso a t\u00e9cnicas inovadoras como parte do seu compromisso com a seguran\u00e7a e os cuidados centrados no doente.\" \/>\n<meta property=\"og:url\" content=\"https:\/\/portaltela.pt\/noticias\/2026\/01\/29\/uls-da-cova-da-beira-faz-primeira-cirurgia-inovadora-para-tumor-cerebral\/\" \/>\n<meta property=\"og:site_name\" content=\"Portal Tela Portugal\" \/>\n<meta property=\"article:published_time\" content=\"2026-01-29T17:29:00+00:00\" \/>\n<meta name=\"author\" content=\"Telinha\" \/>\n<meta name=\"twitter:card\" content=\"summary_large_image\" \/>\n<meta name=\"twitter:label1\" content=\"Escrito por\" \/>\n\t<meta name=\"twitter:data1\" content=\"Telinha\" \/>\n\t<meta name=\"twitter:label2\" content=\"Tempo estimado de leitura\" \/>\n\t<meta name=\"twitter:data2\" content=\"1 minuto\" \/>\n<script type=\"application\/ld+json\" class=\"yoast-schema-graph\">{\"@context\":\"https:\/\/schema.org\",\"@graph\":[{\"@type\":\"Article\",\"@id\":\"https:\/\/portaltela.pt\/noticias\/2026\/01\/29\/uls-da-cova-da-beira-faz-primeira-cirurgia-inovadora-para-tumor-cerebral\/#article\",\"isPartOf\":{\"@id\":\"https:\/\/portaltela.pt\/noticias\/2026\/01\/29\/uls-da-cova-da-beira-faz-primeira-cirurgia-inovadora-para-tumor-cerebral\/\"},\"author\":{\"name\":\"Telinha\",\"@id\":\"https:\/\/portaltela.pt\/#\/schema\/person\/c4278d4a6028830caff9ee44b42d32ed\"},\"headline\":\"ULS da Cova da Beira faz primeira cirurgia inovadora para tumor cerebral\",\"datePublished\":\"2026-01-29T17:29:00+00:00\",\"mainEntityOfPage\":{\"@id\":\"https:\/\/portaltela.pt\/noticias\/2026\/01\/29\/uls-da-cova-da-beira-faz-primeira-cirurgia-inovadora-para-tumor-cerebral\/\"},\"wordCount\":262,\"image\":{\"@id\":\"https:\/\/portaltela.pt\/noticias\/2026\/01\/29\/uls-da-cova-da-beira-faz-primeira-cirurgia-inovadora-para-tumor-cerebral\/#primaryimage\"},\"thumbnailUrl\":\"https:\/\/portaltela.pt\/s.01k8rhncp4jt1\/2026\/01\/unnamed-file-5882.jpg\",\"keywords\":[\"Cirurgia Geral\",\"cirurgias\",\"hospital\",\"inova\u00e7\u00e3o\",\"Portugal\",\"sa\u00fade p\u00fablica\"],\"articleSection\":[\"Not\u00edcias\"],\"inLanguage\":\"pt-PT\"},{\"@type\":\"WebPage\",\"@id\":\"https:\/\/portaltela.pt\/noticias\/2026\/01\/29\/uls-da-cova-da-beira-faz-primeira-cirurgia-inovadora-para-tumor-cerebral\/\",\"url\":\"https:\/\/portaltela.pt\/noticias\/2026\/01\/29\/uls-da-cova-da-beira-faz-primeira-cirurgia-inovadora-para-tumor-cerebral\/\",\"name\":\"ULS da Cova da Beira faz primeira cirurgia inovadora para tumor cerebral - Portal Tela Portugal\",\"isPartOf\":{\"@id\":\"https:\/\/portaltela.pt\/#website\"},\"primaryImageOfPage\":{\"@id\":\"https:\/\/portaltela.pt\/noticias\/2026\/01\/29\/uls-da-cova-da-beira-faz-primeira-cirurgia-inovadora-para-tumor-cerebral\/#primaryimage\"},\"image\":{\"@id\":\"https:\/\/portaltela.pt\/noticias\/2026\/01\/29\/uls-da-cova-da-beira-faz-primeira-cirurgia-inovadora-para-tumor-cerebral\/#primaryimage\"},\"thumbnailUrl\":\"https:\/\/portaltela.pt\/s.01k8rhncp4jt1\/2026\/01\/unnamed-file-5882.jpg\",\"datePublished\":\"2026-01-29T17:29:00+00:00\",\"author\":{\"@id\":\"https:\/\/portaltela.pt\/#\/schema\/person\/c4278d4a6028830caff9ee44b42d32ed\"},\"breadcrumb\":{\"@id\":\"https:\/\/portaltela.pt\/noticias\/2026\/01\/29\/uls-da-cova-da-beira-faz-primeira-cirurgia-inovadora-para-tumor-cerebral\/#breadcrumb\"},\"inLanguage\":\"pt-PT\",\"potentialAction\":[{\"@type\":\"ReadAction\",\"target\":[\"https:\/\/portaltela.pt\/noticias\/2026\/01\/29\/uls-da-cova-da-beira-faz-primeira-cirurgia-inovadora-para-tumor-cerebral\/\"]}]},{\"@type\":\"ImageObject\",\"inLanguage\":\"pt-PT\",\"@id\":\"https:\/\/portaltela.pt\/noticias\/2026\/01\/29\/uls-da-cova-da-beira-faz-primeira-cirurgia-inovadora-para-tumor-cerebral\/#primaryimage\",\"url\":\"https:\/\/portaltela.pt\/s.01k8rhncp4jt1\/2026\/01\/unnamed-file-5882.jpg\",\"contentUrl\":\"https:\/\/portaltela.pt\/s.01k8rhncp4jt1\/2026\/01\/unnamed-file-5882.jpg\",\"width\":796,\"height\":448,\"caption\":\"ULS da Cova da Beira realiza primeira cirurgia inovadora para remover tumor cerebral\"},{\"@type\":\"BreadcrumbList\",\"@id\":\"https:\/\/portaltela.pt\/noticias\/2026\/01\/29\/uls-da-cova-da-beira-faz-primeira-cirurgia-inovadora-para-tumor-cerebral\/#breadcrumb\",\"itemListElement\":[{\"@type\":\"ListItem\",\"position\":1,\"name\":\"In\u00edcio\",\"item\":\"https:\/\/portaltela.pt\/\"},{\"@type\":\"ListItem\",\"position\":2,\"name\":\"ULS da Cova da Beira faz primeira cirurgia inovadora para tumor cerebral\"}]},{\"@type\":\"WebSite\",\"@id\":\"https:\/\/portaltela.pt\/#website\",\"url\":\"https:\/\/portaltela.pt\/\",\"name\":\"Portal Tela Portugal\",\"description\":\"\",\"potentialAction\":[{\"@type\":\"SearchAction\",\"target\":{\"@type\":\"EntryPoint\",\"urlTemplate\":\"https:\/\/portaltela.pt\/?s={search_term_string}\"},\"query-input\":{\"@type\":\"PropertyValueSpecification\",\"valueRequired\":true,\"valueName\":\"search_term_string\"}}],\"inLanguage\":\"pt-PT\"},{\"@type\":\"Person\",\"@id\":\"https:\/\/portaltela.pt\/#\/schema\/person\/c4278d4a6028830caff9ee44b42d32ed\",\"name\":\"Telinha\",\"image\":{\"@type\":\"ImageObject\",\"inLanguage\":\"pt-PT\",\"@id\":\"https:\/\/portaltela.pt\/s.01k8rhncp4jt1\/2025\/11\/talking-bot-125x125.png\",\"url\":\"https:\/\/portaltela.pt\/s.01k8rhncp4jt1\/2025\/11\/talking-bot-125x125.png\",\"contentUrl\":\"https:\/\/portaltela.pt\/s.01k8rhncp4jt1\/2025\/11\/talking-bot-125x125.png\",\"caption\":\"Telinha\"},\"sameAs\":[\"https:\/\/portaltela.pt\/\"],\"url\":\"https:\/\/portaltela.pt\/por\/367410592786\/\"}]}<\/script>\n<!-- \/ Yoast SEO plugin. -->","yoast_head_json":{"title":"ULS da Cova da Beira faz primeira cirurgia inovadora para tumor cerebral - Portal Tela Portugal","robots":{"index":"index","follow":"follow","max-snippet":"max-snippet:-1","max-image-preview":"max-image-preview:large","max-video-preview":"max-video-preview:-1"},"og_locale":"pt_PT","og_type":"article","og_title":"ULS da Cova da Beira faz primeira cirurgia inovadora para tumor cerebral - Portal Tela Portugal","og_description":"A ULS da Cova da Beira realizou, no dia 22 de janeiro, a primeira cirurgia de remo\u00e7\u00e3o de um tumor no osso frontal do cr\u00e2nio na institui\u00e7\u00e3o. A interven\u00e7\u00e3o foi liderada pelo neurocirurgi\u00e3o Dr. Bruno Louren\u00e7o Costa e consistiu na excis\u00e3o completa do tumor, seguida da reconstru\u00e7\u00e3o do osso frontal. A opera\u00e7\u00e3o utilizou uma abordagem minimamente invasiva, com um pequeno corte na sobrancelha, evitando pontos externos e promovendo recupera\u00e7\u00e3o mais r\u00e1pida. Foi empregada tecnologia de neuronavega\u00e7\u00e3o (semelhante a um GPS cir\u00fargico) para localizar o tumor com precis\u00e3o milim\u00e9trica e confirmar a remo\u00e7\u00e3o total. A equipa incluiu o neurocirurgi\u00e3o Dr. In\u00e1cio Reis; a institui\u00e7\u00e3o sublinha o recurso a t\u00e9cnicas inovadoras como parte do seu compromisso com a seguran\u00e7a e os cuidados centrados no doente.","og_url":"https:\/\/portaltela.pt\/noticias\/2026\/01\/29\/uls-da-cova-da-beira-faz-primeira-cirurgia-inovadora-para-tumor-cerebral\/","og_site_name":"Portal Tela Portugal","article_published_time":"2026-01-29T17:29:00+00:00","author":"Telinha","twitter_card":"summary_large_image","twitter_misc":{"Escrito por":"Telinha","Tempo estimado de leitura":"1 minuto"},"schema":{"@context":"https:\/\/schema.org","@graph":[{"@type":"Article","@id":"https:\/\/portaltela.pt\/noticias\/2026\/01\/29\/uls-da-cova-da-beira-faz-primeira-cirurgia-inovadora-para-tumor-cerebral\/#article","isPartOf":{"@id":"https:\/\/portaltela.pt\/noticias\/2026\/01\/29\/uls-da-cova-da-beira-faz-primeira-cirurgia-inovadora-para-tumor-cerebral\/"},"author":{"name":"Telinha","@id":"https:\/\/portaltela.pt\/#\/schema\/person\/c4278d4a6028830caff9ee44b42d32ed"},"headline":"ULS da Cova da Beira faz primeira cirurgia inovadora para tumor cerebral","datePublished":"2026-01-29T17:29:00+00:00","mainEntityOfPage":{"@id":"https:\/\/portaltela.pt\/noticias\/2026\/01\/29\/uls-da-cova-da-beira-faz-primeira-cirurgia-inovadora-para-tumor-cerebral\/"},"wordCount":262,"image":{"@id":"https:\/\/portaltela.pt\/noticias\/2026\/01\/29\/uls-da-cova-da-beira-faz-primeira-cirurgia-inovadora-para-tumor-cerebral\/#primaryimage"},"thumbnailUrl":"https:\/\/portaltela.pt\/s.01k8rhncp4jt1\/2026\/01\/unnamed-file-5882.jpg","keywords":["Cirurgia Geral","cirurgias","hospital","inova\u00e7\u00e3o","Portugal","sa\u00fade p\u00fablica"],"articleSection":["Not\u00edcias"],"inLanguage":"pt-PT"},{"@type":"WebPage","@id":"https:\/\/portaltela.pt\/noticias\/2026\/01\/29\/uls-da-cova-da-beira-faz-primeira-cirurgia-inovadora-para-tumor-cerebral\/","url":"https:\/\/portaltela.pt\/noticias\/2026\/01\/29\/uls-da-cova-da-beira-faz-primeira-cirurgia-inovadora-para-tumor-cerebral\/","name":"ULS da Cova da Beira faz primeira cirurgia inovadora para tumor cerebral - Portal Tela Portugal","isPartOf":{"@id":"https:\/\/portaltela.pt\/#website"},"primaryImageOfPage":{"@id":"https:\/\/portaltela.pt\/noticias\/2026\/01\/29\/uls-da-cova-da-beira-faz-primeira-cirurgia-inovadora-para-tumor-cerebral\/#primaryimage"},"image":{"@id":"https:\/\/portaltela.pt\/noticias\/2026\/01\/29\/uls-da-cova-da-beira-faz-primeira-cirurgia-inovadora-para-tumor-cerebral\/#primaryimage"},"thumbnailUrl":"https:\/\/portaltela.pt\/s.01k8rhncp4jt1\/2026\/01\/unnamed-file-5882.jpg","datePublished":"2026-01-29T17:29:00+00:00","author":{"@id":"https:\/\/portaltela.pt\/#\/schema\/person\/c4278d4a6028830caff9ee44b42d32ed"},"breadcrumb":{"@id":"https:\/\/portaltela.pt\/noticias\/2026\/01\/29\/uls-da-cova-da-beira-faz-primeira-cirurgia-inovadora-para-tumor-cerebral\/#breadcrumb"},"inLanguage":"pt-PT","potentialAction":[{"@type":"ReadAction","target":["https:\/\/portaltela.pt\/noticias\/2026\/01\/29\/uls-da-cova-da-beira-faz-primeira-cirurgia-inovadora-para-tumor-cerebral\/"]}]},{"@type":"ImageObject","inLanguage":"pt-PT","@id":"https:\/\/portaltela.pt\/noticias\/2026\/01\/29\/uls-da-cova-da-beira-faz-primeira-cirurgia-inovadora-para-tumor-cerebral\/#primaryimage","url":"https:\/\/portaltela.pt\/s.01k8rhncp4jt1\/2026\/01\/unnamed-file-5882.jpg","contentUrl":"https:\/\/portaltela.pt\/s.01k8rhncp4jt1\/2026\/01\/unnamed-file-5882.jpg","width":796,"height":448,"caption":"ULS da Cova da Beira realiza primeira cirurgia inovadora para remover tumor cerebral"},{"@type":"BreadcrumbList","@id":"https:\/\/portaltela.pt\/noticias\/2026\/01\/29\/uls-da-cova-da-beira-faz-primeira-cirurgia-inovadora-para-tumor-cerebral\/#breadcrumb","itemListElement":[{"@type":"ListItem","position":1,"name":"In\u00edcio","item":"https:\/\/portaltela.pt\/"},{"@type":"ListItem","position":2,"name":"ULS da Cova da Beira faz primeira cirurgia inovadora para tumor cerebral"}]},{"@type":"WebSite","@id":"https:\/\/portaltela.pt\/#website","url":"https:\/\/portaltela.pt\/","name":"Portal Tela Portugal","description":"","potentialAction":[{"@type":"SearchAction","target":{"@type":"EntryPoint","urlTemplate":"https:\/\/portaltela.pt\/?s={search_term_string}"},"query-input":{"@type":"PropertyValueSpecification","valueRequired":true,"valueName":"search_term_string"}}],"inLanguage":"pt-PT"},{"@type":"Person","@id":"https:\/\/portaltela.pt\/#\/schema\/person\/c4278d4a6028830caff9ee44b42d32ed","name":"Telinha","image":{"@type":"ImageObject","inLanguage":"pt-PT","@id":"https:\/\/portaltela.pt\/s.01k8rhncp4jt1\/2025\/11\/talking-bot-125x125.png","url":"https:\/\/portaltela.pt\/s.01k8rhncp4jt1\/2025\/11\/talking-bot-125x125.png","contentUrl":"https:\/\/portaltela.pt\/s.01k8rhncp4jt1\/2025\/11\/talking-bot-125x125.png","caption":"Telinha"},"sameAs":["https:\/\/portaltela.pt\/"],"url":"https:\/\/portaltela.pt\/por\/367410592786\/"}]}},"_links":{"self":[{"href":"https:\/\/portaltela.pt\/api\/wp\/v2\/posts\/182010","targetHints":{"allow":["GET"]}}],"collection":[{"href":"https:\/\/portaltela.pt\/api\/wp\/v2\/posts"}],"about":[{"href":"https:\/\/portaltela.pt\/api\/wp\/v2\/types\/post"}],"author":[{"embeddable":true,"href":"https:\/\/portaltela.pt\/api\/wp\/v2\/users\/2"}],"replies":[{"embeddable":true,"href":"https:\/\/portaltela.pt\/api\/wp\/v2\/comments?post=182010"}],"version-history":[{"count":0,"href":"https:\/\/portaltela.pt\/api\/wp\/v2\/posts\/182010\/revisions"}],"wp:featuredmedia":[{"embeddable":true,"href":"https:\/\/portaltela.pt\/api\/wp\/v2\/media\/182024"}],"wp:attachment":[{"href":"https:\/\/portaltela.pt\/api\/wp\/v2\/media?parent=182010"}],"wp:term":[{"taxonomy":"category","embeddable":true,"href":"https:\/\/portaltela.pt\/api\/wp\/v2\/categories?post=182010"},{"taxonomy":"post_tag","embeddable":true,"href":"https:\/\/portaltela.pt\/api\/wp\/v2\/tags?post=182010"}],"curies":[{"name":"wp","href":"https:\/\/api.w.org\/{rel}","templated":true}]}}