{"id":182003,"date":"2026-01-29T14:29:48","date_gmt":"2026-01-29T17:29:48","guid":{"rendered":"https:\/\/portaltela.pt\/noticias\/2026\/01\/29\/apelo-ao-voto-em-antonio-jose-seguro-nas-ruas-do-funchal\/"},"modified":"2026-01-29T14:29:48","modified_gmt":"2026-01-29T17:29:48","slug":"apelo-ao-voto-em-antonio-jose-seguro-nas-ruas-do-funchal","status":"publish","type":"post","link":"https:\/\/portaltela.pt\/noticias\/2026\/01\/29\/apelo-ao-voto-em-antonio-jose-seguro-nas-ruas-do-funchal\/","title":{"rendered":"Apelo ao voto em Ant\u00f3nio Jos\u00e9 Seguro nas ruas do Funchal"},"content":{"rendered":"<p>O centro do Funchal recebeu apoiantes de Ant\u00f3nio Jos\u00e9 Seguro, na quinta-feira, a pedir voto para a segunda volta das Presidenciais a 8 de Fevereiro. O local foi escolhido para mobilizar eleitores na parte final da campanha.<\/p>\n<p>Miguel Silva Gouveia, mandat\u00e1rio regional, destacou, na proximidade com a popula\u00e7\u00e3o, a modera\u00e7\u00e3o, a seriedade, a integridade e o sentido de Estado associados a Seguro. Afirmou tratar-se de uma escolha respons\u00e1vel para a Presid\u00eancia da Rep\u00fablica.<\/p>\n<p>O dirigente salientou ainda o suporte que Seguro tem reunido junto de setores alargados do espectro pol\u00edtico, sublinhando uma posi\u00e7\u00e3o plural que, segundo ele, separa o candidato de interesses partid\u00e1rios. Garantiu que Seguro se coloca acima de partidos.<\/p>\n<h3>Apoio e vis\u00e3o sobre o confronto entre candidatos<\/h3>\n<p>Segundo o mandat\u00e1rio, existe uma dist\u00e2ncia clara em rela\u00e7\u00e3o ao advers\u00e1rio na segunda volta, com Seguro a representar modera\u00e7\u00e3o e respeito pela Constitui\u00e7\u00e3o. Em contraste, Ventura \u00e9 descrito como algu\u00e9m que poder\u00e1 fomentar desfechos de divis\u00e3o.<\/p>\n<p>Gouveia refor\u00e7ou que Seguro n\u00e3o procura fun\u00e7\u00f5es executivas, ao contr\u00e1rio do que aponta o seu opositor. Sobre a Autonomia regional, afirmou que Seguro respeita a Constitui\u00e7\u00e3o e as autonomias, garantindo aos madeirenses uma vis\u00e3o de perten\u00e7a a Portugal em plena igualdade.<\/p>\n<p>Antes do encerramento, foi anunciado que, para quem pretende votar antecipadamente, a inscri\u00e7\u00e3o est\u00e1 aberta apenas at\u00e9 ao fim do dia de hoje.<\/p>\n","protected":false},"excerpt":{"rendered":"<ul>\n<li>No centro do Funchal, apoiantes de Ant\u00f3nio Jos\u00e9 Seguro apelaram ao voto para a segunda volta, marcada para 8 de Fevereiro.<\/li>\n<li>Miguel Silva Gouveia destacou as qualidades de Seguro: modera\u00e7\u00e3o, seriedade, integridade e sentido de Estado.<\/li>\n<li>O mandat\u00e1rio regional afirmou que Seguro re\u00fane apoios de um leque partid\u00e1rio, evidenciando uma posi\u00e7\u00e3o plural e o interesse dos portugueses.<\/li>\n<li>Comparou Seguro com o advers\u00e1rio, dizendo que Ventura semeia \u00f3dio e desuni\u00e3o, enquanto Seguro representa modera\u00e7\u00e3o e respeito pela Constitui\u00e7\u00e3o.<\/li>\n<li>Referiu que Seguro respeita as Autonomias da Madeira e que, se eleito, v\u00ea todos os portugueses como portugueses de primeira; terminou com o aviso de inscri\u00e7\u00e3o para voto antecipado, que encerra hoje.<\/li>\n<\/ul>\n","protected":false},"author":2,"featured_media":182020,"comment_status":"closed","ping_status":"closed","sticky":false,"template":"","format":"standard","meta":{"footnotes":""},"categories":[1],"tags":[3344,4057,1120,859,2832,3001],"class_list":["post-182003","post","type-post","status-publish","format-standard","has-post-thumbnail","hentry","category-noticias","tag-autonomia-regional","tag-constituicao","tag-funchal","tag-madeira","tag-politica","tag-presidenciais"],"yoast_head":"<!-- This site is optimized with the Yoast SEO plugin v27.2 - https:\/\/yoast.com\/product\/yoast-seo-wordpress\/ -->\n<title>Apelo ao voto em Ant\u00f3nio Jos\u00e9 Seguro nas ruas do Funchal - Portal Tela Portugal<\/title>\n<meta name=\"robots\" content=\"index, follow, max-snippet:-1, max-image-preview:large, max-video-preview:-1\" \/>\n<meta property=\"og:locale\" content=\"pt_PT\" \/>\n<meta property=\"og:type\" content=\"article\" \/>\n<meta property=\"og:title\" content=\"Apelo ao voto em Ant\u00f3nio Jos\u00e9 Seguro nas ruas do Funchal - Portal Tela Portugal\" \/>\n<meta property=\"og:description\" content=\"No centro do Funchal, apoiantes de Ant\u00f3nio Jos\u00e9 Seguro apelaram ao voto para a segunda volta, marcada para 8 de Fevereiro. Miguel Silva Gouveia destacou as qualidades de Seguro: modera\u00e7\u00e3o, seriedade, integridade e sentido de Estado. O mandat\u00e1rio regional afirmou que Seguro re\u00fane apoios de um leque partid\u00e1rio, evidenciando uma posi\u00e7\u00e3o plural e o interesse dos portugueses. Comparou Seguro com o advers\u00e1rio, dizendo que Ventura semeia \u00f3dio e desuni\u00e3o, enquanto Seguro representa modera\u00e7\u00e3o e respeito pela Constitui\u00e7\u00e3o. Referiu que Seguro respeita as Autonomias da Madeira e que, se eleito, v\u00ea todos os portugueses como portugueses de primeira; terminou com o aviso de inscri\u00e7\u00e3o para voto antecipado, que encerra hoje.\" \/>\n<meta property=\"og:url\" content=\"https:\/\/portaltela.pt\/noticias\/2026\/01\/29\/apelo-ao-voto-em-antonio-jose-seguro-nas-ruas-do-funchal\/\" \/>\n<meta property=\"og:site_name\" content=\"Portal Tela Portugal\" \/>\n<meta property=\"article:published_time\" content=\"2026-01-29T17:29:48+00:00\" \/>\n<meta name=\"author\" content=\"Telinha\" \/>\n<meta name=\"twitter:card\" content=\"summary_large_image\" \/>\n<meta name=\"twitter:label1\" content=\"Escrito por\" \/>\n\t<meta name=\"twitter:data1\" content=\"Telinha\" \/>\n\t<meta name=\"twitter:label2\" content=\"Tempo estimado de leitura\" \/>\n\t<meta name=\"twitter:data2\" content=\"1 minuto\" \/>\n<script type=\"application\/ld+json\" class=\"yoast-schema-graph\">{\"@context\":\"https:\/\/schema.org\",\"@graph\":[{\"@type\":\"Article\",\"@id\":\"https:\/\/portaltela.pt\/noticias\/2026\/01\/29\/apelo-ao-voto-em-antonio-jose-seguro-nas-ruas-do-funchal\/#article\",\"isPartOf\":{\"@id\":\"https:\/\/portaltela.pt\/noticias\/2026\/01\/29\/apelo-ao-voto-em-antonio-jose-seguro-nas-ruas-do-funchal\/\"},\"author\":{\"name\":\"Telinha\",\"@id\":\"https:\/\/portaltela.pt\/#\/schema\/person\/c4278d4a6028830caff9ee44b42d32ed\"},\"headline\":\"Apelo ao voto em Ant\u00f3nio Jos\u00e9 Seguro nas ruas do Funchal\",\"datePublished\":\"2026-01-29T17:29:48+00:00\",\"mainEntityOfPage\":{\"@id\":\"https:\/\/portaltela.pt\/noticias\/2026\/01\/29\/apelo-ao-voto-em-antonio-jose-seguro-nas-ruas-do-funchal\/\"},\"wordCount\":256,\"image\":{\"@id\":\"https:\/\/portaltela.pt\/noticias\/2026\/01\/29\/apelo-ao-voto-em-antonio-jose-seguro-nas-ruas-do-funchal\/#primaryimage\"},\"thumbnailUrl\":\"https:\/\/portaltela.pt\/s.01k8rhncp4jt1\/2026\/01\/unnamed-file-5881.jpg\",\"keywords\":[\"autonomia regional\",\"constitui\u00e7\u00e3o\",\"Funchal\",\"Madeira\",\"pol\u00edtica\",\"Presidenciais\"],\"articleSection\":[\"Not\u00edcias\"],\"inLanguage\":\"pt-PT\"},{\"@type\":\"WebPage\",\"@id\":\"https:\/\/portaltela.pt\/noticias\/2026\/01\/29\/apelo-ao-voto-em-antonio-jose-seguro-nas-ruas-do-funchal\/\",\"url\":\"https:\/\/portaltela.pt\/noticias\/2026\/01\/29\/apelo-ao-voto-em-antonio-jose-seguro-nas-ruas-do-funchal\/\",\"name\":\"Apelo ao voto em Ant\u00f3nio Jos\u00e9 Seguro nas ruas do Funchal - Portal Tela Portugal\",\"isPartOf\":{\"@id\":\"https:\/\/portaltela.pt\/#website\"},\"primaryImageOfPage\":{\"@id\":\"https:\/\/portaltela.pt\/noticias\/2026\/01\/29\/apelo-ao-voto-em-antonio-jose-seguro-nas-ruas-do-funchal\/#primaryimage\"},\"image\":{\"@id\":\"https:\/\/portaltela.pt\/noticias\/2026\/01\/29\/apelo-ao-voto-em-antonio-jose-seguro-nas-ruas-do-funchal\/#primaryimage\"},\"thumbnailUrl\":\"https:\/\/portaltela.pt\/s.01k8rhncp4jt1\/2026\/01\/unnamed-file-5881.jpg\",\"datePublished\":\"2026-01-29T17:29:48+00:00\",\"author\":{\"@id\":\"https:\/\/portaltela.pt\/#\/schema\/person\/c4278d4a6028830caff9ee44b42d32ed\"},\"breadcrumb\":{\"@id\":\"https:\/\/portaltela.pt\/noticias\/2026\/01\/29\/apelo-ao-voto-em-antonio-jose-seguro-nas-ruas-do-funchal\/#breadcrumb\"},\"inLanguage\":\"pt-PT\",\"potentialAction\":[{\"@type\":\"ReadAction\",\"target\":[\"https:\/\/portaltela.pt\/noticias\/2026\/01\/29\/apelo-ao-voto-em-antonio-jose-seguro-nas-ruas-do-funchal\/\"]}]},{\"@type\":\"ImageObject\",\"inLanguage\":\"pt-PT\",\"@id\":\"https:\/\/portaltela.pt\/noticias\/2026\/01\/29\/apelo-ao-voto-em-antonio-jose-seguro-nas-ruas-do-funchal\/#primaryimage\",\"url\":\"https:\/\/portaltela.pt\/s.01k8rhncp4jt1\/2026\/01\/unnamed-file-5881.jpg\",\"contentUrl\":\"https:\/\/portaltela.pt\/s.01k8rhncp4jt1\/2026\/01\/unnamed-file-5881.jpg\",\"width\":796,\"height\":448,\"caption\":\"Comitiva percorreu algumas ruas do centro do Funchal.\"},{\"@type\":\"BreadcrumbList\",\"@id\":\"https:\/\/portaltela.pt\/noticias\/2026\/01\/29\/apelo-ao-voto-em-antonio-jose-seguro-nas-ruas-do-funchal\/#breadcrumb\",\"itemListElement\":[{\"@type\":\"ListItem\",\"position\":1,\"name\":\"In\u00edcio\",\"item\":\"https:\/\/portaltela.pt\/\"},{\"@type\":\"ListItem\",\"position\":2,\"name\":\"Apelo ao voto em Ant\u00f3nio Jos\u00e9 Seguro nas ruas do Funchal\"}]},{\"@type\":\"WebSite\",\"@id\":\"https:\/\/portaltela.pt\/#website\",\"url\":\"https:\/\/portaltela.pt\/\",\"name\":\"Portal Tela Portugal\",\"description\":\"\",\"potentialAction\":[{\"@type\":\"SearchAction\",\"target\":{\"@type\":\"EntryPoint\",\"urlTemplate\":\"https:\/\/portaltela.pt\/?s={search_term_string}\"},\"query-input\":{\"@type\":\"PropertyValueSpecification\",\"valueRequired\":true,\"valueName\":\"search_term_string\"}}],\"inLanguage\":\"pt-PT\"},{\"@type\":\"Person\",\"@id\":\"https:\/\/portaltela.pt\/#\/schema\/person\/c4278d4a6028830caff9ee44b42d32ed\",\"name\":\"Telinha\",\"image\":{\"@type\":\"ImageObject\",\"inLanguage\":\"pt-PT\",\"@id\":\"https:\/\/portaltela.pt\/s.01k8rhncp4jt1\/2025\/11\/talking-bot-125x125.png\",\"url\":\"https:\/\/portaltela.pt\/s.01k8rhncp4jt1\/2025\/11\/talking-bot-125x125.png\",\"contentUrl\":\"https:\/\/portaltela.pt\/s.01k8rhncp4jt1\/2025\/11\/talking-bot-125x125.png\",\"caption\":\"Telinha\"},\"sameAs\":[\"https:\/\/portaltela.pt\/\"],\"url\":\"https:\/\/portaltela.pt\/por\/367410592786\/\"}]}<\/script>\n<!-- \/ Yoast SEO plugin. -->","yoast_head_json":{"title":"Apelo ao voto em Ant\u00f3nio Jos\u00e9 Seguro nas ruas do Funchal - Portal Tela Portugal","robots":{"index":"index","follow":"follow","max-snippet":"max-snippet:-1","max-image-preview":"max-image-preview:large","max-video-preview":"max-video-preview:-1"},"og_locale":"pt_PT","og_type":"article","og_title":"Apelo ao voto em Ant\u00f3nio Jos\u00e9 Seguro nas ruas do Funchal - Portal Tela Portugal","og_description":"No centro do Funchal, apoiantes de Ant\u00f3nio Jos\u00e9 Seguro apelaram ao voto para a segunda volta, marcada para 8 de Fevereiro. Miguel Silva Gouveia destacou as qualidades de Seguro: modera\u00e7\u00e3o, seriedade, integridade e sentido de Estado. O mandat\u00e1rio regional afirmou que Seguro re\u00fane apoios de um leque partid\u00e1rio, evidenciando uma posi\u00e7\u00e3o plural e o interesse dos portugueses. Comparou Seguro com o advers\u00e1rio, dizendo que Ventura semeia \u00f3dio e desuni\u00e3o, enquanto Seguro representa modera\u00e7\u00e3o e respeito pela Constitui\u00e7\u00e3o. Referiu que Seguro respeita as Autonomias da Madeira e que, se eleito, v\u00ea todos os portugueses como portugueses de primeira; terminou com o aviso de inscri\u00e7\u00e3o para voto antecipado, que encerra hoje.","og_url":"https:\/\/portaltela.pt\/noticias\/2026\/01\/29\/apelo-ao-voto-em-antonio-jose-seguro-nas-ruas-do-funchal\/","og_site_name":"Portal Tela Portugal","article_published_time":"2026-01-29T17:29:48+00:00","author":"Telinha","twitter_card":"summary_large_image","twitter_misc":{"Escrito por":"Telinha","Tempo estimado de leitura":"1 minuto"},"schema":{"@context":"https:\/\/schema.org","@graph":[{"@type":"Article","@id":"https:\/\/portaltela.pt\/noticias\/2026\/01\/29\/apelo-ao-voto-em-antonio-jose-seguro-nas-ruas-do-funchal\/#article","isPartOf":{"@id":"https:\/\/portaltela.pt\/noticias\/2026\/01\/29\/apelo-ao-voto-em-antonio-jose-seguro-nas-ruas-do-funchal\/"},"author":{"name":"Telinha","@id":"https:\/\/portaltela.pt\/#\/schema\/person\/c4278d4a6028830caff9ee44b42d32ed"},"headline":"Apelo ao voto em Ant\u00f3nio Jos\u00e9 Seguro nas ruas do Funchal","datePublished":"2026-01-29T17:29:48+00:00","mainEntityOfPage":{"@id":"https:\/\/portaltela.pt\/noticias\/2026\/01\/29\/apelo-ao-voto-em-antonio-jose-seguro-nas-ruas-do-funchal\/"},"wordCount":256,"image":{"@id":"https:\/\/portaltela.pt\/noticias\/2026\/01\/29\/apelo-ao-voto-em-antonio-jose-seguro-nas-ruas-do-funchal\/#primaryimage"},"thumbnailUrl":"https:\/\/portaltela.pt\/s.01k8rhncp4jt1\/2026\/01\/unnamed-file-5881.jpg","keywords":["autonomia regional","constitui\u00e7\u00e3o","Funchal","Madeira","pol\u00edtica","Presidenciais"],"articleSection":["Not\u00edcias"],"inLanguage":"pt-PT"},{"@type":"WebPage","@id":"https:\/\/portaltela.pt\/noticias\/2026\/01\/29\/apelo-ao-voto-em-antonio-jose-seguro-nas-ruas-do-funchal\/","url":"https:\/\/portaltela.pt\/noticias\/2026\/01\/29\/apelo-ao-voto-em-antonio-jose-seguro-nas-ruas-do-funchal\/","name":"Apelo ao voto em Ant\u00f3nio Jos\u00e9 Seguro nas ruas do Funchal - Portal Tela Portugal","isPartOf":{"@id":"https:\/\/portaltela.pt\/#website"},"primaryImageOfPage":{"@id":"https:\/\/portaltela.pt\/noticias\/2026\/01\/29\/apelo-ao-voto-em-antonio-jose-seguro-nas-ruas-do-funchal\/#primaryimage"},"image":{"@id":"https:\/\/portaltela.pt\/noticias\/2026\/01\/29\/apelo-ao-voto-em-antonio-jose-seguro-nas-ruas-do-funchal\/#primaryimage"},"thumbnailUrl":"https:\/\/portaltela.pt\/s.01k8rhncp4jt1\/2026\/01\/unnamed-file-5881.jpg","datePublished":"2026-01-29T17:29:48+00:00","author":{"@id":"https:\/\/portaltela.pt\/#\/schema\/person\/c4278d4a6028830caff9ee44b42d32ed"},"breadcrumb":{"@id":"https:\/\/portaltela.pt\/noticias\/2026\/01\/29\/apelo-ao-voto-em-antonio-jose-seguro-nas-ruas-do-funchal\/#breadcrumb"},"inLanguage":"pt-PT","potentialAction":[{"@type":"ReadAction","target":["https:\/\/portaltela.pt\/noticias\/2026\/01\/29\/apelo-ao-voto-em-antonio-jose-seguro-nas-ruas-do-funchal\/"]}]},{"@type":"ImageObject","inLanguage":"pt-PT","@id":"https:\/\/portaltela.pt\/noticias\/2026\/01\/29\/apelo-ao-voto-em-antonio-jose-seguro-nas-ruas-do-funchal\/#primaryimage","url":"https:\/\/portaltela.pt\/s.01k8rhncp4jt1\/2026\/01\/unnamed-file-5881.jpg","contentUrl":"https:\/\/portaltela.pt\/s.01k8rhncp4jt1\/2026\/01\/unnamed-file-5881.jpg","width":796,"height":448,"caption":"Comitiva percorreu algumas ruas do centro do Funchal."},{"@type":"BreadcrumbList","@id":"https:\/\/portaltela.pt\/noticias\/2026\/01\/29\/apelo-ao-voto-em-antonio-jose-seguro-nas-ruas-do-funchal\/#breadcrumb","itemListElement":[{"@type":"ListItem","position":1,"name":"In\u00edcio","item":"https:\/\/portaltela.pt\/"},{"@type":"ListItem","position":2,"name":"Apelo ao voto em Ant\u00f3nio Jos\u00e9 Seguro nas ruas do Funchal"}]},{"@type":"WebSite","@id":"https:\/\/portaltela.pt\/#website","url":"https:\/\/portaltela.pt\/","name":"Portal Tela Portugal","description":"","potentialAction":[{"@type":"SearchAction","target":{"@type":"EntryPoint","urlTemplate":"https:\/\/portaltela.pt\/?s={search_term_string}"},"query-input":{"@type":"PropertyValueSpecification","valueRequired":true,"valueName":"search_term_string"}}],"inLanguage":"pt-PT"},{"@type":"Person","@id":"https:\/\/portaltela.pt\/#\/schema\/person\/c4278d4a6028830caff9ee44b42d32ed","name":"Telinha","image":{"@type":"ImageObject","inLanguage":"pt-PT","@id":"https:\/\/portaltela.pt\/s.01k8rhncp4jt1\/2025\/11\/talking-bot-125x125.png","url":"https:\/\/portaltela.pt\/s.01k8rhncp4jt1\/2025\/11\/talking-bot-125x125.png","contentUrl":"https:\/\/portaltela.pt\/s.01k8rhncp4jt1\/2025\/11\/talking-bot-125x125.png","caption":"Telinha"},"sameAs":["https:\/\/portaltela.pt\/"],"url":"https:\/\/portaltela.pt\/por\/367410592786\/"}]}},"_links":{"self":[{"href":"https:\/\/portaltela.pt\/api\/wp\/v2\/posts\/182003","targetHints":{"allow":["GET"]}}],"collection":[{"href":"https:\/\/portaltela.pt\/api\/wp\/v2\/posts"}],"about":[{"href":"https:\/\/portaltela.pt\/api\/wp\/v2\/types\/post"}],"author":[{"embeddable":true,"href":"https:\/\/portaltela.pt\/api\/wp\/v2\/users\/2"}],"replies":[{"embeddable":true,"href":"https:\/\/portaltela.pt\/api\/wp\/v2\/comments?post=182003"}],"version-history":[{"count":0,"href":"https:\/\/portaltela.pt\/api\/wp\/v2\/posts\/182003\/revisions"}],"wp:featuredmedia":[{"embeddable":true,"href":"https:\/\/portaltela.pt\/api\/wp\/v2\/media\/182020"}],"wp:attachment":[{"href":"https:\/\/portaltela.pt\/api\/wp\/v2\/media?parent=182003"}],"wp:term":[{"taxonomy":"category","embeddable":true,"href":"https:\/\/portaltela.pt\/api\/wp\/v2\/categories?post=182003"},{"taxonomy":"post_tag","embeddable":true,"href":"https:\/\/portaltela.pt\/api\/wp\/v2\/tags?post=182003"}],"curies":[{"name":"wp","href":"https:\/\/api.w.org\/{rel}","templated":true}]}}