{"id":181947,"date":"2026-01-29T14:12:00","date_gmt":"2026-01-29T17:12:00","guid":{"rendered":"https:\/\/portaltela.pt\/noticias\/2026\/01\/29\/ramalho-eanes-declara-apoio-a-antonio-jose-seguro\/"},"modified":"2026-01-29T14:12:00","modified_gmt":"2026-01-29T17:12:00","slug":"ramalho-eanes-declara-apoio-a-antonio-jose-seguro","status":"publish","type":"post","link":"https:\/\/portaltela.pt\/noticias\/politica\/2026\/01\/29\/ramalho-eanes-declara-apoio-a-antonio-jose-seguro\/","title":{"rendered":"Ramalho Eanes declara apoio a Ant\u00f3nio Jos\u00e9 Seguro"},"content":{"rendered":"<p>Ramalho Eanes declarou esta quinta-feira apoio a Ant\u00f3nio Jos\u00e9 Seguro para a fun\u00e7\u00e3o de Presidente da Rep\u00fablica. O an\u00fancio foi feito ap\u00f3s um encontro no gabinete do antigo chefe de Estado, em Lisboa, onde esclareceram alinhar ideias sobre democracia e compet\u00eancias presidenciais.<\/p>\n<p>O ex-presidente explicou que respeita todos os portugueses e que o apoio resulta da semelhan\u00e7a de vis\u00e3o com Seguro, especialmente em rela\u00e7\u00e3o \u00e0 coes\u00e3o social e \u00e0 dignidade, valores que o levam a apoiar o candidato.<\/p>\n<p>Eanes revelou que a identifica\u00e7\u00e3o no pensamento democr\u00e1tico decorre tamb\u00e9m do entendimento partilhado sobre as fun\u00e7\u00f5es e o exerc\u00edcio do cargo de Presidente da Rep\u00fablica.<\/p>\n<p>Ant\u00f3nio Ramalho Eanes foi o primeiro Presidente democraticamente eleito ap\u00f3s a Revolu\u00e7\u00e3o de 25 de Abril de 1974, em 1976.<\/p>\n","protected":false},"excerpt":{"rendered":"<ul>\n<li>Ant\u00f3nio Ramalho Eanes anunciou apoio a Ant\u00f3nio Jos\u00e9 Seguro para a fun\u00e7\u00e3o de Presidente da Rep\u00fablica, dizendo que se identifica com o seu pensamento democr\u00e1tico.<\/li>\n<li>O apoio foi divulgado numa nota da ag\u00eancia Lusa, ap\u00f3s um encontro no gabinete de Eanes, em Lisboa, nesta quinta-feira.<\/li>\n<li>Eanes elogia Seguro por defender a coes\u00e3o da sociedade, a dignidade e o princ\u00edpio de que ningu\u00e9m fica para tr\u00e1s.<\/li>\n<li>Afirmou ter identifica\u00e7\u00e3o com Seguro no que toca ao pensamento democr\u00e1tico e ao entendimento sobre as compet\u00eancias e o exerc\u00edcio da fun\u00e7\u00e3o de Presidente da Rep\u00fablica.<\/li>\n<li>Ramalho Eanes foi o primeiro Presidente eleito democraticamente ap\u00f3s a Revolu\u00e7\u00e3o de 25 de Abril de 1974 (1976).<\/li>\n<\/ul>\n","protected":false},"author":2,"featured_media":181981,"comment_status":"closed","ping_status":"closed","sticky":false,"template":"","format":"standard","meta":{"footnotes":""},"categories":[1,5],"tags":[2399,2655,1323,2795,30,3086],"class_list":["post-181947","post","type-post","status-publish","format-standard","has-post-thumbnail","hentry","category-noticias","category-politica","tag-abril","tag-antonio-jose-seguro","tag-coesao-social","tag-democracia","tag-presidente","tag-ramalho-eanes"],"yoast_head":"<!-- This site is optimized with the Yoast SEO plugin v27.2 - https:\/\/yoast.com\/product\/yoast-seo-wordpress\/ -->\n<title>Ramalho Eanes declara apoio a Ant\u00f3nio Jos\u00e9 Seguro - Portal Tela Portugal<\/title>\n<meta name=\"robots\" content=\"index, follow, max-snippet:-1, max-image-preview:large, max-video-preview:-1\" \/>\n<meta property=\"og:locale\" content=\"pt_PT\" \/>\n<meta property=\"og:type\" content=\"article\" \/>\n<meta property=\"og:title\" content=\"Ramalho Eanes declara apoio a Ant\u00f3nio Jos\u00e9 Seguro - Portal Tela Portugal\" \/>\n<meta property=\"og:description\" content=\"Ant\u00f3nio Ramalho Eanes anunciou apoio a Ant\u00f3nio Jos\u00e9 Seguro para a fun\u00e7\u00e3o de Presidente da Rep\u00fablica, dizendo que se identifica com o seu pensamento democr\u00e1tico. O apoio foi divulgado numa nota da ag\u00eancia Lusa, ap\u00f3s um encontro no gabinete de Eanes, em Lisboa, nesta quinta-feira. Eanes elogia Seguro por defender a coes\u00e3o da sociedade, a dignidade e o princ\u00edpio de que ningu\u00e9m fica para tr\u00e1s. Afirmou ter identifica\u00e7\u00e3o com Seguro no que toca ao pensamento democr\u00e1tico e ao entendimento sobre as compet\u00eancias e o exerc\u00edcio da fun\u00e7\u00e3o de Presidente da Rep\u00fablica. Ramalho Eanes foi o primeiro Presidente eleito democraticamente ap\u00f3s a Revolu\u00e7\u00e3o de 25 de Abril de 1974 (1976).\" \/>\n<meta property=\"og:url\" content=\"https:\/\/portaltela.pt\/noticias\/2026\/01\/29\/ramalho-eanes-declara-apoio-a-antonio-jose-seguro\/\" \/>\n<meta property=\"og:site_name\" content=\"Portal Tela Portugal\" \/>\n<meta property=\"article:published_time\" content=\"2026-01-29T17:12:00+00:00\" \/>\n<meta name=\"author\" content=\"Telinha\" \/>\n<meta name=\"twitter:card\" content=\"summary_large_image\" \/>\n<meta name=\"twitter:label1\" content=\"Escrito por\" \/>\n\t<meta name=\"twitter:data1\" content=\"Telinha\" \/>\n\t<meta name=\"twitter:label2\" content=\"Tempo estimado de leitura\" \/>\n\t<meta name=\"twitter:data2\" content=\"1 minuto\" \/>\n<script type=\"application\/ld+json\" class=\"yoast-schema-graph\">{\"@context\":\"https:\/\/schema.org\",\"@graph\":[{\"@type\":\"Article\",\"@id\":\"https:\/\/portaltela.pt\/noticias\/2026\/01\/29\/ramalho-eanes-declara-apoio-a-antonio-jose-seguro\/#article\",\"isPartOf\":{\"@id\":\"https:\/\/portaltela.pt\/noticias\/2026\/01\/29\/ramalho-eanes-declara-apoio-a-antonio-jose-seguro\/\"},\"author\":{\"name\":\"Telinha\",\"@id\":\"https:\/\/portaltela.pt\/#\/schema\/person\/c4278d4a6028830caff9ee44b42d32ed\"},\"headline\":\"Ramalho Eanes declara apoio a Ant\u00f3nio Jos\u00e9 Seguro\",\"datePublished\":\"2026-01-29T17:12:00+00:00\",\"mainEntityOfPage\":{\"@id\":\"https:\/\/portaltela.pt\/noticias\/2026\/01\/29\/ramalho-eanes-declara-apoio-a-antonio-jose-seguro\/\"},\"wordCount\":146,\"image\":{\"@id\":\"https:\/\/portaltela.pt\/noticias\/2026\/01\/29\/ramalho-eanes-declara-apoio-a-antonio-jose-seguro\/#primaryimage\"},\"thumbnailUrl\":\"https:\/\/portaltela.pt\/s.01k8rhncp4jt1\/2026\/01\/unnamed-file-5879.jpg\",\"keywords\":[\"Abril\",\"Ant\u00f3nio Jos\u00e9 Seguro\",\"Coes\u00e3o social\",\"democracia\",\"presidente\",\"Ramalho Eanes\"],\"articleSection\":[\"Not\u00edcias\",\"Pol\u00edtica\"],\"inLanguage\":\"pt-PT\"},{\"@type\":\"WebPage\",\"@id\":\"https:\/\/portaltela.pt\/noticias\/2026\/01\/29\/ramalho-eanes-declara-apoio-a-antonio-jose-seguro\/\",\"url\":\"https:\/\/portaltela.pt\/noticias\/2026\/01\/29\/ramalho-eanes-declara-apoio-a-antonio-jose-seguro\/\",\"name\":\"Ramalho Eanes declara apoio a Ant\u00f3nio Jos\u00e9 Seguro - Portal Tela Portugal\",\"isPartOf\":{\"@id\":\"https:\/\/portaltela.pt\/#website\"},\"primaryImageOfPage\":{\"@id\":\"https:\/\/portaltela.pt\/noticias\/2026\/01\/29\/ramalho-eanes-declara-apoio-a-antonio-jose-seguro\/#primaryimage\"},\"image\":{\"@id\":\"https:\/\/portaltela.pt\/noticias\/2026\/01\/29\/ramalho-eanes-declara-apoio-a-antonio-jose-seguro\/#primaryimage\"},\"thumbnailUrl\":\"https:\/\/portaltela.pt\/s.01k8rhncp4jt1\/2026\/01\/unnamed-file-5879.jpg\",\"datePublished\":\"2026-01-29T17:12:00+00:00\",\"author\":{\"@id\":\"https:\/\/portaltela.pt\/#\/schema\/person\/c4278d4a6028830caff9ee44b42d32ed\"},\"breadcrumb\":{\"@id\":\"https:\/\/portaltela.pt\/noticias\/2026\/01\/29\/ramalho-eanes-declara-apoio-a-antonio-jose-seguro\/#breadcrumb\"},\"inLanguage\":\"pt-PT\",\"potentialAction\":[{\"@type\":\"ReadAction\",\"target\":[\"https:\/\/portaltela.pt\/noticias\/2026\/01\/29\/ramalho-eanes-declara-apoio-a-antonio-jose-seguro\/\"]}]},{\"@type\":\"ImageObject\",\"inLanguage\":\"pt-PT\",\"@id\":\"https:\/\/portaltela.pt\/noticias\/2026\/01\/29\/ramalho-eanes-declara-apoio-a-antonio-jose-seguro\/#primaryimage\",\"url\":\"https:\/\/portaltela.pt\/s.01k8rhncp4jt1\/2026\/01\/unnamed-file-5879.jpg\",\"contentUrl\":\"https:\/\/portaltela.pt\/s.01k8rhncp4jt1\/2026\/01\/unnamed-file-5879.jpg\",\"width\":796,\"height\":448,\"caption\":\"Ramalho Eanes declara apoio a Seguro\"},{\"@type\":\"BreadcrumbList\",\"@id\":\"https:\/\/portaltela.pt\/noticias\/2026\/01\/29\/ramalho-eanes-declara-apoio-a-antonio-jose-seguro\/#breadcrumb\",\"itemListElement\":[{\"@type\":\"ListItem\",\"position\":1,\"name\":\"In\u00edcio\",\"item\":\"https:\/\/portaltela.pt\/\"},{\"@type\":\"ListItem\",\"position\":2,\"name\":\"Ramalho Eanes declara apoio a Ant\u00f3nio Jos\u00e9 Seguro\"}]},{\"@type\":\"WebSite\",\"@id\":\"https:\/\/portaltela.pt\/#website\",\"url\":\"https:\/\/portaltela.pt\/\",\"name\":\"Portal Tela Portugal\",\"description\":\"\",\"potentialAction\":[{\"@type\":\"SearchAction\",\"target\":{\"@type\":\"EntryPoint\",\"urlTemplate\":\"https:\/\/portaltela.pt\/?s={search_term_string}\"},\"query-input\":{\"@type\":\"PropertyValueSpecification\",\"valueRequired\":true,\"valueName\":\"search_term_string\"}}],\"inLanguage\":\"pt-PT\"},{\"@type\":\"Person\",\"@id\":\"https:\/\/portaltela.pt\/#\/schema\/person\/c4278d4a6028830caff9ee44b42d32ed\",\"name\":\"Telinha\",\"image\":{\"@type\":\"ImageObject\",\"inLanguage\":\"pt-PT\",\"@id\":\"https:\/\/portaltela.pt\/s.01k8rhncp4jt1\/2025\/11\/talking-bot-125x125.png\",\"url\":\"https:\/\/portaltela.pt\/s.01k8rhncp4jt1\/2025\/11\/talking-bot-125x125.png\",\"contentUrl\":\"https:\/\/portaltela.pt\/s.01k8rhncp4jt1\/2025\/11\/talking-bot-125x125.png\",\"caption\":\"Telinha\"},\"sameAs\":[\"https:\/\/portaltela.pt\/\"],\"url\":\"https:\/\/portaltela.pt\/por\/367410592786\/\"}]}<\/script>\n<!-- \/ Yoast SEO plugin. -->","yoast_head_json":{"title":"Ramalho Eanes declara apoio a Ant\u00f3nio Jos\u00e9 Seguro - Portal Tela Portugal","robots":{"index":"index","follow":"follow","max-snippet":"max-snippet:-1","max-image-preview":"max-image-preview:large","max-video-preview":"max-video-preview:-1"},"og_locale":"pt_PT","og_type":"article","og_title":"Ramalho Eanes declara apoio a Ant\u00f3nio Jos\u00e9 Seguro - Portal Tela Portugal","og_description":"Ant\u00f3nio Ramalho Eanes anunciou apoio a Ant\u00f3nio Jos\u00e9 Seguro para a fun\u00e7\u00e3o de Presidente da Rep\u00fablica, dizendo que se identifica com o seu pensamento democr\u00e1tico. O apoio foi divulgado numa nota da ag\u00eancia Lusa, ap\u00f3s um encontro no gabinete de Eanes, em Lisboa, nesta quinta-feira. Eanes elogia Seguro por defender a coes\u00e3o da sociedade, a dignidade e o princ\u00edpio de que ningu\u00e9m fica para tr\u00e1s. Afirmou ter identifica\u00e7\u00e3o com Seguro no que toca ao pensamento democr\u00e1tico e ao entendimento sobre as compet\u00eancias e o exerc\u00edcio da fun\u00e7\u00e3o de Presidente da Rep\u00fablica. Ramalho Eanes foi o primeiro Presidente eleito democraticamente ap\u00f3s a Revolu\u00e7\u00e3o de 25 de Abril de 1974 (1976).","og_url":"https:\/\/portaltela.pt\/noticias\/2026\/01\/29\/ramalho-eanes-declara-apoio-a-antonio-jose-seguro\/","og_site_name":"Portal Tela Portugal","article_published_time":"2026-01-29T17:12:00+00:00","author":"Telinha","twitter_card":"summary_large_image","twitter_misc":{"Escrito por":"Telinha","Tempo estimado de leitura":"1 minuto"},"schema":{"@context":"https:\/\/schema.org","@graph":[{"@type":"Article","@id":"https:\/\/portaltela.pt\/noticias\/2026\/01\/29\/ramalho-eanes-declara-apoio-a-antonio-jose-seguro\/#article","isPartOf":{"@id":"https:\/\/portaltela.pt\/noticias\/2026\/01\/29\/ramalho-eanes-declara-apoio-a-antonio-jose-seguro\/"},"author":{"name":"Telinha","@id":"https:\/\/portaltela.pt\/#\/schema\/person\/c4278d4a6028830caff9ee44b42d32ed"},"headline":"Ramalho Eanes declara apoio a Ant\u00f3nio Jos\u00e9 Seguro","datePublished":"2026-01-29T17:12:00+00:00","mainEntityOfPage":{"@id":"https:\/\/portaltela.pt\/noticias\/2026\/01\/29\/ramalho-eanes-declara-apoio-a-antonio-jose-seguro\/"},"wordCount":146,"image":{"@id":"https:\/\/portaltela.pt\/noticias\/2026\/01\/29\/ramalho-eanes-declara-apoio-a-antonio-jose-seguro\/#primaryimage"},"thumbnailUrl":"https:\/\/portaltela.pt\/s.01k8rhncp4jt1\/2026\/01\/unnamed-file-5879.jpg","keywords":["Abril","Ant\u00f3nio Jos\u00e9 Seguro","Coes\u00e3o social","democracia","presidente","Ramalho Eanes"],"articleSection":["Not\u00edcias","Pol\u00edtica"],"inLanguage":"pt-PT"},{"@type":"WebPage","@id":"https:\/\/portaltela.pt\/noticias\/2026\/01\/29\/ramalho-eanes-declara-apoio-a-antonio-jose-seguro\/","url":"https:\/\/portaltela.pt\/noticias\/2026\/01\/29\/ramalho-eanes-declara-apoio-a-antonio-jose-seguro\/","name":"Ramalho Eanes declara apoio a Ant\u00f3nio Jos\u00e9 Seguro - Portal Tela Portugal","isPartOf":{"@id":"https:\/\/portaltela.pt\/#website"},"primaryImageOfPage":{"@id":"https:\/\/portaltela.pt\/noticias\/2026\/01\/29\/ramalho-eanes-declara-apoio-a-antonio-jose-seguro\/#primaryimage"},"image":{"@id":"https:\/\/portaltela.pt\/noticias\/2026\/01\/29\/ramalho-eanes-declara-apoio-a-antonio-jose-seguro\/#primaryimage"},"thumbnailUrl":"https:\/\/portaltela.pt\/s.01k8rhncp4jt1\/2026\/01\/unnamed-file-5879.jpg","datePublished":"2026-01-29T17:12:00+00:00","author":{"@id":"https:\/\/portaltela.pt\/#\/schema\/person\/c4278d4a6028830caff9ee44b42d32ed"},"breadcrumb":{"@id":"https:\/\/portaltela.pt\/noticias\/2026\/01\/29\/ramalho-eanes-declara-apoio-a-antonio-jose-seguro\/#breadcrumb"},"inLanguage":"pt-PT","potentialAction":[{"@type":"ReadAction","target":["https:\/\/portaltela.pt\/noticias\/2026\/01\/29\/ramalho-eanes-declara-apoio-a-antonio-jose-seguro\/"]}]},{"@type":"ImageObject","inLanguage":"pt-PT","@id":"https:\/\/portaltela.pt\/noticias\/2026\/01\/29\/ramalho-eanes-declara-apoio-a-antonio-jose-seguro\/#primaryimage","url":"https:\/\/portaltela.pt\/s.01k8rhncp4jt1\/2026\/01\/unnamed-file-5879.jpg","contentUrl":"https:\/\/portaltela.pt\/s.01k8rhncp4jt1\/2026\/01\/unnamed-file-5879.jpg","width":796,"height":448,"caption":"Ramalho Eanes declara apoio a Seguro"},{"@type":"BreadcrumbList","@id":"https:\/\/portaltela.pt\/noticias\/2026\/01\/29\/ramalho-eanes-declara-apoio-a-antonio-jose-seguro\/#breadcrumb","itemListElement":[{"@type":"ListItem","position":1,"name":"In\u00edcio","item":"https:\/\/portaltela.pt\/"},{"@type":"ListItem","position":2,"name":"Ramalho Eanes declara apoio a Ant\u00f3nio Jos\u00e9 Seguro"}]},{"@type":"WebSite","@id":"https:\/\/portaltela.pt\/#website","url":"https:\/\/portaltela.pt\/","name":"Portal Tela Portugal","description":"","potentialAction":[{"@type":"SearchAction","target":{"@type":"EntryPoint","urlTemplate":"https:\/\/portaltela.pt\/?s={search_term_string}"},"query-input":{"@type":"PropertyValueSpecification","valueRequired":true,"valueName":"search_term_string"}}],"inLanguage":"pt-PT"},{"@type":"Person","@id":"https:\/\/portaltela.pt\/#\/schema\/person\/c4278d4a6028830caff9ee44b42d32ed","name":"Telinha","image":{"@type":"ImageObject","inLanguage":"pt-PT","@id":"https:\/\/portaltela.pt\/s.01k8rhncp4jt1\/2025\/11\/talking-bot-125x125.png","url":"https:\/\/portaltela.pt\/s.01k8rhncp4jt1\/2025\/11\/talking-bot-125x125.png","contentUrl":"https:\/\/portaltela.pt\/s.01k8rhncp4jt1\/2025\/11\/talking-bot-125x125.png","caption":"Telinha"},"sameAs":["https:\/\/portaltela.pt\/"],"url":"https:\/\/portaltela.pt\/por\/367410592786\/"}]}},"_links":{"self":[{"href":"https:\/\/portaltela.pt\/api\/wp\/v2\/posts\/181947","targetHints":{"allow":["GET"]}}],"collection":[{"href":"https:\/\/portaltela.pt\/api\/wp\/v2\/posts"}],"about":[{"href":"https:\/\/portaltela.pt\/api\/wp\/v2\/types\/post"}],"author":[{"embeddable":true,"href":"https:\/\/portaltela.pt\/api\/wp\/v2\/users\/2"}],"replies":[{"embeddable":true,"href":"https:\/\/portaltela.pt\/api\/wp\/v2\/comments?post=181947"}],"version-history":[{"count":0,"href":"https:\/\/portaltela.pt\/api\/wp\/v2\/posts\/181947\/revisions"}],"wp:featuredmedia":[{"embeddable":true,"href":"https:\/\/portaltela.pt\/api\/wp\/v2\/media\/181981"}],"wp:attachment":[{"href":"https:\/\/portaltela.pt\/api\/wp\/v2\/media?parent=181947"}],"wp:term":[{"taxonomy":"category","embeddable":true,"href":"https:\/\/portaltela.pt\/api\/wp\/v2\/categories?post=181947"},{"taxonomy":"post_tag","embeddable":true,"href":"https:\/\/portaltela.pt\/api\/wp\/v2\/tags?post=181947"}],"curies":[{"name":"wp","href":"https:\/\/api.w.org\/{rel}","templated":true}]}}