{"id":181912,"date":"2026-01-29T14:10:00","date_gmt":"2026-01-29T17:10:00","guid":{"rendered":"https:\/\/portaltela.pt\/noticias\/2026\/01\/29\/ramalho-eanes-apoia-seguro-para-quem-se-identifica-com-o-pensamento-democratico\/"},"modified":"2026-01-29T14:10:00","modified_gmt":"2026-01-29T17:10:00","slug":"ramalho-eanes-apoia-seguro-para-quem-se-identifica-com-o-pensamento-democratico","status":"publish","type":"post","link":"https:\/\/portaltela.pt\/noticias\/politica\/2026\/01\/29\/ramalho-eanes-apoia-seguro-para-quem-se-identifica-com-o-pensamento-democratico\/","title":{"rendered":"Ramalho Eanes apoia Seguro para quem se identifica com o pensamento democr\u00e1tico"},"content":{"rendered":"<p>Ramalho Eanes, ex-Presidente da Rep\u00fablica, anunciou esta quinta-feira apoio a Ant\u00f3nio Jos\u00e9 Seguro, candidato \u00e0 Presid\u00eancia. O encontro decorreu no gabinete de Eanes, em Lisboa, e a posi\u00e7\u00e3o foi comunicada \u00e0 ag\u00eancia Lusa.<\/p>\n<p>O antigo chefe de Estado afirmou respeitar todos os portugueses, mesmo os que n\u00e3o partilham a sua interpreta\u00e7\u00e3o da democracia, e expressou o apoio a Seguro para a fun\u00e7\u00e3o. O motivo central \u00e9 a identifica\u00e7\u00e3o no pensamento democr\u00e1tico.<\/p>\n<p>Apoio fundamentado na convic\u00e7\u00e3o de que Seguro defende a coes\u00e3o social e a dignidade, com a ideia de que ningu\u00e9m deve ficar para tr\u00e1s, segundo a note \u00e0 Lusa.<\/p>\n<p>Ramalho Eanes foi o primeiro Presidente eleito democraticamente ap\u00f3s a Revolu\u00e7\u00e3o de Abril de 1974, em 1976, destacando a relev\u00e2ncia de compreender as compet\u00eancias e o exerc\u00edcio do cargo.<\/p>\n","protected":false},"excerpt":{"rendered":"<ul>\n<li>O ex-presidente Ant\u00f3nio Ramalho Eanes declarou apoio a Ant\u00f3nio Jos\u00e9 Seguro para a presid\u00eancia, dizendo identificar-se com o seu pensamento democr\u00e1tico.<\/li>\n<li>O apoio foi comunicada numa nota \u00e0 ag\u00eancia Lusa, ap\u00f3s Eanes receber Seguro no seu gabinete, em Lisboa.<\/li>\n<li>Eanes afirmou respeitar todos os portugueses e apoia Seguro por defender coes\u00e3o social, dignidade e o princ\u00edpio de que ningu\u00e9m fica para tr\u00e1s.<\/li>\n<li>Disse ainda haver um entendimento partilhado sobre as compet\u00eancias e o exerc\u00edcio da fun\u00e7\u00e3o de Presidente da Rep\u00fablica.<\/li>\n<li>Ramalho Eanes foi o primeiro presidente democraticamente eleito em Portugal, em 1976, ap\u00f3s a Revolu\u00e7\u00e3o de 25 de Abril de 1974.<\/li>\n<\/ul>\n","protected":false},"author":2,"featured_media":181926,"comment_status":"closed","ping_status":"closed","sticky":false,"template":"","format":"standard","meta":{"footnotes":""},"categories":[1,5],"tags":[2655,1738,1323,2795,3086],"class_list":["post-181912","post","type-post","status-publish","format-standard","has-post-thumbnail","hentry","category-noticias","category-politica","tag-antonio-jose-seguro","tag-apoio-institucional","tag-coesao-social","tag-democracia","tag-ramalho-eanes"],"yoast_head":"<!-- This site is optimized with the Yoast SEO plugin v27.2 - https:\/\/yoast.com\/product\/yoast-seo-wordpress\/ -->\n<title>Ramalho Eanes apoia Seguro para quem se identifica com o pensamento democr\u00e1tico - Portal Tela Portugal<\/title>\n<meta name=\"robots\" content=\"index, follow, max-snippet:-1, max-image-preview:large, max-video-preview:-1\" \/>\n<meta property=\"og:locale\" content=\"pt_PT\" \/>\n<meta property=\"og:type\" content=\"article\" \/>\n<meta property=\"og:title\" content=\"Ramalho Eanes apoia Seguro para quem se identifica com o pensamento democr\u00e1tico - Portal Tela Portugal\" \/>\n<meta property=\"og:description\" content=\"O ex-presidente Ant\u00f3nio Ramalho Eanes declarou apoio a Ant\u00f3nio Jos\u00e9 Seguro para a presid\u00eancia, dizendo identificar-se com o seu pensamento democr\u00e1tico. O apoio foi comunicada numa nota \u00e0 ag\u00eancia Lusa, ap\u00f3s Eanes receber Seguro no seu gabinete, em Lisboa. Eanes afirmou respeitar todos os portugueses e apoia Seguro por defender coes\u00e3o social, dignidade e o princ\u00edpio de que ningu\u00e9m fica para tr\u00e1s. Disse ainda haver um entendimento partilhado sobre as compet\u00eancias e o exerc\u00edcio da fun\u00e7\u00e3o de Presidente da Rep\u00fablica. Ramalho Eanes foi o primeiro presidente democraticamente eleito em Portugal, em 1976, ap\u00f3s a Revolu\u00e7\u00e3o de 25 de Abril de 1974.\" \/>\n<meta property=\"og:url\" content=\"https:\/\/portaltela.pt\/noticias\/2026\/01\/29\/ramalho-eanes-apoia-seguro-para-quem-se-identifica-com-o-pensamento-democratico\/\" \/>\n<meta property=\"og:site_name\" content=\"Portal Tela Portugal\" \/>\n<meta property=\"article:published_time\" content=\"2026-01-29T17:10:00+00:00\" \/>\n<meta name=\"author\" content=\"Telinha\" \/>\n<meta name=\"twitter:card\" content=\"summary_large_image\" \/>\n<meta name=\"twitter:label1\" content=\"Escrito por\" \/>\n\t<meta name=\"twitter:data1\" content=\"Telinha\" \/>\n\t<meta name=\"twitter:label2\" content=\"Tempo estimado de leitura\" \/>\n\t<meta name=\"twitter:data2\" content=\"1 minuto\" \/>\n<script type=\"application\/ld+json\" class=\"yoast-schema-graph\">{\"@context\":\"https:\/\/schema.org\",\"@graph\":[{\"@type\":\"Article\",\"@id\":\"https:\/\/portaltela.pt\/noticias\/2026\/01\/29\/ramalho-eanes-apoia-seguro-para-quem-se-identifica-com-o-pensamento-democratico\/#article\",\"isPartOf\":{\"@id\":\"https:\/\/portaltela.pt\/noticias\/2026\/01\/29\/ramalho-eanes-apoia-seguro-para-quem-se-identifica-com-o-pensamento-democratico\/\"},\"author\":{\"name\":\"Telinha\",\"@id\":\"https:\/\/portaltela.pt\/#\/schema\/person\/c4278d4a6028830caff9ee44b42d32ed\"},\"headline\":\"Ramalho Eanes apoia Seguro para quem se identifica com o pensamento democr\u00e1tico\",\"datePublished\":\"2026-01-29T17:10:00+00:00\",\"mainEntityOfPage\":{\"@id\":\"https:\/\/portaltela.pt\/noticias\/2026\/01\/29\/ramalho-eanes-apoia-seguro-para-quem-se-identifica-com-o-pensamento-democratico\/\"},\"wordCount\":155,\"image\":{\"@id\":\"https:\/\/portaltela.pt\/noticias\/2026\/01\/29\/ramalho-eanes-apoia-seguro-para-quem-se-identifica-com-o-pensamento-democratico\/#primaryimage\"},\"thumbnailUrl\":\"https:\/\/portaltela.pt\/s.01k8rhncp4jt1\/2026\/01\/image-2059.jpg\",\"keywords\":[\"Ant\u00f3nio Jos\u00e9 Seguro\",\"apoio institucional\",\"Coes\u00e3o social\",\"democracia\",\"Ramalho Eanes\"],\"articleSection\":[\"Not\u00edcias\",\"Pol\u00edtica\"],\"inLanguage\":\"pt-PT\"},{\"@type\":\"WebPage\",\"@id\":\"https:\/\/portaltela.pt\/noticias\/2026\/01\/29\/ramalho-eanes-apoia-seguro-para-quem-se-identifica-com-o-pensamento-democratico\/\",\"url\":\"https:\/\/portaltela.pt\/noticias\/2026\/01\/29\/ramalho-eanes-apoia-seguro-para-quem-se-identifica-com-o-pensamento-democratico\/\",\"name\":\"Ramalho Eanes apoia Seguro para quem se identifica com o pensamento democr\u00e1tico - Portal Tela Portugal\",\"isPartOf\":{\"@id\":\"https:\/\/portaltela.pt\/#website\"},\"primaryImageOfPage\":{\"@id\":\"https:\/\/portaltela.pt\/noticias\/2026\/01\/29\/ramalho-eanes-apoia-seguro-para-quem-se-identifica-com-o-pensamento-democratico\/#primaryimage\"},\"image\":{\"@id\":\"https:\/\/portaltela.pt\/noticias\/2026\/01\/29\/ramalho-eanes-apoia-seguro-para-quem-se-identifica-com-o-pensamento-democratico\/#primaryimage\"},\"thumbnailUrl\":\"https:\/\/portaltela.pt\/s.01k8rhncp4jt1\/2026\/01\/image-2059.jpg\",\"datePublished\":\"2026-01-29T17:10:00+00:00\",\"author\":{\"@id\":\"https:\/\/portaltela.pt\/#\/schema\/person\/c4278d4a6028830caff9ee44b42d32ed\"},\"breadcrumb\":{\"@id\":\"https:\/\/portaltela.pt\/noticias\/2026\/01\/29\/ramalho-eanes-apoia-seguro-para-quem-se-identifica-com-o-pensamento-democratico\/#breadcrumb\"},\"inLanguage\":\"pt-PT\",\"potentialAction\":[{\"@type\":\"ReadAction\",\"target\":[\"https:\/\/portaltela.pt\/noticias\/2026\/01\/29\/ramalho-eanes-apoia-seguro-para-quem-se-identifica-com-o-pensamento-democratico\/\"]}]},{\"@type\":\"ImageObject\",\"inLanguage\":\"pt-PT\",\"@id\":\"https:\/\/portaltela.pt\/noticias\/2026\/01\/29\/ramalho-eanes-apoia-seguro-para-quem-se-identifica-com-o-pensamento-democratico\/#primaryimage\",\"url\":\"https:\/\/portaltela.pt\/s.01k8rhncp4jt1\/2026\/01\/image-2059.jpg\",\"contentUrl\":\"https:\/\/portaltela.pt\/s.01k8rhncp4jt1\/2026\/01\/image-2059.jpg\",\"width\":796,\"height\":448,\"caption\":\"Ramalho Eanes (\u00e0 esquerda) e Ant\u00f3nio Jos\u00e9 Seguro (\u00e0 direita)\"},{\"@type\":\"BreadcrumbList\",\"@id\":\"https:\/\/portaltela.pt\/noticias\/2026\/01\/29\/ramalho-eanes-apoia-seguro-para-quem-se-identifica-com-o-pensamento-democratico\/#breadcrumb\",\"itemListElement\":[{\"@type\":\"ListItem\",\"position\":1,\"name\":\"In\u00edcio\",\"item\":\"https:\/\/portaltela.pt\/\"},{\"@type\":\"ListItem\",\"position\":2,\"name\":\"Ramalho Eanes apoia Seguro para quem se identifica com o pensamento democr\u00e1tico\"}]},{\"@type\":\"WebSite\",\"@id\":\"https:\/\/portaltela.pt\/#website\",\"url\":\"https:\/\/portaltela.pt\/\",\"name\":\"Portal Tela Portugal\",\"description\":\"\",\"potentialAction\":[{\"@type\":\"SearchAction\",\"target\":{\"@type\":\"EntryPoint\",\"urlTemplate\":\"https:\/\/portaltela.pt\/?s={search_term_string}\"},\"query-input\":{\"@type\":\"PropertyValueSpecification\",\"valueRequired\":true,\"valueName\":\"search_term_string\"}}],\"inLanguage\":\"pt-PT\"},{\"@type\":\"Person\",\"@id\":\"https:\/\/portaltela.pt\/#\/schema\/person\/c4278d4a6028830caff9ee44b42d32ed\",\"name\":\"Telinha\",\"image\":{\"@type\":\"ImageObject\",\"inLanguage\":\"pt-PT\",\"@id\":\"https:\/\/portaltela.pt\/s.01k8rhncp4jt1\/2025\/11\/talking-bot-125x125.png\",\"url\":\"https:\/\/portaltela.pt\/s.01k8rhncp4jt1\/2025\/11\/talking-bot-125x125.png\",\"contentUrl\":\"https:\/\/portaltela.pt\/s.01k8rhncp4jt1\/2025\/11\/talking-bot-125x125.png\",\"caption\":\"Telinha\"},\"sameAs\":[\"https:\/\/portaltela.pt\/\"],\"url\":\"https:\/\/portaltela.pt\/por\/367410592786\/\"}]}<\/script>\n<!-- \/ Yoast SEO plugin. -->","yoast_head_json":{"title":"Ramalho Eanes apoia Seguro para quem se identifica com o pensamento democr\u00e1tico - Portal Tela Portugal","robots":{"index":"index","follow":"follow","max-snippet":"max-snippet:-1","max-image-preview":"max-image-preview:large","max-video-preview":"max-video-preview:-1"},"og_locale":"pt_PT","og_type":"article","og_title":"Ramalho Eanes apoia Seguro para quem se identifica com o pensamento democr\u00e1tico - Portal Tela Portugal","og_description":"O ex-presidente Ant\u00f3nio Ramalho Eanes declarou apoio a Ant\u00f3nio Jos\u00e9 Seguro para a presid\u00eancia, dizendo identificar-se com o seu pensamento democr\u00e1tico. O apoio foi comunicada numa nota \u00e0 ag\u00eancia Lusa, ap\u00f3s Eanes receber Seguro no seu gabinete, em Lisboa. Eanes afirmou respeitar todos os portugueses e apoia Seguro por defender coes\u00e3o social, dignidade e o princ\u00edpio de que ningu\u00e9m fica para tr\u00e1s. Disse ainda haver um entendimento partilhado sobre as compet\u00eancias e o exerc\u00edcio da fun\u00e7\u00e3o de Presidente da Rep\u00fablica. Ramalho Eanes foi o primeiro presidente democraticamente eleito em Portugal, em 1976, ap\u00f3s a Revolu\u00e7\u00e3o de 25 de Abril de 1974.","og_url":"https:\/\/portaltela.pt\/noticias\/2026\/01\/29\/ramalho-eanes-apoia-seguro-para-quem-se-identifica-com-o-pensamento-democratico\/","og_site_name":"Portal Tela Portugal","article_published_time":"2026-01-29T17:10:00+00:00","author":"Telinha","twitter_card":"summary_large_image","twitter_misc":{"Escrito por":"Telinha","Tempo estimado de leitura":"1 minuto"},"schema":{"@context":"https:\/\/schema.org","@graph":[{"@type":"Article","@id":"https:\/\/portaltela.pt\/noticias\/2026\/01\/29\/ramalho-eanes-apoia-seguro-para-quem-se-identifica-com-o-pensamento-democratico\/#article","isPartOf":{"@id":"https:\/\/portaltela.pt\/noticias\/2026\/01\/29\/ramalho-eanes-apoia-seguro-para-quem-se-identifica-com-o-pensamento-democratico\/"},"author":{"name":"Telinha","@id":"https:\/\/portaltela.pt\/#\/schema\/person\/c4278d4a6028830caff9ee44b42d32ed"},"headline":"Ramalho Eanes apoia Seguro para quem se identifica com o pensamento democr\u00e1tico","datePublished":"2026-01-29T17:10:00+00:00","mainEntityOfPage":{"@id":"https:\/\/portaltela.pt\/noticias\/2026\/01\/29\/ramalho-eanes-apoia-seguro-para-quem-se-identifica-com-o-pensamento-democratico\/"},"wordCount":155,"image":{"@id":"https:\/\/portaltela.pt\/noticias\/2026\/01\/29\/ramalho-eanes-apoia-seguro-para-quem-se-identifica-com-o-pensamento-democratico\/#primaryimage"},"thumbnailUrl":"https:\/\/portaltela.pt\/s.01k8rhncp4jt1\/2026\/01\/image-2059.jpg","keywords":["Ant\u00f3nio Jos\u00e9 Seguro","apoio institucional","Coes\u00e3o social","democracia","Ramalho Eanes"],"articleSection":["Not\u00edcias","Pol\u00edtica"],"inLanguage":"pt-PT"},{"@type":"WebPage","@id":"https:\/\/portaltela.pt\/noticias\/2026\/01\/29\/ramalho-eanes-apoia-seguro-para-quem-se-identifica-com-o-pensamento-democratico\/","url":"https:\/\/portaltela.pt\/noticias\/2026\/01\/29\/ramalho-eanes-apoia-seguro-para-quem-se-identifica-com-o-pensamento-democratico\/","name":"Ramalho Eanes apoia Seguro para quem se identifica com o pensamento democr\u00e1tico - Portal Tela Portugal","isPartOf":{"@id":"https:\/\/portaltela.pt\/#website"},"primaryImageOfPage":{"@id":"https:\/\/portaltela.pt\/noticias\/2026\/01\/29\/ramalho-eanes-apoia-seguro-para-quem-se-identifica-com-o-pensamento-democratico\/#primaryimage"},"image":{"@id":"https:\/\/portaltela.pt\/noticias\/2026\/01\/29\/ramalho-eanes-apoia-seguro-para-quem-se-identifica-com-o-pensamento-democratico\/#primaryimage"},"thumbnailUrl":"https:\/\/portaltela.pt\/s.01k8rhncp4jt1\/2026\/01\/image-2059.jpg","datePublished":"2026-01-29T17:10:00+00:00","author":{"@id":"https:\/\/portaltela.pt\/#\/schema\/person\/c4278d4a6028830caff9ee44b42d32ed"},"breadcrumb":{"@id":"https:\/\/portaltela.pt\/noticias\/2026\/01\/29\/ramalho-eanes-apoia-seguro-para-quem-se-identifica-com-o-pensamento-democratico\/#breadcrumb"},"inLanguage":"pt-PT","potentialAction":[{"@type":"ReadAction","target":["https:\/\/portaltela.pt\/noticias\/2026\/01\/29\/ramalho-eanes-apoia-seguro-para-quem-se-identifica-com-o-pensamento-democratico\/"]}]},{"@type":"ImageObject","inLanguage":"pt-PT","@id":"https:\/\/portaltela.pt\/noticias\/2026\/01\/29\/ramalho-eanes-apoia-seguro-para-quem-se-identifica-com-o-pensamento-democratico\/#primaryimage","url":"https:\/\/portaltela.pt\/s.01k8rhncp4jt1\/2026\/01\/image-2059.jpg","contentUrl":"https:\/\/portaltela.pt\/s.01k8rhncp4jt1\/2026\/01\/image-2059.jpg","width":796,"height":448,"caption":"Ramalho Eanes (\u00e0 esquerda) e Ant\u00f3nio Jos\u00e9 Seguro (\u00e0 direita)"},{"@type":"BreadcrumbList","@id":"https:\/\/portaltela.pt\/noticias\/2026\/01\/29\/ramalho-eanes-apoia-seguro-para-quem-se-identifica-com-o-pensamento-democratico\/#breadcrumb","itemListElement":[{"@type":"ListItem","position":1,"name":"In\u00edcio","item":"https:\/\/portaltela.pt\/"},{"@type":"ListItem","position":2,"name":"Ramalho Eanes apoia Seguro para quem se identifica com o pensamento democr\u00e1tico"}]},{"@type":"WebSite","@id":"https:\/\/portaltela.pt\/#website","url":"https:\/\/portaltela.pt\/","name":"Portal Tela Portugal","description":"","potentialAction":[{"@type":"SearchAction","target":{"@type":"EntryPoint","urlTemplate":"https:\/\/portaltela.pt\/?s={search_term_string}"},"query-input":{"@type":"PropertyValueSpecification","valueRequired":true,"valueName":"search_term_string"}}],"inLanguage":"pt-PT"},{"@type":"Person","@id":"https:\/\/portaltela.pt\/#\/schema\/person\/c4278d4a6028830caff9ee44b42d32ed","name":"Telinha","image":{"@type":"ImageObject","inLanguage":"pt-PT","@id":"https:\/\/portaltela.pt\/s.01k8rhncp4jt1\/2025\/11\/talking-bot-125x125.png","url":"https:\/\/portaltela.pt\/s.01k8rhncp4jt1\/2025\/11\/talking-bot-125x125.png","contentUrl":"https:\/\/portaltela.pt\/s.01k8rhncp4jt1\/2025\/11\/talking-bot-125x125.png","caption":"Telinha"},"sameAs":["https:\/\/portaltela.pt\/"],"url":"https:\/\/portaltela.pt\/por\/367410592786\/"}]}},"_links":{"self":[{"href":"https:\/\/portaltela.pt\/api\/wp\/v2\/posts\/181912","targetHints":{"allow":["GET"]}}],"collection":[{"href":"https:\/\/portaltela.pt\/api\/wp\/v2\/posts"}],"about":[{"href":"https:\/\/portaltela.pt\/api\/wp\/v2\/types\/post"}],"author":[{"embeddable":true,"href":"https:\/\/portaltela.pt\/api\/wp\/v2\/users\/2"}],"replies":[{"embeddable":true,"href":"https:\/\/portaltela.pt\/api\/wp\/v2\/comments?post=181912"}],"version-history":[{"count":0,"href":"https:\/\/portaltela.pt\/api\/wp\/v2\/posts\/181912\/revisions"}],"wp:featuredmedia":[{"embeddable":true,"href":"https:\/\/portaltela.pt\/api\/wp\/v2\/media\/181926"}],"wp:attachment":[{"href":"https:\/\/portaltela.pt\/api\/wp\/v2\/media?parent=181912"}],"wp:term":[{"taxonomy":"category","embeddable":true,"href":"https:\/\/portaltela.pt\/api\/wp\/v2\/categories?post=181912"},{"taxonomy":"post_tag","embeddable":true,"href":"https:\/\/portaltela.pt\/api\/wp\/v2\/tags?post=181912"}],"curies":[{"name":"wp","href":"https:\/\/api.w.org\/{rel}","templated":true}]}}