{"id":181907,"date":"2026-01-29T14:04:07","date_gmt":"2026-01-29T17:04:07","guid":{"rendered":"https:\/\/portaltela.pt\/noticias\/2026\/01\/29\/inundacoes-em-trancoso-obrigam-corte-da-estrada-municipal-592\/"},"modified":"2026-01-29T14:04:07","modified_gmt":"2026-01-29T17:04:07","slug":"inundacoes-em-trancoso-obrigam-corte-da-estrada-municipal-592","status":"publish","type":"post","link":"https:\/\/portaltela.pt\/noticias\/2026\/01\/29\/inundacoes-em-trancoso-obrigam-corte-da-estrada-municipal-592\/","title":{"rendered":"Inunda\u00e7\u00f5es em Trancoso obrigam corte da Estrada Municipal 592"},"content":{"rendered":"<p>O Munic\u00edpio de Trancoso informou que a Estrada Municipal 592 est\u00e1 temporariamente fechada entre o cruzamento com a Nacional 226 e a localidade de Moimentinha, devido \u00e0 inunda\u00e7\u00e3o da via. A decis\u00e3o foi tomada pelas autoridades locais para garantir a seguran\u00e7a dos utilizadores.<\/p>\n<p>O encerramento impede o acesso \u00e0s freguesias de Moimentinha e Granja, afetando a circula\u00e7\u00e3o na zona norte do concelho. A situa\u00e7\u00e3o est\u00e1 a exigir desvios e planeamento alternativo para residentes e residentes tempor\u00e1rios.<\/p>\n<p>As autoridades recomendam a utiliza\u00e7\u00e3o do n\u00f3 de Ervas Tenras como rota alternativa segura at\u00e9 \u00e0 reposi\u00e7\u00e3o da circula\u00e7\u00e3o na Estrada Municipal 592. A evolu\u00e7\u00e3o das condi\u00e7\u00f5es da via ser\u00e1 acompanhada pela autarquia.<\/p>\n<p>Fotos: Munic\u00edpio de Trancoso<\/p>\n<h3>Alternativa de acesso<\/h3>\n<p>At\u00e9 ao momento, as autoridades pedem especial aten\u00e7\u00e3o dos agricultores e transportistas que dependem desta via, sugerindo cumprir as indica\u00e7\u00f5es oficiais e manter-se informado sobre novas informa\u00e7\u00f5es de obra ou de reabertura.<\/p>\n<p>A estrutura de acionamento da prote\u00e7\u00e3o civil municipal permanece em vig\u00edlia para eventuais altera\u00e7\u00f5es no estado da via e nos acessos \u00e0s freguesias afetadas.<\/p>\n","protected":false},"excerpt":{"rendered":"<ul>\n<li>Trancoso: a Estrada Municipal 592 est\u00e1 temporariamente fechada entre o cruzamento com a Nacional 226 e a localidade de Moimentinha devido \u00e0 inunda\u00e7\u00e3o da via.<\/li>\n<li>A interrup\u00e7\u00e3o impede o acesso direto \u00e0s freguesias de Moimentinha e Granja.<\/li>\n<li>A alternativa segura indicada pelas autoridades \u00e9 passar pelo n\u00f3 de Ervas Tenras at\u00e9 \u00e0 reabertura da estrada.<\/li>\n<li>A reabertura depende do evoluir das condi\u00e7\u00f5es de inunda\u00e7\u00e3o e das avalia\u00e7\u00f5es t\u00e9cnicas no terreno.<\/li>\n<\/ul>\n","protected":false},"author":2,"featured_media":181934,"comment_status":"closed","ping_status":"closed","sticky":false,"template":"","format":"standard","meta":{"footnotes":""},"categories":[1],"tags":[1083,4519,2293,320,2236,4353],"class_list":["post-181907","post","type-post","status-publish","format-standard","has-post-thumbnail","hentry","category-noticias","tag-estradas","tag-evacuacoes","tag-inundacoes","tag-protecao-civil","tag-trancoso","tag-vias-publicas"],"yoast_head":"<!-- This site is optimized with the Yoast SEO plugin v27.2 - https:\/\/yoast.com\/product\/yoast-seo-wordpress\/ -->\n<title>Inunda\u00e7\u00f5es em Trancoso obrigam corte da Estrada Municipal 592 - Portal Tela Portugal<\/title>\n<meta name=\"robots\" content=\"index, follow, max-snippet:-1, max-image-preview:large, max-video-preview:-1\" \/>\n<meta property=\"og:locale\" content=\"pt_PT\" \/>\n<meta property=\"og:type\" content=\"article\" \/>\n<meta property=\"og:title\" content=\"Inunda\u00e7\u00f5es em Trancoso obrigam corte da Estrada Municipal 592 - Portal Tela Portugal\" \/>\n<meta property=\"og:description\" content=\"Trancoso: a Estrada Municipal 592 est\u00e1 temporariamente fechada entre o cruzamento com a Nacional 226 e a localidade de Moimentinha devido \u00e0 inunda\u00e7\u00e3o da via. A interrup\u00e7\u00e3o impede o acesso direto \u00e0s freguesias de Moimentinha e Granja. A alternativa segura indicada pelas autoridades \u00e9 passar pelo n\u00f3 de Ervas Tenras at\u00e9 \u00e0 reabertura da estrada. A reabertura depende do evoluir das condi\u00e7\u00f5es de inunda\u00e7\u00e3o e das avalia\u00e7\u00f5es t\u00e9cnicas no terreno.\" \/>\n<meta property=\"og:url\" content=\"https:\/\/portaltela.pt\/noticias\/2026\/01\/29\/inundacoes-em-trancoso-obrigam-corte-da-estrada-municipal-592\/\" \/>\n<meta property=\"og:site_name\" content=\"Portal Tela Portugal\" \/>\n<meta property=\"article:published_time\" content=\"2026-01-29T17:04:07+00:00\" \/>\n<meta name=\"author\" content=\"Telinha\" \/>\n<meta name=\"twitter:card\" content=\"summary_large_image\" \/>\n<meta name=\"twitter:label1\" content=\"Escrito por\" \/>\n\t<meta name=\"twitter:data1\" content=\"Telinha\" \/>\n\t<meta name=\"twitter:label2\" content=\"Tempo estimado de leitura\" \/>\n\t<meta name=\"twitter:data2\" content=\"1 minuto\" \/>\n<script type=\"application\/ld+json\" class=\"yoast-schema-graph\">{\"@context\":\"https:\/\/schema.org\",\"@graph\":[{\"@type\":\"Article\",\"@id\":\"https:\/\/portaltela.pt\/noticias\/2026\/01\/29\/inundacoes-em-trancoso-obrigam-corte-da-estrada-municipal-592\/#article\",\"isPartOf\":{\"@id\":\"https:\/\/portaltela.pt\/noticias\/2026\/01\/29\/inundacoes-em-trancoso-obrigam-corte-da-estrada-municipal-592\/\"},\"author\":{\"name\":\"Telinha\",\"@id\":\"https:\/\/portaltela.pt\/#\/schema\/person\/c4278d4a6028830caff9ee44b42d32ed\"},\"headline\":\"Inunda\u00e7\u00f5es em Trancoso obrigam corte da Estrada Municipal 592\",\"datePublished\":\"2026-01-29T17:04:07+00:00\",\"mainEntityOfPage\":{\"@id\":\"https:\/\/portaltela.pt\/noticias\/2026\/01\/29\/inundacoes-em-trancoso-obrigam-corte-da-estrada-municipal-592\/\"},\"wordCount\":195,\"image\":{\"@id\":\"https:\/\/portaltela.pt\/noticias\/2026\/01\/29\/inundacoes-em-trancoso-obrigam-corte-da-estrada-municipal-592\/#primaryimage\"},\"thumbnailUrl\":\"https:\/\/portaltela.pt\/s.01k8rhncp4jt1\/2026\/01\/625097102_1372267074943667_7356098950007005370_n.jpg\",\"keywords\":[\"estradas\",\"evacua\u00e7\u00f5es\",\"inunda\u00e7\u00f5es\",\"prote\u00e7\u00e3o civil\",\"Trancoso\",\"vias p\u00fablicas\"],\"articleSection\":[\"Not\u00edcias\"],\"inLanguage\":\"pt-PT\"},{\"@type\":\"WebPage\",\"@id\":\"https:\/\/portaltela.pt\/noticias\/2026\/01\/29\/inundacoes-em-trancoso-obrigam-corte-da-estrada-municipal-592\/\",\"url\":\"https:\/\/portaltela.pt\/noticias\/2026\/01\/29\/inundacoes-em-trancoso-obrigam-corte-da-estrada-municipal-592\/\",\"name\":\"Inunda\u00e7\u00f5es em Trancoso obrigam corte da Estrada Municipal 592 - Portal Tela Portugal\",\"isPartOf\":{\"@id\":\"https:\/\/portaltela.pt\/#website\"},\"primaryImageOfPage\":{\"@id\":\"https:\/\/portaltela.pt\/noticias\/2026\/01\/29\/inundacoes-em-trancoso-obrigam-corte-da-estrada-municipal-592\/#primaryimage\"},\"image\":{\"@id\":\"https:\/\/portaltela.pt\/noticias\/2026\/01\/29\/inundacoes-em-trancoso-obrigam-corte-da-estrada-municipal-592\/#primaryimage\"},\"thumbnailUrl\":\"https:\/\/portaltela.pt\/s.01k8rhncp4jt1\/2026\/01\/625097102_1372267074943667_7356098950007005370_n.jpg\",\"datePublished\":\"2026-01-29T17:04:07+00:00\",\"author\":{\"@id\":\"https:\/\/portaltela.pt\/#\/schema\/person\/c4278d4a6028830caff9ee44b42d32ed\"},\"breadcrumb\":{\"@id\":\"https:\/\/portaltela.pt\/noticias\/2026\/01\/29\/inundacoes-em-trancoso-obrigam-corte-da-estrada-municipal-592\/#breadcrumb\"},\"inLanguage\":\"pt-PT\",\"potentialAction\":[{\"@type\":\"ReadAction\",\"target\":[\"https:\/\/portaltela.pt\/noticias\/2026\/01\/29\/inundacoes-em-trancoso-obrigam-corte-da-estrada-municipal-592\/\"]}]},{\"@type\":\"ImageObject\",\"inLanguage\":\"pt-PT\",\"@id\":\"https:\/\/portaltela.pt\/noticias\/2026\/01\/29\/inundacoes-em-trancoso-obrigam-corte-da-estrada-municipal-592\/#primaryimage\",\"url\":\"https:\/\/portaltela.pt\/s.01k8rhncp4jt1\/2026\/01\/625097102_1372267074943667_7356098950007005370_n.jpg\",\"contentUrl\":\"https:\/\/portaltela.pt\/s.01k8rhncp4jt1\/2026\/01\/625097102_1372267074943667_7356098950007005370_n.jpg\",\"width\":796,\"height\":448,\"caption\":\"TRANCOSO: Inunda\u00e7\u00e3o obriga ao corte da Estrada Municipal 592\"},{\"@type\":\"BreadcrumbList\",\"@id\":\"https:\/\/portaltela.pt\/noticias\/2026\/01\/29\/inundacoes-em-trancoso-obrigam-corte-da-estrada-municipal-592\/#breadcrumb\",\"itemListElement\":[{\"@type\":\"ListItem\",\"position\":1,\"name\":\"In\u00edcio\",\"item\":\"https:\/\/portaltela.pt\/\"},{\"@type\":\"ListItem\",\"position\":2,\"name\":\"Inunda\u00e7\u00f5es em Trancoso obrigam corte da Estrada Municipal 592\"}]},{\"@type\":\"WebSite\",\"@id\":\"https:\/\/portaltela.pt\/#website\",\"url\":\"https:\/\/portaltela.pt\/\",\"name\":\"Portal Tela Portugal\",\"description\":\"\",\"potentialAction\":[{\"@type\":\"SearchAction\",\"target\":{\"@type\":\"EntryPoint\",\"urlTemplate\":\"https:\/\/portaltela.pt\/?s={search_term_string}\"},\"query-input\":{\"@type\":\"PropertyValueSpecification\",\"valueRequired\":true,\"valueName\":\"search_term_string\"}}],\"inLanguage\":\"pt-PT\"},{\"@type\":\"Person\",\"@id\":\"https:\/\/portaltela.pt\/#\/schema\/person\/c4278d4a6028830caff9ee44b42d32ed\",\"name\":\"Telinha\",\"image\":{\"@type\":\"ImageObject\",\"inLanguage\":\"pt-PT\",\"@id\":\"https:\/\/portaltela.pt\/s.01k8rhncp4jt1\/2025\/11\/talking-bot-125x125.png\",\"url\":\"https:\/\/portaltela.pt\/s.01k8rhncp4jt1\/2025\/11\/talking-bot-125x125.png\",\"contentUrl\":\"https:\/\/portaltela.pt\/s.01k8rhncp4jt1\/2025\/11\/talking-bot-125x125.png\",\"caption\":\"Telinha\"},\"sameAs\":[\"https:\/\/portaltela.pt\/\"],\"url\":\"https:\/\/portaltela.pt\/por\/367410592786\/\"}]}<\/script>\n<!-- \/ Yoast SEO plugin. -->","yoast_head_json":{"title":"Inunda\u00e7\u00f5es em Trancoso obrigam corte da Estrada Municipal 592 - Portal Tela Portugal","robots":{"index":"index","follow":"follow","max-snippet":"max-snippet:-1","max-image-preview":"max-image-preview:large","max-video-preview":"max-video-preview:-1"},"og_locale":"pt_PT","og_type":"article","og_title":"Inunda\u00e7\u00f5es em Trancoso obrigam corte da Estrada Municipal 592 - Portal Tela Portugal","og_description":"Trancoso: a Estrada Municipal 592 est\u00e1 temporariamente fechada entre o cruzamento com a Nacional 226 e a localidade de Moimentinha devido \u00e0 inunda\u00e7\u00e3o da via. A interrup\u00e7\u00e3o impede o acesso direto \u00e0s freguesias de Moimentinha e Granja. A alternativa segura indicada pelas autoridades \u00e9 passar pelo n\u00f3 de Ervas Tenras at\u00e9 \u00e0 reabertura da estrada. A reabertura depende do evoluir das condi\u00e7\u00f5es de inunda\u00e7\u00e3o e das avalia\u00e7\u00f5es t\u00e9cnicas no terreno.","og_url":"https:\/\/portaltela.pt\/noticias\/2026\/01\/29\/inundacoes-em-trancoso-obrigam-corte-da-estrada-municipal-592\/","og_site_name":"Portal Tela Portugal","article_published_time":"2026-01-29T17:04:07+00:00","author":"Telinha","twitter_card":"summary_large_image","twitter_misc":{"Escrito por":"Telinha","Tempo estimado de leitura":"1 minuto"},"schema":{"@context":"https:\/\/schema.org","@graph":[{"@type":"Article","@id":"https:\/\/portaltela.pt\/noticias\/2026\/01\/29\/inundacoes-em-trancoso-obrigam-corte-da-estrada-municipal-592\/#article","isPartOf":{"@id":"https:\/\/portaltela.pt\/noticias\/2026\/01\/29\/inundacoes-em-trancoso-obrigam-corte-da-estrada-municipal-592\/"},"author":{"name":"Telinha","@id":"https:\/\/portaltela.pt\/#\/schema\/person\/c4278d4a6028830caff9ee44b42d32ed"},"headline":"Inunda\u00e7\u00f5es em Trancoso obrigam corte da Estrada Municipal 592","datePublished":"2026-01-29T17:04:07+00:00","mainEntityOfPage":{"@id":"https:\/\/portaltela.pt\/noticias\/2026\/01\/29\/inundacoes-em-trancoso-obrigam-corte-da-estrada-municipal-592\/"},"wordCount":195,"image":{"@id":"https:\/\/portaltela.pt\/noticias\/2026\/01\/29\/inundacoes-em-trancoso-obrigam-corte-da-estrada-municipal-592\/#primaryimage"},"thumbnailUrl":"https:\/\/portaltela.pt\/s.01k8rhncp4jt1\/2026\/01\/625097102_1372267074943667_7356098950007005370_n.jpg","keywords":["estradas","evacua\u00e7\u00f5es","inunda\u00e7\u00f5es","prote\u00e7\u00e3o civil","Trancoso","vias p\u00fablicas"],"articleSection":["Not\u00edcias"],"inLanguage":"pt-PT"},{"@type":"WebPage","@id":"https:\/\/portaltela.pt\/noticias\/2026\/01\/29\/inundacoes-em-trancoso-obrigam-corte-da-estrada-municipal-592\/","url":"https:\/\/portaltela.pt\/noticias\/2026\/01\/29\/inundacoes-em-trancoso-obrigam-corte-da-estrada-municipal-592\/","name":"Inunda\u00e7\u00f5es em Trancoso obrigam corte da Estrada Municipal 592 - Portal Tela Portugal","isPartOf":{"@id":"https:\/\/portaltela.pt\/#website"},"primaryImageOfPage":{"@id":"https:\/\/portaltela.pt\/noticias\/2026\/01\/29\/inundacoes-em-trancoso-obrigam-corte-da-estrada-municipal-592\/#primaryimage"},"image":{"@id":"https:\/\/portaltela.pt\/noticias\/2026\/01\/29\/inundacoes-em-trancoso-obrigam-corte-da-estrada-municipal-592\/#primaryimage"},"thumbnailUrl":"https:\/\/portaltela.pt\/s.01k8rhncp4jt1\/2026\/01\/625097102_1372267074943667_7356098950007005370_n.jpg","datePublished":"2026-01-29T17:04:07+00:00","author":{"@id":"https:\/\/portaltela.pt\/#\/schema\/person\/c4278d4a6028830caff9ee44b42d32ed"},"breadcrumb":{"@id":"https:\/\/portaltela.pt\/noticias\/2026\/01\/29\/inundacoes-em-trancoso-obrigam-corte-da-estrada-municipal-592\/#breadcrumb"},"inLanguage":"pt-PT","potentialAction":[{"@type":"ReadAction","target":["https:\/\/portaltela.pt\/noticias\/2026\/01\/29\/inundacoes-em-trancoso-obrigam-corte-da-estrada-municipal-592\/"]}]},{"@type":"ImageObject","inLanguage":"pt-PT","@id":"https:\/\/portaltela.pt\/noticias\/2026\/01\/29\/inundacoes-em-trancoso-obrigam-corte-da-estrada-municipal-592\/#primaryimage","url":"https:\/\/portaltela.pt\/s.01k8rhncp4jt1\/2026\/01\/625097102_1372267074943667_7356098950007005370_n.jpg","contentUrl":"https:\/\/portaltela.pt\/s.01k8rhncp4jt1\/2026\/01\/625097102_1372267074943667_7356098950007005370_n.jpg","width":796,"height":448,"caption":"TRANCOSO: Inunda\u00e7\u00e3o obriga ao corte da Estrada Municipal 592"},{"@type":"BreadcrumbList","@id":"https:\/\/portaltela.pt\/noticias\/2026\/01\/29\/inundacoes-em-trancoso-obrigam-corte-da-estrada-municipal-592\/#breadcrumb","itemListElement":[{"@type":"ListItem","position":1,"name":"In\u00edcio","item":"https:\/\/portaltela.pt\/"},{"@type":"ListItem","position":2,"name":"Inunda\u00e7\u00f5es em Trancoso obrigam corte da Estrada Municipal 592"}]},{"@type":"WebSite","@id":"https:\/\/portaltela.pt\/#website","url":"https:\/\/portaltela.pt\/","name":"Portal Tela Portugal","description":"","potentialAction":[{"@type":"SearchAction","target":{"@type":"EntryPoint","urlTemplate":"https:\/\/portaltela.pt\/?s={search_term_string}"},"query-input":{"@type":"PropertyValueSpecification","valueRequired":true,"valueName":"search_term_string"}}],"inLanguage":"pt-PT"},{"@type":"Person","@id":"https:\/\/portaltela.pt\/#\/schema\/person\/c4278d4a6028830caff9ee44b42d32ed","name":"Telinha","image":{"@type":"ImageObject","inLanguage":"pt-PT","@id":"https:\/\/portaltela.pt\/s.01k8rhncp4jt1\/2025\/11\/talking-bot-125x125.png","url":"https:\/\/portaltela.pt\/s.01k8rhncp4jt1\/2025\/11\/talking-bot-125x125.png","contentUrl":"https:\/\/portaltela.pt\/s.01k8rhncp4jt1\/2025\/11\/talking-bot-125x125.png","caption":"Telinha"},"sameAs":["https:\/\/portaltela.pt\/"],"url":"https:\/\/portaltela.pt\/por\/367410592786\/"}]}},"_links":{"self":[{"href":"https:\/\/portaltela.pt\/api\/wp\/v2\/posts\/181907","targetHints":{"allow":["GET"]}}],"collection":[{"href":"https:\/\/portaltela.pt\/api\/wp\/v2\/posts"}],"about":[{"href":"https:\/\/portaltela.pt\/api\/wp\/v2\/types\/post"}],"author":[{"embeddable":true,"href":"https:\/\/portaltela.pt\/api\/wp\/v2\/users\/2"}],"replies":[{"embeddable":true,"href":"https:\/\/portaltela.pt\/api\/wp\/v2\/comments?post=181907"}],"version-history":[{"count":0,"href":"https:\/\/portaltela.pt\/api\/wp\/v2\/posts\/181907\/revisions"}],"wp:featuredmedia":[{"embeddable":true,"href":"https:\/\/portaltela.pt\/api\/wp\/v2\/media\/181934"}],"wp:attachment":[{"href":"https:\/\/portaltela.pt\/api\/wp\/v2\/media?parent=181907"}],"wp:term":[{"taxonomy":"category","embeddable":true,"href":"https:\/\/portaltela.pt\/api\/wp\/v2\/categories?post=181907"},{"taxonomy":"post_tag","embeddable":true,"href":"https:\/\/portaltela.pt\/api\/wp\/v2\/tags?post=181907"}],"curies":[{"name":"wp","href":"https:\/\/api.w.org\/{rel}","templated":true}]}}