{"id":181901,"date":"2026-01-29T14:05:00","date_gmt":"2026-01-29T17:05:00","guid":{"rendered":"https:\/\/portaltela.pt\/noticias\/2026\/01\/29\/junta-de-freguesia-de-benfica-do-ribatejo-moderniza-iluminacao-para-os-fregueses\/"},"modified":"2026-01-29T14:05:00","modified_gmt":"2026-01-29T17:05:00","slug":"junta-de-freguesia-de-benfica-do-ribatejo-moderniza-iluminacao-para-os-fregueses","status":"publish","type":"post","link":"https:\/\/portaltela.pt\/noticias\/2026\/01\/29\/junta-de-freguesia-de-benfica-do-ribatejo-moderniza-iluminacao-para-os-fregueses\/","title":{"rendered":"Junta de Freguesia de Benfica do Ribatejo moderniza ilumina\u00e7\u00e3o para os fregueses"},"content":{"rendered":"<p>A Junta de Freguesia de Benfica do Ribatejo disponibilizou um gerador para que os fregueses pudessem carregar telem\u00f3veis, baterias ou computadores. A medida ocorreu durante a madrugada de quarta-feira, 28 de janeiro, em resposta \u00e0 falta de luz na freguesia de Almeirim.<\/p>\n<p>A interrup\u00e7\u00e3o de energia foi causada pelos estragos da tempestade Kristin, que deixou a freguesia sem fornecimento por mais de 36 horas. O gerador permitiu manter pontos de recarga acess\u00edveis para quem precisava de manter equipamentos \u00fateis ligados.<\/p>\n<p>As avarias foram associadas a um problema maior na regi\u00e3o da Lez\u00edria e no pa\u00eds. A E-REDES divulgou que j\u00e1 registou mais de um milh\u00e3o de ocorr\u00eancias de falta de luz em todo o territ\u00f3rio nacional.<\/p>\n<p>As equipas da E-REDES estiveram a trabalhar para corrigir as avarias, j\u00e1 com o fornecimento reposto na freguesia de Benfica do Ribatejo. O restabelecimento ser\u00e1 gradual nos restantes pontos afetados pela tempestade.<\/p>\n","protected":false},"excerpt":{"rendered":"<ul>\n<li>A Junta de Freguesia de Benfica do Ribatejo disponibilizou um gerador para carregarem telem\u00f3veis, baterias ou computadores.<\/li>\n<li>A freguesia, no concelho de Almeirim, ficou sem luz h\u00e1 mais de 36 horas devido aos estragos da tempestade Kristin na madrugada de quarta-feira, 28 de janeiro.<\/li>\n<li>O fornecimento foi reposto pelas equipas da E-REDES que estavam a tratar as avarias.<\/li>\n<li>As falhas de energia afetaram centenas de pessoas na regi\u00e3o da Lez\u00edria e em todo o pa\u00eds.<\/li>\n<li>A E-REDES registou mais de um milh\u00e3o de avarias em territ\u00f3rio nacional.<\/li>\n<\/ul>\n","protected":false},"author":2,"featured_media":181914,"comment_status":"closed","ping_status":"closed","sticky":false,"template":"","format":"standard","meta":{"footnotes":""},"categories":[1],"tags":[2950,4592,1946,174,735,3623],"class_list":["post-181901","post","type-post","status-publish","format-standard","has-post-thumbnail","hentry","category-noticias","tag-apagoes","tag-avarias","tag-benfica","tag-energia","tag-iluminacao-publica","tag-leziria-do-tejo"],"yoast_head":"<!-- This site is optimized with the Yoast SEO plugin v27.2 - https:\/\/yoast.com\/product\/yoast-seo-wordpress\/ -->\n<title>Junta de Freguesia de Benfica do Ribatejo moderniza ilumina\u00e7\u00e3o para os fregueses - Portal Tela Portugal<\/title>\n<meta name=\"robots\" content=\"index, follow, max-snippet:-1, max-image-preview:large, max-video-preview:-1\" \/>\n<meta property=\"og:locale\" content=\"pt_PT\" \/>\n<meta property=\"og:type\" content=\"article\" \/>\n<meta property=\"og:title\" content=\"Junta de Freguesia de Benfica do Ribatejo moderniza ilumina\u00e7\u00e3o para os fregueses - Portal Tela Portugal\" \/>\n<meta property=\"og:description\" content=\"A Junta de Freguesia de Benfica do Ribatejo disponibilizou um gerador para carregarem telem\u00f3veis, baterias ou computadores. A freguesia, no concelho de Almeirim, ficou sem luz h\u00e1 mais de 36 horas devido aos estragos da tempestade Kristin na madrugada de quarta-feira, 28 de janeiro. O fornecimento foi reposto pelas equipas da E-REDES que estavam a tratar as avarias. As falhas de energia afetaram centenas de pessoas na regi\u00e3o da Lez\u00edria e em todo o pa\u00eds. A E-REDES registou mais de um milh\u00e3o de avarias em territ\u00f3rio nacional.\" \/>\n<meta property=\"og:url\" content=\"https:\/\/portaltela.pt\/noticias\/2026\/01\/29\/junta-de-freguesia-de-benfica-do-ribatejo-moderniza-iluminacao-para-os-fregueses\/\" \/>\n<meta property=\"og:site_name\" content=\"Portal Tela Portugal\" \/>\n<meta property=\"article:published_time\" content=\"2026-01-29T17:05:00+00:00\" \/>\n<meta name=\"author\" content=\"Telinha\" \/>\n<meta name=\"twitter:card\" content=\"summary_large_image\" \/>\n<meta name=\"twitter:label1\" content=\"Escrito por\" \/>\n\t<meta name=\"twitter:data1\" content=\"Telinha\" \/>\n\t<meta name=\"twitter:label2\" content=\"Tempo estimado de leitura\" \/>\n\t<meta name=\"twitter:data2\" content=\"1 minuto\" \/>\n<script type=\"application\/ld+json\" class=\"yoast-schema-graph\">{\"@context\":\"https:\/\/schema.org\",\"@graph\":[{\"@type\":\"Article\",\"@id\":\"https:\/\/portaltela.pt\/noticias\/2026\/01\/29\/junta-de-freguesia-de-benfica-do-ribatejo-moderniza-iluminacao-para-os-fregueses\/#article\",\"isPartOf\":{\"@id\":\"https:\/\/portaltela.pt\/noticias\/2026\/01\/29\/junta-de-freguesia-de-benfica-do-ribatejo-moderniza-iluminacao-para-os-fregueses\/\"},\"author\":{\"name\":\"Telinha\",\"@id\":\"https:\/\/portaltela.pt\/#\/schema\/person\/c4278d4a6028830caff9ee44b42d32ed\"},\"headline\":\"Junta de Freguesia de Benfica do Ribatejo moderniza ilumina\u00e7\u00e3o para os fregueses\",\"datePublished\":\"2026-01-29T17:05:00+00:00\",\"mainEntityOfPage\":{\"@id\":\"https:\/\/portaltela.pt\/noticias\/2026\/01\/29\/junta-de-freguesia-de-benfica-do-ribatejo-moderniza-iluminacao-para-os-fregueses\/\"},\"wordCount\":167,\"image\":{\"@id\":\"https:\/\/portaltela.pt\/noticias\/2026\/01\/29\/junta-de-freguesia-de-benfica-do-ribatejo-moderniza-iluminacao-para-os-fregueses\/#primaryimage\"},\"thumbnailUrl\":\"https:\/\/portaltela.pt\/s.01k8rhncp4jt1\/2026\/01\/unnamed-file-5871.jpg\",\"keywords\":[\"apag\u00f5es\",\"avarias\",\"Benfica\",\"energia\",\"ilumina\u00e7\u00e3o p\u00fablica\",\"Lez\u00edria do Tejo\"],\"articleSection\":[\"Not\u00edcias\"],\"inLanguage\":\"pt-PT\"},{\"@type\":\"WebPage\",\"@id\":\"https:\/\/portaltela.pt\/noticias\/2026\/01\/29\/junta-de-freguesia-de-benfica-do-ribatejo-moderniza-iluminacao-para-os-fregueses\/\",\"url\":\"https:\/\/portaltela.pt\/noticias\/2026\/01\/29\/junta-de-freguesia-de-benfica-do-ribatejo-moderniza-iluminacao-para-os-fregueses\/\",\"name\":\"Junta de Freguesia de Benfica do Ribatejo moderniza ilumina\u00e7\u00e3o para os fregueses - Portal Tela Portugal\",\"isPartOf\":{\"@id\":\"https:\/\/portaltela.pt\/#website\"},\"primaryImageOfPage\":{\"@id\":\"https:\/\/portaltela.pt\/noticias\/2026\/01\/29\/junta-de-freguesia-de-benfica-do-ribatejo-moderniza-iluminacao-para-os-fregueses\/#primaryimage\"},\"image\":{\"@id\":\"https:\/\/portaltela.pt\/noticias\/2026\/01\/29\/junta-de-freguesia-de-benfica-do-ribatejo-moderniza-iluminacao-para-os-fregueses\/#primaryimage\"},\"thumbnailUrl\":\"https:\/\/portaltela.pt\/s.01k8rhncp4jt1\/2026\/01\/unnamed-file-5871.jpg\",\"datePublished\":\"2026-01-29T17:05:00+00:00\",\"author\":{\"@id\":\"https:\/\/portaltela.pt\/#\/schema\/person\/c4278d4a6028830caff9ee44b42d32ed\"},\"breadcrumb\":{\"@id\":\"https:\/\/portaltela.pt\/noticias\/2026\/01\/29\/junta-de-freguesia-de-benfica-do-ribatejo-moderniza-iluminacao-para-os-fregueses\/#breadcrumb\"},\"inLanguage\":\"pt-PT\",\"potentialAction\":[{\"@type\":\"ReadAction\",\"target\":[\"https:\/\/portaltela.pt\/noticias\/2026\/01\/29\/junta-de-freguesia-de-benfica-do-ribatejo-moderniza-iluminacao-para-os-fregueses\/\"]}]},{\"@type\":\"ImageObject\",\"inLanguage\":\"pt-PT\",\"@id\":\"https:\/\/portaltela.pt\/noticias\/2026\/01\/29\/junta-de-freguesia-de-benfica-do-ribatejo-moderniza-iluminacao-para-os-fregueses\/#primaryimage\",\"url\":\"https:\/\/portaltela.pt\/s.01k8rhncp4jt1\/2026\/01\/unnamed-file-5871.jpg\",\"contentUrl\":\"https:\/\/portaltela.pt\/s.01k8rhncp4jt1\/2026\/01\/unnamed-file-5871.jpg\",\"width\":796,\"height\":448,\"caption\":\"Junta de Freguesia de Benfica do Ribatejo \u201cdeu luz\u201d aos fregueses\"},{\"@type\":\"BreadcrumbList\",\"@id\":\"https:\/\/portaltela.pt\/noticias\/2026\/01\/29\/junta-de-freguesia-de-benfica-do-ribatejo-moderniza-iluminacao-para-os-fregueses\/#breadcrumb\",\"itemListElement\":[{\"@type\":\"ListItem\",\"position\":1,\"name\":\"In\u00edcio\",\"item\":\"https:\/\/portaltela.pt\/\"},{\"@type\":\"ListItem\",\"position\":2,\"name\":\"Junta de Freguesia de Benfica do Ribatejo moderniza ilumina\u00e7\u00e3o para os fregueses\"}]},{\"@type\":\"WebSite\",\"@id\":\"https:\/\/portaltela.pt\/#website\",\"url\":\"https:\/\/portaltela.pt\/\",\"name\":\"Portal Tela Portugal\",\"description\":\"\",\"potentialAction\":[{\"@type\":\"SearchAction\",\"target\":{\"@type\":\"EntryPoint\",\"urlTemplate\":\"https:\/\/portaltela.pt\/?s={search_term_string}\"},\"query-input\":{\"@type\":\"PropertyValueSpecification\",\"valueRequired\":true,\"valueName\":\"search_term_string\"}}],\"inLanguage\":\"pt-PT\"},{\"@type\":\"Person\",\"@id\":\"https:\/\/portaltela.pt\/#\/schema\/person\/c4278d4a6028830caff9ee44b42d32ed\",\"name\":\"Telinha\",\"image\":{\"@type\":\"ImageObject\",\"inLanguage\":\"pt-PT\",\"@id\":\"https:\/\/portaltela.pt\/s.01k8rhncp4jt1\/2025\/11\/talking-bot-125x125.png\",\"url\":\"https:\/\/portaltela.pt\/s.01k8rhncp4jt1\/2025\/11\/talking-bot-125x125.png\",\"contentUrl\":\"https:\/\/portaltela.pt\/s.01k8rhncp4jt1\/2025\/11\/talking-bot-125x125.png\",\"caption\":\"Telinha\"},\"sameAs\":[\"https:\/\/portaltela.pt\/\"],\"url\":\"https:\/\/portaltela.pt\/por\/367410592786\/\"}]}<\/script>\n<!-- \/ Yoast SEO plugin. -->","yoast_head_json":{"title":"Junta de Freguesia de Benfica do Ribatejo moderniza ilumina\u00e7\u00e3o para os fregueses - Portal Tela Portugal","robots":{"index":"index","follow":"follow","max-snippet":"max-snippet:-1","max-image-preview":"max-image-preview:large","max-video-preview":"max-video-preview:-1"},"og_locale":"pt_PT","og_type":"article","og_title":"Junta de Freguesia de Benfica do Ribatejo moderniza ilumina\u00e7\u00e3o para os fregueses - Portal Tela Portugal","og_description":"A Junta de Freguesia de Benfica do Ribatejo disponibilizou um gerador para carregarem telem\u00f3veis, baterias ou computadores. A freguesia, no concelho de Almeirim, ficou sem luz h\u00e1 mais de 36 horas devido aos estragos da tempestade Kristin na madrugada de quarta-feira, 28 de janeiro. O fornecimento foi reposto pelas equipas da E-REDES que estavam a tratar as avarias. As falhas de energia afetaram centenas de pessoas na regi\u00e3o da Lez\u00edria e em todo o pa\u00eds. A E-REDES registou mais de um milh\u00e3o de avarias em territ\u00f3rio nacional.","og_url":"https:\/\/portaltela.pt\/noticias\/2026\/01\/29\/junta-de-freguesia-de-benfica-do-ribatejo-moderniza-iluminacao-para-os-fregueses\/","og_site_name":"Portal Tela Portugal","article_published_time":"2026-01-29T17:05:00+00:00","author":"Telinha","twitter_card":"summary_large_image","twitter_misc":{"Escrito por":"Telinha","Tempo estimado de leitura":"1 minuto"},"schema":{"@context":"https:\/\/schema.org","@graph":[{"@type":"Article","@id":"https:\/\/portaltela.pt\/noticias\/2026\/01\/29\/junta-de-freguesia-de-benfica-do-ribatejo-moderniza-iluminacao-para-os-fregueses\/#article","isPartOf":{"@id":"https:\/\/portaltela.pt\/noticias\/2026\/01\/29\/junta-de-freguesia-de-benfica-do-ribatejo-moderniza-iluminacao-para-os-fregueses\/"},"author":{"name":"Telinha","@id":"https:\/\/portaltela.pt\/#\/schema\/person\/c4278d4a6028830caff9ee44b42d32ed"},"headline":"Junta de Freguesia de Benfica do Ribatejo moderniza ilumina\u00e7\u00e3o para os fregueses","datePublished":"2026-01-29T17:05:00+00:00","mainEntityOfPage":{"@id":"https:\/\/portaltela.pt\/noticias\/2026\/01\/29\/junta-de-freguesia-de-benfica-do-ribatejo-moderniza-iluminacao-para-os-fregueses\/"},"wordCount":167,"image":{"@id":"https:\/\/portaltela.pt\/noticias\/2026\/01\/29\/junta-de-freguesia-de-benfica-do-ribatejo-moderniza-iluminacao-para-os-fregueses\/#primaryimage"},"thumbnailUrl":"https:\/\/portaltela.pt\/s.01k8rhncp4jt1\/2026\/01\/unnamed-file-5871.jpg","keywords":["apag\u00f5es","avarias","Benfica","energia","ilumina\u00e7\u00e3o p\u00fablica","Lez\u00edria do Tejo"],"articleSection":["Not\u00edcias"],"inLanguage":"pt-PT"},{"@type":"WebPage","@id":"https:\/\/portaltela.pt\/noticias\/2026\/01\/29\/junta-de-freguesia-de-benfica-do-ribatejo-moderniza-iluminacao-para-os-fregueses\/","url":"https:\/\/portaltela.pt\/noticias\/2026\/01\/29\/junta-de-freguesia-de-benfica-do-ribatejo-moderniza-iluminacao-para-os-fregueses\/","name":"Junta de Freguesia de Benfica do Ribatejo moderniza ilumina\u00e7\u00e3o para os fregueses - Portal Tela Portugal","isPartOf":{"@id":"https:\/\/portaltela.pt\/#website"},"primaryImageOfPage":{"@id":"https:\/\/portaltela.pt\/noticias\/2026\/01\/29\/junta-de-freguesia-de-benfica-do-ribatejo-moderniza-iluminacao-para-os-fregueses\/#primaryimage"},"image":{"@id":"https:\/\/portaltela.pt\/noticias\/2026\/01\/29\/junta-de-freguesia-de-benfica-do-ribatejo-moderniza-iluminacao-para-os-fregueses\/#primaryimage"},"thumbnailUrl":"https:\/\/portaltela.pt\/s.01k8rhncp4jt1\/2026\/01\/unnamed-file-5871.jpg","datePublished":"2026-01-29T17:05:00+00:00","author":{"@id":"https:\/\/portaltela.pt\/#\/schema\/person\/c4278d4a6028830caff9ee44b42d32ed"},"breadcrumb":{"@id":"https:\/\/portaltela.pt\/noticias\/2026\/01\/29\/junta-de-freguesia-de-benfica-do-ribatejo-moderniza-iluminacao-para-os-fregueses\/#breadcrumb"},"inLanguage":"pt-PT","potentialAction":[{"@type":"ReadAction","target":["https:\/\/portaltela.pt\/noticias\/2026\/01\/29\/junta-de-freguesia-de-benfica-do-ribatejo-moderniza-iluminacao-para-os-fregueses\/"]}]},{"@type":"ImageObject","inLanguage":"pt-PT","@id":"https:\/\/portaltela.pt\/noticias\/2026\/01\/29\/junta-de-freguesia-de-benfica-do-ribatejo-moderniza-iluminacao-para-os-fregueses\/#primaryimage","url":"https:\/\/portaltela.pt\/s.01k8rhncp4jt1\/2026\/01\/unnamed-file-5871.jpg","contentUrl":"https:\/\/portaltela.pt\/s.01k8rhncp4jt1\/2026\/01\/unnamed-file-5871.jpg","width":796,"height":448,"caption":"Junta de Freguesia de Benfica do Ribatejo \u201cdeu luz\u201d aos fregueses"},{"@type":"BreadcrumbList","@id":"https:\/\/portaltela.pt\/noticias\/2026\/01\/29\/junta-de-freguesia-de-benfica-do-ribatejo-moderniza-iluminacao-para-os-fregueses\/#breadcrumb","itemListElement":[{"@type":"ListItem","position":1,"name":"In\u00edcio","item":"https:\/\/portaltela.pt\/"},{"@type":"ListItem","position":2,"name":"Junta de Freguesia de Benfica do Ribatejo moderniza ilumina\u00e7\u00e3o para os fregueses"}]},{"@type":"WebSite","@id":"https:\/\/portaltela.pt\/#website","url":"https:\/\/portaltela.pt\/","name":"Portal Tela Portugal","description":"","potentialAction":[{"@type":"SearchAction","target":{"@type":"EntryPoint","urlTemplate":"https:\/\/portaltela.pt\/?s={search_term_string}"},"query-input":{"@type":"PropertyValueSpecification","valueRequired":true,"valueName":"search_term_string"}}],"inLanguage":"pt-PT"},{"@type":"Person","@id":"https:\/\/portaltela.pt\/#\/schema\/person\/c4278d4a6028830caff9ee44b42d32ed","name":"Telinha","image":{"@type":"ImageObject","inLanguage":"pt-PT","@id":"https:\/\/portaltela.pt\/s.01k8rhncp4jt1\/2025\/11\/talking-bot-125x125.png","url":"https:\/\/portaltela.pt\/s.01k8rhncp4jt1\/2025\/11\/talking-bot-125x125.png","contentUrl":"https:\/\/portaltela.pt\/s.01k8rhncp4jt1\/2025\/11\/talking-bot-125x125.png","caption":"Telinha"},"sameAs":["https:\/\/portaltela.pt\/"],"url":"https:\/\/portaltela.pt\/por\/367410592786\/"}]}},"_links":{"self":[{"href":"https:\/\/portaltela.pt\/api\/wp\/v2\/posts\/181901","targetHints":{"allow":["GET"]}}],"collection":[{"href":"https:\/\/portaltela.pt\/api\/wp\/v2\/posts"}],"about":[{"href":"https:\/\/portaltela.pt\/api\/wp\/v2\/types\/post"}],"author":[{"embeddable":true,"href":"https:\/\/portaltela.pt\/api\/wp\/v2\/users\/2"}],"replies":[{"embeddable":true,"href":"https:\/\/portaltela.pt\/api\/wp\/v2\/comments?post=181901"}],"version-history":[{"count":0,"href":"https:\/\/portaltela.pt\/api\/wp\/v2\/posts\/181901\/revisions"}],"wp:featuredmedia":[{"embeddable":true,"href":"https:\/\/portaltela.pt\/api\/wp\/v2\/media\/181914"}],"wp:attachment":[{"href":"https:\/\/portaltela.pt\/api\/wp\/v2\/media?parent=181901"}],"wp:term":[{"taxonomy":"category","embeddable":true,"href":"https:\/\/portaltela.pt\/api\/wp\/v2\/categories?post=181901"},{"taxonomy":"post_tag","embeddable":true,"href":"https:\/\/portaltela.pt\/api\/wp\/v2\/tags?post=181901"}],"curies":[{"name":"wp","href":"https:\/\/api.w.org\/{rel}","templated":true}]}}