{"id":181857,"date":"2026-01-29T13:39:21","date_gmt":"2026-01-29T16:39:21","guid":{"rendered":"https:\/\/portaltela.pt\/noticias\/2026\/01\/29\/centro-cultural-raiano-comemora-29-anos\/"},"modified":"2026-01-29T13:39:21","modified_gmt":"2026-01-29T16:39:21","slug":"centro-cultural-raiano-comemora-29-anos","status":"publish","type":"post","link":"https:\/\/portaltela.pt\/noticias\/2026\/01\/29\/centro-cultural-raiano-comemora-29-anos\/","title":{"rendered":"Centro Cultural Raiano comemora 29 anos"},"content":{"rendered":"<p>O Centro Cultural Raiano, em Idanha-a-Nova, celebra o 29\u00ba anivers\u00e1rio na segunda-feira, 2 de fevereiro. A homenagem central recai sobre a viola beiroa, instrumento emblem\u00e1tico da Beira Baixa. A noite come\u00e7a com o lan\u00e7amento do livro-disco A Viola Beiroa: Tradi\u00e7\u00e3o e Identidade da Beira Baixa, \u00e0s 20h30, pelo trio Violas EnCantadas.<\/p>\n<p>\u00c0s 21h, abre-se a exposi\u00e7\u00e3o Requintinha, de Ivone Ralha, que re\u00fane a obra gr\u00e1fica do livro-disco. O concerto de apresenta\u00e7\u00e3o inicia \u00e0s 21h30, no audit\u00f3rio. Convidados incluem Adufeiras de Idanha-a-Nova, Am\u00e9lia Fonseca, Adosinda Xavier, de Monsanto, e nomes como Idalina Gameiro, Isabel Silvestre, Jos\u00e9 Manuel Neto, Pedro J\u00f3ia, Catarina Anacleto e Soukhaina Fahsi (Marrocos).<\/p>\n<h3>Lan\u00e7amento e convidados<\/h3>\n<p>O projeto A Viola Beiroa: Tradi\u00e7\u00e3o e Identidade da Beira Baixa, iniciado em julho de 2025, recolheu repert\u00f3rio tradicional e criou novos arranjos. O Centro Cultural Raiano realizou tr\u00eas resid\u00eancias art\u00edsticas que contribu\u00edram para a grava\u00e7\u00e3o de grande parte das m\u00fasicas.<\/p>\n<p>A obra apresenta tamb\u00e9m notas t\u00e9cnicas e musicol\u00f3gicas, com a participa\u00e7\u00e3o de Domingos Morais e Manuel Morais. Estar\u00e3o presentes Nuno Pacheco, Carla Raposeira, Rui Moreno e Ana Sofia Carvalheda, correspondentes de imprensa das respectivas entidades.<\/p>\n<h3>Contexto institucional<\/h3>\n<p>O Munic\u00edpio de Idanha-a-Nova destaca que o Centro Cultural Raiano, inaugurado em 1997, tem sido eixo de programa\u00e7\u00e3o cultural no territ\u00f3rio, promovendo descentraliza\u00e7\u00e3o e inclus\u00e3o. A institui\u00e7\u00e3o integra a Rede de Teatro e Cineteatros Portugueses, da Dire\u00e7\u00e3o-Geral das Artes.<\/p>\n<h3>Proposta cultural<\/h3>\n<p>Com o projeto, o Centro Cultural Raiano procura atualizar e refletir sobre a viola beiroa, um dos instrumentos de corda mais antigos de Portugal. A iniciativa celebra a cultura beir\u00e3 por meio de m\u00fasica, palavra e mem\u00f3ria.<\/p>\n<h3>Reconhecimento e desdobramentos<\/h3>\n<p>O Centro Cultural Raiano e o Munic\u00edpio de Idanha-a-Nova refor\u00e7am a liga\u00e7\u00e3o com a chancela UNESCO Cidade Criativa da M\u00fasica, que completou 10 anos em 2025 e se estende ao longo de 2026.<\/p>\n","protected":false},"excerpt":{"rendered":"<ul>\n<li>O Centro Cultural Raiano, em Idanha-a-Nova, celebra o 29\u00ba anivers\u00e1rio na segunda-feira, 2 de fevereiro, com a viola beiroa como grande homenagem.<\/li>\n<li>O lan\u00e7amento do livro-disco \u201cA Viola Beiroa: Tradi\u00e7\u00e3o e Identidade da Beira Baixa\u201d acontece \u00e0s 20h30, a cargo do trio Violas EnCantadas.<\/li>\n<li>\u00c0s 21h, \u00e9 inaugurada a exposi\u00e7\u00e3o \u201cRequintinha\u201d de Ivone Ralha, com apresenta\u00e7\u00e3o do livro-disco e concerto no audit\u00f3rio \u00e0s 21h30.<\/li>\n<li>O grupo Violas EnCantadas tem a seu lado convidadas\/os como Adufeiras de Idanha-a-Nova, Adufeiras de Monsanto e Soukhaina Fahsi (Marrocos).<\/li>\n<li>O projeto, iniciado em julho de 2025, envolve recolha de repert\u00f3rio tradicional, arranjos e resid\u00eancias no Centro Cultural Raiano, vinculando Idanha-a-Nova \u00e0 UNESCO Cidade Criativa na \u00e1rea da m\u00fasica (10\u00ba anivers\u00e1rio assinalado em dezembro de 2025; celebra\u00e7\u00f5es em 2026).<\/li>\n<\/ul>\n","protected":false},"author":2,"featured_media":181892,"comment_status":"closed","ping_status":"closed","sticky":false,"template":"","format":"standard","meta":{"footnotes":""},"categories":[1],"tags":[3670,145,2176,122,1175,4312],"class_list":["post-181857","post","type-post","status-publish","format-standard","has-post-thumbnail","hentry","category-noticias","tag-beira-baixa","tag-cultura","tag-idanha-a-nova","tag-musica","tag-patrimonio-cultural","tag-rede-de-cidades-criativas-da-unesco"],"yoast_head":"<!-- This site is optimized with the Yoast SEO plugin v27.2 - https:\/\/yoast.com\/product\/yoast-seo-wordpress\/ -->\n<title>Centro Cultural Raiano comemora 29 anos - Portal Tela Portugal<\/title>\n<meta name=\"robots\" content=\"index, follow, max-snippet:-1, max-image-preview:large, max-video-preview:-1\" \/>\n<meta property=\"og:locale\" content=\"pt_PT\" \/>\n<meta property=\"og:type\" content=\"article\" \/>\n<meta property=\"og:title\" content=\"Centro Cultural Raiano comemora 29 anos - Portal Tela Portugal\" \/>\n<meta property=\"og:description\" content=\"O Centro Cultural Raiano, em Idanha-a-Nova, celebra o 29\u00ba anivers\u00e1rio na segunda-feira, 2 de fevereiro, com a viola beiroa como grande homenagem. O lan\u00e7amento do livro-disco \u201cA Viola Beiroa: Tradi\u00e7\u00e3o e Identidade da Beira Baixa\u201d acontece \u00e0s 20h30, a cargo do trio Violas EnCantadas. \u00c0s 21h, \u00e9 inaugurada a exposi\u00e7\u00e3o \u201cRequintinha\u201d de Ivone Ralha, com apresenta\u00e7\u00e3o do livro-disco e concerto no audit\u00f3rio \u00e0s 21h30. O grupo Violas EnCantadas tem a seu lado convidadas\/os como Adufeiras de Idanha-a-Nova, Adufeiras de Monsanto e Soukhaina Fahsi (Marrocos). O projeto, iniciado em julho de 2025, envolve recolha de repert\u00f3rio tradicional, arranjos e resid\u00eancias no Centro Cultural Raiano, vinculando Idanha-a-Nova \u00e0 UNESCO Cidade Criativa na \u00e1rea da m\u00fasica (10\u00ba anivers\u00e1rio assinalado em dezembro de 2025; celebra\u00e7\u00f5es em 2026).\" \/>\n<meta property=\"og:url\" content=\"https:\/\/portaltela.pt\/noticias\/2026\/01\/29\/centro-cultural-raiano-comemora-29-anos\/\" \/>\n<meta property=\"og:site_name\" content=\"Portal Tela Portugal\" \/>\n<meta property=\"article:published_time\" content=\"2026-01-29T16:39:21+00:00\" \/>\n<meta name=\"author\" content=\"Telinha\" \/>\n<meta name=\"twitter:card\" content=\"summary_large_image\" \/>\n<meta name=\"twitter:label1\" content=\"Escrito por\" \/>\n\t<meta name=\"twitter:data1\" content=\"Telinha\" \/>\n\t<meta name=\"twitter:label2\" content=\"Tempo estimado de leitura\" \/>\n\t<meta name=\"twitter:data2\" content=\"2 minutos\" \/>\n<script type=\"application\/ld+json\" class=\"yoast-schema-graph\">{\"@context\":\"https:\/\/schema.org\",\"@graph\":[{\"@type\":\"Article\",\"@id\":\"https:\/\/portaltela.pt\/noticias\/2026\/01\/29\/centro-cultural-raiano-comemora-29-anos\/#article\",\"isPartOf\":{\"@id\":\"https:\/\/portaltela.pt\/noticias\/2026\/01\/29\/centro-cultural-raiano-comemora-29-anos\/\"},\"author\":{\"name\":\"Telinha\",\"@id\":\"https:\/\/portaltela.pt\/#\/schema\/person\/c4278d4a6028830caff9ee44b42d32ed\"},\"headline\":\"Centro Cultural Raiano comemora 29 anos\",\"datePublished\":\"2026-01-29T16:39:21+00:00\",\"mainEntityOfPage\":{\"@id\":\"https:\/\/portaltela.pt\/noticias\/2026\/01\/29\/centro-cultural-raiano-comemora-29-anos\/\"},\"wordCount\":337,\"image\":{\"@id\":\"https:\/\/portaltela.pt\/noticias\/2026\/01\/29\/centro-cultural-raiano-comemora-29-anos\/#primaryimage\"},\"thumbnailUrl\":\"https:\/\/portaltela.pt\/s.01k8rhncp4jt1\/2026\/01\/unnamed-file-5870.jpg\",\"keywords\":[\"Beira Baixa\",\"cultura\",\"Idanha-a-Nova\",\"m\u00fasica\",\"Patrim\u00f3nio Cultural\",\"Rede de Cidades Criativas da UNESCO\"],\"articleSection\":[\"Not\u00edcias\"],\"inLanguage\":\"pt-PT\"},{\"@type\":\"WebPage\",\"@id\":\"https:\/\/portaltela.pt\/noticias\/2026\/01\/29\/centro-cultural-raiano-comemora-29-anos\/\",\"url\":\"https:\/\/portaltela.pt\/noticias\/2026\/01\/29\/centro-cultural-raiano-comemora-29-anos\/\",\"name\":\"Centro Cultural Raiano comemora 29 anos - Portal Tela Portugal\",\"isPartOf\":{\"@id\":\"https:\/\/portaltela.pt\/#website\"},\"primaryImageOfPage\":{\"@id\":\"https:\/\/portaltela.pt\/noticias\/2026\/01\/29\/centro-cultural-raiano-comemora-29-anos\/#primaryimage\"},\"image\":{\"@id\":\"https:\/\/portaltela.pt\/noticias\/2026\/01\/29\/centro-cultural-raiano-comemora-29-anos\/#primaryimage\"},\"thumbnailUrl\":\"https:\/\/portaltela.pt\/s.01k8rhncp4jt1\/2026\/01\/unnamed-file-5870.jpg\",\"datePublished\":\"2026-01-29T16:39:21+00:00\",\"author\":{\"@id\":\"https:\/\/portaltela.pt\/#\/schema\/person\/c4278d4a6028830caff9ee44b42d32ed\"},\"breadcrumb\":{\"@id\":\"https:\/\/portaltela.pt\/noticias\/2026\/01\/29\/centro-cultural-raiano-comemora-29-anos\/#breadcrumb\"},\"inLanguage\":\"pt-PT\",\"potentialAction\":[{\"@type\":\"ReadAction\",\"target\":[\"https:\/\/portaltela.pt\/noticias\/2026\/01\/29\/centro-cultural-raiano-comemora-29-anos\/\"]}]},{\"@type\":\"ImageObject\",\"inLanguage\":\"pt-PT\",\"@id\":\"https:\/\/portaltela.pt\/noticias\/2026\/01\/29\/centro-cultural-raiano-comemora-29-anos\/#primaryimage\",\"url\":\"https:\/\/portaltela.pt\/s.01k8rhncp4jt1\/2026\/01\/unnamed-file-5870.jpg\",\"contentUrl\":\"https:\/\/portaltela.pt\/s.01k8rhncp4jt1\/2026\/01\/unnamed-file-5870.jpg\",\"width\":796,\"height\":448,\"caption\":\"Centro Cultural Raiano celebra 29 anos\"},{\"@type\":\"BreadcrumbList\",\"@id\":\"https:\/\/portaltela.pt\/noticias\/2026\/01\/29\/centro-cultural-raiano-comemora-29-anos\/#breadcrumb\",\"itemListElement\":[{\"@type\":\"ListItem\",\"position\":1,\"name\":\"In\u00edcio\",\"item\":\"https:\/\/portaltela.pt\/\"},{\"@type\":\"ListItem\",\"position\":2,\"name\":\"Centro Cultural Raiano comemora 29 anos\"}]},{\"@type\":\"WebSite\",\"@id\":\"https:\/\/portaltela.pt\/#website\",\"url\":\"https:\/\/portaltela.pt\/\",\"name\":\"Portal Tela Portugal\",\"description\":\"\",\"potentialAction\":[{\"@type\":\"SearchAction\",\"target\":{\"@type\":\"EntryPoint\",\"urlTemplate\":\"https:\/\/portaltela.pt\/?s={search_term_string}\"},\"query-input\":{\"@type\":\"PropertyValueSpecification\",\"valueRequired\":true,\"valueName\":\"search_term_string\"}}],\"inLanguage\":\"pt-PT\"},{\"@type\":\"Person\",\"@id\":\"https:\/\/portaltela.pt\/#\/schema\/person\/c4278d4a6028830caff9ee44b42d32ed\",\"name\":\"Telinha\",\"image\":{\"@type\":\"ImageObject\",\"inLanguage\":\"pt-PT\",\"@id\":\"https:\/\/portaltela.pt\/s.01k8rhncp4jt1\/2025\/11\/talking-bot-125x125.png\",\"url\":\"https:\/\/portaltela.pt\/s.01k8rhncp4jt1\/2025\/11\/talking-bot-125x125.png\",\"contentUrl\":\"https:\/\/portaltela.pt\/s.01k8rhncp4jt1\/2025\/11\/talking-bot-125x125.png\",\"caption\":\"Telinha\"},\"sameAs\":[\"https:\/\/portaltela.pt\/\"],\"url\":\"https:\/\/portaltela.pt\/por\/367410592786\/\"}]}<\/script>\n<!-- \/ Yoast SEO plugin. -->","yoast_head_json":{"title":"Centro Cultural Raiano comemora 29 anos - Portal Tela Portugal","robots":{"index":"index","follow":"follow","max-snippet":"max-snippet:-1","max-image-preview":"max-image-preview:large","max-video-preview":"max-video-preview:-1"},"og_locale":"pt_PT","og_type":"article","og_title":"Centro Cultural Raiano comemora 29 anos - Portal Tela Portugal","og_description":"O Centro Cultural Raiano, em Idanha-a-Nova, celebra o 29\u00ba anivers\u00e1rio na segunda-feira, 2 de fevereiro, com a viola beiroa como grande homenagem. O lan\u00e7amento do livro-disco \u201cA Viola Beiroa: Tradi\u00e7\u00e3o e Identidade da Beira Baixa\u201d acontece \u00e0s 20h30, a cargo do trio Violas EnCantadas. \u00c0s 21h, \u00e9 inaugurada a exposi\u00e7\u00e3o \u201cRequintinha\u201d de Ivone Ralha, com apresenta\u00e7\u00e3o do livro-disco e concerto no audit\u00f3rio \u00e0s 21h30. O grupo Violas EnCantadas tem a seu lado convidadas\/os como Adufeiras de Idanha-a-Nova, Adufeiras de Monsanto e Soukhaina Fahsi (Marrocos). O projeto, iniciado em julho de 2025, envolve recolha de repert\u00f3rio tradicional, arranjos e resid\u00eancias no Centro Cultural Raiano, vinculando Idanha-a-Nova \u00e0 UNESCO Cidade Criativa na \u00e1rea da m\u00fasica (10\u00ba anivers\u00e1rio assinalado em dezembro de 2025; celebra\u00e7\u00f5es em 2026).","og_url":"https:\/\/portaltela.pt\/noticias\/2026\/01\/29\/centro-cultural-raiano-comemora-29-anos\/","og_site_name":"Portal Tela Portugal","article_published_time":"2026-01-29T16:39:21+00:00","author":"Telinha","twitter_card":"summary_large_image","twitter_misc":{"Escrito por":"Telinha","Tempo estimado de leitura":"2 minutos"},"schema":{"@context":"https:\/\/schema.org","@graph":[{"@type":"Article","@id":"https:\/\/portaltela.pt\/noticias\/2026\/01\/29\/centro-cultural-raiano-comemora-29-anos\/#article","isPartOf":{"@id":"https:\/\/portaltela.pt\/noticias\/2026\/01\/29\/centro-cultural-raiano-comemora-29-anos\/"},"author":{"name":"Telinha","@id":"https:\/\/portaltela.pt\/#\/schema\/person\/c4278d4a6028830caff9ee44b42d32ed"},"headline":"Centro Cultural Raiano comemora 29 anos","datePublished":"2026-01-29T16:39:21+00:00","mainEntityOfPage":{"@id":"https:\/\/portaltela.pt\/noticias\/2026\/01\/29\/centro-cultural-raiano-comemora-29-anos\/"},"wordCount":337,"image":{"@id":"https:\/\/portaltela.pt\/noticias\/2026\/01\/29\/centro-cultural-raiano-comemora-29-anos\/#primaryimage"},"thumbnailUrl":"https:\/\/portaltela.pt\/s.01k8rhncp4jt1\/2026\/01\/unnamed-file-5870.jpg","keywords":["Beira Baixa","cultura","Idanha-a-Nova","m\u00fasica","Patrim\u00f3nio Cultural","Rede de Cidades Criativas da UNESCO"],"articleSection":["Not\u00edcias"],"inLanguage":"pt-PT"},{"@type":"WebPage","@id":"https:\/\/portaltela.pt\/noticias\/2026\/01\/29\/centro-cultural-raiano-comemora-29-anos\/","url":"https:\/\/portaltela.pt\/noticias\/2026\/01\/29\/centro-cultural-raiano-comemora-29-anos\/","name":"Centro Cultural Raiano comemora 29 anos - Portal Tela Portugal","isPartOf":{"@id":"https:\/\/portaltela.pt\/#website"},"primaryImageOfPage":{"@id":"https:\/\/portaltela.pt\/noticias\/2026\/01\/29\/centro-cultural-raiano-comemora-29-anos\/#primaryimage"},"image":{"@id":"https:\/\/portaltela.pt\/noticias\/2026\/01\/29\/centro-cultural-raiano-comemora-29-anos\/#primaryimage"},"thumbnailUrl":"https:\/\/portaltela.pt\/s.01k8rhncp4jt1\/2026\/01\/unnamed-file-5870.jpg","datePublished":"2026-01-29T16:39:21+00:00","author":{"@id":"https:\/\/portaltela.pt\/#\/schema\/person\/c4278d4a6028830caff9ee44b42d32ed"},"breadcrumb":{"@id":"https:\/\/portaltela.pt\/noticias\/2026\/01\/29\/centro-cultural-raiano-comemora-29-anos\/#breadcrumb"},"inLanguage":"pt-PT","potentialAction":[{"@type":"ReadAction","target":["https:\/\/portaltela.pt\/noticias\/2026\/01\/29\/centro-cultural-raiano-comemora-29-anos\/"]}]},{"@type":"ImageObject","inLanguage":"pt-PT","@id":"https:\/\/portaltela.pt\/noticias\/2026\/01\/29\/centro-cultural-raiano-comemora-29-anos\/#primaryimage","url":"https:\/\/portaltela.pt\/s.01k8rhncp4jt1\/2026\/01\/unnamed-file-5870.jpg","contentUrl":"https:\/\/portaltela.pt\/s.01k8rhncp4jt1\/2026\/01\/unnamed-file-5870.jpg","width":796,"height":448,"caption":"Centro Cultural Raiano celebra 29 anos"},{"@type":"BreadcrumbList","@id":"https:\/\/portaltela.pt\/noticias\/2026\/01\/29\/centro-cultural-raiano-comemora-29-anos\/#breadcrumb","itemListElement":[{"@type":"ListItem","position":1,"name":"In\u00edcio","item":"https:\/\/portaltela.pt\/"},{"@type":"ListItem","position":2,"name":"Centro Cultural Raiano comemora 29 anos"}]},{"@type":"WebSite","@id":"https:\/\/portaltela.pt\/#website","url":"https:\/\/portaltela.pt\/","name":"Portal Tela Portugal","description":"","potentialAction":[{"@type":"SearchAction","target":{"@type":"EntryPoint","urlTemplate":"https:\/\/portaltela.pt\/?s={search_term_string}"},"query-input":{"@type":"PropertyValueSpecification","valueRequired":true,"valueName":"search_term_string"}}],"inLanguage":"pt-PT"},{"@type":"Person","@id":"https:\/\/portaltela.pt\/#\/schema\/person\/c4278d4a6028830caff9ee44b42d32ed","name":"Telinha","image":{"@type":"ImageObject","inLanguage":"pt-PT","@id":"https:\/\/portaltela.pt\/s.01k8rhncp4jt1\/2025\/11\/talking-bot-125x125.png","url":"https:\/\/portaltela.pt\/s.01k8rhncp4jt1\/2025\/11\/talking-bot-125x125.png","contentUrl":"https:\/\/portaltela.pt\/s.01k8rhncp4jt1\/2025\/11\/talking-bot-125x125.png","caption":"Telinha"},"sameAs":["https:\/\/portaltela.pt\/"],"url":"https:\/\/portaltela.pt\/por\/367410592786\/"}]}},"_links":{"self":[{"href":"https:\/\/portaltela.pt\/api\/wp\/v2\/posts\/181857","targetHints":{"allow":["GET"]}}],"collection":[{"href":"https:\/\/portaltela.pt\/api\/wp\/v2\/posts"}],"about":[{"href":"https:\/\/portaltela.pt\/api\/wp\/v2\/types\/post"}],"author":[{"embeddable":true,"href":"https:\/\/portaltela.pt\/api\/wp\/v2\/users\/2"}],"replies":[{"embeddable":true,"href":"https:\/\/portaltela.pt\/api\/wp\/v2\/comments?post=181857"}],"version-history":[{"count":0,"href":"https:\/\/portaltela.pt\/api\/wp\/v2\/posts\/181857\/revisions"}],"wp:featuredmedia":[{"embeddable":true,"href":"https:\/\/portaltela.pt\/api\/wp\/v2\/media\/181892"}],"wp:attachment":[{"href":"https:\/\/portaltela.pt\/api\/wp\/v2\/media?parent=181857"}],"wp:term":[{"taxonomy":"category","embeddable":true,"href":"https:\/\/portaltela.pt\/api\/wp\/v2\/categories?post=181857"},{"taxonomy":"post_tag","embeddable":true,"href":"https:\/\/portaltela.pt\/api\/wp\/v2\/tags?post=181857"}],"curies":[{"name":"wp","href":"https:\/\/api.w.org\/{rel}","templated":true}]}}