{"id":181792,"date":"2026-01-29T13:21:40","date_gmt":"2026-01-29T16:21:40","guid":{"rendered":"https:\/\/portaltela.pt\/noticias\/2026\/01\/29\/evenepoel-estreia-se-pela-red-bull-bora-com-vitoria-no-trofeu-ses-salines\/"},"modified":"2026-01-29T13:21:40","modified_gmt":"2026-01-29T16:21:40","slug":"evenepoel-estreia-se-pela-red-bull-bora-com-vitoria-no-trofeu-ses-salines","status":"publish","type":"post","link":"https:\/\/portaltela.pt\/desporto\/2026\/01\/29\/evenepoel-estreia-se-pela-red-bull-bora-com-vitoria-no-trofeu-ses-salines\/","title":{"rendered":"Evenepoel estreia-se pela Red Bull-BORA com vit\u00f3ria no Trof\u00e9u Ses Salines"},"content":{"rendered":"<p>Remco Evenepoel estreou-se pela Red Bull-BORA-hansgrohe com vit\u00f3ria no Trof\u00e9u Ses Salines, prova de 23,8 km disputada entre Ses Salines e Col\u00f2nia de Sant Jordi. A equipa alem\u00e3 concluiu o percurso em 23.55 minutos, na segunda prova do Challenge de Maiorca.<\/p>\n<p>A presen\u00e7a do duo Evenepoel e Lipowitz na frente determinou o resultado. A Movistar, trajando Nelson Oliveira, ficou na posi\u00e7\u00e3o seguinte, a quatro segundos da forma\u00e7\u00e3o vencedora.<\/p>\n<p>Em terceiro ficou a Jayco AlUla, a 17 segundos, enquanto a UAE Emirates, de Ant\u00f3nio Morgado, ocupou a quarta posi\u00e7\u00e3o, a 19 segundos. A Caja Rural, com I\u00fari Leit\u00e3o, terminou na 12.\u00aa posi\u00e7\u00e3o, a 1.17 minutos.<\/p>\n<p>Evenepoel, de 26 anos, trocou a Soudal Quick-Step pela Red Bull-BORA-hansgrohe nesta \u00e9poca. O campe\u00e3o ol\u00edmpico de fundo e contrarrel\u00f3gio juntou-se a Florian Lipowitz e a Primoz Roglic na equipa alem\u00e3, rodeando o triunfo com um desempenho expressivo.<\/p>\n<p>Recorda-se que o ciclista belga tem no palmar\u00e9s vit\u00f3rias como a Vuelta 2022, terceiro lugar no Tour 2024 e m\u00faltiplas vit\u00f3rias em cl\u00e1ssicas e provas de crono, num percurso que soma 67 triunfos mundiais.<\/p>\n","protected":false},"excerpt":{"rendered":"<ul>\n<li>Remco Evenepoel estreou-se pela Red Bull-BORA-hansgrohe e venceu o Trof\u00e9u Ses Salines, numa prova de contrarrel\u00f3gio por equipas entre Ses Salines e Col\u00f2nia de Sant Jordi (23,8 km).<\/li>\n<li>A forma\u00e7\u00e3o alem\u00e3 foi a mais r\u00e1pida, completando o trajeto em 23,55 minutos.<\/li>\n<li>A Movistar, com Nelson Oliveira, ficou em segundo, a quatro segundos de Evenepoel.<\/li>\n<li>A Jayco AlUla ficou em terceiro a 17 segundos, enquanto a UAE Emirates, de Ant\u00f3nio Morgado, foi quarta a 19 segundos.<\/li>\n<li>A Caja Rural, de I\u00fari Leit\u00e3o, terminou em 12\u00ba, a 1,17 minutos da equipa vencedora.<\/li>\n<\/ul>\n","protected":false},"author":2,"featured_media":181794,"comment_status":"closed","ping_status":"closed","sticky":false,"template":"","format":"standard","meta":{"footnotes":""},"categories":[21],"tags":[923,152,81,1014,4099],"class_list":["post-181792","post","type-post","status-publish","format-standard","has-post-thumbnail","hentry","category-desporto","tag-ciclismo","tag-desporto","tag-internacionais","tag-portugal","tag-provas"],"yoast_head":"<!-- This site is optimized with the Yoast SEO plugin v27.2 - https:\/\/yoast.com\/product\/yoast-seo-wordpress\/ -->\n<title>Evenepoel estreia-se pela Red Bull-BORA com vit\u00f3ria no Trof\u00e9u Ses Salines - Portal Tela Portugal<\/title>\n<meta name=\"robots\" content=\"index, follow, max-snippet:-1, max-image-preview:large, max-video-preview:-1\" \/>\n<meta property=\"og:locale\" content=\"pt_PT\" \/>\n<meta property=\"og:type\" content=\"article\" \/>\n<meta property=\"og:title\" content=\"Evenepoel estreia-se pela Red Bull-BORA com vit\u00f3ria no Trof\u00e9u Ses Salines - Portal Tela Portugal\" \/>\n<meta property=\"og:description\" content=\"Remco Evenepoel estreou-se pela Red Bull-BORA-hansgrohe e venceu o Trof\u00e9u Ses Salines, numa prova de contrarrel\u00f3gio por equipas entre Ses Salines e Col\u00f2nia de Sant Jordi (23,8 km). A forma\u00e7\u00e3o alem\u00e3 foi a mais r\u00e1pida, completando o trajeto em 23,55 minutos. A Movistar, com Nelson Oliveira, ficou em segundo, a quatro segundos de Evenepoel. A Jayco AlUla ficou em terceiro a 17 segundos, enquanto a UAE Emirates, de Ant\u00f3nio Morgado, foi quarta a 19 segundos. A Caja Rural, de I\u00fari Leit\u00e3o, terminou em 12\u00ba, a 1,17 minutos da equipa vencedora.\" \/>\n<meta property=\"og:url\" content=\"https:\/\/portaltela.pt\/noticias\/2026\/01\/29\/evenepoel-estreia-se-pela-red-bull-bora-com-vitoria-no-trofeu-ses-salines\/\" \/>\n<meta property=\"og:site_name\" content=\"Portal Tela Portugal\" \/>\n<meta property=\"article:published_time\" content=\"2026-01-29T16:21:40+00:00\" \/>\n<meta name=\"author\" content=\"Telinha\" \/>\n<meta name=\"twitter:card\" content=\"summary_large_image\" \/>\n<meta name=\"twitter:label1\" content=\"Escrito por\" \/>\n\t<meta name=\"twitter:data1\" content=\"Telinha\" \/>\n\t<meta name=\"twitter:label2\" content=\"Tempo estimado de leitura\" \/>\n\t<meta name=\"twitter:data2\" content=\"1 minuto\" \/>\n<script type=\"application\/ld+json\" class=\"yoast-schema-graph\">{\"@context\":\"https:\/\/schema.org\",\"@graph\":[{\"@type\":\"Article\",\"@id\":\"https:\/\/portaltela.pt\/noticias\/2026\/01\/29\/evenepoel-estreia-se-pela-red-bull-bora-com-vitoria-no-trofeu-ses-salines\/#article\",\"isPartOf\":{\"@id\":\"https:\/\/portaltela.pt\/noticias\/2026\/01\/29\/evenepoel-estreia-se-pela-red-bull-bora-com-vitoria-no-trofeu-ses-salines\/\"},\"author\":{\"name\":\"Telinha\",\"@id\":\"https:\/\/portaltela.pt\/#\/schema\/person\/c4278d4a6028830caff9ee44b42d32ed\"},\"headline\":\"Evenepoel estreia-se pela Red Bull-BORA com vit\u00f3ria no Trof\u00e9u Ses Salines\",\"datePublished\":\"2026-01-29T16:21:40+00:00\",\"mainEntityOfPage\":{\"@id\":\"https:\/\/portaltela.pt\/noticias\/2026\/01\/29\/evenepoel-estreia-se-pela-red-bull-bora-com-vitoria-no-trofeu-ses-salines\/\"},\"wordCount\":198,\"image\":{\"@id\":\"https:\/\/portaltela.pt\/noticias\/2026\/01\/29\/evenepoel-estreia-se-pela-red-bull-bora-com-vitoria-no-trofeu-ses-salines\/#primaryimage\"},\"thumbnailUrl\":\"https:\/\/portaltela.pt\/s.01k8rhncp4jt1\/2026\/01\/img_920x518uu2026-01-01-18-11-57-2412195-im-639053004286950130.jpg\",\"keywords\":[\"ciclismo\",\"desporto\",\"internacionais\",\"Portugal\",\"provas\"],\"articleSection\":[\"Desporto\"],\"inLanguage\":\"pt-PT\"},{\"@type\":\"WebPage\",\"@id\":\"https:\/\/portaltela.pt\/noticias\/2026\/01\/29\/evenepoel-estreia-se-pela-red-bull-bora-com-vitoria-no-trofeu-ses-salines\/\",\"url\":\"https:\/\/portaltela.pt\/noticias\/2026\/01\/29\/evenepoel-estreia-se-pela-red-bull-bora-com-vitoria-no-trofeu-ses-salines\/\",\"name\":\"Evenepoel estreia-se pela Red Bull-BORA com vit\u00f3ria no Trof\u00e9u Ses Salines - Portal Tela Portugal\",\"isPartOf\":{\"@id\":\"https:\/\/portaltela.pt\/#website\"},\"primaryImageOfPage\":{\"@id\":\"https:\/\/portaltela.pt\/noticias\/2026\/01\/29\/evenepoel-estreia-se-pela-red-bull-bora-com-vitoria-no-trofeu-ses-salines\/#primaryimage\"},\"image\":{\"@id\":\"https:\/\/portaltela.pt\/noticias\/2026\/01\/29\/evenepoel-estreia-se-pela-red-bull-bora-com-vitoria-no-trofeu-ses-salines\/#primaryimage\"},\"thumbnailUrl\":\"https:\/\/portaltela.pt\/s.01k8rhncp4jt1\/2026\/01\/img_920x518uu2026-01-01-18-11-57-2412195-im-639053004286950130.jpg\",\"datePublished\":\"2026-01-29T16:21:40+00:00\",\"author\":{\"@id\":\"https:\/\/portaltela.pt\/#\/schema\/person\/c4278d4a6028830caff9ee44b42d32ed\"},\"breadcrumb\":{\"@id\":\"https:\/\/portaltela.pt\/noticias\/2026\/01\/29\/evenepoel-estreia-se-pela-red-bull-bora-com-vitoria-no-trofeu-ses-salines\/#breadcrumb\"},\"inLanguage\":\"pt-PT\",\"potentialAction\":[{\"@type\":\"ReadAction\",\"target\":[\"https:\/\/portaltela.pt\/noticias\/2026\/01\/29\/evenepoel-estreia-se-pela-red-bull-bora-com-vitoria-no-trofeu-ses-salines\/\"]}]},{\"@type\":\"ImageObject\",\"inLanguage\":\"pt-PT\",\"@id\":\"https:\/\/portaltela.pt\/noticias\/2026\/01\/29\/evenepoel-estreia-se-pela-red-bull-bora-com-vitoria-no-trofeu-ses-salines\/#primaryimage\",\"url\":\"https:\/\/portaltela.pt\/s.01k8rhncp4jt1\/2026\/01\/img_920x518uu2026-01-01-18-11-57-2412195-im-639053004286950130.jpg\",\"contentUrl\":\"https:\/\/portaltela.pt\/s.01k8rhncp4jt1\/2026\/01\/img_920x518uu2026-01-01-18-11-57-2412195-im-639053004286950130.jpg\",\"width\":796,\"height\":448,\"caption\":\"Evenepoel na Red Bull-Bora\"},{\"@type\":\"BreadcrumbList\",\"@id\":\"https:\/\/portaltela.pt\/noticias\/2026\/01\/29\/evenepoel-estreia-se-pela-red-bull-bora-com-vitoria-no-trofeu-ses-salines\/#breadcrumb\",\"itemListElement\":[{\"@type\":\"ListItem\",\"position\":1,\"name\":\"In\u00edcio\",\"item\":\"https:\/\/portaltela.pt\/\"},{\"@type\":\"ListItem\",\"position\":2,\"name\":\"Evenepoel estreia-se pela Red Bull-BORA com vit\u00f3ria no Trof\u00e9u Ses Salines\"}]},{\"@type\":\"WebSite\",\"@id\":\"https:\/\/portaltela.pt\/#website\",\"url\":\"https:\/\/portaltela.pt\/\",\"name\":\"Portal Tela Portugal\",\"description\":\"\",\"potentialAction\":[{\"@type\":\"SearchAction\",\"target\":{\"@type\":\"EntryPoint\",\"urlTemplate\":\"https:\/\/portaltela.pt\/?s={search_term_string}\"},\"query-input\":{\"@type\":\"PropertyValueSpecification\",\"valueRequired\":true,\"valueName\":\"search_term_string\"}}],\"inLanguage\":\"pt-PT\"},{\"@type\":\"Person\",\"@id\":\"https:\/\/portaltela.pt\/#\/schema\/person\/c4278d4a6028830caff9ee44b42d32ed\",\"name\":\"Telinha\",\"image\":{\"@type\":\"ImageObject\",\"inLanguage\":\"pt-PT\",\"@id\":\"https:\/\/portaltela.pt\/s.01k8rhncp4jt1\/2025\/11\/talking-bot-125x125.png\",\"url\":\"https:\/\/portaltela.pt\/s.01k8rhncp4jt1\/2025\/11\/talking-bot-125x125.png\",\"contentUrl\":\"https:\/\/portaltela.pt\/s.01k8rhncp4jt1\/2025\/11\/talking-bot-125x125.png\",\"caption\":\"Telinha\"},\"sameAs\":[\"https:\/\/portaltela.pt\/\"],\"url\":\"https:\/\/portaltela.pt\/por\/367410592786\/\"}]}<\/script>\n<!-- \/ Yoast SEO plugin. -->","yoast_head_json":{"title":"Evenepoel estreia-se pela Red Bull-BORA com vit\u00f3ria no Trof\u00e9u Ses Salines - Portal Tela Portugal","robots":{"index":"index","follow":"follow","max-snippet":"max-snippet:-1","max-image-preview":"max-image-preview:large","max-video-preview":"max-video-preview:-1"},"og_locale":"pt_PT","og_type":"article","og_title":"Evenepoel estreia-se pela Red Bull-BORA com vit\u00f3ria no Trof\u00e9u Ses Salines - Portal Tela Portugal","og_description":"Remco Evenepoel estreou-se pela Red Bull-BORA-hansgrohe e venceu o Trof\u00e9u Ses Salines, numa prova de contrarrel\u00f3gio por equipas entre Ses Salines e Col\u00f2nia de Sant Jordi (23,8 km). A forma\u00e7\u00e3o alem\u00e3 foi a mais r\u00e1pida, completando o trajeto em 23,55 minutos. A Movistar, com Nelson Oliveira, ficou em segundo, a quatro segundos de Evenepoel. A Jayco AlUla ficou em terceiro a 17 segundos, enquanto a UAE Emirates, de Ant\u00f3nio Morgado, foi quarta a 19 segundos. A Caja Rural, de I\u00fari Leit\u00e3o, terminou em 12\u00ba, a 1,17 minutos da equipa vencedora.","og_url":"https:\/\/portaltela.pt\/noticias\/2026\/01\/29\/evenepoel-estreia-se-pela-red-bull-bora-com-vitoria-no-trofeu-ses-salines\/","og_site_name":"Portal Tela Portugal","article_published_time":"2026-01-29T16:21:40+00:00","author":"Telinha","twitter_card":"summary_large_image","twitter_misc":{"Escrito por":"Telinha","Tempo estimado de leitura":"1 minuto"},"schema":{"@context":"https:\/\/schema.org","@graph":[{"@type":"Article","@id":"https:\/\/portaltela.pt\/noticias\/2026\/01\/29\/evenepoel-estreia-se-pela-red-bull-bora-com-vitoria-no-trofeu-ses-salines\/#article","isPartOf":{"@id":"https:\/\/portaltela.pt\/noticias\/2026\/01\/29\/evenepoel-estreia-se-pela-red-bull-bora-com-vitoria-no-trofeu-ses-salines\/"},"author":{"name":"Telinha","@id":"https:\/\/portaltela.pt\/#\/schema\/person\/c4278d4a6028830caff9ee44b42d32ed"},"headline":"Evenepoel estreia-se pela Red Bull-BORA com vit\u00f3ria no Trof\u00e9u Ses Salines","datePublished":"2026-01-29T16:21:40+00:00","mainEntityOfPage":{"@id":"https:\/\/portaltela.pt\/noticias\/2026\/01\/29\/evenepoel-estreia-se-pela-red-bull-bora-com-vitoria-no-trofeu-ses-salines\/"},"wordCount":198,"image":{"@id":"https:\/\/portaltela.pt\/noticias\/2026\/01\/29\/evenepoel-estreia-se-pela-red-bull-bora-com-vitoria-no-trofeu-ses-salines\/#primaryimage"},"thumbnailUrl":"https:\/\/portaltela.pt\/s.01k8rhncp4jt1\/2026\/01\/img_920x518uu2026-01-01-18-11-57-2412195-im-639053004286950130.jpg","keywords":["ciclismo","desporto","internacionais","Portugal","provas"],"articleSection":["Desporto"],"inLanguage":"pt-PT"},{"@type":"WebPage","@id":"https:\/\/portaltela.pt\/noticias\/2026\/01\/29\/evenepoel-estreia-se-pela-red-bull-bora-com-vitoria-no-trofeu-ses-salines\/","url":"https:\/\/portaltela.pt\/noticias\/2026\/01\/29\/evenepoel-estreia-se-pela-red-bull-bora-com-vitoria-no-trofeu-ses-salines\/","name":"Evenepoel estreia-se pela Red Bull-BORA com vit\u00f3ria no Trof\u00e9u Ses Salines - Portal Tela Portugal","isPartOf":{"@id":"https:\/\/portaltela.pt\/#website"},"primaryImageOfPage":{"@id":"https:\/\/portaltela.pt\/noticias\/2026\/01\/29\/evenepoel-estreia-se-pela-red-bull-bora-com-vitoria-no-trofeu-ses-salines\/#primaryimage"},"image":{"@id":"https:\/\/portaltela.pt\/noticias\/2026\/01\/29\/evenepoel-estreia-se-pela-red-bull-bora-com-vitoria-no-trofeu-ses-salines\/#primaryimage"},"thumbnailUrl":"https:\/\/portaltela.pt\/s.01k8rhncp4jt1\/2026\/01\/img_920x518uu2026-01-01-18-11-57-2412195-im-639053004286950130.jpg","datePublished":"2026-01-29T16:21:40+00:00","author":{"@id":"https:\/\/portaltela.pt\/#\/schema\/person\/c4278d4a6028830caff9ee44b42d32ed"},"breadcrumb":{"@id":"https:\/\/portaltela.pt\/noticias\/2026\/01\/29\/evenepoel-estreia-se-pela-red-bull-bora-com-vitoria-no-trofeu-ses-salines\/#breadcrumb"},"inLanguage":"pt-PT","potentialAction":[{"@type":"ReadAction","target":["https:\/\/portaltela.pt\/noticias\/2026\/01\/29\/evenepoel-estreia-se-pela-red-bull-bora-com-vitoria-no-trofeu-ses-salines\/"]}]},{"@type":"ImageObject","inLanguage":"pt-PT","@id":"https:\/\/portaltela.pt\/noticias\/2026\/01\/29\/evenepoel-estreia-se-pela-red-bull-bora-com-vitoria-no-trofeu-ses-salines\/#primaryimage","url":"https:\/\/portaltela.pt\/s.01k8rhncp4jt1\/2026\/01\/img_920x518uu2026-01-01-18-11-57-2412195-im-639053004286950130.jpg","contentUrl":"https:\/\/portaltela.pt\/s.01k8rhncp4jt1\/2026\/01\/img_920x518uu2026-01-01-18-11-57-2412195-im-639053004286950130.jpg","width":796,"height":448,"caption":"Evenepoel na Red Bull-Bora"},{"@type":"BreadcrumbList","@id":"https:\/\/portaltela.pt\/noticias\/2026\/01\/29\/evenepoel-estreia-se-pela-red-bull-bora-com-vitoria-no-trofeu-ses-salines\/#breadcrumb","itemListElement":[{"@type":"ListItem","position":1,"name":"In\u00edcio","item":"https:\/\/portaltela.pt\/"},{"@type":"ListItem","position":2,"name":"Evenepoel estreia-se pela Red Bull-BORA com vit\u00f3ria no Trof\u00e9u Ses Salines"}]},{"@type":"WebSite","@id":"https:\/\/portaltela.pt\/#website","url":"https:\/\/portaltela.pt\/","name":"Portal Tela Portugal","description":"","potentialAction":[{"@type":"SearchAction","target":{"@type":"EntryPoint","urlTemplate":"https:\/\/portaltela.pt\/?s={search_term_string}"},"query-input":{"@type":"PropertyValueSpecification","valueRequired":true,"valueName":"search_term_string"}}],"inLanguage":"pt-PT"},{"@type":"Person","@id":"https:\/\/portaltela.pt\/#\/schema\/person\/c4278d4a6028830caff9ee44b42d32ed","name":"Telinha","image":{"@type":"ImageObject","inLanguage":"pt-PT","@id":"https:\/\/portaltela.pt\/s.01k8rhncp4jt1\/2025\/11\/talking-bot-125x125.png","url":"https:\/\/portaltela.pt\/s.01k8rhncp4jt1\/2025\/11\/talking-bot-125x125.png","contentUrl":"https:\/\/portaltela.pt\/s.01k8rhncp4jt1\/2025\/11\/talking-bot-125x125.png","caption":"Telinha"},"sameAs":["https:\/\/portaltela.pt\/"],"url":"https:\/\/portaltela.pt\/por\/367410592786\/"}]}},"_links":{"self":[{"href":"https:\/\/portaltela.pt\/api\/wp\/v2\/posts\/181792","targetHints":{"allow":["GET"]}}],"collection":[{"href":"https:\/\/portaltela.pt\/api\/wp\/v2\/posts"}],"about":[{"href":"https:\/\/portaltela.pt\/api\/wp\/v2\/types\/post"}],"author":[{"embeddable":true,"href":"https:\/\/portaltela.pt\/api\/wp\/v2\/users\/2"}],"replies":[{"embeddable":true,"href":"https:\/\/portaltela.pt\/api\/wp\/v2\/comments?post=181792"}],"version-history":[{"count":0,"href":"https:\/\/portaltela.pt\/api\/wp\/v2\/posts\/181792\/revisions"}],"wp:featuredmedia":[{"embeddable":true,"href":"https:\/\/portaltela.pt\/api\/wp\/v2\/media\/181794"}],"wp:attachment":[{"href":"https:\/\/portaltela.pt\/api\/wp\/v2\/media?parent=181792"}],"wp:term":[{"taxonomy":"category","embeddable":true,"href":"https:\/\/portaltela.pt\/api\/wp\/v2\/categories?post=181792"},{"taxonomy":"post_tag","embeddable":true,"href":"https:\/\/portaltela.pt\/api\/wp\/v2\/tags?post=181792"}],"curies":[{"name":"wp","href":"https:\/\/api.w.org\/{rel}","templated":true}]}}