{"id":181774,"date":"2026-01-29T13:13:00","date_gmt":"2026-01-29T16:13:00","guid":{"rendered":"https:\/\/portaltela.pt\/noticias\/2026\/01\/29\/mne-dinamarques-admite-maior-optimismo-apos-reuniao-com-eua\/"},"modified":"2026-01-29T13:13:00","modified_gmt":"2026-01-29T16:13:00","slug":"mne-dinamarques-admite-maior-optimismo-apos-reuniao-com-eua","status":"publish","type":"post","link":"https:\/\/portaltela.pt\/noticias\/internacional\/2026\/01\/29\/mne-dinamarques-admite-maior-optimismo-apos-reuniao-com-eua\/","title":{"rendered":"MNE dinamarqu\u00eas admite maior optimismo ap\u00f3s reuni\u00e3o com EUA"},"content":{"rendered":"<p>O ministro dinamarqu\u00eas dos Neg\u00f3cios Estrangeiros, Lars L\u00f8kke Rasmussen, mostrou-se um pouco mais optimista sobre o futuro da Gronel\u00e2ndia, ap\u00f3s o in\u00edcio de conversa\u00e7\u00f5es t\u00e9cnicas com os Estados Unidos. A primeira reuni\u00e3o de alto n\u00edvel sobre a quest\u00e3o decorreu ontem, em Washington, num ambiente construtivo, segundo Rasmussen. O ministro afirmou que o tema ainda n\u00e3o est\u00e1 resolvido, mas que as discuss\u00f5es avan\u00e7aram de forma positiva.<\/p>\n<p>As negocia\u00e7\u00f5es envolvem Dinamarca, Gronel\u00e2ndia e EUA, num contexto de controv\u00e9rsia gerada por declara\u00e7\u00f5es anteriores do Presidente norte-americano sobre a poss\u00edvel influ\u00eancia sobre o territ\u00f3rio \u00e1rtico. A Dinamarca mant\u00e9m a soberania sobre a Gronel\u00e2ndia e afirma que o territ\u00f3rio n\u00e3o est\u00e1 \u00e0 venda, ao passo que a Gronel\u00e2ndia \u00e9 membro da UE e da NATO.<\/p>\n<h3>Contexto geopol\u00edtico e posi\u00e7\u00f5es oficiais<\/h3>\n<p>O acordo-quadro que tem sido referido envolve a NATO e a  rela\u00e7\u00e3o transatl\u00e2ntica de defesa, com foco na seguran\u00e7a da regi\u00e3o, sem avan\u00e7os sobre transfer\u00eancia de soberania. Segundo fontes pr\u00f3ximas aos EUA, os detalhes est\u00e3o a ser definidos, mas a estrutura baseia-se em acordos de defesa hist\u00f3ricos entre Washington e Copenhaga.<\/p>\n<p>O Secretariado da NATO indica que o objetivo \u00e9 refor\u00e7ar a defesa da Gronel\u00e2ndia, sem comprometer a soberania dinamarquesa. As discuss\u00f5es visam tamb\u00e9m ampliar a liberdade operacional dos EUA e facilitar a cria\u00e7\u00e3o de infraestruturas de defesa, mantendo o peso das obriga\u00e7\u00f5es transatl\u00e2nticas.<\/p>\n<h3>Prospetivas e pr\u00f3ximos passos<\/h3>\n<p>O secret\u00e1rio de Estado dos EUA expressou confian\u00e7a em encontrar uma solu\u00e7\u00e3o satisfat\u00f3ria para todas as partes envolvidas. Entre os pr\u00f3ximos passos, destaca-se a continua\u00e7\u00e3o das negocia\u00e7\u00f5es t\u00e9cnicas e a monitoriza\u00e7\u00e3o de desenvolvimentos pol\u00edticos na regi\u00e3o.<\/p>\n<p>Entretanto, o Rei Frederico X da Dinamarca anunciou uma visita \u00e0 Gronel\u00e2ndia, marcada para 18 a 20 de fevereiro, durante a qual dever\u00e3o ser discutidos os acontecimentos recentes e as preocupa\u00e7\u00f5es do povo local. O monarca afirmou solidariedade com a popula\u00e7\u00e3o e reconheceu a inquieta\u00e7\u00e3o provocada pela situa\u00e7\u00e3o.<\/p>\n","protected":false},"excerpt":{"rendered":"<ul>\n<li>O ministro dos Neg\u00f3cios Estrangeiros da Dinamarca, Lars L\u00f8kke Rasmussen, disse estar um pouco mais otimista quanto ao futuro da Gronel\u00e2ndia ap\u00f3s o in\u00edcio das conversa\u00e7\u00f5es t\u00e9cnicas com os Estados Unidos.<\/li>\n<li>Foi realizada a primeira reuni\u00e3o de alto n\u00edvel sobre a Gronel\u00e2ndia, ontem, em Washington; as conversas decorreram num ambiente construtivo, ainda que o assunto n\u00e3o esteja resolvido.<\/li>\n<li>Rasmussen afirmou estar mais otimista hoje do que a Uni\u00e3o Europeia estava h\u00e1 uma semana.<\/li>\n<li>As negocia\u00e7\u00f5es ocorrem ap\u00f3s Donald Trump ter dito que o plano n\u00e3o passava por anexar a Gronel\u00e2ndia \u00e0 for\u00e7a.<\/li>\n<li>O Rei Frederico X anunciou uma visita \u00e0 Gronel\u00e2ndia entre os dias 18 e 20 de fevereiro.<\/li>\n<\/ul>\n","protected":false},"author":2,"featured_media":181778,"comment_status":"closed","ping_status":"closed","sticky":false,"template":"","format":"standard","meta":{"footnotes":""},"categories":[4,1],"tags":[4644,2503,1600,66,1013,27],"class_list":["post-181774","post","type-post","status-publish","format-standard","has-post-thumbnail","hentry","category-internacional","category-noticias","tag-alianca-atlantica","tag-dinamarca","tag-estados-unidos","tag-geopolitica","tag-gronelandia","tag-relacoes-internacionais"],"yoast_head":"<!-- This site is optimized with the Yoast SEO plugin v27.2 - https:\/\/yoast.com\/product\/yoast-seo-wordpress\/ -->\n<title>MNE dinamarqu\u00eas admite maior optimismo ap\u00f3s reuni\u00e3o com EUA - Portal Tela Portugal<\/title>\n<meta name=\"robots\" content=\"index, follow, max-snippet:-1, max-image-preview:large, max-video-preview:-1\" \/>\n<meta property=\"og:locale\" content=\"pt_PT\" \/>\n<meta property=\"og:type\" content=\"article\" \/>\n<meta property=\"og:title\" content=\"MNE dinamarqu\u00eas admite maior optimismo ap\u00f3s reuni\u00e3o com EUA - Portal Tela Portugal\" \/>\n<meta property=\"og:description\" content=\"O ministro dos Neg\u00f3cios Estrangeiros da Dinamarca, Lars L\u00f8kke Rasmussen, disse estar um pouco mais otimista quanto ao futuro da Gronel\u00e2ndia ap\u00f3s o in\u00edcio das conversa\u00e7\u00f5es t\u00e9cnicas com os Estados Unidos. Foi realizada a primeira reuni\u00e3o de alto n\u00edvel sobre a Gronel\u00e2ndia, ontem, em Washington; as conversas decorreram num ambiente construtivo, ainda que o assunto n\u00e3o esteja resolvido. Rasmussen afirmou estar mais otimista hoje do que a Uni\u00e3o Europeia estava h\u00e1 uma semana. As negocia\u00e7\u00f5es ocorrem ap\u00f3s Donald Trump ter dito que o plano n\u00e3o passava por anexar a Gronel\u00e2ndia \u00e0 for\u00e7a. O Rei Frederico X anunciou uma visita \u00e0 Gronel\u00e2ndia entre os dias 18 e 20 de fevereiro.\" \/>\n<meta property=\"og:url\" content=\"https:\/\/portaltela.pt\/noticias\/2026\/01\/29\/mne-dinamarques-admite-maior-optimismo-apos-reuniao-com-eua\/\" \/>\n<meta property=\"og:site_name\" content=\"Portal Tela Portugal\" \/>\n<meta property=\"article:published_time\" content=\"2026-01-29T16:13:00+00:00\" \/>\n<meta name=\"author\" content=\"Telinha\" \/>\n<meta name=\"twitter:card\" content=\"summary_large_image\" \/>\n<meta name=\"twitter:label1\" content=\"Escrito por\" \/>\n\t<meta name=\"twitter:data1\" content=\"Telinha\" \/>\n\t<meta name=\"twitter:label2\" content=\"Tempo estimado de leitura\" \/>\n\t<meta name=\"twitter:data2\" content=\"2 minutos\" \/>\n<script type=\"application\/ld+json\" class=\"yoast-schema-graph\">{\"@context\":\"https:\/\/schema.org\",\"@graph\":[{\"@type\":\"Article\",\"@id\":\"https:\/\/portaltela.pt\/noticias\/2026\/01\/29\/mne-dinamarques-admite-maior-optimismo-apos-reuniao-com-eua\/#article\",\"isPartOf\":{\"@id\":\"https:\/\/portaltela.pt\/noticias\/2026\/01\/29\/mne-dinamarques-admite-maior-optimismo-apos-reuniao-com-eua\/\"},\"author\":{\"name\":\"Telinha\",\"@id\":\"https:\/\/portaltela.pt\/#\/schema\/person\/c4278d4a6028830caff9ee44b42d32ed\"},\"headline\":\"MNE dinamarqu\u00eas admite maior optimismo ap\u00f3s reuni\u00e3o com EUA\",\"datePublished\":\"2026-01-29T16:13:00+00:00\",\"mainEntityOfPage\":{\"@id\":\"https:\/\/portaltela.pt\/noticias\/2026\/01\/29\/mne-dinamarques-admite-maior-optimismo-apos-reuniao-com-eua\/\"},\"wordCount\":375,\"image\":{\"@id\":\"https:\/\/portaltela.pt\/noticias\/2026\/01\/29\/mne-dinamarques-admite-maior-optimismo-apos-reuniao-com-eua\/#primaryimage\"},\"thumbnailUrl\":\"https:\/\/portaltela.pt\/s.01k8rhncp4jt1\/2026\/01\/naom_5cd17d08a6f13.jpg\",\"keywords\":[\"Alian\u00e7a Atl\u00e2ntica\",\"Dinamarca\",\"Estados Unidos\",\"geopol\u00edtica\",\"Gronel\u00e2ndia\",\"rela\u00e7\u00f5es internacionais\"],\"articleSection\":[\"Internacional\",\"Not\u00edcias\"],\"inLanguage\":\"pt-PT\"},{\"@type\":\"WebPage\",\"@id\":\"https:\/\/portaltela.pt\/noticias\/2026\/01\/29\/mne-dinamarques-admite-maior-optimismo-apos-reuniao-com-eua\/\",\"url\":\"https:\/\/portaltela.pt\/noticias\/2026\/01\/29\/mne-dinamarques-admite-maior-optimismo-apos-reuniao-com-eua\/\",\"name\":\"MNE dinamarqu\u00eas admite maior optimismo ap\u00f3s reuni\u00e3o com EUA - Portal Tela Portugal\",\"isPartOf\":{\"@id\":\"https:\/\/portaltela.pt\/#website\"},\"primaryImageOfPage\":{\"@id\":\"https:\/\/portaltela.pt\/noticias\/2026\/01\/29\/mne-dinamarques-admite-maior-optimismo-apos-reuniao-com-eua\/#primaryimage\"},\"image\":{\"@id\":\"https:\/\/portaltela.pt\/noticias\/2026\/01\/29\/mne-dinamarques-admite-maior-optimismo-apos-reuniao-com-eua\/#primaryimage\"},\"thumbnailUrl\":\"https:\/\/portaltela.pt\/s.01k8rhncp4jt1\/2026\/01\/naom_5cd17d08a6f13.jpg\",\"datePublished\":\"2026-01-29T16:13:00+00:00\",\"author\":{\"@id\":\"https:\/\/portaltela.pt\/#\/schema\/person\/c4278d4a6028830caff9ee44b42d32ed\"},\"breadcrumb\":{\"@id\":\"https:\/\/portaltela.pt\/noticias\/2026\/01\/29\/mne-dinamarques-admite-maior-optimismo-apos-reuniao-com-eua\/#breadcrumb\"},\"inLanguage\":\"pt-PT\",\"potentialAction\":[{\"@type\":\"ReadAction\",\"target\":[\"https:\/\/portaltela.pt\/noticias\/2026\/01\/29\/mne-dinamarques-admite-maior-optimismo-apos-reuniao-com-eua\/\"]}]},{\"@type\":\"ImageObject\",\"inLanguage\":\"pt-PT\",\"@id\":\"https:\/\/portaltela.pt\/noticias\/2026\/01\/29\/mne-dinamarques-admite-maior-optimismo-apos-reuniao-com-eua\/#primaryimage\",\"url\":\"https:\/\/portaltela.pt\/s.01k8rhncp4jt1\/2026\/01\/naom_5cd17d08a6f13.jpg\",\"contentUrl\":\"https:\/\/portaltela.pt\/s.01k8rhncp4jt1\/2026\/01\/naom_5cd17d08a6f13.jpg\",\"width\":796,\"height\":448,\"caption\":\"Gronel\u00e2ndia: MNE dinamarqu\u00eas admite mais optimismo ap\u00f3s reuni\u00e3o com EUA\"},{\"@type\":\"BreadcrumbList\",\"@id\":\"https:\/\/portaltela.pt\/noticias\/2026\/01\/29\/mne-dinamarques-admite-maior-optimismo-apos-reuniao-com-eua\/#breadcrumb\",\"itemListElement\":[{\"@type\":\"ListItem\",\"position\":1,\"name\":\"In\u00edcio\",\"item\":\"https:\/\/portaltela.pt\/\"},{\"@type\":\"ListItem\",\"position\":2,\"name\":\"MNE dinamarqu\u00eas admite maior optimismo ap\u00f3s reuni\u00e3o com EUA\"}]},{\"@type\":\"WebSite\",\"@id\":\"https:\/\/portaltela.pt\/#website\",\"url\":\"https:\/\/portaltela.pt\/\",\"name\":\"Portal Tela Portugal\",\"description\":\"\",\"potentialAction\":[{\"@type\":\"SearchAction\",\"target\":{\"@type\":\"EntryPoint\",\"urlTemplate\":\"https:\/\/portaltela.pt\/?s={search_term_string}\"},\"query-input\":{\"@type\":\"PropertyValueSpecification\",\"valueRequired\":true,\"valueName\":\"search_term_string\"}}],\"inLanguage\":\"pt-PT\"},{\"@type\":\"Person\",\"@id\":\"https:\/\/portaltela.pt\/#\/schema\/person\/c4278d4a6028830caff9ee44b42d32ed\",\"name\":\"Telinha\",\"image\":{\"@type\":\"ImageObject\",\"inLanguage\":\"pt-PT\",\"@id\":\"https:\/\/portaltela.pt\/s.01k8rhncp4jt1\/2025\/11\/talking-bot-125x125.png\",\"url\":\"https:\/\/portaltela.pt\/s.01k8rhncp4jt1\/2025\/11\/talking-bot-125x125.png\",\"contentUrl\":\"https:\/\/portaltela.pt\/s.01k8rhncp4jt1\/2025\/11\/talking-bot-125x125.png\",\"caption\":\"Telinha\"},\"sameAs\":[\"https:\/\/portaltela.pt\/\"],\"url\":\"https:\/\/portaltela.pt\/por\/367410592786\/\"}]}<\/script>\n<!-- \/ Yoast SEO plugin. -->","yoast_head_json":{"title":"MNE dinamarqu\u00eas admite maior optimismo ap\u00f3s reuni\u00e3o com EUA - Portal Tela Portugal","robots":{"index":"index","follow":"follow","max-snippet":"max-snippet:-1","max-image-preview":"max-image-preview:large","max-video-preview":"max-video-preview:-1"},"og_locale":"pt_PT","og_type":"article","og_title":"MNE dinamarqu\u00eas admite maior optimismo ap\u00f3s reuni\u00e3o com EUA - Portal Tela Portugal","og_description":"O ministro dos Neg\u00f3cios Estrangeiros da Dinamarca, Lars L\u00f8kke Rasmussen, disse estar um pouco mais otimista quanto ao futuro da Gronel\u00e2ndia ap\u00f3s o in\u00edcio das conversa\u00e7\u00f5es t\u00e9cnicas com os Estados Unidos. Foi realizada a primeira reuni\u00e3o de alto n\u00edvel sobre a Gronel\u00e2ndia, ontem, em Washington; as conversas decorreram num ambiente construtivo, ainda que o assunto n\u00e3o esteja resolvido. Rasmussen afirmou estar mais otimista hoje do que a Uni\u00e3o Europeia estava h\u00e1 uma semana. As negocia\u00e7\u00f5es ocorrem ap\u00f3s Donald Trump ter dito que o plano n\u00e3o passava por anexar a Gronel\u00e2ndia \u00e0 for\u00e7a. O Rei Frederico X anunciou uma visita \u00e0 Gronel\u00e2ndia entre os dias 18 e 20 de fevereiro.","og_url":"https:\/\/portaltela.pt\/noticias\/2026\/01\/29\/mne-dinamarques-admite-maior-optimismo-apos-reuniao-com-eua\/","og_site_name":"Portal Tela Portugal","article_published_time":"2026-01-29T16:13:00+00:00","author":"Telinha","twitter_card":"summary_large_image","twitter_misc":{"Escrito por":"Telinha","Tempo estimado de leitura":"2 minutos"},"schema":{"@context":"https:\/\/schema.org","@graph":[{"@type":"Article","@id":"https:\/\/portaltela.pt\/noticias\/2026\/01\/29\/mne-dinamarques-admite-maior-optimismo-apos-reuniao-com-eua\/#article","isPartOf":{"@id":"https:\/\/portaltela.pt\/noticias\/2026\/01\/29\/mne-dinamarques-admite-maior-optimismo-apos-reuniao-com-eua\/"},"author":{"name":"Telinha","@id":"https:\/\/portaltela.pt\/#\/schema\/person\/c4278d4a6028830caff9ee44b42d32ed"},"headline":"MNE dinamarqu\u00eas admite maior optimismo ap\u00f3s reuni\u00e3o com EUA","datePublished":"2026-01-29T16:13:00+00:00","mainEntityOfPage":{"@id":"https:\/\/portaltela.pt\/noticias\/2026\/01\/29\/mne-dinamarques-admite-maior-optimismo-apos-reuniao-com-eua\/"},"wordCount":375,"image":{"@id":"https:\/\/portaltela.pt\/noticias\/2026\/01\/29\/mne-dinamarques-admite-maior-optimismo-apos-reuniao-com-eua\/#primaryimage"},"thumbnailUrl":"https:\/\/portaltela.pt\/s.01k8rhncp4jt1\/2026\/01\/naom_5cd17d08a6f13.jpg","keywords":["Alian\u00e7a Atl\u00e2ntica","Dinamarca","Estados Unidos","geopol\u00edtica","Gronel\u00e2ndia","rela\u00e7\u00f5es internacionais"],"articleSection":["Internacional","Not\u00edcias"],"inLanguage":"pt-PT"},{"@type":"WebPage","@id":"https:\/\/portaltela.pt\/noticias\/2026\/01\/29\/mne-dinamarques-admite-maior-optimismo-apos-reuniao-com-eua\/","url":"https:\/\/portaltela.pt\/noticias\/2026\/01\/29\/mne-dinamarques-admite-maior-optimismo-apos-reuniao-com-eua\/","name":"MNE dinamarqu\u00eas admite maior optimismo ap\u00f3s reuni\u00e3o com EUA - Portal Tela Portugal","isPartOf":{"@id":"https:\/\/portaltela.pt\/#website"},"primaryImageOfPage":{"@id":"https:\/\/portaltela.pt\/noticias\/2026\/01\/29\/mne-dinamarques-admite-maior-optimismo-apos-reuniao-com-eua\/#primaryimage"},"image":{"@id":"https:\/\/portaltela.pt\/noticias\/2026\/01\/29\/mne-dinamarques-admite-maior-optimismo-apos-reuniao-com-eua\/#primaryimage"},"thumbnailUrl":"https:\/\/portaltela.pt\/s.01k8rhncp4jt1\/2026\/01\/naom_5cd17d08a6f13.jpg","datePublished":"2026-01-29T16:13:00+00:00","author":{"@id":"https:\/\/portaltela.pt\/#\/schema\/person\/c4278d4a6028830caff9ee44b42d32ed"},"breadcrumb":{"@id":"https:\/\/portaltela.pt\/noticias\/2026\/01\/29\/mne-dinamarques-admite-maior-optimismo-apos-reuniao-com-eua\/#breadcrumb"},"inLanguage":"pt-PT","potentialAction":[{"@type":"ReadAction","target":["https:\/\/portaltela.pt\/noticias\/2026\/01\/29\/mne-dinamarques-admite-maior-optimismo-apos-reuniao-com-eua\/"]}]},{"@type":"ImageObject","inLanguage":"pt-PT","@id":"https:\/\/portaltela.pt\/noticias\/2026\/01\/29\/mne-dinamarques-admite-maior-optimismo-apos-reuniao-com-eua\/#primaryimage","url":"https:\/\/portaltela.pt\/s.01k8rhncp4jt1\/2026\/01\/naom_5cd17d08a6f13.jpg","contentUrl":"https:\/\/portaltela.pt\/s.01k8rhncp4jt1\/2026\/01\/naom_5cd17d08a6f13.jpg","width":796,"height":448,"caption":"Gronel\u00e2ndia: MNE dinamarqu\u00eas admite mais optimismo ap\u00f3s reuni\u00e3o com EUA"},{"@type":"BreadcrumbList","@id":"https:\/\/portaltela.pt\/noticias\/2026\/01\/29\/mne-dinamarques-admite-maior-optimismo-apos-reuniao-com-eua\/#breadcrumb","itemListElement":[{"@type":"ListItem","position":1,"name":"In\u00edcio","item":"https:\/\/portaltela.pt\/"},{"@type":"ListItem","position":2,"name":"MNE dinamarqu\u00eas admite maior optimismo ap\u00f3s reuni\u00e3o com EUA"}]},{"@type":"WebSite","@id":"https:\/\/portaltela.pt\/#website","url":"https:\/\/portaltela.pt\/","name":"Portal Tela Portugal","description":"","potentialAction":[{"@type":"SearchAction","target":{"@type":"EntryPoint","urlTemplate":"https:\/\/portaltela.pt\/?s={search_term_string}"},"query-input":{"@type":"PropertyValueSpecification","valueRequired":true,"valueName":"search_term_string"}}],"inLanguage":"pt-PT"},{"@type":"Person","@id":"https:\/\/portaltela.pt\/#\/schema\/person\/c4278d4a6028830caff9ee44b42d32ed","name":"Telinha","image":{"@type":"ImageObject","inLanguage":"pt-PT","@id":"https:\/\/portaltela.pt\/s.01k8rhncp4jt1\/2025\/11\/talking-bot-125x125.png","url":"https:\/\/portaltela.pt\/s.01k8rhncp4jt1\/2025\/11\/talking-bot-125x125.png","contentUrl":"https:\/\/portaltela.pt\/s.01k8rhncp4jt1\/2025\/11\/talking-bot-125x125.png","caption":"Telinha"},"sameAs":["https:\/\/portaltela.pt\/"],"url":"https:\/\/portaltela.pt\/por\/367410592786\/"}]}},"_links":{"self":[{"href":"https:\/\/portaltela.pt\/api\/wp\/v2\/posts\/181774","targetHints":{"allow":["GET"]}}],"collection":[{"href":"https:\/\/portaltela.pt\/api\/wp\/v2\/posts"}],"about":[{"href":"https:\/\/portaltela.pt\/api\/wp\/v2\/types\/post"}],"author":[{"embeddable":true,"href":"https:\/\/portaltela.pt\/api\/wp\/v2\/users\/2"}],"replies":[{"embeddable":true,"href":"https:\/\/portaltela.pt\/api\/wp\/v2\/comments?post=181774"}],"version-history":[{"count":0,"href":"https:\/\/portaltela.pt\/api\/wp\/v2\/posts\/181774\/revisions"}],"wp:featuredmedia":[{"embeddable":true,"href":"https:\/\/portaltela.pt\/api\/wp\/v2\/media\/181778"}],"wp:attachment":[{"href":"https:\/\/portaltela.pt\/api\/wp\/v2\/media?parent=181774"}],"wp:term":[{"taxonomy":"category","embeddable":true,"href":"https:\/\/portaltela.pt\/api\/wp\/v2\/categories?post=181774"},{"taxonomy":"post_tag","embeddable":true,"href":"https:\/\/portaltela.pt\/api\/wp\/v2\/tags?post=181774"}],"curies":[{"name":"wp","href":"https:\/\/api.w.org\/{rel}","templated":true}]}}