{"id":181768,"date":"2026-01-29T13:26:52","date_gmt":"2026-01-29T16:26:52","guid":{"rendered":"https:\/\/portaltela.pt\/noticias\/2026\/01\/29\/rali-de-portugal-2026-arranca-mais-cedo-e-tem-menos-trocos\/"},"modified":"2026-01-29T13:26:52","modified_gmt":"2026-01-29T16:26:52","slug":"rali-de-portugal-2026-arranca-mais-cedo-e-tem-menos-trocos","status":"publish","type":"post","link":"https:\/\/portaltela.pt\/desporto\/2026\/01\/29\/rali-de-portugal-2026-arranca-mais-cedo-e-tem-menos-trocos\/","title":{"rendered":"Rali de Portugal 2026 arranca mais cedo e tem menos tro\u00e7os"},"content":{"rendered":"<p>A edi\u00e7\u00e3o de 2026 do Rali de Portugal, quinta ronda do WRC, vai arrancar mais cedo e ter\u00e1 menos tro\u00e7os cronometrados. A altera\u00e7\u00e3o \u00e9 avan\u00e7ada pelo Autom\u00f3vel Club de Portugal (ACP) com base no Rally Guide dos organizadores. A prova decorre entre 7 e 10 de maio.<\/p>\n<p>Este ano, a superespecial mant\u00e9m-se na Figueira da Foz e fecha o primeiro dia, a 7 de maio, com o in\u00edcio da cerim\u00f3nia de partida \u00e0s 15:00. O shakedown foi antecipado para 6 de maio, na tarde, em Baltar.<\/p>\n<h3>Mudan\u00e7as no percurso<\/h3>\n<p>O centro nevr\u00e1lgico continua na Exponor, em Matosinhos, com tro\u00e7os distribu\u00eddos por \u00c1gueda, Albergaria-a-Velha, Amarante, Arganil, Cabeceiras de Basto, Coimbra, Fafe, Felgueiras, Figueira da Foz, G\u00f3is, Lous\u00e3, Lousada, Matosinhos, Mort\u00e1gua, Paredes, Sever do Vouga e Vieira do Minho.<\/p>\n<p>Devido a cr\u00edticas sobre a extens\u00e3o do dia de sexta-feira em 2025, a organiza\u00e7\u00e3o antecipa dois tro\u00e7os para quinta-feira, reduzindo a carga de sexta. No total, a 59.\u00aa edi\u00e7\u00e3o soma 23 especiais, uma a menos que em 2025.<\/p>\n<p>A power stage, tro\u00e7o final que garante pontos extra, mant\u00e9m-se em Fafe, a partir das 13:05 de domingo, 10 de maio. Carlos Barbosa, presidente do ACP, real\u00e7ou que o percurso est\u00e1 ainda a ser definido, com negocia\u00e7\u00f5es em curso com as autarquias.<\/p>\n<h3>Contexto e imagem hist\u00f3rica<\/h3>\n<p>A edi\u00e7\u00e3o anterior ficou marcada pela vit\u00f3ria de S\u00e9bastien Ogier, que somou o s\u00e9timo triunfo no Rali de Portugal, refor\u00e7ando o seu recorde na prova. O Rali de Portugal integra a quinta ronda de 14 do Mundial de Ralis, ap\u00f3s a abertura em Monte Carlo.<\/p>\n","protected":false},"excerpt":{"rendered":"<ul>\n<li>A edi\u00e7\u00e3o de 2026 do Rali de Portugal vai decorrer entre sete e dez de maio, com in\u00edcio mais cedo e menos um tro\u00e7o cronometrado.<\/li>\n<li>Haver\u00e1 tr\u00eas especiais logo na quinta-feira, mantendo a super-especial na Figueira da Foz a fechar o dia, com a cerim\u00f3nia de partida \u00e0s quinze horas.<\/li>\n<li>O shakedown ser\u00e1 antecipado para quarta-feira \u00e0 tarde, em Baltar; o centro nevr\u00e1lgico continua na Exponor, em Matosinhos, com tro\u00e7os previstos em diversas localidades.<\/li>\n<li>No total, a prova ter\u00e1 vinte e tr\u00eas especiais, menos uma do que em 2025; a power stage mant\u00e9m-se em Fafe, \u00e0s treze horas e cinco minutos de domingo.<\/li>\n<li>O presidente do ACP disse que o percurso ainda n\u00e3o est\u00e1 definido e s\u00f3 ficar\u00e1 definido dentro de duas semanas; o vencedor de 2025 foi S\u00e9bastien Ogier.<\/li>\n<\/ul>\n","protected":false},"author":2,"featured_media":181790,"comment_status":"closed","ping_status":"closed","sticky":false,"template":"","format":"standard","meta":{"footnotes":""},"categories":[21],"tags":[1062,1070,1147,1417,2019,1014],"class_list":["post-181768","post","type-post","status-publish","format-standard","has-post-thumbnail","hentry","category-desporto","tag-agueda","tag-coimbra","tag-fafe","tag-figueira-da-foz","tag-gois","tag-portugal"],"yoast_head":"<!-- This site is optimized with the Yoast SEO plugin v27.2 - https:\/\/yoast.com\/product\/yoast-seo-wordpress\/ -->\n<title>Rali de Portugal 2026 arranca mais cedo e tem menos tro\u00e7os - Portal Tela Portugal<\/title>\n<meta name=\"robots\" content=\"index, follow, max-snippet:-1, max-image-preview:large, max-video-preview:-1\" \/>\n<meta property=\"og:locale\" content=\"pt_PT\" \/>\n<meta property=\"og:type\" content=\"article\" \/>\n<meta property=\"og:title\" content=\"Rali de Portugal 2026 arranca mais cedo e tem menos tro\u00e7os - Portal Tela Portugal\" \/>\n<meta property=\"og:description\" content=\"A edi\u00e7\u00e3o de 2026 do Rali de Portugal vai decorrer entre sete e dez de maio, com in\u00edcio mais cedo e menos um tro\u00e7o cronometrado. Haver\u00e1 tr\u00eas especiais logo na quinta-feira, mantendo a super-especial na Figueira da Foz a fechar o dia, com a cerim\u00f3nia de partida \u00e0s quinze horas. O shakedown ser\u00e1 antecipado para quarta-feira \u00e0 tarde, em Baltar; o centro nevr\u00e1lgico continua na Exponor, em Matosinhos, com tro\u00e7os previstos em diversas localidades. No total, a prova ter\u00e1 vinte e tr\u00eas especiais, menos uma do que em 2025; a power stage mant\u00e9m-se em Fafe, \u00e0s treze horas e cinco minutos de domingo. O presidente do ACP disse que o percurso ainda n\u00e3o est\u00e1 definido e s\u00f3 ficar\u00e1 definido dentro de duas semanas; o vencedor de 2025 foi S\u00e9bastien Ogier.\" \/>\n<meta property=\"og:url\" content=\"https:\/\/portaltela.pt\/noticias\/2026\/01\/29\/rali-de-portugal-2026-arranca-mais-cedo-e-tem-menos-trocos\/\" \/>\n<meta property=\"og:site_name\" content=\"Portal Tela Portugal\" \/>\n<meta property=\"article:published_time\" content=\"2026-01-29T16:26:52+00:00\" \/>\n<meta name=\"author\" content=\"Telinha\" \/>\n<meta name=\"twitter:card\" content=\"summary_large_image\" \/>\n<meta name=\"twitter:label1\" content=\"Escrito por\" \/>\n\t<meta name=\"twitter:data1\" content=\"Telinha\" \/>\n\t<meta name=\"twitter:label2\" content=\"Tempo estimado de leitura\" \/>\n\t<meta name=\"twitter:data2\" content=\"1 minuto\" \/>\n<script type=\"application\/ld+json\" class=\"yoast-schema-graph\">{\"@context\":\"https:\/\/schema.org\",\"@graph\":[{\"@type\":\"Article\",\"@id\":\"https:\/\/portaltela.pt\/noticias\/2026\/01\/29\/rali-de-portugal-2026-arranca-mais-cedo-e-tem-menos-trocos\/#article\",\"isPartOf\":{\"@id\":\"https:\/\/portaltela.pt\/noticias\/2026\/01\/29\/rali-de-portugal-2026-arranca-mais-cedo-e-tem-menos-trocos\/\"},\"author\":{\"name\":\"Telinha\",\"@id\":\"https:\/\/portaltela.pt\/#\/schema\/person\/c4278d4a6028830caff9ee44b42d32ed\"},\"headline\":\"Rali de Portugal 2026 arranca mais cedo e tem menos tro\u00e7os\",\"datePublished\":\"2026-01-29T16:26:52+00:00\",\"mainEntityOfPage\":{\"@id\":\"https:\/\/portaltela.pt\/noticias\/2026\/01\/29\/rali-de-portugal-2026-arranca-mais-cedo-e-tem-menos-trocos\/\"},\"wordCount\":283,\"image\":{\"@id\":\"https:\/\/portaltela.pt\/noticias\/2026\/01\/29\/rali-de-portugal-2026-arranca-mais-cedo-e-tem-menos-trocos\/#primaryimage\"},\"thumbnailUrl\":\"https:\/\/portaltela.pt\/s.01k8rhncp4jt1\/2026\/01\/img_920x518uu2025-05-08-12-32-52-2361225.jpg\",\"keywords\":[\"\u00c1gueda\",\"Coimbra\",\"Fafe\",\"Figueira da Foz\",\"G\u00f3is\",\"Portugal\"],\"articleSection\":[\"Desporto\"],\"inLanguage\":\"pt-PT\"},{\"@type\":\"WebPage\",\"@id\":\"https:\/\/portaltela.pt\/noticias\/2026\/01\/29\/rali-de-portugal-2026-arranca-mais-cedo-e-tem-menos-trocos\/\",\"url\":\"https:\/\/portaltela.pt\/noticias\/2026\/01\/29\/rali-de-portugal-2026-arranca-mais-cedo-e-tem-menos-trocos\/\",\"name\":\"Rali de Portugal 2026 arranca mais cedo e tem menos tro\u00e7os - Portal Tela Portugal\",\"isPartOf\":{\"@id\":\"https:\/\/portaltela.pt\/#website\"},\"primaryImageOfPage\":{\"@id\":\"https:\/\/portaltela.pt\/noticias\/2026\/01\/29\/rali-de-portugal-2026-arranca-mais-cedo-e-tem-menos-trocos\/#primaryimage\"},\"image\":{\"@id\":\"https:\/\/portaltela.pt\/noticias\/2026\/01\/29\/rali-de-portugal-2026-arranca-mais-cedo-e-tem-menos-trocos\/#primaryimage\"},\"thumbnailUrl\":\"https:\/\/portaltela.pt\/s.01k8rhncp4jt1\/2026\/01\/img_920x518uu2025-05-08-12-32-52-2361225.jpg\",\"datePublished\":\"2026-01-29T16:26:52+00:00\",\"author\":{\"@id\":\"https:\/\/portaltela.pt\/#\/schema\/person\/c4278d4a6028830caff9ee44b42d32ed\"},\"breadcrumb\":{\"@id\":\"https:\/\/portaltela.pt\/noticias\/2026\/01\/29\/rali-de-portugal-2026-arranca-mais-cedo-e-tem-menos-trocos\/#breadcrumb\"},\"inLanguage\":\"pt-PT\",\"potentialAction\":[{\"@type\":\"ReadAction\",\"target\":[\"https:\/\/portaltela.pt\/noticias\/2026\/01\/29\/rali-de-portugal-2026-arranca-mais-cedo-e-tem-menos-trocos\/\"]}]},{\"@type\":\"ImageObject\",\"inLanguage\":\"pt-PT\",\"@id\":\"https:\/\/portaltela.pt\/noticias\/2026\/01\/29\/rali-de-portugal-2026-arranca-mais-cedo-e-tem-menos-trocos\/#primaryimage\",\"url\":\"https:\/\/portaltela.pt\/s.01k8rhncp4jt1\/2026\/01\/img_920x518uu2025-05-08-12-32-52-2361225.jpg\",\"contentUrl\":\"https:\/\/portaltela.pt\/s.01k8rhncp4jt1\/2026\/01\/img_920x518uu2025-05-08-12-32-52-2361225.jpg\",\"width\":920,\"height\":518,\"caption\":\"Rali de Portugal\"},{\"@type\":\"BreadcrumbList\",\"@id\":\"https:\/\/portaltela.pt\/noticias\/2026\/01\/29\/rali-de-portugal-2026-arranca-mais-cedo-e-tem-menos-trocos\/#breadcrumb\",\"itemListElement\":[{\"@type\":\"ListItem\",\"position\":1,\"name\":\"In\u00edcio\",\"item\":\"https:\/\/portaltela.pt\/\"},{\"@type\":\"ListItem\",\"position\":2,\"name\":\"Rali de Portugal 2026 arranca mais cedo e tem menos tro\u00e7os\"}]},{\"@type\":\"WebSite\",\"@id\":\"https:\/\/portaltela.pt\/#website\",\"url\":\"https:\/\/portaltela.pt\/\",\"name\":\"Portal Tela Portugal\",\"description\":\"\",\"potentialAction\":[{\"@type\":\"SearchAction\",\"target\":{\"@type\":\"EntryPoint\",\"urlTemplate\":\"https:\/\/portaltela.pt\/?s={search_term_string}\"},\"query-input\":{\"@type\":\"PropertyValueSpecification\",\"valueRequired\":true,\"valueName\":\"search_term_string\"}}],\"inLanguage\":\"pt-PT\"},{\"@type\":\"Person\",\"@id\":\"https:\/\/portaltela.pt\/#\/schema\/person\/c4278d4a6028830caff9ee44b42d32ed\",\"name\":\"Telinha\",\"image\":{\"@type\":\"ImageObject\",\"inLanguage\":\"pt-PT\",\"@id\":\"https:\/\/portaltela.pt\/s.01k8rhncp4jt1\/2025\/11\/talking-bot-125x125.png\",\"url\":\"https:\/\/portaltela.pt\/s.01k8rhncp4jt1\/2025\/11\/talking-bot-125x125.png\",\"contentUrl\":\"https:\/\/portaltela.pt\/s.01k8rhncp4jt1\/2025\/11\/talking-bot-125x125.png\",\"caption\":\"Telinha\"},\"sameAs\":[\"https:\/\/portaltela.pt\/\"],\"url\":\"https:\/\/portaltela.pt\/por\/367410592786\/\"}]}<\/script>\n<!-- \/ Yoast SEO plugin. -->","yoast_head_json":{"title":"Rali de Portugal 2026 arranca mais cedo e tem menos tro\u00e7os - Portal Tela Portugal","robots":{"index":"index","follow":"follow","max-snippet":"max-snippet:-1","max-image-preview":"max-image-preview:large","max-video-preview":"max-video-preview:-1"},"og_locale":"pt_PT","og_type":"article","og_title":"Rali de Portugal 2026 arranca mais cedo e tem menos tro\u00e7os - Portal Tela Portugal","og_description":"A edi\u00e7\u00e3o de 2026 do Rali de Portugal vai decorrer entre sete e dez de maio, com in\u00edcio mais cedo e menos um tro\u00e7o cronometrado. Haver\u00e1 tr\u00eas especiais logo na quinta-feira, mantendo a super-especial na Figueira da Foz a fechar o dia, com a cerim\u00f3nia de partida \u00e0s quinze horas. O shakedown ser\u00e1 antecipado para quarta-feira \u00e0 tarde, em Baltar; o centro nevr\u00e1lgico continua na Exponor, em Matosinhos, com tro\u00e7os previstos em diversas localidades. No total, a prova ter\u00e1 vinte e tr\u00eas especiais, menos uma do que em 2025; a power stage mant\u00e9m-se em Fafe, \u00e0s treze horas e cinco minutos de domingo. O presidente do ACP disse que o percurso ainda n\u00e3o est\u00e1 definido e s\u00f3 ficar\u00e1 definido dentro de duas semanas; o vencedor de 2025 foi S\u00e9bastien Ogier.","og_url":"https:\/\/portaltela.pt\/noticias\/2026\/01\/29\/rali-de-portugal-2026-arranca-mais-cedo-e-tem-menos-trocos\/","og_site_name":"Portal Tela Portugal","article_published_time":"2026-01-29T16:26:52+00:00","author":"Telinha","twitter_card":"summary_large_image","twitter_misc":{"Escrito por":"Telinha","Tempo estimado de leitura":"1 minuto"},"schema":{"@context":"https:\/\/schema.org","@graph":[{"@type":"Article","@id":"https:\/\/portaltela.pt\/noticias\/2026\/01\/29\/rali-de-portugal-2026-arranca-mais-cedo-e-tem-menos-trocos\/#article","isPartOf":{"@id":"https:\/\/portaltela.pt\/noticias\/2026\/01\/29\/rali-de-portugal-2026-arranca-mais-cedo-e-tem-menos-trocos\/"},"author":{"name":"Telinha","@id":"https:\/\/portaltela.pt\/#\/schema\/person\/c4278d4a6028830caff9ee44b42d32ed"},"headline":"Rali de Portugal 2026 arranca mais cedo e tem menos tro\u00e7os","datePublished":"2026-01-29T16:26:52+00:00","mainEntityOfPage":{"@id":"https:\/\/portaltela.pt\/noticias\/2026\/01\/29\/rali-de-portugal-2026-arranca-mais-cedo-e-tem-menos-trocos\/"},"wordCount":283,"image":{"@id":"https:\/\/portaltela.pt\/noticias\/2026\/01\/29\/rali-de-portugal-2026-arranca-mais-cedo-e-tem-menos-trocos\/#primaryimage"},"thumbnailUrl":"https:\/\/portaltela.pt\/s.01k8rhncp4jt1\/2026\/01\/img_920x518uu2025-05-08-12-32-52-2361225.jpg","keywords":["\u00c1gueda","Coimbra","Fafe","Figueira da Foz","G\u00f3is","Portugal"],"articleSection":["Desporto"],"inLanguage":"pt-PT"},{"@type":"WebPage","@id":"https:\/\/portaltela.pt\/noticias\/2026\/01\/29\/rali-de-portugal-2026-arranca-mais-cedo-e-tem-menos-trocos\/","url":"https:\/\/portaltela.pt\/noticias\/2026\/01\/29\/rali-de-portugal-2026-arranca-mais-cedo-e-tem-menos-trocos\/","name":"Rali de Portugal 2026 arranca mais cedo e tem menos tro\u00e7os - Portal Tela Portugal","isPartOf":{"@id":"https:\/\/portaltela.pt\/#website"},"primaryImageOfPage":{"@id":"https:\/\/portaltela.pt\/noticias\/2026\/01\/29\/rali-de-portugal-2026-arranca-mais-cedo-e-tem-menos-trocos\/#primaryimage"},"image":{"@id":"https:\/\/portaltela.pt\/noticias\/2026\/01\/29\/rali-de-portugal-2026-arranca-mais-cedo-e-tem-menos-trocos\/#primaryimage"},"thumbnailUrl":"https:\/\/portaltela.pt\/s.01k8rhncp4jt1\/2026\/01\/img_920x518uu2025-05-08-12-32-52-2361225.jpg","datePublished":"2026-01-29T16:26:52+00:00","author":{"@id":"https:\/\/portaltela.pt\/#\/schema\/person\/c4278d4a6028830caff9ee44b42d32ed"},"breadcrumb":{"@id":"https:\/\/portaltela.pt\/noticias\/2026\/01\/29\/rali-de-portugal-2026-arranca-mais-cedo-e-tem-menos-trocos\/#breadcrumb"},"inLanguage":"pt-PT","potentialAction":[{"@type":"ReadAction","target":["https:\/\/portaltela.pt\/noticias\/2026\/01\/29\/rali-de-portugal-2026-arranca-mais-cedo-e-tem-menos-trocos\/"]}]},{"@type":"ImageObject","inLanguage":"pt-PT","@id":"https:\/\/portaltela.pt\/noticias\/2026\/01\/29\/rali-de-portugal-2026-arranca-mais-cedo-e-tem-menos-trocos\/#primaryimage","url":"https:\/\/portaltela.pt\/s.01k8rhncp4jt1\/2026\/01\/img_920x518uu2025-05-08-12-32-52-2361225.jpg","contentUrl":"https:\/\/portaltela.pt\/s.01k8rhncp4jt1\/2026\/01\/img_920x518uu2025-05-08-12-32-52-2361225.jpg","width":920,"height":518,"caption":"Rali de Portugal"},{"@type":"BreadcrumbList","@id":"https:\/\/portaltela.pt\/noticias\/2026\/01\/29\/rali-de-portugal-2026-arranca-mais-cedo-e-tem-menos-trocos\/#breadcrumb","itemListElement":[{"@type":"ListItem","position":1,"name":"In\u00edcio","item":"https:\/\/portaltela.pt\/"},{"@type":"ListItem","position":2,"name":"Rali de Portugal 2026 arranca mais cedo e tem menos tro\u00e7os"}]},{"@type":"WebSite","@id":"https:\/\/portaltela.pt\/#website","url":"https:\/\/portaltela.pt\/","name":"Portal Tela Portugal","description":"","potentialAction":[{"@type":"SearchAction","target":{"@type":"EntryPoint","urlTemplate":"https:\/\/portaltela.pt\/?s={search_term_string}"},"query-input":{"@type":"PropertyValueSpecification","valueRequired":true,"valueName":"search_term_string"}}],"inLanguage":"pt-PT"},{"@type":"Person","@id":"https:\/\/portaltela.pt\/#\/schema\/person\/c4278d4a6028830caff9ee44b42d32ed","name":"Telinha","image":{"@type":"ImageObject","inLanguage":"pt-PT","@id":"https:\/\/portaltela.pt\/s.01k8rhncp4jt1\/2025\/11\/talking-bot-125x125.png","url":"https:\/\/portaltela.pt\/s.01k8rhncp4jt1\/2025\/11\/talking-bot-125x125.png","contentUrl":"https:\/\/portaltela.pt\/s.01k8rhncp4jt1\/2025\/11\/talking-bot-125x125.png","caption":"Telinha"},"sameAs":["https:\/\/portaltela.pt\/"],"url":"https:\/\/portaltela.pt\/por\/367410592786\/"}]}},"_links":{"self":[{"href":"https:\/\/portaltela.pt\/api\/wp\/v2\/posts\/181768","targetHints":{"allow":["GET"]}}],"collection":[{"href":"https:\/\/portaltela.pt\/api\/wp\/v2\/posts"}],"about":[{"href":"https:\/\/portaltela.pt\/api\/wp\/v2\/types\/post"}],"author":[{"embeddable":true,"href":"https:\/\/portaltela.pt\/api\/wp\/v2\/users\/2"}],"replies":[{"embeddable":true,"href":"https:\/\/portaltela.pt\/api\/wp\/v2\/comments?post=181768"}],"version-history":[{"count":0,"href":"https:\/\/portaltela.pt\/api\/wp\/v2\/posts\/181768\/revisions"}],"wp:featuredmedia":[{"embeddable":true,"href":"https:\/\/portaltela.pt\/api\/wp\/v2\/media\/181790"}],"wp:attachment":[{"href":"https:\/\/portaltela.pt\/api\/wp\/v2\/media?parent=181768"}],"wp:term":[{"taxonomy":"category","embeddable":true,"href":"https:\/\/portaltela.pt\/api\/wp\/v2\/categories?post=181768"},{"taxonomy":"post_tag","embeddable":true,"href":"https:\/\/portaltela.pt\/api\/wp\/v2\/tags?post=181768"}],"curies":[{"name":"wp","href":"https:\/\/api.w.org\/{rel}","templated":true}]}}