{"id":181762,"date":"2026-01-29T13:23:00","date_gmt":"2026-01-29T16:23:00","guid":{"rendered":"https:\/\/portaltela.pt\/noticias\/2026\/01\/29\/cantanhede-desmantelada-producao-de-cannabis\/"},"modified":"2026-01-29T13:23:00","modified_gmt":"2026-01-29T16:23:00","slug":"cantanhede-desmantelada-producao-de-cannabis","status":"publish","type":"post","link":"https:\/\/portaltela.pt\/noticias\/2026\/01\/29\/cantanhede-desmantelada-producao-de-cannabis\/","title":{"rendered":"Cantanhede: Desmantelada produ\u00e7\u00e3o de cannabis"},"content":{"rendered":"<p>A Pol\u00edcia Judici\u00e1ria desmantelou em Cantanhede uma unidade clandestina de produ\u00e7\u00e3o de cannabis, criada ap\u00f3s um inc\u00eandio numa habita\u00e7\u00e3o na Quinta da Ferreira. Foi detido um homem de 35 anos durante a opera\u00e7\u00e3o.<\/p>\n<p>Foi apreendido o equivalente a mais de 370 p\u00e9s de cannabis em v\u00e1rios estados de desenvolvimento, al\u00e9m de folhas, resina e equipamento sofisticado para cultivo, produ\u00e7\u00e3o e embalamento. Also houve material inform\u00e1tico e mil euros em numer\u00e1rio.<\/p>\n<p>As autoridades indicam que a droga destinava-se ao mercado nacional e internacional. O detido dever\u00e1 comparecer em interrogat\u00f3rio judicial para aplica\u00e7\u00e3o de medidas de coa\u00e7\u00e3o.<\/p>\n<h3>Detalhes da opera\u00e7\u00e3o<\/h3>\n<p>A PJ informou que a investiga\u00e7\u00e3o decorreu ap\u00f3s o incidente no im\u00f3vel na Quinta da Ferreira e envolveu vigil\u00e2ncia t\u00e9cnica e recolha de provas. A investiga\u00e7\u00e3o prossegue para esclarecer a cadeia de distribui\u00e7\u00e3o.<\/p>\n","protected":false},"excerpt":{"rendered":"<ul>\n<li>A Pol\u00edcia Judici\u00e1ria (PJ) desmantelou, em Cantanhede, uma unidade ilegal de produ\u00e7\u00e3o de can\u00e1bis e deteve um homem de 35 anos.<\/li>\n<li>A opera\u00e7\u00e3o ocorreu ap\u00f3s um inc\u00eandio numa habita\u00e7\u00e3o na Quinta da Ferreira.<\/li>\n<li>Foram apreendidos mais de 370 p\u00e9s de can\u00e1bis, folhas e resina, al\u00e9m de equipamento de cultivo, produ\u00e7\u00e3o e embalamento, material inform\u00e1tico e mil euros em numer\u00e1rio.<\/li>\n<li>A droga destinava-se ao mercado nacional e internacional.<\/li>\n<li>O detido ser\u00e1 presente a interrogat\u00f3rio judicial para aplica\u00e7\u00e3o de medidas de coa\u00e7\u00e3o.<\/li>\n<\/ul>\n","protected":false},"author":2,"featured_media":181773,"comment_status":"closed","ping_status":"closed","sticky":false,"template":"","format":"standard","meta":{"footnotes":""},"categories":[1],"tags":[3662,3677,4347,215,1802,2349],"class_list":["post-181762","post","type-post","status-publish","format-standard","has-post-thumbnail","hentry","category-noticias","tag-canabis","tag-cantanhede","tag-drogas","tag-investigacao","tag-policia-judiciaria","tag-trafico-de-drogas"],"yoast_head":"<!-- This site is optimized with the Yoast SEO plugin v27.2 - https:\/\/yoast.com\/product\/yoast-seo-wordpress\/ -->\n<title>Cantanhede: Desmantelada produ\u00e7\u00e3o de cannabis - Portal Tela Portugal<\/title>\n<meta name=\"robots\" content=\"index, follow, max-snippet:-1, max-image-preview:large, max-video-preview:-1\" \/>\n<meta property=\"og:locale\" content=\"pt_PT\" \/>\n<meta property=\"og:type\" content=\"article\" \/>\n<meta property=\"og:title\" content=\"Cantanhede: Desmantelada produ\u00e7\u00e3o de cannabis - Portal Tela Portugal\" \/>\n<meta property=\"og:description\" content=\"A Pol\u00edcia Judici\u00e1ria (PJ) desmantelou, em Cantanhede, uma unidade ilegal de produ\u00e7\u00e3o de can\u00e1bis e deteve um homem de 35 anos. A opera\u00e7\u00e3o ocorreu ap\u00f3s um inc\u00eandio numa habita\u00e7\u00e3o na Quinta da Ferreira. Foram apreendidos mais de 370 p\u00e9s de can\u00e1bis, folhas e resina, al\u00e9m de equipamento de cultivo, produ\u00e7\u00e3o e embalamento, material inform\u00e1tico e mil euros em numer\u00e1rio. A droga destinava-se ao mercado nacional e internacional. O detido ser\u00e1 presente a interrogat\u00f3rio judicial para aplica\u00e7\u00e3o de medidas de coa\u00e7\u00e3o.\" \/>\n<meta property=\"og:url\" content=\"https:\/\/portaltela.pt\/noticias\/2026\/01\/29\/cantanhede-desmantelada-producao-de-cannabis\/\" \/>\n<meta property=\"og:site_name\" content=\"Portal Tela Portugal\" \/>\n<meta property=\"article:published_time\" content=\"2026-01-29T16:23:00+00:00\" \/>\n<meta name=\"author\" content=\"Telinha\" \/>\n<meta name=\"twitter:card\" content=\"summary_large_image\" \/>\n<meta name=\"twitter:label1\" content=\"Escrito por\" \/>\n\t<meta name=\"twitter:data1\" content=\"Telinha\" \/>\n\t<meta name=\"twitter:label2\" content=\"Tempo estimado de leitura\" \/>\n\t<meta name=\"twitter:data2\" content=\"1 minuto\" \/>\n<script type=\"application\/ld+json\" class=\"yoast-schema-graph\">{\"@context\":\"https:\/\/schema.org\",\"@graph\":[{\"@type\":\"Article\",\"@id\":\"https:\/\/portaltela.pt\/noticias\/2026\/01\/29\/cantanhede-desmantelada-producao-de-cannabis\/#article\",\"isPartOf\":{\"@id\":\"https:\/\/portaltela.pt\/noticias\/2026\/01\/29\/cantanhede-desmantelada-producao-de-cannabis\/\"},\"author\":{\"name\":\"Telinha\",\"@id\":\"https:\/\/portaltela.pt\/#\/schema\/person\/c4278d4a6028830caff9ee44b42d32ed\"},\"headline\":\"Cantanhede: Desmantelada produ\u00e7\u00e3o de cannabis\",\"datePublished\":\"2026-01-29T16:23:00+00:00\",\"mainEntityOfPage\":{\"@id\":\"https:\/\/portaltela.pt\/noticias\/2026\/01\/29\/cantanhede-desmantelada-producao-de-cannabis\/\"},\"wordCount\":159,\"image\":{\"@id\":\"https:\/\/portaltela.pt\/noticias\/2026\/01\/29\/cantanhede-desmantelada-producao-de-cannabis\/#primaryimage\"},\"thumbnailUrl\":\"https:\/\/portaltela.pt\/s.01k8rhncp4jt1\/2026\/01\/3ba8a974e8c7b3c350a3e14ea631aa9fb985cd70.jpg\",\"keywords\":[\"can\u00e1bis\",\"Cantanhede\",\"drogas\",\"investiga\u00e7\u00e3o\",\"Pol\u00edcia Judici\u00e1ria\",\"tr\u00e1fico de drogas\"],\"articleSection\":[\"Not\u00edcias\"],\"inLanguage\":\"pt-PT\"},{\"@type\":\"WebPage\",\"@id\":\"https:\/\/portaltela.pt\/noticias\/2026\/01\/29\/cantanhede-desmantelada-producao-de-cannabis\/\",\"url\":\"https:\/\/portaltela.pt\/noticias\/2026\/01\/29\/cantanhede-desmantelada-producao-de-cannabis\/\",\"name\":\"Cantanhede: Desmantelada produ\u00e7\u00e3o de cannabis - Portal Tela Portugal\",\"isPartOf\":{\"@id\":\"https:\/\/portaltela.pt\/#website\"},\"primaryImageOfPage\":{\"@id\":\"https:\/\/portaltela.pt\/noticias\/2026\/01\/29\/cantanhede-desmantelada-producao-de-cannabis\/#primaryimage\"},\"image\":{\"@id\":\"https:\/\/portaltela.pt\/noticias\/2026\/01\/29\/cantanhede-desmantelada-producao-de-cannabis\/#primaryimage\"},\"thumbnailUrl\":\"https:\/\/portaltela.pt\/s.01k8rhncp4jt1\/2026\/01\/3ba8a974e8c7b3c350a3e14ea631aa9fb985cd70.jpg\",\"datePublished\":\"2026-01-29T16:23:00+00:00\",\"author\":{\"@id\":\"https:\/\/portaltela.pt\/#\/schema\/person\/c4278d4a6028830caff9ee44b42d32ed\"},\"breadcrumb\":{\"@id\":\"https:\/\/portaltela.pt\/noticias\/2026\/01\/29\/cantanhede-desmantelada-producao-de-cannabis\/#breadcrumb\"},\"inLanguage\":\"pt-PT\",\"potentialAction\":[{\"@type\":\"ReadAction\",\"target\":[\"https:\/\/portaltela.pt\/noticias\/2026\/01\/29\/cantanhede-desmantelada-producao-de-cannabis\/\"]}]},{\"@type\":\"ImageObject\",\"inLanguage\":\"pt-PT\",\"@id\":\"https:\/\/portaltela.pt\/noticias\/2026\/01\/29\/cantanhede-desmantelada-producao-de-cannabis\/#primaryimage\",\"url\":\"https:\/\/portaltela.pt\/s.01k8rhncp4jt1\/2026\/01\/3ba8a974e8c7b3c350a3e14ea631aa9fb985cd70.jpg\",\"contentUrl\":\"https:\/\/portaltela.pt\/s.01k8rhncp4jt1\/2026\/01\/3ba8a974e8c7b3c350a3e14ea631aa9fb985cd70.jpg\",\"width\":796,\"height\":448,\"caption\":\"Photo\"},{\"@type\":\"BreadcrumbList\",\"@id\":\"https:\/\/portaltela.pt\/noticias\/2026\/01\/29\/cantanhede-desmantelada-producao-de-cannabis\/#breadcrumb\",\"itemListElement\":[{\"@type\":\"ListItem\",\"position\":1,\"name\":\"In\u00edcio\",\"item\":\"https:\/\/portaltela.pt\/\"},{\"@type\":\"ListItem\",\"position\":2,\"name\":\"Cantanhede: Desmantelada produ\u00e7\u00e3o de cannabis\"}]},{\"@type\":\"WebSite\",\"@id\":\"https:\/\/portaltela.pt\/#website\",\"url\":\"https:\/\/portaltela.pt\/\",\"name\":\"Portal Tela Portugal\",\"description\":\"\",\"potentialAction\":[{\"@type\":\"SearchAction\",\"target\":{\"@type\":\"EntryPoint\",\"urlTemplate\":\"https:\/\/portaltela.pt\/?s={search_term_string}\"},\"query-input\":{\"@type\":\"PropertyValueSpecification\",\"valueRequired\":true,\"valueName\":\"search_term_string\"}}],\"inLanguage\":\"pt-PT\"},{\"@type\":\"Person\",\"@id\":\"https:\/\/portaltela.pt\/#\/schema\/person\/c4278d4a6028830caff9ee44b42d32ed\",\"name\":\"Telinha\",\"image\":{\"@type\":\"ImageObject\",\"inLanguage\":\"pt-PT\",\"@id\":\"https:\/\/portaltela.pt\/s.01k8rhncp4jt1\/2025\/11\/talking-bot-125x125.png\",\"url\":\"https:\/\/portaltela.pt\/s.01k8rhncp4jt1\/2025\/11\/talking-bot-125x125.png\",\"contentUrl\":\"https:\/\/portaltela.pt\/s.01k8rhncp4jt1\/2025\/11\/talking-bot-125x125.png\",\"caption\":\"Telinha\"},\"sameAs\":[\"https:\/\/portaltela.pt\/\"],\"url\":\"https:\/\/portaltela.pt\/por\/367410592786\/\"}]}<\/script>\n<!-- \/ Yoast SEO plugin. -->","yoast_head_json":{"title":"Cantanhede: Desmantelada produ\u00e7\u00e3o de cannabis - Portal Tela Portugal","robots":{"index":"index","follow":"follow","max-snippet":"max-snippet:-1","max-image-preview":"max-image-preview:large","max-video-preview":"max-video-preview:-1"},"og_locale":"pt_PT","og_type":"article","og_title":"Cantanhede: Desmantelada produ\u00e7\u00e3o de cannabis - Portal Tela Portugal","og_description":"A Pol\u00edcia Judici\u00e1ria (PJ) desmantelou, em Cantanhede, uma unidade ilegal de produ\u00e7\u00e3o de can\u00e1bis e deteve um homem de 35 anos. A opera\u00e7\u00e3o ocorreu ap\u00f3s um inc\u00eandio numa habita\u00e7\u00e3o na Quinta da Ferreira. Foram apreendidos mais de 370 p\u00e9s de can\u00e1bis, folhas e resina, al\u00e9m de equipamento de cultivo, produ\u00e7\u00e3o e embalamento, material inform\u00e1tico e mil euros em numer\u00e1rio. A droga destinava-se ao mercado nacional e internacional. O detido ser\u00e1 presente a interrogat\u00f3rio judicial para aplica\u00e7\u00e3o de medidas de coa\u00e7\u00e3o.","og_url":"https:\/\/portaltela.pt\/noticias\/2026\/01\/29\/cantanhede-desmantelada-producao-de-cannabis\/","og_site_name":"Portal Tela Portugal","article_published_time":"2026-01-29T16:23:00+00:00","author":"Telinha","twitter_card":"summary_large_image","twitter_misc":{"Escrito por":"Telinha","Tempo estimado de leitura":"1 minuto"},"schema":{"@context":"https:\/\/schema.org","@graph":[{"@type":"Article","@id":"https:\/\/portaltela.pt\/noticias\/2026\/01\/29\/cantanhede-desmantelada-producao-de-cannabis\/#article","isPartOf":{"@id":"https:\/\/portaltela.pt\/noticias\/2026\/01\/29\/cantanhede-desmantelada-producao-de-cannabis\/"},"author":{"name":"Telinha","@id":"https:\/\/portaltela.pt\/#\/schema\/person\/c4278d4a6028830caff9ee44b42d32ed"},"headline":"Cantanhede: Desmantelada produ\u00e7\u00e3o de cannabis","datePublished":"2026-01-29T16:23:00+00:00","mainEntityOfPage":{"@id":"https:\/\/portaltela.pt\/noticias\/2026\/01\/29\/cantanhede-desmantelada-producao-de-cannabis\/"},"wordCount":159,"image":{"@id":"https:\/\/portaltela.pt\/noticias\/2026\/01\/29\/cantanhede-desmantelada-producao-de-cannabis\/#primaryimage"},"thumbnailUrl":"https:\/\/portaltela.pt\/s.01k8rhncp4jt1\/2026\/01\/3ba8a974e8c7b3c350a3e14ea631aa9fb985cd70.jpg","keywords":["can\u00e1bis","Cantanhede","drogas","investiga\u00e7\u00e3o","Pol\u00edcia Judici\u00e1ria","tr\u00e1fico de drogas"],"articleSection":["Not\u00edcias"],"inLanguage":"pt-PT"},{"@type":"WebPage","@id":"https:\/\/portaltela.pt\/noticias\/2026\/01\/29\/cantanhede-desmantelada-producao-de-cannabis\/","url":"https:\/\/portaltela.pt\/noticias\/2026\/01\/29\/cantanhede-desmantelada-producao-de-cannabis\/","name":"Cantanhede: Desmantelada produ\u00e7\u00e3o de cannabis - Portal Tela Portugal","isPartOf":{"@id":"https:\/\/portaltela.pt\/#website"},"primaryImageOfPage":{"@id":"https:\/\/portaltela.pt\/noticias\/2026\/01\/29\/cantanhede-desmantelada-producao-de-cannabis\/#primaryimage"},"image":{"@id":"https:\/\/portaltela.pt\/noticias\/2026\/01\/29\/cantanhede-desmantelada-producao-de-cannabis\/#primaryimage"},"thumbnailUrl":"https:\/\/portaltela.pt\/s.01k8rhncp4jt1\/2026\/01\/3ba8a974e8c7b3c350a3e14ea631aa9fb985cd70.jpg","datePublished":"2026-01-29T16:23:00+00:00","author":{"@id":"https:\/\/portaltela.pt\/#\/schema\/person\/c4278d4a6028830caff9ee44b42d32ed"},"breadcrumb":{"@id":"https:\/\/portaltela.pt\/noticias\/2026\/01\/29\/cantanhede-desmantelada-producao-de-cannabis\/#breadcrumb"},"inLanguage":"pt-PT","potentialAction":[{"@type":"ReadAction","target":["https:\/\/portaltela.pt\/noticias\/2026\/01\/29\/cantanhede-desmantelada-producao-de-cannabis\/"]}]},{"@type":"ImageObject","inLanguage":"pt-PT","@id":"https:\/\/portaltela.pt\/noticias\/2026\/01\/29\/cantanhede-desmantelada-producao-de-cannabis\/#primaryimage","url":"https:\/\/portaltela.pt\/s.01k8rhncp4jt1\/2026\/01\/3ba8a974e8c7b3c350a3e14ea631aa9fb985cd70.jpg","contentUrl":"https:\/\/portaltela.pt\/s.01k8rhncp4jt1\/2026\/01\/3ba8a974e8c7b3c350a3e14ea631aa9fb985cd70.jpg","width":796,"height":448,"caption":"Photo"},{"@type":"BreadcrumbList","@id":"https:\/\/portaltela.pt\/noticias\/2026\/01\/29\/cantanhede-desmantelada-producao-de-cannabis\/#breadcrumb","itemListElement":[{"@type":"ListItem","position":1,"name":"In\u00edcio","item":"https:\/\/portaltela.pt\/"},{"@type":"ListItem","position":2,"name":"Cantanhede: Desmantelada produ\u00e7\u00e3o de cannabis"}]},{"@type":"WebSite","@id":"https:\/\/portaltela.pt\/#website","url":"https:\/\/portaltela.pt\/","name":"Portal Tela Portugal","description":"","potentialAction":[{"@type":"SearchAction","target":{"@type":"EntryPoint","urlTemplate":"https:\/\/portaltela.pt\/?s={search_term_string}"},"query-input":{"@type":"PropertyValueSpecification","valueRequired":true,"valueName":"search_term_string"}}],"inLanguage":"pt-PT"},{"@type":"Person","@id":"https:\/\/portaltela.pt\/#\/schema\/person\/c4278d4a6028830caff9ee44b42d32ed","name":"Telinha","image":{"@type":"ImageObject","inLanguage":"pt-PT","@id":"https:\/\/portaltela.pt\/s.01k8rhncp4jt1\/2025\/11\/talking-bot-125x125.png","url":"https:\/\/portaltela.pt\/s.01k8rhncp4jt1\/2025\/11\/talking-bot-125x125.png","contentUrl":"https:\/\/portaltela.pt\/s.01k8rhncp4jt1\/2025\/11\/talking-bot-125x125.png","caption":"Telinha"},"sameAs":["https:\/\/portaltela.pt\/"],"url":"https:\/\/portaltela.pt\/por\/367410592786\/"}]}},"_links":{"self":[{"href":"https:\/\/portaltela.pt\/api\/wp\/v2\/posts\/181762","targetHints":{"allow":["GET"]}}],"collection":[{"href":"https:\/\/portaltela.pt\/api\/wp\/v2\/posts"}],"about":[{"href":"https:\/\/portaltela.pt\/api\/wp\/v2\/types\/post"}],"author":[{"embeddable":true,"href":"https:\/\/portaltela.pt\/api\/wp\/v2\/users\/2"}],"replies":[{"embeddable":true,"href":"https:\/\/portaltela.pt\/api\/wp\/v2\/comments?post=181762"}],"version-history":[{"count":0,"href":"https:\/\/portaltela.pt\/api\/wp\/v2\/posts\/181762\/revisions"}],"wp:featuredmedia":[{"embeddable":true,"href":"https:\/\/portaltela.pt\/api\/wp\/v2\/media\/181773"}],"wp:attachment":[{"href":"https:\/\/portaltela.pt\/api\/wp\/v2\/media?parent=181762"}],"wp:term":[{"taxonomy":"category","embeddable":true,"href":"https:\/\/portaltela.pt\/api\/wp\/v2\/categories?post=181762"},{"taxonomy":"post_tag","embeddable":true,"href":"https:\/\/portaltela.pt\/api\/wp\/v2\/tags?post=181762"}],"curies":[{"name":"wp","href":"https:\/\/api.w.org\/{rel}","templated":true}]}}