{"id":181714,"date":"2026-01-29T13:10:00","date_gmt":"2026-01-29T16:10:00","guid":{"rendered":"https:\/\/portaltela.pt\/noticias\/2026\/01\/29\/choramos-de-menos-o-que-leva-as-birras\/"},"modified":"2026-01-29T13:10:00","modified_gmt":"2026-01-29T16:10:00","slug":"choramos-de-menos-o-que-leva-as-birras","status":"publish","type":"post","link":"https:\/\/portaltela.pt\/noticias\/2026\/01\/29\/choramos-de-menos-o-que-leva-as-birras\/","title":{"rendered":"Choramos de menos: o que leva \u00e0s birras?"},"content":{"rendered":"<p>O novo epis\u00f3dio de Birras de M\u00e3e foca na fun\u00e7\u00e3o das l\u00e1grimas e na press\u00e3o social que muitas vezes as reprime. A discuss\u00e3o questiona se a express\u00e3o emocional \u00e9 saud\u00e1vel quando contida e qual o impacto desta repress\u00e3o na aprendizagem das crian\u00e7as.<\/p>\n<p>A conversa ressalta que, apesar de as l\u00e1grimas serem uma rea\u00e7\u00e3o humana universal, existem interpreta\u00e7\u00f5es que as associam a manipula\u00e7\u00e3o. O epis\u00f3dio analisa o papel das mulheres nesse debate, destacando a necessidade de evitar estigmatizar o choro como coisa errada.<\/p>\n<p>Birras de M\u00e3e \u00e9 lan\u00e7ado semanalmente \u00e0s quintas-feiras e est\u00e1 dispon\u00edvel em v\u00e1rias plataformas de podcasts, incluindo Apple Podcasts e Spotify. O programa busca trazer uma perspetiva informativa sobre temas de parentalidade e emo\u00e7\u00f5es, sem recorrer a simplifica\u00e7\u00f5es.<\/p>\n<h3>Conte\u00fado e mensagens do epis\u00f3dio<\/h3>\n<p>O epis\u00f3dio apresenta a ideia de que o choro cumpre fun\u00e7\u00f5es importantes, desde a sinaliza\u00e7\u00e3o de desconforto at\u00e9 o fortalecimento de v\u00ednculos humanos. A discuss\u00e3o evita julgamentos e centra-se em evid\u00eancias do comportamento humano e da educa\u00e7\u00e3o emocional.<\/p>\n<p>S\u00e3o exploradas as implica\u00e7\u00f5es de n\u00e3o permitir a descarga emocional, com refer\u00eancia a exemplos de crian\u00e7as e adultos. O objetivo \u00e9 promover compreens\u00e3o sobre como gerir as l\u00e1grimas de forma saud\u00e1vel, respeitando diferentes contextos familiares.<\/p>\n<h3>Disponibilidade<\/h3>\n<p>O programa mant\u00e9m uma cad\u00eancia regular \u00e0s quintas-feiras e segue dispon\u00edvel em plataformas de streaming de podcasts. A produ\u00e7\u00e3o sublinha a import\u00e2ncia de abordar as emo\u00e7\u00f5es com neutralidade e sem estigmas.<\/p>\n","protected":false},"excerpt":{"rendered":"<ul>\n<li>O epis\u00f3dio &#8220;Birras de M\u00e3e&#8221; discute a fun\u00e7\u00e3o das l\u00e1grimas e a ideia de as reprimi-las.<\/li>\n<li>Afirma que as l\u00e1grimas servem para sensibilizar e unir as pessoas, e que os beb\u00e9s come\u00e7am a produzir l\u00e1grimas no primeiro m\u00eas de vida.<\/li>\n<li>Indica que h\u00e1 quem interprete o choro como manipula\u00e7\u00e3o, especialmente em rela\u00e7\u00e3o \u00e0s mulheres.<\/li>\n<li>O programa est\u00e1 dispon\u00edvel \u00e0s quintas-feiras em Apple Podcasts, Spotify e noutras aplica\u00e7\u00f5es de podcasts.<\/li>\n<\/ul>\n","protected":false},"author":2,"featured_media":181716,"comment_status":"closed","ping_status":"closed","sticky":false,"template":"","format":"standard","meta":{"footnotes":""},"categories":[1],"tags":[3953,969,163,64,2701,1140],"class_list":["post-181714","post","type-post","status-publish","format-standard","has-post-thumbnail","hentry","category-noticias","tag-criancas","tag-dinamicas-familiares","tag-educacao","tag-familia","tag-mulheres","tag-parentalidade"],"yoast_head":"<!-- This site is optimized with the Yoast SEO plugin v27.2 - https:\/\/yoast.com\/product\/yoast-seo-wordpress\/ -->\n<title>Choramos de menos: o que leva \u00e0s birras? - Portal Tela Portugal<\/title>\n<meta name=\"robots\" content=\"index, follow, max-snippet:-1, max-image-preview:large, max-video-preview:-1\" \/>\n<meta property=\"og:locale\" content=\"pt_PT\" \/>\n<meta property=\"og:type\" content=\"article\" \/>\n<meta property=\"og:title\" content=\"Choramos de menos: o que leva \u00e0s birras? - Portal Tela Portugal\" \/>\n<meta property=\"og:description\" content=\"O epis\u00f3dio &quot;Birras de M\u00e3e&quot; discute a fun\u00e7\u00e3o das l\u00e1grimas e a ideia de as reprimi-las. Afirma que as l\u00e1grimas servem para sensibilizar e unir as pessoas, e que os beb\u00e9s come\u00e7am a produzir l\u00e1grimas no primeiro m\u00eas de vida. Indica que h\u00e1 quem interprete o choro como manipula\u00e7\u00e3o, especialmente em rela\u00e7\u00e3o \u00e0s mulheres. O programa est\u00e1 dispon\u00edvel \u00e0s quintas-feiras em Apple Podcasts, Spotify e noutras aplica\u00e7\u00f5es de podcasts.\" \/>\n<meta property=\"og:url\" content=\"https:\/\/portaltela.pt\/noticias\/2026\/01\/29\/choramos-de-menos-o-que-leva-as-birras\/\" \/>\n<meta property=\"og:site_name\" content=\"Portal Tela Portugal\" \/>\n<meta property=\"article:published_time\" content=\"2026-01-29T16:10:00+00:00\" \/>\n<meta name=\"author\" content=\"Telinha\" \/>\n<meta name=\"twitter:card\" content=\"summary_large_image\" \/>\n<meta name=\"twitter:label1\" content=\"Escrito por\" \/>\n\t<meta name=\"twitter:data1\" content=\"Telinha\" \/>\n\t<meta name=\"twitter:label2\" content=\"Tempo estimado de leitura\" \/>\n\t<meta name=\"twitter:data2\" content=\"1 minuto\" \/>\n<script type=\"application\/ld+json\" class=\"yoast-schema-graph\">{\"@context\":\"https:\/\/schema.org\",\"@graph\":[{\"@type\":\"Article\",\"@id\":\"https:\/\/portaltela.pt\/noticias\/2026\/01\/29\/choramos-de-menos-o-que-leva-as-birras\/#article\",\"isPartOf\":{\"@id\":\"https:\/\/portaltela.pt\/noticias\/2026\/01\/29\/choramos-de-menos-o-que-leva-as-birras\/\"},\"author\":{\"name\":\"Telinha\",\"@id\":\"https:\/\/portaltela.pt\/#\/schema\/person\/c4278d4a6028830caff9ee44b42d32ed\"},\"headline\":\"Choramos de menos: o que leva \u00e0s birras?\",\"datePublished\":\"2026-01-29T16:10:00+00:00\",\"mainEntityOfPage\":{\"@id\":\"https:\/\/portaltela.pt\/noticias\/2026\/01\/29\/choramos-de-menos-o-que-leva-as-birras\/\"},\"wordCount\":279,\"image\":{\"@id\":\"https:\/\/portaltela.pt\/noticias\/2026\/01\/29\/choramos-de-menos-o-que-leva-as-birras\/#primaryimage\"},\"thumbnailUrl\":\"https:\/\/portaltela.pt\/s.01k8rhncp4jt1\/2026\/01\/2062757.jpg\",\"keywords\":[\"crian\u00e7as\",\"din\u00e2micas familiares\",\"educa\u00e7\u00e3o\",\"fam\u00edlia\",\"Mulheres\",\"parentalidade\"],\"articleSection\":[\"Not\u00edcias\"],\"inLanguage\":\"pt-PT\"},{\"@type\":\"WebPage\",\"@id\":\"https:\/\/portaltela.pt\/noticias\/2026\/01\/29\/choramos-de-menos-o-que-leva-as-birras\/\",\"url\":\"https:\/\/portaltela.pt\/noticias\/2026\/01\/29\/choramos-de-menos-o-que-leva-as-birras\/\",\"name\":\"Choramos de menos: o que leva \u00e0s birras? - Portal Tela Portugal\",\"isPartOf\":{\"@id\":\"https:\/\/portaltela.pt\/#website\"},\"primaryImageOfPage\":{\"@id\":\"https:\/\/portaltela.pt\/noticias\/2026\/01\/29\/choramos-de-menos-o-que-leva-as-birras\/#primaryimage\"},\"image\":{\"@id\":\"https:\/\/portaltela.pt\/noticias\/2026\/01\/29\/choramos-de-menos-o-que-leva-as-birras\/#primaryimage\"},\"thumbnailUrl\":\"https:\/\/portaltela.pt\/s.01k8rhncp4jt1\/2026\/01\/2062757.jpg\",\"datePublished\":\"2026-01-29T16:10:00+00:00\",\"author\":{\"@id\":\"https:\/\/portaltela.pt\/#\/schema\/person\/c4278d4a6028830caff9ee44b42d32ed\"},\"breadcrumb\":{\"@id\":\"https:\/\/portaltela.pt\/noticias\/2026\/01\/29\/choramos-de-menos-o-que-leva-as-birras\/#breadcrumb\"},\"inLanguage\":\"pt-PT\",\"potentialAction\":[{\"@type\":\"ReadAction\",\"target\":[\"https:\/\/portaltela.pt\/noticias\/2026\/01\/29\/choramos-de-menos-o-que-leva-as-birras\/\"]}]},{\"@type\":\"ImageObject\",\"inLanguage\":\"pt-PT\",\"@id\":\"https:\/\/portaltela.pt\/noticias\/2026\/01\/29\/choramos-de-menos-o-que-leva-as-birras\/#primaryimage\",\"url\":\"https:\/\/portaltela.pt\/s.01k8rhncp4jt1\/2026\/01\/2062757.jpg\",\"contentUrl\":\"https:\/\/portaltela.pt\/s.01k8rhncp4jt1\/2026\/01\/2062757.jpg\",\"width\":796,\"height\":448,\"caption\":\"Photo\"},{\"@type\":\"BreadcrumbList\",\"@id\":\"https:\/\/portaltela.pt\/noticias\/2026\/01\/29\/choramos-de-menos-o-que-leva-as-birras\/#breadcrumb\",\"itemListElement\":[{\"@type\":\"ListItem\",\"position\":1,\"name\":\"In\u00edcio\",\"item\":\"https:\/\/portaltela.pt\/\"},{\"@type\":\"ListItem\",\"position\":2,\"name\":\"Choramos de menos: o que leva \u00e0s birras?\"}]},{\"@type\":\"WebSite\",\"@id\":\"https:\/\/portaltela.pt\/#website\",\"url\":\"https:\/\/portaltela.pt\/\",\"name\":\"Portal Tela Portugal\",\"description\":\"\",\"potentialAction\":[{\"@type\":\"SearchAction\",\"target\":{\"@type\":\"EntryPoint\",\"urlTemplate\":\"https:\/\/portaltela.pt\/?s={search_term_string}\"},\"query-input\":{\"@type\":\"PropertyValueSpecification\",\"valueRequired\":true,\"valueName\":\"search_term_string\"}}],\"inLanguage\":\"pt-PT\"},{\"@type\":\"Person\",\"@id\":\"https:\/\/portaltela.pt\/#\/schema\/person\/c4278d4a6028830caff9ee44b42d32ed\",\"name\":\"Telinha\",\"image\":{\"@type\":\"ImageObject\",\"inLanguage\":\"pt-PT\",\"@id\":\"https:\/\/portaltela.pt\/s.01k8rhncp4jt1\/2025\/11\/talking-bot-125x125.png\",\"url\":\"https:\/\/portaltela.pt\/s.01k8rhncp4jt1\/2025\/11\/talking-bot-125x125.png\",\"contentUrl\":\"https:\/\/portaltela.pt\/s.01k8rhncp4jt1\/2025\/11\/talking-bot-125x125.png\",\"caption\":\"Telinha\"},\"sameAs\":[\"https:\/\/portaltela.pt\/\"],\"url\":\"https:\/\/portaltela.pt\/por\/367410592786\/\"}]}<\/script>\n<!-- \/ Yoast SEO plugin. -->","yoast_head_json":{"title":"Choramos de menos: o que leva \u00e0s birras? - Portal Tela Portugal","robots":{"index":"index","follow":"follow","max-snippet":"max-snippet:-1","max-image-preview":"max-image-preview:large","max-video-preview":"max-video-preview:-1"},"og_locale":"pt_PT","og_type":"article","og_title":"Choramos de menos: o que leva \u00e0s birras? - Portal Tela Portugal","og_description":"O epis\u00f3dio \"Birras de M\u00e3e\" discute a fun\u00e7\u00e3o das l\u00e1grimas e a ideia de as reprimi-las. Afirma que as l\u00e1grimas servem para sensibilizar e unir as pessoas, e que os beb\u00e9s come\u00e7am a produzir l\u00e1grimas no primeiro m\u00eas de vida. Indica que h\u00e1 quem interprete o choro como manipula\u00e7\u00e3o, especialmente em rela\u00e7\u00e3o \u00e0s mulheres. O programa est\u00e1 dispon\u00edvel \u00e0s quintas-feiras em Apple Podcasts, Spotify e noutras aplica\u00e7\u00f5es de podcasts.","og_url":"https:\/\/portaltela.pt\/noticias\/2026\/01\/29\/choramos-de-menos-o-que-leva-as-birras\/","og_site_name":"Portal Tela Portugal","article_published_time":"2026-01-29T16:10:00+00:00","author":"Telinha","twitter_card":"summary_large_image","twitter_misc":{"Escrito por":"Telinha","Tempo estimado de leitura":"1 minuto"},"schema":{"@context":"https:\/\/schema.org","@graph":[{"@type":"Article","@id":"https:\/\/portaltela.pt\/noticias\/2026\/01\/29\/choramos-de-menos-o-que-leva-as-birras\/#article","isPartOf":{"@id":"https:\/\/portaltela.pt\/noticias\/2026\/01\/29\/choramos-de-menos-o-que-leva-as-birras\/"},"author":{"name":"Telinha","@id":"https:\/\/portaltela.pt\/#\/schema\/person\/c4278d4a6028830caff9ee44b42d32ed"},"headline":"Choramos de menos: o que leva \u00e0s birras?","datePublished":"2026-01-29T16:10:00+00:00","mainEntityOfPage":{"@id":"https:\/\/portaltela.pt\/noticias\/2026\/01\/29\/choramos-de-menos-o-que-leva-as-birras\/"},"wordCount":279,"image":{"@id":"https:\/\/portaltela.pt\/noticias\/2026\/01\/29\/choramos-de-menos-o-que-leva-as-birras\/#primaryimage"},"thumbnailUrl":"https:\/\/portaltela.pt\/s.01k8rhncp4jt1\/2026\/01\/2062757.jpg","keywords":["crian\u00e7as","din\u00e2micas familiares","educa\u00e7\u00e3o","fam\u00edlia","Mulheres","parentalidade"],"articleSection":["Not\u00edcias"],"inLanguage":"pt-PT"},{"@type":"WebPage","@id":"https:\/\/portaltela.pt\/noticias\/2026\/01\/29\/choramos-de-menos-o-que-leva-as-birras\/","url":"https:\/\/portaltela.pt\/noticias\/2026\/01\/29\/choramos-de-menos-o-que-leva-as-birras\/","name":"Choramos de menos: o que leva \u00e0s birras? - Portal Tela Portugal","isPartOf":{"@id":"https:\/\/portaltela.pt\/#website"},"primaryImageOfPage":{"@id":"https:\/\/portaltela.pt\/noticias\/2026\/01\/29\/choramos-de-menos-o-que-leva-as-birras\/#primaryimage"},"image":{"@id":"https:\/\/portaltela.pt\/noticias\/2026\/01\/29\/choramos-de-menos-o-que-leva-as-birras\/#primaryimage"},"thumbnailUrl":"https:\/\/portaltela.pt\/s.01k8rhncp4jt1\/2026\/01\/2062757.jpg","datePublished":"2026-01-29T16:10:00+00:00","author":{"@id":"https:\/\/portaltela.pt\/#\/schema\/person\/c4278d4a6028830caff9ee44b42d32ed"},"breadcrumb":{"@id":"https:\/\/portaltela.pt\/noticias\/2026\/01\/29\/choramos-de-menos-o-que-leva-as-birras\/#breadcrumb"},"inLanguage":"pt-PT","potentialAction":[{"@type":"ReadAction","target":["https:\/\/portaltela.pt\/noticias\/2026\/01\/29\/choramos-de-menos-o-que-leva-as-birras\/"]}]},{"@type":"ImageObject","inLanguage":"pt-PT","@id":"https:\/\/portaltela.pt\/noticias\/2026\/01\/29\/choramos-de-menos-o-que-leva-as-birras\/#primaryimage","url":"https:\/\/portaltela.pt\/s.01k8rhncp4jt1\/2026\/01\/2062757.jpg","contentUrl":"https:\/\/portaltela.pt\/s.01k8rhncp4jt1\/2026\/01\/2062757.jpg","width":796,"height":448,"caption":"Photo"},{"@type":"BreadcrumbList","@id":"https:\/\/portaltela.pt\/noticias\/2026\/01\/29\/choramos-de-menos-o-que-leva-as-birras\/#breadcrumb","itemListElement":[{"@type":"ListItem","position":1,"name":"In\u00edcio","item":"https:\/\/portaltela.pt\/"},{"@type":"ListItem","position":2,"name":"Choramos de menos: o que leva \u00e0s birras?"}]},{"@type":"WebSite","@id":"https:\/\/portaltela.pt\/#website","url":"https:\/\/portaltela.pt\/","name":"Portal Tela Portugal","description":"","potentialAction":[{"@type":"SearchAction","target":{"@type":"EntryPoint","urlTemplate":"https:\/\/portaltela.pt\/?s={search_term_string}"},"query-input":{"@type":"PropertyValueSpecification","valueRequired":true,"valueName":"search_term_string"}}],"inLanguage":"pt-PT"},{"@type":"Person","@id":"https:\/\/portaltela.pt\/#\/schema\/person\/c4278d4a6028830caff9ee44b42d32ed","name":"Telinha","image":{"@type":"ImageObject","inLanguage":"pt-PT","@id":"https:\/\/portaltela.pt\/s.01k8rhncp4jt1\/2025\/11\/talking-bot-125x125.png","url":"https:\/\/portaltela.pt\/s.01k8rhncp4jt1\/2025\/11\/talking-bot-125x125.png","contentUrl":"https:\/\/portaltela.pt\/s.01k8rhncp4jt1\/2025\/11\/talking-bot-125x125.png","caption":"Telinha"},"sameAs":["https:\/\/portaltela.pt\/"],"url":"https:\/\/portaltela.pt\/por\/367410592786\/"}]}},"_links":{"self":[{"href":"https:\/\/portaltela.pt\/api\/wp\/v2\/posts\/181714","targetHints":{"allow":["GET"]}}],"collection":[{"href":"https:\/\/portaltela.pt\/api\/wp\/v2\/posts"}],"about":[{"href":"https:\/\/portaltela.pt\/api\/wp\/v2\/types\/post"}],"author":[{"embeddable":true,"href":"https:\/\/portaltela.pt\/api\/wp\/v2\/users\/2"}],"replies":[{"embeddable":true,"href":"https:\/\/portaltela.pt\/api\/wp\/v2\/comments?post=181714"}],"version-history":[{"count":0,"href":"https:\/\/portaltela.pt\/api\/wp\/v2\/posts\/181714\/revisions"}],"wp:featuredmedia":[{"embeddable":true,"href":"https:\/\/portaltela.pt\/api\/wp\/v2\/media\/181716"}],"wp:attachment":[{"href":"https:\/\/portaltela.pt\/api\/wp\/v2\/media?parent=181714"}],"wp:term":[{"taxonomy":"category","embeddable":true,"href":"https:\/\/portaltela.pt\/api\/wp\/v2\/categories?post=181714"},{"taxonomy":"post_tag","embeddable":true,"href":"https:\/\/portaltela.pt\/api\/wp\/v2\/tags?post=181714"}],"curies":[{"name":"wp","href":"https:\/\/api.w.org\/{rel}","templated":true}]}}