{"id":181703,"date":"2026-01-29T12:54:00","date_gmt":"2026-01-29T15:54:00","guid":{"rendered":"https:\/\/portaltela.pt\/noticias\/2026\/01\/29\/mau-tempo-obriga-doentes-em-oxigenoterapia-no-medio-tejo-a-recorrer-a-hospitais-com-falha-de-energia\/"},"modified":"2026-01-29T12:54:00","modified_gmt":"2026-01-29T15:54:00","slug":"mau-tempo-obriga-doentes-em-oxigenoterapia-no-medio-tejo-a-recorrer-a-hospitais-com-falha-de-energia","status":"publish","type":"post","link":"https:\/\/portaltela.pt\/noticias\/2026\/01\/29\/mau-tempo-obriga-doentes-em-oxigenoterapia-no-medio-tejo-a-recorrer-a-hospitais-com-falha-de-energia\/","title":{"rendered":"Mau tempo obriga doentes em oxigenoterapia no M\u00e9dio Tejo a recorrer a hospitais com falha de energia"},"content":{"rendered":"<p>A Unidade Local de Sa\u00fade (ULS) do M\u00e9dio Tejo pediu hoje aos doentes em oxigenoterapia que se dirijam aos hospitais em caso de falha de energia, ap\u00f3s a tempestade Kristin ter deixado ocorr\u00eancias pontuais. Os hospitais de Abrantes, Tomar e Torres Novas mant\u00eam funcionamento normal, segundo a institui\u00e7\u00e3o.<\/p>\n<p>A ULS explica que os utentes com mecanismos de ventila\u00e7\u00e3o com oxig\u00e9nio devem aceder aos servi\u00e7os de reabastecimento ou recarregar equipamentos na rece\u00e7\u00e3o, para garantirem a continuidade do tratamento. Em caso de interrup\u00e7\u00e3o el\u00e9trica, os doentes domicili\u00e1rios podem recorrer aos tr\u00eas hospitais para assegurar os cuidados respirat\u00f3rios.<\/p>\n<h3>Medidas de conting\u00eancia<\/h3>\n<p>Em comunicado, a ULS assegura que as unidades est\u00e3o preparadas para apoiar quem precise de carregar equipamentos ou de botijas de oxig\u00e9nio, mantendo a seguran\u00e7a cl\u00ednica. Casimiro Ramos, presidente do Conselho de Administra\u00e7\u00e3o, informou que as tr\u00eas unidades funcionam normalmente, com algumas falhas pontuais em eletricidade, sistemas e comunica\u00e7\u00f5es.<\/p>\n<p>Disse ainda que, apesar de a rede de cuidados de sa\u00fade prim\u00e1rios enfrentar dificuldades de acesso a alguns sistemas, os atendimentos nos centros de sa\u00fade permanecem ativos. As consultas programadas podem ser adiadas para permitir registos manuais e a respetiva transcri\u00e7\u00e3o para o sistema.<\/p>\n<p>A institui\u00e7\u00e3o alerta para eventuais constrangimentos tempor\u00e1rios ou encerramentos de extens\u00f5es de sa\u00fade devido a problemas de comunica\u00e7\u00f5es, sistemas inform\u00e1ticos e ao fornecimento intermitente de energia e \u00e1gua. Um exemplo \u00e9 a extens\u00e3o de Cem Soldos, em Tomar, cuja popula\u00e7\u00e3o deve dirigir-se \u00e0 Unidade de Cuidados de Sa\u00fade Personalizados de Tomar.<\/p>\n<p>Casimiro Ramos pediu compreens\u00e3o \u00e0 popula\u00e7\u00e3o face \u00e0 situa\u00e7\u00e3o excecional causada pela tempestade Kristin. O dirigente reiterou que a prioridade \u00e9 manter o acesso a cuidados, especialmente para quem depende de oxig\u00e9nio.<\/p>\n<p>A ULS assegura que os hospitais n\u00e3o enfrentaram quebras de eletricidade ou \u00e1gua nem necessidade de geradores. Tamb\u00e9m pediu o uso respons\u00e1vel dos servi\u00e7os de urg\u00eancia, reservando-os para situa\u00e7\u00f5es graves ou de emerg\u00eancia.<\/p>\n<p>No \u00e2mbito do plano de conting\u00eancia, os centros de sa\u00fade de Abrantes, Torres Novas e Tomar mant\u00eam hor\u00e1rio alargado at\u00e9 \u00e0s 22:00. A passagem da depress\u00e3o Kristin causou mortos, feridos, desalojados e estragos significativos em v\u00e1rias regi\u00f5es.<\/p>\n<p>De acordo com o balan\u00e7o, Leiria, Coimbra e Santar\u00e9m registaram os maiores danos. O Governo deve decretar situa\u00e7\u00e3o de calamidade nas zonas mais afetadas.<\/p>\n","protected":false},"excerpt":{"rendered":"<ul>\n<li>A Unidade Local de Sa\u00fade (ULS) do M\u00e9dio Tejo pediu aos utentes em oxigenoterapia que se dirijam aos hospitais em caso de falha de energia, assegurando que as tr\u00eas unidades funcionam normalmente ap\u00f3s a tempestade Kristin.<\/li>\n<li>Utentes com ventila\u00e7\u00e3o a oxig\u00e9nio devem procurar um hospital para recarregar equipamentos ou obter oxig\u00e9nio; se n\u00e3o houver contacto com a fornecedora, podem deslocar-se aos hospitais de Abrantes, Tomar ou Torres Novas.<\/li>\n<li>Casimiro Ramos afirmou que as tr\u00eas unidades est\u00e3o a funcionar normalmente, embora tenha havido falhas pontuais em eletricidade, sistemas e comunica\u00e7\u00f5es; atendimentos em cuidados de sa\u00fade prim\u00e1rios continuam, mas algumas consultas programadas foram adiadas.<\/li>\n<li>Podem ocorrer constrangimentos pontuais ou encerramento tempor\u00e1rio de extens\u00f5es de sa\u00fade devido a problemas de comunica\u00e7\u00f5es, sistemas inform\u00e1ticos, energia ou \u00e1gua; a extens\u00e3o de Cem Soldos, em Tomar, deve dirigir-se \u00e0 Unidade de Cuidados de Sa\u00fade Personalizados de Tomar.<\/li>\n<li>Centros de sa\u00fade de Abrantes, Torres Novas e Tomar funcionam em hor\u00e1rio alargado at\u00e9 \u00e0s 22:00; o governo prev\u00ea decretar calamidade nas zonas mais afetadas pela tempestade Kristin.<\/li>\n<\/ul>\n","protected":false},"author":2,"featured_media":181706,"comment_status":"closed","ping_status":"closed","sticky":false,"template":"","format":"standard","meta":{"footnotes":""},"categories":[1],"tags":[1263,4687,174,2581,1088,1741],"class_list":["post-181703","post","type-post","status-publish","format-standard","has-post-thumbnail","hentry","category-noticias","tag-abrantes","tag-calamidade-publica","tag-energia","tag-hospitais","tag-tomar","tag-torres-novas"],"yoast_head":"<!-- This site is optimized with the Yoast SEO plugin v27.2 - https:\/\/yoast.com\/product\/yoast-seo-wordpress\/ -->\n<title>Mau tempo obriga doentes em oxigenoterapia no M\u00e9dio Tejo a recorrer a hospitais com falha de energia - Portal Tela Portugal<\/title>\n<meta name=\"robots\" content=\"index, follow, max-snippet:-1, max-image-preview:large, max-video-preview:-1\" \/>\n<meta property=\"og:locale\" content=\"pt_PT\" \/>\n<meta property=\"og:type\" content=\"article\" \/>\n<meta property=\"og:title\" content=\"Mau tempo obriga doentes em oxigenoterapia no M\u00e9dio Tejo a recorrer a hospitais com falha de energia - Portal Tela Portugal\" \/>\n<meta property=\"og:description\" content=\"A Unidade Local de Sa\u00fade (ULS) do M\u00e9dio Tejo pediu aos utentes em oxigenoterapia que se dirijam aos hospitais em caso de falha de energia, assegurando que as tr\u00eas unidades funcionam normalmente ap\u00f3s a tempestade Kristin. Utentes com ventila\u00e7\u00e3o a oxig\u00e9nio devem procurar um hospital para recarregar equipamentos ou obter oxig\u00e9nio; se n\u00e3o houver contacto com a fornecedora, podem deslocar-se aos hospitais de Abrantes, Tomar ou Torres Novas. Casimiro Ramos afirmou que as tr\u00eas unidades est\u00e3o a funcionar normalmente, embora tenha havido falhas pontuais em eletricidade, sistemas e comunica\u00e7\u00f5es; atendimentos em cuidados de sa\u00fade prim\u00e1rios continuam, mas algumas consultas programadas foram adiadas. Podem ocorrer constrangimentos pontuais ou encerramento tempor\u00e1rio de extens\u00f5es de sa\u00fade devido a problemas de comunica\u00e7\u00f5es, sistemas inform\u00e1ticos, energia ou \u00e1gua; a extens\u00e3o de Cem Soldos, em Tomar, deve dirigir-se \u00e0 Unidade de Cuidados de Sa\u00fade Personalizados de Tomar. Centros de sa\u00fade de Abrantes, Torres Novas e Tomar funcionam em hor\u00e1rio alargado at\u00e9 \u00e0s 22:00; o governo prev\u00ea decretar calamidade nas zonas mais afetadas pela tempestade Kristin.\" \/>\n<meta property=\"og:url\" content=\"https:\/\/portaltela.pt\/noticias\/2026\/01\/29\/mau-tempo-obriga-doentes-em-oxigenoterapia-no-medio-tejo-a-recorrer-a-hospitais-com-falha-de-energia\/\" \/>\n<meta property=\"og:site_name\" content=\"Portal Tela Portugal\" \/>\n<meta property=\"article:published_time\" content=\"2026-01-29T15:54:00+00:00\" \/>\n<meta name=\"author\" content=\"Telinha\" \/>\n<meta name=\"twitter:card\" content=\"summary_large_image\" \/>\n<meta name=\"twitter:label1\" content=\"Escrito por\" \/>\n\t<meta name=\"twitter:data1\" content=\"Telinha\" \/>\n\t<meta name=\"twitter:label2\" content=\"Tempo estimado de leitura\" \/>\n\t<meta name=\"twitter:data2\" content=\"2 minutos\" \/>\n<script type=\"application\/ld+json\" class=\"yoast-schema-graph\">{\"@context\":\"https:\/\/schema.org\",\"@graph\":[{\"@type\":\"Article\",\"@id\":\"https:\/\/portaltela.pt\/noticias\/2026\/01\/29\/mau-tempo-obriga-doentes-em-oxigenoterapia-no-medio-tejo-a-recorrer-a-hospitais-com-falha-de-energia\/#article\",\"isPartOf\":{\"@id\":\"https:\/\/portaltela.pt\/noticias\/2026\/01\/29\/mau-tempo-obriga-doentes-em-oxigenoterapia-no-medio-tejo-a-recorrer-a-hospitais-com-falha-de-energia\/\"},\"author\":{\"name\":\"Telinha\",\"@id\":\"https:\/\/portaltela.pt\/#\/schema\/person\/c4278d4a6028830caff9ee44b42d32ed\"},\"headline\":\"Mau tempo obriga doentes em oxigenoterapia no M\u00e9dio Tejo a recorrer a hospitais com falha de energia\",\"datePublished\":\"2026-01-29T15:54:00+00:00\",\"mainEntityOfPage\":{\"@id\":\"https:\/\/portaltela.pt\/noticias\/2026\/01\/29\/mau-tempo-obriga-doentes-em-oxigenoterapia-no-medio-tejo-a-recorrer-a-hospitais-com-falha-de-energia\/\"},\"wordCount\":437,\"image\":{\"@id\":\"https:\/\/portaltela.pt\/noticias\/2026\/01\/29\/mau-tempo-obriga-doentes-em-oxigenoterapia-no-medio-tejo-a-recorrer-a-hospitais-com-falha-de-energia\/#primaryimage\"},\"thumbnailUrl\":\"https:\/\/portaltela.pt\/s.01k8rhncp4jt1\/2026\/01\/Hospital_Abrantes.jpg\",\"keywords\":[\"Abrantes\",\"calamidade p\u00fablica\",\"energia\",\"hospitais\",\"Tomar\",\"Torres Novas\"],\"articleSection\":[\"Not\u00edcias\"],\"inLanguage\":\"pt-PT\"},{\"@type\":\"WebPage\",\"@id\":\"https:\/\/portaltela.pt\/noticias\/2026\/01\/29\/mau-tempo-obriga-doentes-em-oxigenoterapia-no-medio-tejo-a-recorrer-a-hospitais-com-falha-de-energia\/\",\"url\":\"https:\/\/portaltela.pt\/noticias\/2026\/01\/29\/mau-tempo-obriga-doentes-em-oxigenoterapia-no-medio-tejo-a-recorrer-a-hospitais-com-falha-de-energia\/\",\"name\":\"Mau tempo obriga doentes em oxigenoterapia no M\u00e9dio Tejo a recorrer a hospitais com falha de energia - Portal Tela Portugal\",\"isPartOf\":{\"@id\":\"https:\/\/portaltela.pt\/#website\"},\"primaryImageOfPage\":{\"@id\":\"https:\/\/portaltela.pt\/noticias\/2026\/01\/29\/mau-tempo-obriga-doentes-em-oxigenoterapia-no-medio-tejo-a-recorrer-a-hospitais-com-falha-de-energia\/#primaryimage\"},\"image\":{\"@id\":\"https:\/\/portaltela.pt\/noticias\/2026\/01\/29\/mau-tempo-obriga-doentes-em-oxigenoterapia-no-medio-tejo-a-recorrer-a-hospitais-com-falha-de-energia\/#primaryimage\"},\"thumbnailUrl\":\"https:\/\/portaltela.pt\/s.01k8rhncp4jt1\/2026\/01\/Hospital_Abrantes.jpg\",\"datePublished\":\"2026-01-29T15:54:00+00:00\",\"author\":{\"@id\":\"https:\/\/portaltela.pt\/#\/schema\/person\/c4278d4a6028830caff9ee44b42d32ed\"},\"breadcrumb\":{\"@id\":\"https:\/\/portaltela.pt\/noticias\/2026\/01\/29\/mau-tempo-obriga-doentes-em-oxigenoterapia-no-medio-tejo-a-recorrer-a-hospitais-com-falha-de-energia\/#breadcrumb\"},\"inLanguage\":\"pt-PT\",\"potentialAction\":[{\"@type\":\"ReadAction\",\"target\":[\"https:\/\/portaltela.pt\/noticias\/2026\/01\/29\/mau-tempo-obriga-doentes-em-oxigenoterapia-no-medio-tejo-a-recorrer-a-hospitais-com-falha-de-energia\/\"]}]},{\"@type\":\"ImageObject\",\"inLanguage\":\"pt-PT\",\"@id\":\"https:\/\/portaltela.pt\/noticias\/2026\/01\/29\/mau-tempo-obriga-doentes-em-oxigenoterapia-no-medio-tejo-a-recorrer-a-hospitais-com-falha-de-energia\/#primaryimage\",\"url\":\"https:\/\/portaltela.pt\/s.01k8rhncp4jt1\/2026\/01\/Hospital_Abrantes.jpg\",\"contentUrl\":\"https:\/\/portaltela.pt\/s.01k8rhncp4jt1\/2026\/01\/Hospital_Abrantes.jpg\",\"width\":796,\"height\":448,\"caption\":\"ULS M\u00e9dio Tejo cria modelo preditivo para responder a fen\u00f3menos clim\u00e1ticos extremos\"},{\"@type\":\"BreadcrumbList\",\"@id\":\"https:\/\/portaltela.pt\/noticias\/2026\/01\/29\/mau-tempo-obriga-doentes-em-oxigenoterapia-no-medio-tejo-a-recorrer-a-hospitais-com-falha-de-energia\/#breadcrumb\",\"itemListElement\":[{\"@type\":\"ListItem\",\"position\":1,\"name\":\"In\u00edcio\",\"item\":\"https:\/\/portaltela.pt\/\"},{\"@type\":\"ListItem\",\"position\":2,\"name\":\"Mau tempo obriga doentes em oxigenoterapia no M\u00e9dio Tejo a recorrer a hospitais com falha de energia\"}]},{\"@type\":\"WebSite\",\"@id\":\"https:\/\/portaltela.pt\/#website\",\"url\":\"https:\/\/portaltela.pt\/\",\"name\":\"Portal Tela Portugal\",\"description\":\"\",\"potentialAction\":[{\"@type\":\"SearchAction\",\"target\":{\"@type\":\"EntryPoint\",\"urlTemplate\":\"https:\/\/portaltela.pt\/?s={search_term_string}\"},\"query-input\":{\"@type\":\"PropertyValueSpecification\",\"valueRequired\":true,\"valueName\":\"search_term_string\"}}],\"inLanguage\":\"pt-PT\"},{\"@type\":\"Person\",\"@id\":\"https:\/\/portaltela.pt\/#\/schema\/person\/c4278d4a6028830caff9ee44b42d32ed\",\"name\":\"Telinha\",\"image\":{\"@type\":\"ImageObject\",\"inLanguage\":\"pt-PT\",\"@id\":\"https:\/\/portaltela.pt\/s.01k8rhncp4jt1\/2025\/11\/talking-bot-125x125.png\",\"url\":\"https:\/\/portaltela.pt\/s.01k8rhncp4jt1\/2025\/11\/talking-bot-125x125.png\",\"contentUrl\":\"https:\/\/portaltela.pt\/s.01k8rhncp4jt1\/2025\/11\/talking-bot-125x125.png\",\"caption\":\"Telinha\"},\"sameAs\":[\"https:\/\/portaltela.pt\/\"],\"url\":\"https:\/\/portaltela.pt\/por\/367410592786\/\"}]}<\/script>\n<!-- \/ Yoast SEO plugin. -->","yoast_head_json":{"title":"Mau tempo obriga doentes em oxigenoterapia no M\u00e9dio Tejo a recorrer a hospitais com falha de energia - Portal Tela Portugal","robots":{"index":"index","follow":"follow","max-snippet":"max-snippet:-1","max-image-preview":"max-image-preview:large","max-video-preview":"max-video-preview:-1"},"og_locale":"pt_PT","og_type":"article","og_title":"Mau tempo obriga doentes em oxigenoterapia no M\u00e9dio Tejo a recorrer a hospitais com falha de energia - Portal Tela Portugal","og_description":"A Unidade Local de Sa\u00fade (ULS) do M\u00e9dio Tejo pediu aos utentes em oxigenoterapia que se dirijam aos hospitais em caso de falha de energia, assegurando que as tr\u00eas unidades funcionam normalmente ap\u00f3s a tempestade Kristin. Utentes com ventila\u00e7\u00e3o a oxig\u00e9nio devem procurar um hospital para recarregar equipamentos ou obter oxig\u00e9nio; se n\u00e3o houver contacto com a fornecedora, podem deslocar-se aos hospitais de Abrantes, Tomar ou Torres Novas. Casimiro Ramos afirmou que as tr\u00eas unidades est\u00e3o a funcionar normalmente, embora tenha havido falhas pontuais em eletricidade, sistemas e comunica\u00e7\u00f5es; atendimentos em cuidados de sa\u00fade prim\u00e1rios continuam, mas algumas consultas programadas foram adiadas. Podem ocorrer constrangimentos pontuais ou encerramento tempor\u00e1rio de extens\u00f5es de sa\u00fade devido a problemas de comunica\u00e7\u00f5es, sistemas inform\u00e1ticos, energia ou \u00e1gua; a extens\u00e3o de Cem Soldos, em Tomar, deve dirigir-se \u00e0 Unidade de Cuidados de Sa\u00fade Personalizados de Tomar. Centros de sa\u00fade de Abrantes, Torres Novas e Tomar funcionam em hor\u00e1rio alargado at\u00e9 \u00e0s 22:00; o governo prev\u00ea decretar calamidade nas zonas mais afetadas pela tempestade Kristin.","og_url":"https:\/\/portaltela.pt\/noticias\/2026\/01\/29\/mau-tempo-obriga-doentes-em-oxigenoterapia-no-medio-tejo-a-recorrer-a-hospitais-com-falha-de-energia\/","og_site_name":"Portal Tela Portugal","article_published_time":"2026-01-29T15:54:00+00:00","author":"Telinha","twitter_card":"summary_large_image","twitter_misc":{"Escrito por":"Telinha","Tempo estimado de leitura":"2 minutos"},"schema":{"@context":"https:\/\/schema.org","@graph":[{"@type":"Article","@id":"https:\/\/portaltela.pt\/noticias\/2026\/01\/29\/mau-tempo-obriga-doentes-em-oxigenoterapia-no-medio-tejo-a-recorrer-a-hospitais-com-falha-de-energia\/#article","isPartOf":{"@id":"https:\/\/portaltela.pt\/noticias\/2026\/01\/29\/mau-tempo-obriga-doentes-em-oxigenoterapia-no-medio-tejo-a-recorrer-a-hospitais-com-falha-de-energia\/"},"author":{"name":"Telinha","@id":"https:\/\/portaltela.pt\/#\/schema\/person\/c4278d4a6028830caff9ee44b42d32ed"},"headline":"Mau tempo obriga doentes em oxigenoterapia no M\u00e9dio Tejo a recorrer a hospitais com falha de energia","datePublished":"2026-01-29T15:54:00+00:00","mainEntityOfPage":{"@id":"https:\/\/portaltela.pt\/noticias\/2026\/01\/29\/mau-tempo-obriga-doentes-em-oxigenoterapia-no-medio-tejo-a-recorrer-a-hospitais-com-falha-de-energia\/"},"wordCount":437,"image":{"@id":"https:\/\/portaltela.pt\/noticias\/2026\/01\/29\/mau-tempo-obriga-doentes-em-oxigenoterapia-no-medio-tejo-a-recorrer-a-hospitais-com-falha-de-energia\/#primaryimage"},"thumbnailUrl":"https:\/\/portaltela.pt\/s.01k8rhncp4jt1\/2026\/01\/Hospital_Abrantes.jpg","keywords":["Abrantes","calamidade p\u00fablica","energia","hospitais","Tomar","Torres Novas"],"articleSection":["Not\u00edcias"],"inLanguage":"pt-PT"},{"@type":"WebPage","@id":"https:\/\/portaltela.pt\/noticias\/2026\/01\/29\/mau-tempo-obriga-doentes-em-oxigenoterapia-no-medio-tejo-a-recorrer-a-hospitais-com-falha-de-energia\/","url":"https:\/\/portaltela.pt\/noticias\/2026\/01\/29\/mau-tempo-obriga-doentes-em-oxigenoterapia-no-medio-tejo-a-recorrer-a-hospitais-com-falha-de-energia\/","name":"Mau tempo obriga doentes em oxigenoterapia no M\u00e9dio Tejo a recorrer a hospitais com falha de energia - Portal Tela Portugal","isPartOf":{"@id":"https:\/\/portaltela.pt\/#website"},"primaryImageOfPage":{"@id":"https:\/\/portaltela.pt\/noticias\/2026\/01\/29\/mau-tempo-obriga-doentes-em-oxigenoterapia-no-medio-tejo-a-recorrer-a-hospitais-com-falha-de-energia\/#primaryimage"},"image":{"@id":"https:\/\/portaltela.pt\/noticias\/2026\/01\/29\/mau-tempo-obriga-doentes-em-oxigenoterapia-no-medio-tejo-a-recorrer-a-hospitais-com-falha-de-energia\/#primaryimage"},"thumbnailUrl":"https:\/\/portaltela.pt\/s.01k8rhncp4jt1\/2026\/01\/Hospital_Abrantes.jpg","datePublished":"2026-01-29T15:54:00+00:00","author":{"@id":"https:\/\/portaltela.pt\/#\/schema\/person\/c4278d4a6028830caff9ee44b42d32ed"},"breadcrumb":{"@id":"https:\/\/portaltela.pt\/noticias\/2026\/01\/29\/mau-tempo-obriga-doentes-em-oxigenoterapia-no-medio-tejo-a-recorrer-a-hospitais-com-falha-de-energia\/#breadcrumb"},"inLanguage":"pt-PT","potentialAction":[{"@type":"ReadAction","target":["https:\/\/portaltela.pt\/noticias\/2026\/01\/29\/mau-tempo-obriga-doentes-em-oxigenoterapia-no-medio-tejo-a-recorrer-a-hospitais-com-falha-de-energia\/"]}]},{"@type":"ImageObject","inLanguage":"pt-PT","@id":"https:\/\/portaltela.pt\/noticias\/2026\/01\/29\/mau-tempo-obriga-doentes-em-oxigenoterapia-no-medio-tejo-a-recorrer-a-hospitais-com-falha-de-energia\/#primaryimage","url":"https:\/\/portaltela.pt\/s.01k8rhncp4jt1\/2026\/01\/Hospital_Abrantes.jpg","contentUrl":"https:\/\/portaltela.pt\/s.01k8rhncp4jt1\/2026\/01\/Hospital_Abrantes.jpg","width":796,"height":448,"caption":"ULS M\u00e9dio Tejo cria modelo preditivo para responder a fen\u00f3menos clim\u00e1ticos extremos"},{"@type":"BreadcrumbList","@id":"https:\/\/portaltela.pt\/noticias\/2026\/01\/29\/mau-tempo-obriga-doentes-em-oxigenoterapia-no-medio-tejo-a-recorrer-a-hospitais-com-falha-de-energia\/#breadcrumb","itemListElement":[{"@type":"ListItem","position":1,"name":"In\u00edcio","item":"https:\/\/portaltela.pt\/"},{"@type":"ListItem","position":2,"name":"Mau tempo obriga doentes em oxigenoterapia no M\u00e9dio Tejo a recorrer a hospitais com falha de energia"}]},{"@type":"WebSite","@id":"https:\/\/portaltela.pt\/#website","url":"https:\/\/portaltela.pt\/","name":"Portal Tela Portugal","description":"","potentialAction":[{"@type":"SearchAction","target":{"@type":"EntryPoint","urlTemplate":"https:\/\/portaltela.pt\/?s={search_term_string}"},"query-input":{"@type":"PropertyValueSpecification","valueRequired":true,"valueName":"search_term_string"}}],"inLanguage":"pt-PT"},{"@type":"Person","@id":"https:\/\/portaltela.pt\/#\/schema\/person\/c4278d4a6028830caff9ee44b42d32ed","name":"Telinha","image":{"@type":"ImageObject","inLanguage":"pt-PT","@id":"https:\/\/portaltela.pt\/s.01k8rhncp4jt1\/2025\/11\/talking-bot-125x125.png","url":"https:\/\/portaltela.pt\/s.01k8rhncp4jt1\/2025\/11\/talking-bot-125x125.png","contentUrl":"https:\/\/portaltela.pt\/s.01k8rhncp4jt1\/2025\/11\/talking-bot-125x125.png","caption":"Telinha"},"sameAs":["https:\/\/portaltela.pt\/"],"url":"https:\/\/portaltela.pt\/por\/367410592786\/"}]}},"_links":{"self":[{"href":"https:\/\/portaltela.pt\/api\/wp\/v2\/posts\/181703","targetHints":{"allow":["GET"]}}],"collection":[{"href":"https:\/\/portaltela.pt\/api\/wp\/v2\/posts"}],"about":[{"href":"https:\/\/portaltela.pt\/api\/wp\/v2\/types\/post"}],"author":[{"embeddable":true,"href":"https:\/\/portaltela.pt\/api\/wp\/v2\/users\/2"}],"replies":[{"embeddable":true,"href":"https:\/\/portaltela.pt\/api\/wp\/v2\/comments?post=181703"}],"version-history":[{"count":0,"href":"https:\/\/portaltela.pt\/api\/wp\/v2\/posts\/181703\/revisions"}],"wp:featuredmedia":[{"embeddable":true,"href":"https:\/\/portaltela.pt\/api\/wp\/v2\/media\/181706"}],"wp:attachment":[{"href":"https:\/\/portaltela.pt\/api\/wp\/v2\/media?parent=181703"}],"wp:term":[{"taxonomy":"category","embeddable":true,"href":"https:\/\/portaltela.pt\/api\/wp\/v2\/categories?post=181703"},{"taxonomy":"post_tag","embeddable":true,"href":"https:\/\/portaltela.pt\/api\/wp\/v2\/tags?post=181703"}],"curies":[{"name":"wp","href":"https:\/\/api.w.org\/{rel}","templated":true}]}}