{"id":181685,"date":"2026-01-29T12:50:38","date_gmt":"2026-01-29T15:50:38","guid":{"rendered":"https:\/\/portaltela.pt\/noticias\/2026\/01\/29\/prazo-de-candidaturas-a-lotes-para-jovens-em-mondim-de-basto-termina-hoje\/"},"modified":"2026-01-29T12:50:38","modified_gmt":"2026-01-29T15:50:38","slug":"prazo-de-candidaturas-a-lotes-para-jovens-em-mondim-de-basto-termina-hoje","status":"publish","type":"post","link":"https:\/\/portaltela.pt\/noticias\/2026\/01\/29\/prazo-de-candidaturas-a-lotes-para-jovens-em-mondim-de-basto-termina-hoje\/","title":{"rendered":"Prazo de candidaturas a lotes para jovens em Mondim de Basto termina hoje"},"content":{"rendered":"<p>At\u00e9 30 de janeiro est\u00e1 aberto o prazo para apresentarem candidaturas \u00e0 aliena\u00e7\u00e3o de oito lotes municipais destinados \u00e0 habita\u00e7\u00e3o pr\u00f3pria e permanente de jovens. Os lotes 15 a 22 situam-se na Urbaniza\u00e7\u00e3o Pinhal da Telha e est\u00e3o dispon\u00edveis com uma redu\u00e7\u00e3o de 30% face ao valor definido por um perito qualificado.<\/p>\n<p>Podem candidatar-se pessoas singulares, nacionais ou estrangeiras, com idade entre 18 e 40 anos. Podem ser residentes no concelho h\u00e1 pelo menos dois anos ou, n\u00e3o residentes, exercer atividade profissional no munic\u00edpio h\u00e1 pelo menos dois anos.<\/p>\n<p>A candidatura est\u00e1 sujeita ao Regulamento Municipal de Aliena\u00e7\u00e3o de Lotes de Terreno para Autoconstru\u00e7\u00e3o. A iniciativa visa facilitar o acesso \u00e0 habita\u00e7\u00e3o pr\u00f3pria e permanente para jovens no munic\u00edpio.<\/p>\n<p>Mais informa\u00e7\u00f5es est\u00e3o dispon\u00edveis junto do Munic\u00edpio de Mondim de Basto.<\/p>\n","protected":false},"excerpt":{"rendered":"<ul>\n<li>O prazo para candidaturas \u00e0 aliena\u00e7\u00e3o de oito lotes de terrenos municipais para habita\u00e7\u00e3o pr\u00f3pria e permanente de jovens termina em 30 de janeiro.<\/li>\n<li>Os lotes 15 a 22 ficam no loteamento da Urbaniza\u00e7\u00e3o Pinhal da Telha e est\u00e3o \u00e0 venda com uma redu\u00e7\u00e3o de 30 por cento em rela\u00e7\u00e3o ao valor determinado por um perito qualificado.<\/li>\n<li>Podem candidatar-se pessoas Singulares, nacionais ou estrangeiras, com idade entre 18 e 40 anos, que residam no concelho h\u00e1 mais de dois anos ou que, n\u00e3o residentes, exer\u00e7am atividade profissional no concelho h\u00e1 pelo menos dois anos.<\/li>\n<li>A candidatura obedece ao Regulamento Municipal de Aliena\u00e7\u00e3o de Lotes de Terreno para Autoconstru\u00e7\u00e3o.<\/li>\n<li>Mais informa\u00e7\u00f5es encontram-se no Munic\u00edpio de Mondim de Basto.<\/li>\n<\/ul>\n","protected":false},"author":2,"featured_media":181698,"comment_status":"closed","ping_status":"closed","sticky":false,"template":"","format":"standard","meta":{"footnotes":""},"categories":[1],"tags":[144,373,718,150,2844,4016],"class_list":["post-181685","post","type-post","status-publish","format-standard","has-post-thumbnail","hentry","category-noticias","tag-concelho","tag-concelhos","tag-construcao","tag-habitacao","tag-jovens","tag-mondim-de-basto"],"yoast_head":"<!-- This site is optimized with the Yoast SEO plugin v27.2 - https:\/\/yoast.com\/product\/yoast-seo-wordpress\/ -->\n<title>Prazo de candidaturas a lotes para jovens em Mondim de Basto termina hoje - Portal Tela Portugal<\/title>\n<meta name=\"robots\" content=\"index, follow, max-snippet:-1, max-image-preview:large, max-video-preview:-1\" \/>\n<meta property=\"og:locale\" content=\"pt_PT\" \/>\n<meta property=\"og:type\" content=\"article\" \/>\n<meta property=\"og:title\" content=\"Prazo de candidaturas a lotes para jovens em Mondim de Basto termina hoje - Portal Tela Portugal\" \/>\n<meta property=\"og:description\" content=\"O prazo para candidaturas \u00e0 aliena\u00e7\u00e3o de oito lotes de terrenos municipais para habita\u00e7\u00e3o pr\u00f3pria e permanente de jovens termina em 30 de janeiro. Os lotes 15 a 22 ficam no loteamento da Urbaniza\u00e7\u00e3o Pinhal da Telha e est\u00e3o \u00e0 venda com uma redu\u00e7\u00e3o de 30 por cento em rela\u00e7\u00e3o ao valor determinado por um perito qualificado. Podem candidatar-se pessoas Singulares, nacionais ou estrangeiras, com idade entre 18 e 40 anos, que residam no concelho h\u00e1 mais de dois anos ou que, n\u00e3o residentes, exer\u00e7am atividade profissional no concelho h\u00e1 pelo menos dois anos. A candidatura obedece ao Regulamento Municipal de Aliena\u00e7\u00e3o de Lotes de Terreno para Autoconstru\u00e7\u00e3o. Mais informa\u00e7\u00f5es encontram-se no Munic\u00edpio de Mondim de Basto.\" \/>\n<meta property=\"og:url\" content=\"https:\/\/portaltela.pt\/noticias\/2026\/01\/29\/prazo-de-candidaturas-a-lotes-para-jovens-em-mondim-de-basto-termina-hoje\/\" \/>\n<meta property=\"og:site_name\" content=\"Portal Tela Portugal\" \/>\n<meta property=\"article:published_time\" content=\"2026-01-29T15:50:38+00:00\" \/>\n<meta name=\"author\" content=\"Telinha\" \/>\n<meta name=\"twitter:card\" content=\"summary_large_image\" \/>\n<meta name=\"twitter:label1\" content=\"Escrito por\" \/>\n\t<meta name=\"twitter:data1\" content=\"Telinha\" \/>\n\t<meta name=\"twitter:label2\" content=\"Tempo estimado de leitura\" \/>\n\t<meta name=\"twitter:data2\" content=\"1 minuto\" \/>\n<script type=\"application\/ld+json\" class=\"yoast-schema-graph\">{\"@context\":\"https:\/\/schema.org\",\"@graph\":[{\"@type\":\"Article\",\"@id\":\"https:\/\/portaltela.pt\/noticias\/2026\/01\/29\/prazo-de-candidaturas-a-lotes-para-jovens-em-mondim-de-basto-termina-hoje\/#article\",\"isPartOf\":{\"@id\":\"https:\/\/portaltela.pt\/noticias\/2026\/01\/29\/prazo-de-candidaturas-a-lotes-para-jovens-em-mondim-de-basto-termina-hoje\/\"},\"author\":{\"name\":\"Telinha\",\"@id\":\"https:\/\/portaltela.pt\/#\/schema\/person\/c4278d4a6028830caff9ee44b42d32ed\"},\"headline\":\"Prazo de candidaturas a lotes para jovens em Mondim de Basto termina hoje\",\"datePublished\":\"2026-01-29T15:50:38+00:00\",\"mainEntityOfPage\":{\"@id\":\"https:\/\/portaltela.pt\/noticias\/2026\/01\/29\/prazo-de-candidaturas-a-lotes-para-jovens-em-mondim-de-basto-termina-hoje\/\"},\"wordCount\":152,\"image\":{\"@id\":\"https:\/\/portaltela.pt\/noticias\/2026\/01\/29\/prazo-de-candidaturas-a-lotes-para-jovens-em-mondim-de-basto-termina-hoje\/#primaryimage\"},\"thumbnailUrl\":\"https:\/\/portaltela.pt\/s.01k8rhncp4jt1\/2026\/01\/unnamed-file-5857.jpg\",\"keywords\":[\"concelho\",\"concelhos\",\"Constru\u00e7\u00e3o\",\"habita\u00e7\u00e3o\",\"jovens\",\"Mondim de Basto\"],\"articleSection\":[\"Not\u00edcias\"],\"inLanguage\":\"pt-PT\"},{\"@type\":\"WebPage\",\"@id\":\"https:\/\/portaltela.pt\/noticias\/2026\/01\/29\/prazo-de-candidaturas-a-lotes-para-jovens-em-mondim-de-basto-termina-hoje\/\",\"url\":\"https:\/\/portaltela.pt\/noticias\/2026\/01\/29\/prazo-de-candidaturas-a-lotes-para-jovens-em-mondim-de-basto-termina-hoje\/\",\"name\":\"Prazo de candidaturas a lotes para jovens em Mondim de Basto termina hoje - Portal Tela Portugal\",\"isPartOf\":{\"@id\":\"https:\/\/portaltela.pt\/#website\"},\"primaryImageOfPage\":{\"@id\":\"https:\/\/portaltela.pt\/noticias\/2026\/01\/29\/prazo-de-candidaturas-a-lotes-para-jovens-em-mondim-de-basto-termina-hoje\/#primaryimage\"},\"image\":{\"@id\":\"https:\/\/portaltela.pt\/noticias\/2026\/01\/29\/prazo-de-candidaturas-a-lotes-para-jovens-em-mondim-de-basto-termina-hoje\/#primaryimage\"},\"thumbnailUrl\":\"https:\/\/portaltela.pt\/s.01k8rhncp4jt1\/2026\/01\/unnamed-file-5857.jpg\",\"datePublished\":\"2026-01-29T15:50:38+00:00\",\"author\":{\"@id\":\"https:\/\/portaltela.pt\/#\/schema\/person\/c4278d4a6028830caff9ee44b42d32ed\"},\"breadcrumb\":{\"@id\":\"https:\/\/portaltela.pt\/noticias\/2026\/01\/29\/prazo-de-candidaturas-a-lotes-para-jovens-em-mondim-de-basto-termina-hoje\/#breadcrumb\"},\"inLanguage\":\"pt-PT\",\"potentialAction\":[{\"@type\":\"ReadAction\",\"target\":[\"https:\/\/portaltela.pt\/noticias\/2026\/01\/29\/prazo-de-candidaturas-a-lotes-para-jovens-em-mondim-de-basto-termina-hoje\/\"]}]},{\"@type\":\"ImageObject\",\"inLanguage\":\"pt-PT\",\"@id\":\"https:\/\/portaltela.pt\/noticias\/2026\/01\/29\/prazo-de-candidaturas-a-lotes-para-jovens-em-mondim-de-basto-termina-hoje\/#primaryimage\",\"url\":\"https:\/\/portaltela.pt\/s.01k8rhncp4jt1\/2026\/01\/unnamed-file-5857.jpg\",\"contentUrl\":\"https:\/\/portaltela.pt\/s.01k8rhncp4jt1\/2026\/01\/unnamed-file-5857.jpg\",\"width\":796,\"height\":448,\"caption\":\"Mondim de Basto: est\u00e1 a terminar o prazo para a apresenta\u00e7\u00e3o de candidaturas para lotes de terrenos para jovens\"},{\"@type\":\"BreadcrumbList\",\"@id\":\"https:\/\/portaltela.pt\/noticias\/2026\/01\/29\/prazo-de-candidaturas-a-lotes-para-jovens-em-mondim-de-basto-termina-hoje\/#breadcrumb\",\"itemListElement\":[{\"@type\":\"ListItem\",\"position\":1,\"name\":\"In\u00edcio\",\"item\":\"https:\/\/portaltela.pt\/\"},{\"@type\":\"ListItem\",\"position\":2,\"name\":\"Prazo de candidaturas a lotes para jovens em Mondim de Basto termina hoje\"}]},{\"@type\":\"WebSite\",\"@id\":\"https:\/\/portaltela.pt\/#website\",\"url\":\"https:\/\/portaltela.pt\/\",\"name\":\"Portal Tela Portugal\",\"description\":\"\",\"potentialAction\":[{\"@type\":\"SearchAction\",\"target\":{\"@type\":\"EntryPoint\",\"urlTemplate\":\"https:\/\/portaltela.pt\/?s={search_term_string}\"},\"query-input\":{\"@type\":\"PropertyValueSpecification\",\"valueRequired\":true,\"valueName\":\"search_term_string\"}}],\"inLanguage\":\"pt-PT\"},{\"@type\":\"Person\",\"@id\":\"https:\/\/portaltela.pt\/#\/schema\/person\/c4278d4a6028830caff9ee44b42d32ed\",\"name\":\"Telinha\",\"image\":{\"@type\":\"ImageObject\",\"inLanguage\":\"pt-PT\",\"@id\":\"https:\/\/portaltela.pt\/s.01k8rhncp4jt1\/2025\/11\/talking-bot-125x125.png\",\"url\":\"https:\/\/portaltela.pt\/s.01k8rhncp4jt1\/2025\/11\/talking-bot-125x125.png\",\"contentUrl\":\"https:\/\/portaltela.pt\/s.01k8rhncp4jt1\/2025\/11\/talking-bot-125x125.png\",\"caption\":\"Telinha\"},\"sameAs\":[\"https:\/\/portaltela.pt\/\"],\"url\":\"https:\/\/portaltela.pt\/por\/367410592786\/\"}]}<\/script>\n<!-- \/ Yoast SEO plugin. -->","yoast_head_json":{"title":"Prazo de candidaturas a lotes para jovens em Mondim de Basto termina hoje - Portal Tela Portugal","robots":{"index":"index","follow":"follow","max-snippet":"max-snippet:-1","max-image-preview":"max-image-preview:large","max-video-preview":"max-video-preview:-1"},"og_locale":"pt_PT","og_type":"article","og_title":"Prazo de candidaturas a lotes para jovens em Mondim de Basto termina hoje - Portal Tela Portugal","og_description":"O prazo para candidaturas \u00e0 aliena\u00e7\u00e3o de oito lotes de terrenos municipais para habita\u00e7\u00e3o pr\u00f3pria e permanente de jovens termina em 30 de janeiro. Os lotes 15 a 22 ficam no loteamento da Urbaniza\u00e7\u00e3o Pinhal da Telha e est\u00e3o \u00e0 venda com uma redu\u00e7\u00e3o de 30 por cento em rela\u00e7\u00e3o ao valor determinado por um perito qualificado. Podem candidatar-se pessoas Singulares, nacionais ou estrangeiras, com idade entre 18 e 40 anos, que residam no concelho h\u00e1 mais de dois anos ou que, n\u00e3o residentes, exer\u00e7am atividade profissional no concelho h\u00e1 pelo menos dois anos. A candidatura obedece ao Regulamento Municipal de Aliena\u00e7\u00e3o de Lotes de Terreno para Autoconstru\u00e7\u00e3o. Mais informa\u00e7\u00f5es encontram-se no Munic\u00edpio de Mondim de Basto.","og_url":"https:\/\/portaltela.pt\/noticias\/2026\/01\/29\/prazo-de-candidaturas-a-lotes-para-jovens-em-mondim-de-basto-termina-hoje\/","og_site_name":"Portal Tela Portugal","article_published_time":"2026-01-29T15:50:38+00:00","author":"Telinha","twitter_card":"summary_large_image","twitter_misc":{"Escrito por":"Telinha","Tempo estimado de leitura":"1 minuto"},"schema":{"@context":"https:\/\/schema.org","@graph":[{"@type":"Article","@id":"https:\/\/portaltela.pt\/noticias\/2026\/01\/29\/prazo-de-candidaturas-a-lotes-para-jovens-em-mondim-de-basto-termina-hoje\/#article","isPartOf":{"@id":"https:\/\/portaltela.pt\/noticias\/2026\/01\/29\/prazo-de-candidaturas-a-lotes-para-jovens-em-mondim-de-basto-termina-hoje\/"},"author":{"name":"Telinha","@id":"https:\/\/portaltela.pt\/#\/schema\/person\/c4278d4a6028830caff9ee44b42d32ed"},"headline":"Prazo de candidaturas a lotes para jovens em Mondim de Basto termina hoje","datePublished":"2026-01-29T15:50:38+00:00","mainEntityOfPage":{"@id":"https:\/\/portaltela.pt\/noticias\/2026\/01\/29\/prazo-de-candidaturas-a-lotes-para-jovens-em-mondim-de-basto-termina-hoje\/"},"wordCount":152,"image":{"@id":"https:\/\/portaltela.pt\/noticias\/2026\/01\/29\/prazo-de-candidaturas-a-lotes-para-jovens-em-mondim-de-basto-termina-hoje\/#primaryimage"},"thumbnailUrl":"https:\/\/portaltela.pt\/s.01k8rhncp4jt1\/2026\/01\/unnamed-file-5857.jpg","keywords":["concelho","concelhos","Constru\u00e7\u00e3o","habita\u00e7\u00e3o","jovens","Mondim de Basto"],"articleSection":["Not\u00edcias"],"inLanguage":"pt-PT"},{"@type":"WebPage","@id":"https:\/\/portaltela.pt\/noticias\/2026\/01\/29\/prazo-de-candidaturas-a-lotes-para-jovens-em-mondim-de-basto-termina-hoje\/","url":"https:\/\/portaltela.pt\/noticias\/2026\/01\/29\/prazo-de-candidaturas-a-lotes-para-jovens-em-mondim-de-basto-termina-hoje\/","name":"Prazo de candidaturas a lotes para jovens em Mondim de Basto termina hoje - Portal Tela Portugal","isPartOf":{"@id":"https:\/\/portaltela.pt\/#website"},"primaryImageOfPage":{"@id":"https:\/\/portaltela.pt\/noticias\/2026\/01\/29\/prazo-de-candidaturas-a-lotes-para-jovens-em-mondim-de-basto-termina-hoje\/#primaryimage"},"image":{"@id":"https:\/\/portaltela.pt\/noticias\/2026\/01\/29\/prazo-de-candidaturas-a-lotes-para-jovens-em-mondim-de-basto-termina-hoje\/#primaryimage"},"thumbnailUrl":"https:\/\/portaltela.pt\/s.01k8rhncp4jt1\/2026\/01\/unnamed-file-5857.jpg","datePublished":"2026-01-29T15:50:38+00:00","author":{"@id":"https:\/\/portaltela.pt\/#\/schema\/person\/c4278d4a6028830caff9ee44b42d32ed"},"breadcrumb":{"@id":"https:\/\/portaltela.pt\/noticias\/2026\/01\/29\/prazo-de-candidaturas-a-lotes-para-jovens-em-mondim-de-basto-termina-hoje\/#breadcrumb"},"inLanguage":"pt-PT","potentialAction":[{"@type":"ReadAction","target":["https:\/\/portaltela.pt\/noticias\/2026\/01\/29\/prazo-de-candidaturas-a-lotes-para-jovens-em-mondim-de-basto-termina-hoje\/"]}]},{"@type":"ImageObject","inLanguage":"pt-PT","@id":"https:\/\/portaltela.pt\/noticias\/2026\/01\/29\/prazo-de-candidaturas-a-lotes-para-jovens-em-mondim-de-basto-termina-hoje\/#primaryimage","url":"https:\/\/portaltela.pt\/s.01k8rhncp4jt1\/2026\/01\/unnamed-file-5857.jpg","contentUrl":"https:\/\/portaltela.pt\/s.01k8rhncp4jt1\/2026\/01\/unnamed-file-5857.jpg","width":796,"height":448,"caption":"Mondim de Basto: est\u00e1 a terminar o prazo para a apresenta\u00e7\u00e3o de candidaturas para lotes de terrenos para jovens"},{"@type":"BreadcrumbList","@id":"https:\/\/portaltela.pt\/noticias\/2026\/01\/29\/prazo-de-candidaturas-a-lotes-para-jovens-em-mondim-de-basto-termina-hoje\/#breadcrumb","itemListElement":[{"@type":"ListItem","position":1,"name":"In\u00edcio","item":"https:\/\/portaltela.pt\/"},{"@type":"ListItem","position":2,"name":"Prazo de candidaturas a lotes para jovens em Mondim de Basto termina hoje"}]},{"@type":"WebSite","@id":"https:\/\/portaltela.pt\/#website","url":"https:\/\/portaltela.pt\/","name":"Portal Tela Portugal","description":"","potentialAction":[{"@type":"SearchAction","target":{"@type":"EntryPoint","urlTemplate":"https:\/\/portaltela.pt\/?s={search_term_string}"},"query-input":{"@type":"PropertyValueSpecification","valueRequired":true,"valueName":"search_term_string"}}],"inLanguage":"pt-PT"},{"@type":"Person","@id":"https:\/\/portaltela.pt\/#\/schema\/person\/c4278d4a6028830caff9ee44b42d32ed","name":"Telinha","image":{"@type":"ImageObject","inLanguage":"pt-PT","@id":"https:\/\/portaltela.pt\/s.01k8rhncp4jt1\/2025\/11\/talking-bot-125x125.png","url":"https:\/\/portaltela.pt\/s.01k8rhncp4jt1\/2025\/11\/talking-bot-125x125.png","contentUrl":"https:\/\/portaltela.pt\/s.01k8rhncp4jt1\/2025\/11\/talking-bot-125x125.png","caption":"Telinha"},"sameAs":["https:\/\/portaltela.pt\/"],"url":"https:\/\/portaltela.pt\/por\/367410592786\/"}]}},"_links":{"self":[{"href":"https:\/\/portaltela.pt\/api\/wp\/v2\/posts\/181685","targetHints":{"allow":["GET"]}}],"collection":[{"href":"https:\/\/portaltela.pt\/api\/wp\/v2\/posts"}],"about":[{"href":"https:\/\/portaltela.pt\/api\/wp\/v2\/types\/post"}],"author":[{"embeddable":true,"href":"https:\/\/portaltela.pt\/api\/wp\/v2\/users\/2"}],"replies":[{"embeddable":true,"href":"https:\/\/portaltela.pt\/api\/wp\/v2\/comments?post=181685"}],"version-history":[{"count":0,"href":"https:\/\/portaltela.pt\/api\/wp\/v2\/posts\/181685\/revisions"}],"wp:featuredmedia":[{"embeddable":true,"href":"https:\/\/portaltela.pt\/api\/wp\/v2\/media\/181698"}],"wp:attachment":[{"href":"https:\/\/portaltela.pt\/api\/wp\/v2\/media?parent=181685"}],"wp:term":[{"taxonomy":"category","embeddable":true,"href":"https:\/\/portaltela.pt\/api\/wp\/v2\/categories?post=181685"},{"taxonomy":"post_tag","embeddable":true,"href":"https:\/\/portaltela.pt\/api\/wp\/v2\/tags?post=181685"}],"curies":[{"name":"wp","href":"https:\/\/api.w.org\/{rel}","templated":true}]}}