{"id":181678,"date":"2026-01-29T12:43:00","date_gmt":"2026-01-29T15:43:00","guid":{"rendered":"https:\/\/portaltela.pt\/noticias\/2026\/01\/29\/freguesia-de-viseu-ajuda-fregueses-a-reunir-documentacao-para-apoios-a-habitacao\/"},"modified":"2026-01-29T12:43:00","modified_gmt":"2026-01-29T15:43:00","slug":"freguesia-de-viseu-ajuda-fregueses-a-reunir-documentacao-para-apoios-a-habitacao","status":"publish","type":"post","link":"https:\/\/portaltela.pt\/noticias\/2026\/01\/29\/freguesia-de-viseu-ajuda-fregueses-a-reunir-documentacao-para-apoios-a-habitacao\/","title":{"rendered":"Freguesia de Viseu ajuda fregueses a reunir documenta\u00e7\u00e3o para apoios \u00e0 habita\u00e7\u00e3o"},"content":{"rendered":"<p>Num v\u00eddeo divulgado nas redes sociais, a freguesia de Viseu explicou que a Habisolvis tem recebido pedidos de pessoas que precisam de um local para habitar, no \u00e2mbito de apoios \u00e0 habita\u00e7\u00e3o. A comunica\u00e7\u00e3o sublinha o papel da institui\u00e7\u00e3o na recolha de documenta\u00e7\u00e3o.<\/p>\n<p>A Empresa Municipal de Habita\u00e7\u00e3o Social de Viseu exige, para a atribui\u00e7\u00e3o de uma casa, v\u00e1rias declara\u00e7\u00f5es e certid\u00f5es: declara\u00e7\u00e3o de inexist\u00eancia de d\u00edvida \u00e0s Finan\u00e7as, certid\u00e3o de domic\u00edlio fiscal, modelo 3 do IRS com nota de liquida\u00e7\u00e3o, certid\u00e3o de agregado familiar e certid\u00e3o predial negativa, entre outros documentos.<\/p>\n<p>Perante a abordagem da Junta de Freguesia, de que os moradores acabam por deslocar-se \u00e0s Finan\u00e7as com custos, o respons\u00e1vel pela iniciativa destacou que estes documentos podem ser obtidos sem encargos. Para isso, \u00e9 necess\u00e1rio ter a chave m\u00f3vel digital ou dirigir-se ao Espa\u00e7o Cidad\u00e3o, na Rua Direita, a cerca de cinco minutos a p\u00e9 do Solar dos Peixotos, sede da Junta.<\/p>\n<h3>Como obter os documentos sem custos<\/h3>\n<p>O Espa\u00e7o Cidad\u00e3o \u00e9 apresentado como alternativa para reunir as certid\u00f5es e declara\u00e7\u00f5es exigidas pela habita\u00e7\u00e3o social, evitando custos adicionais.<\/p>\n<h3>Localiza\u00e7\u00e3o e prazos<\/h3>\n<p>A Junta de Freguesia refor\u00e7a que, para aceder aos servi\u00e7os, os interessados devem deslocar-se ao Espa\u00e7o Cidad\u00e3o na Rua Direita, pr\u00f3ximo do Solar dos Peixotos, mantendo o foco na rapidez do processo.<\/p>\n","protected":false},"excerpt":{"rendered":"<ul>\n<li>Na freguesia de Viseu, Nuno Bico atrai a aten\u00e7\u00e3o para a ajuda a reunir documenta\u00e7\u00e3o para apoios \u00e0 habita\u00e7\u00e3o, relacionada com a Habisolvis.<\/li>\n<li>A Empresa Municipal de Habita\u00e7\u00e3o Social de Viseu exige, para atribui\u00e7\u00e3o de uma casa, uma sequ\u00eancia de documentos: declara\u00e7\u00e3o de n\u00e3o d\u00edvida \u00e0s finan\u00e7as, declara\u00e7\u00e3o de inexist\u00eancia de bens, certid\u00e3o de domic\u00edlio fiscal, o modelo 3 do IRS com a respetiva nota de liquida\u00e7\u00e3o, certid\u00e3o de agregado familiar e certid\u00e3o predial negativa.<\/li>\n<li>A junta refere que muitos moradores deslocam-se \u00e0s finan\u00e7as a custo, mas que estes documentos podem ser obtidos a custo zero.<\/li>\n<li>Para aceder ao servi\u00e7o a custo zero, \u00e9 necess\u00e1rio ter a chave m\u00f3vel digital ou dirigir-se ao Espa\u00e7o Cidad\u00e3o, na Rua Direita, a cerca de cinco minutos a p\u00e9 do Solar dos Peixotos, sede da junta.<\/li>\n<\/ul>\n","protected":false},"author":2,"featured_media":181683,"comment_status":"closed","ping_status":"closed","sticky":false,"template":"","format":"standard","meta":{"footnotes":""},"categories":[1],"tags":[2524,150,1010,1167,2817,1171],"class_list":["post-181678","post","type-post","status-publish","format-standard","has-post-thumbnail","hentry","category-noticias","tag-espaco-cidadao","tag-habitacao","tag-habitacao-publica","tag-habitacao-social","tag-habitacoes","tag-viseu"],"yoast_head":"<!-- This site is optimized with the Yoast SEO plugin v27.2 - https:\/\/yoast.com\/product\/yoast-seo-wordpress\/ -->\n<title>Freguesia de Viseu ajuda fregueses a reunir documenta\u00e7\u00e3o para apoios \u00e0 habita\u00e7\u00e3o - Portal Tela Portugal<\/title>\n<meta name=\"robots\" content=\"index, follow, max-snippet:-1, max-image-preview:large, max-video-preview:-1\" \/>\n<meta property=\"og:locale\" content=\"pt_PT\" \/>\n<meta property=\"og:type\" content=\"article\" \/>\n<meta property=\"og:title\" content=\"Freguesia de Viseu ajuda fregueses a reunir documenta\u00e7\u00e3o para apoios \u00e0 habita\u00e7\u00e3o - Portal Tela Portugal\" \/>\n<meta property=\"og:description\" content=\"Na freguesia de Viseu, Nuno Bico atrai a aten\u00e7\u00e3o para a ajuda a reunir documenta\u00e7\u00e3o para apoios \u00e0 habita\u00e7\u00e3o, relacionada com a Habisolvis. A Empresa Municipal de Habita\u00e7\u00e3o Social de Viseu exige, para atribui\u00e7\u00e3o de uma casa, uma sequ\u00eancia de documentos: declara\u00e7\u00e3o de n\u00e3o d\u00edvida \u00e0s finan\u00e7as, declara\u00e7\u00e3o de inexist\u00eancia de bens, certid\u00e3o de domic\u00edlio fiscal, o modelo 3 do IRS com a respetiva nota de liquida\u00e7\u00e3o, certid\u00e3o de agregado familiar e certid\u00e3o predial negativa. A junta refere que muitos moradores deslocam-se \u00e0s finan\u00e7as a custo, mas que estes documentos podem ser obtidos a custo zero. Para aceder ao servi\u00e7o a custo zero, \u00e9 necess\u00e1rio ter a chave m\u00f3vel digital ou dirigir-se ao Espa\u00e7o Cidad\u00e3o, na Rua Direita, a cerca de cinco minutos a p\u00e9 do Solar dos Peixotos, sede da junta.\" \/>\n<meta property=\"og:url\" content=\"https:\/\/portaltela.pt\/noticias\/2026\/01\/29\/freguesia-de-viseu-ajuda-fregueses-a-reunir-documentacao-para-apoios-a-habitacao\/\" \/>\n<meta property=\"og:site_name\" content=\"Portal Tela Portugal\" \/>\n<meta property=\"article:published_time\" content=\"2026-01-29T15:43:00+00:00\" \/>\n<meta name=\"author\" content=\"Telinha\" \/>\n<meta name=\"twitter:card\" content=\"summary_large_image\" \/>\n<meta name=\"twitter:label1\" content=\"Escrito por\" \/>\n\t<meta name=\"twitter:data1\" content=\"Telinha\" \/>\n\t<meta name=\"twitter:label2\" content=\"Tempo estimado de leitura\" \/>\n\t<meta name=\"twitter:data2\" content=\"1 minuto\" \/>\n<script type=\"application\/ld+json\" class=\"yoast-schema-graph\">{\"@context\":\"https:\/\/schema.org\",\"@graph\":[{\"@type\":\"Article\",\"@id\":\"https:\/\/portaltela.pt\/noticias\/2026\/01\/29\/freguesia-de-viseu-ajuda-fregueses-a-reunir-documentacao-para-apoios-a-habitacao\/#article\",\"isPartOf\":{\"@id\":\"https:\/\/portaltela.pt\/noticias\/2026\/01\/29\/freguesia-de-viseu-ajuda-fregueses-a-reunir-documentacao-para-apoios-a-habitacao\/\"},\"author\":{\"name\":\"Telinha\",\"@id\":\"https:\/\/portaltela.pt\/#\/schema\/person\/c4278d4a6028830caff9ee44b42d32ed\"},\"headline\":\"Freguesia de Viseu ajuda fregueses a reunir documenta\u00e7\u00e3o para apoios \u00e0 habita\u00e7\u00e3o\",\"datePublished\":\"2026-01-29T15:43:00+00:00\",\"mainEntityOfPage\":{\"@id\":\"https:\/\/portaltela.pt\/noticias\/2026\/01\/29\/freguesia-de-viseu-ajuda-fregueses-a-reunir-documentacao-para-apoios-a-habitacao\/\"},\"wordCount\":260,\"image\":{\"@id\":\"https:\/\/portaltela.pt\/noticias\/2026\/01\/29\/freguesia-de-viseu-ajuda-fregueses-a-reunir-documentacao-para-apoios-a-habitacao\/#primaryimage\"},\"thumbnailUrl\":\"https:\/\/portaltela.pt\/s.01k8rhncp4jt1\/2026\/01\/unnamed-file-5856.jpg\",\"keywords\":[\"Espa\u00e7o Cidad\u00e3o\",\"habita\u00e7\u00e3o\",\"habita\u00e7\u00e3o p\u00fablica\",\"habita\u00e7\u00e3o social\",\"habita\u00e7\u00f5es\",\"Viseu\"],\"articleSection\":[\"Not\u00edcias\"],\"inLanguage\":\"pt-PT\"},{\"@type\":\"WebPage\",\"@id\":\"https:\/\/portaltela.pt\/noticias\/2026\/01\/29\/freguesia-de-viseu-ajuda-fregueses-a-reunir-documentacao-para-apoios-a-habitacao\/\",\"url\":\"https:\/\/portaltela.pt\/noticias\/2026\/01\/29\/freguesia-de-viseu-ajuda-fregueses-a-reunir-documentacao-para-apoios-a-habitacao\/\",\"name\":\"Freguesia de Viseu ajuda fregueses a reunir documenta\u00e7\u00e3o para apoios \u00e0 habita\u00e7\u00e3o - Portal Tela Portugal\",\"isPartOf\":{\"@id\":\"https:\/\/portaltela.pt\/#website\"},\"primaryImageOfPage\":{\"@id\":\"https:\/\/portaltela.pt\/noticias\/2026\/01\/29\/freguesia-de-viseu-ajuda-fregueses-a-reunir-documentacao-para-apoios-a-habitacao\/#primaryimage\"},\"image\":{\"@id\":\"https:\/\/portaltela.pt\/noticias\/2026\/01\/29\/freguesia-de-viseu-ajuda-fregueses-a-reunir-documentacao-para-apoios-a-habitacao\/#primaryimage\"},\"thumbnailUrl\":\"https:\/\/portaltela.pt\/s.01k8rhncp4jt1\/2026\/01\/unnamed-file-5856.jpg\",\"datePublished\":\"2026-01-29T15:43:00+00:00\",\"author\":{\"@id\":\"https:\/\/portaltela.pt\/#\/schema\/person\/c4278d4a6028830caff9ee44b42d32ed\"},\"breadcrumb\":{\"@id\":\"https:\/\/portaltela.pt\/noticias\/2026\/01\/29\/freguesia-de-viseu-ajuda-fregueses-a-reunir-documentacao-para-apoios-a-habitacao\/#breadcrumb\"},\"inLanguage\":\"pt-PT\",\"potentialAction\":[{\"@type\":\"ReadAction\",\"target\":[\"https:\/\/portaltela.pt\/noticias\/2026\/01\/29\/freguesia-de-viseu-ajuda-fregueses-a-reunir-documentacao-para-apoios-a-habitacao\/\"]}]},{\"@type\":\"ImageObject\",\"inLanguage\":\"pt-PT\",\"@id\":\"https:\/\/portaltela.pt\/noticias\/2026\/01\/29\/freguesia-de-viseu-ajuda-fregueses-a-reunir-documentacao-para-apoios-a-habitacao\/#primaryimage\",\"url\":\"https:\/\/portaltela.pt\/s.01k8rhncp4jt1\/2026\/01\/unnamed-file-5856.jpg\",\"contentUrl\":\"https:\/\/portaltela.pt\/s.01k8rhncp4jt1\/2026\/01\/unnamed-file-5856.jpg\",\"width\":796,\"height\":448,\"caption\":\"Freguesia de Viseu ajuda fregueses a reunir documenta\u00e7\u00e3o para apoios \u00e0 habita\u00e7\u00e3o\"},{\"@type\":\"BreadcrumbList\",\"@id\":\"https:\/\/portaltela.pt\/noticias\/2026\/01\/29\/freguesia-de-viseu-ajuda-fregueses-a-reunir-documentacao-para-apoios-a-habitacao\/#breadcrumb\",\"itemListElement\":[{\"@type\":\"ListItem\",\"position\":1,\"name\":\"In\u00edcio\",\"item\":\"https:\/\/portaltela.pt\/\"},{\"@type\":\"ListItem\",\"position\":2,\"name\":\"Freguesia de Viseu ajuda fregueses a reunir documenta\u00e7\u00e3o para apoios \u00e0 habita\u00e7\u00e3o\"}]},{\"@type\":\"WebSite\",\"@id\":\"https:\/\/portaltela.pt\/#website\",\"url\":\"https:\/\/portaltela.pt\/\",\"name\":\"Portal Tela Portugal\",\"description\":\"\",\"potentialAction\":[{\"@type\":\"SearchAction\",\"target\":{\"@type\":\"EntryPoint\",\"urlTemplate\":\"https:\/\/portaltela.pt\/?s={search_term_string}\"},\"query-input\":{\"@type\":\"PropertyValueSpecification\",\"valueRequired\":true,\"valueName\":\"search_term_string\"}}],\"inLanguage\":\"pt-PT\"},{\"@type\":\"Person\",\"@id\":\"https:\/\/portaltela.pt\/#\/schema\/person\/c4278d4a6028830caff9ee44b42d32ed\",\"name\":\"Telinha\",\"image\":{\"@type\":\"ImageObject\",\"inLanguage\":\"pt-PT\",\"@id\":\"https:\/\/portaltela.pt\/s.01k8rhncp4jt1\/2025\/11\/talking-bot-125x125.png\",\"url\":\"https:\/\/portaltela.pt\/s.01k8rhncp4jt1\/2025\/11\/talking-bot-125x125.png\",\"contentUrl\":\"https:\/\/portaltela.pt\/s.01k8rhncp4jt1\/2025\/11\/talking-bot-125x125.png\",\"caption\":\"Telinha\"},\"sameAs\":[\"https:\/\/portaltela.pt\/\"],\"url\":\"https:\/\/portaltela.pt\/por\/367410592786\/\"}]}<\/script>\n<!-- \/ Yoast SEO plugin. -->","yoast_head_json":{"title":"Freguesia de Viseu ajuda fregueses a reunir documenta\u00e7\u00e3o para apoios \u00e0 habita\u00e7\u00e3o - Portal Tela Portugal","robots":{"index":"index","follow":"follow","max-snippet":"max-snippet:-1","max-image-preview":"max-image-preview:large","max-video-preview":"max-video-preview:-1"},"og_locale":"pt_PT","og_type":"article","og_title":"Freguesia de Viseu ajuda fregueses a reunir documenta\u00e7\u00e3o para apoios \u00e0 habita\u00e7\u00e3o - Portal Tela Portugal","og_description":"Na freguesia de Viseu, Nuno Bico atrai a aten\u00e7\u00e3o para a ajuda a reunir documenta\u00e7\u00e3o para apoios \u00e0 habita\u00e7\u00e3o, relacionada com a Habisolvis. A Empresa Municipal de Habita\u00e7\u00e3o Social de Viseu exige, para atribui\u00e7\u00e3o de uma casa, uma sequ\u00eancia de documentos: declara\u00e7\u00e3o de n\u00e3o d\u00edvida \u00e0s finan\u00e7as, declara\u00e7\u00e3o de inexist\u00eancia de bens, certid\u00e3o de domic\u00edlio fiscal, o modelo 3 do IRS com a respetiva nota de liquida\u00e7\u00e3o, certid\u00e3o de agregado familiar e certid\u00e3o predial negativa. A junta refere que muitos moradores deslocam-se \u00e0s finan\u00e7as a custo, mas que estes documentos podem ser obtidos a custo zero. Para aceder ao servi\u00e7o a custo zero, \u00e9 necess\u00e1rio ter a chave m\u00f3vel digital ou dirigir-se ao Espa\u00e7o Cidad\u00e3o, na Rua Direita, a cerca de cinco minutos a p\u00e9 do Solar dos Peixotos, sede da junta.","og_url":"https:\/\/portaltela.pt\/noticias\/2026\/01\/29\/freguesia-de-viseu-ajuda-fregueses-a-reunir-documentacao-para-apoios-a-habitacao\/","og_site_name":"Portal Tela Portugal","article_published_time":"2026-01-29T15:43:00+00:00","author":"Telinha","twitter_card":"summary_large_image","twitter_misc":{"Escrito por":"Telinha","Tempo estimado de leitura":"1 minuto"},"schema":{"@context":"https:\/\/schema.org","@graph":[{"@type":"Article","@id":"https:\/\/portaltela.pt\/noticias\/2026\/01\/29\/freguesia-de-viseu-ajuda-fregueses-a-reunir-documentacao-para-apoios-a-habitacao\/#article","isPartOf":{"@id":"https:\/\/portaltela.pt\/noticias\/2026\/01\/29\/freguesia-de-viseu-ajuda-fregueses-a-reunir-documentacao-para-apoios-a-habitacao\/"},"author":{"name":"Telinha","@id":"https:\/\/portaltela.pt\/#\/schema\/person\/c4278d4a6028830caff9ee44b42d32ed"},"headline":"Freguesia de Viseu ajuda fregueses a reunir documenta\u00e7\u00e3o para apoios \u00e0 habita\u00e7\u00e3o","datePublished":"2026-01-29T15:43:00+00:00","mainEntityOfPage":{"@id":"https:\/\/portaltela.pt\/noticias\/2026\/01\/29\/freguesia-de-viseu-ajuda-fregueses-a-reunir-documentacao-para-apoios-a-habitacao\/"},"wordCount":260,"image":{"@id":"https:\/\/portaltela.pt\/noticias\/2026\/01\/29\/freguesia-de-viseu-ajuda-fregueses-a-reunir-documentacao-para-apoios-a-habitacao\/#primaryimage"},"thumbnailUrl":"https:\/\/portaltela.pt\/s.01k8rhncp4jt1\/2026\/01\/unnamed-file-5856.jpg","keywords":["Espa\u00e7o Cidad\u00e3o","habita\u00e7\u00e3o","habita\u00e7\u00e3o p\u00fablica","habita\u00e7\u00e3o social","habita\u00e7\u00f5es","Viseu"],"articleSection":["Not\u00edcias"],"inLanguage":"pt-PT"},{"@type":"WebPage","@id":"https:\/\/portaltela.pt\/noticias\/2026\/01\/29\/freguesia-de-viseu-ajuda-fregueses-a-reunir-documentacao-para-apoios-a-habitacao\/","url":"https:\/\/portaltela.pt\/noticias\/2026\/01\/29\/freguesia-de-viseu-ajuda-fregueses-a-reunir-documentacao-para-apoios-a-habitacao\/","name":"Freguesia de Viseu ajuda fregueses a reunir documenta\u00e7\u00e3o para apoios \u00e0 habita\u00e7\u00e3o - Portal Tela Portugal","isPartOf":{"@id":"https:\/\/portaltela.pt\/#website"},"primaryImageOfPage":{"@id":"https:\/\/portaltela.pt\/noticias\/2026\/01\/29\/freguesia-de-viseu-ajuda-fregueses-a-reunir-documentacao-para-apoios-a-habitacao\/#primaryimage"},"image":{"@id":"https:\/\/portaltela.pt\/noticias\/2026\/01\/29\/freguesia-de-viseu-ajuda-fregueses-a-reunir-documentacao-para-apoios-a-habitacao\/#primaryimage"},"thumbnailUrl":"https:\/\/portaltela.pt\/s.01k8rhncp4jt1\/2026\/01\/unnamed-file-5856.jpg","datePublished":"2026-01-29T15:43:00+00:00","author":{"@id":"https:\/\/portaltela.pt\/#\/schema\/person\/c4278d4a6028830caff9ee44b42d32ed"},"breadcrumb":{"@id":"https:\/\/portaltela.pt\/noticias\/2026\/01\/29\/freguesia-de-viseu-ajuda-fregueses-a-reunir-documentacao-para-apoios-a-habitacao\/#breadcrumb"},"inLanguage":"pt-PT","potentialAction":[{"@type":"ReadAction","target":["https:\/\/portaltela.pt\/noticias\/2026\/01\/29\/freguesia-de-viseu-ajuda-fregueses-a-reunir-documentacao-para-apoios-a-habitacao\/"]}]},{"@type":"ImageObject","inLanguage":"pt-PT","@id":"https:\/\/portaltela.pt\/noticias\/2026\/01\/29\/freguesia-de-viseu-ajuda-fregueses-a-reunir-documentacao-para-apoios-a-habitacao\/#primaryimage","url":"https:\/\/portaltela.pt\/s.01k8rhncp4jt1\/2026\/01\/unnamed-file-5856.jpg","contentUrl":"https:\/\/portaltela.pt\/s.01k8rhncp4jt1\/2026\/01\/unnamed-file-5856.jpg","width":796,"height":448,"caption":"Freguesia de Viseu ajuda fregueses a reunir documenta\u00e7\u00e3o para apoios \u00e0 habita\u00e7\u00e3o"},{"@type":"BreadcrumbList","@id":"https:\/\/portaltela.pt\/noticias\/2026\/01\/29\/freguesia-de-viseu-ajuda-fregueses-a-reunir-documentacao-para-apoios-a-habitacao\/#breadcrumb","itemListElement":[{"@type":"ListItem","position":1,"name":"In\u00edcio","item":"https:\/\/portaltela.pt\/"},{"@type":"ListItem","position":2,"name":"Freguesia de Viseu ajuda fregueses a reunir documenta\u00e7\u00e3o para apoios \u00e0 habita\u00e7\u00e3o"}]},{"@type":"WebSite","@id":"https:\/\/portaltela.pt\/#website","url":"https:\/\/portaltela.pt\/","name":"Portal Tela Portugal","description":"","potentialAction":[{"@type":"SearchAction","target":{"@type":"EntryPoint","urlTemplate":"https:\/\/portaltela.pt\/?s={search_term_string}"},"query-input":{"@type":"PropertyValueSpecification","valueRequired":true,"valueName":"search_term_string"}}],"inLanguage":"pt-PT"},{"@type":"Person","@id":"https:\/\/portaltela.pt\/#\/schema\/person\/c4278d4a6028830caff9ee44b42d32ed","name":"Telinha","image":{"@type":"ImageObject","inLanguage":"pt-PT","@id":"https:\/\/portaltela.pt\/s.01k8rhncp4jt1\/2025\/11\/talking-bot-125x125.png","url":"https:\/\/portaltela.pt\/s.01k8rhncp4jt1\/2025\/11\/talking-bot-125x125.png","contentUrl":"https:\/\/portaltela.pt\/s.01k8rhncp4jt1\/2025\/11\/talking-bot-125x125.png","caption":"Telinha"},"sameAs":["https:\/\/portaltela.pt\/"],"url":"https:\/\/portaltela.pt\/por\/367410592786\/"}]}},"_links":{"self":[{"href":"https:\/\/portaltela.pt\/api\/wp\/v2\/posts\/181678","targetHints":{"allow":["GET"]}}],"collection":[{"href":"https:\/\/portaltela.pt\/api\/wp\/v2\/posts"}],"about":[{"href":"https:\/\/portaltela.pt\/api\/wp\/v2\/types\/post"}],"author":[{"embeddable":true,"href":"https:\/\/portaltela.pt\/api\/wp\/v2\/users\/2"}],"replies":[{"embeddable":true,"href":"https:\/\/portaltela.pt\/api\/wp\/v2\/comments?post=181678"}],"version-history":[{"count":0,"href":"https:\/\/portaltela.pt\/api\/wp\/v2\/posts\/181678\/revisions"}],"wp:featuredmedia":[{"embeddable":true,"href":"https:\/\/portaltela.pt\/api\/wp\/v2\/media\/181683"}],"wp:attachment":[{"href":"https:\/\/portaltela.pt\/api\/wp\/v2\/media?parent=181678"}],"wp:term":[{"taxonomy":"category","embeddable":true,"href":"https:\/\/portaltela.pt\/api\/wp\/v2\/categories?post=181678"},{"taxonomy":"post_tag","embeddable":true,"href":"https:\/\/portaltela.pt\/api\/wp\/v2\/tags?post=181678"}],"curies":[{"name":"wp","href":"https:\/\/api.w.org\/{rel}","templated":true}]}}