{"id":181608,"date":"2026-01-29T12:23:00","date_gmt":"2026-01-29T15:23:00","guid":{"rendered":"https:\/\/portaltela.pt\/noticias\/2026\/01\/29\/dois-arguidos-por-furtos-em-residencias-com-recuperacao-de-material-furtado\/"},"modified":"2026-01-29T12:23:00","modified_gmt":"2026-01-29T15:23:00","slug":"dois-arguidos-por-furtos-em-residencias-com-recuperacao-de-material-furtado","status":"publish","type":"post","link":"https:\/\/portaltela.pt\/noticias\/2026\/01\/29\/dois-arguidos-por-furtos-em-residencias-com-recuperacao-de-material-furtado\/","title":{"rendered":"Dois arguidos por furtos em resid\u00eancias com recupera\u00e7\u00e3o de material furtado"},"content":{"rendered":"<p>O Comando Territorial de Castelo Branco da GNR constituiu arguidos dois homens, de 18 e 43 anos, por furtos em resid\u00eancias no concelho. A investiga\u00e7\u00e3o envolve quatro furtos ocorridos na Lardosa entre 19 e 21 de janeiro. Os suspeitos atuavam aproveitando a aus\u00eancia dos propriet\u00e1rios.<\/p>\n<p>Foram efetuadas dilig\u00eancias que permitiram identificar e localizar os suspeitos no \u00e2mbito de um alarme social crescente. Foram cumpridos tr\u00eas mandados de busca: uma domicili\u00e1ria e duas n\u00e3o domicili\u00e1rias, com recupera\u00e7\u00e3o de parte do material furtado.<\/p>\n<h3>Investiga\u00e7\u00e3o e material recuperado<\/h3>\n<p>A GNR refere que foi apreendido diverso equipamento, incluindo 15 eletrodom\u00e9sticos, cinco ferramentas el\u00e9tricas, quatro bicicletas, caixas de ferramentas, material de constru\u00e7\u00e3o, eletr\u00f3nico, faqueiros, loi\u00e7as, tachos, utens\u00edlios de cozinha, al\u00e9m de artigos decorativos e pessoais.<\/p>\n<p>O material recuperado ser\u00e1 devolvido aos leg\u00edtimos propriet\u00e1rios. Os dois arguidos foram presentes no Tribunal Judicial de Castelo Branco, com a comunica\u00e7\u00e3o dos factos pela autoridade policial.<\/p>\n<p>A a\u00e7\u00e3o contou com o refor\u00e7o de militares do Posto Territorial de Alcains.<\/p>\n","protected":false},"excerpt":{"rendered":"<ul>\n<li>Dois arguidos, com 18 e 43 anos, foram constitu\u00eddos por furtos em resid\u00eancias no concelho de Castelo Branco.<\/li>\n<li>A investiga\u00e7\u00e3o envolve quatro furtos ocorridos na Lardosa entre os dias 19 e 21 de janeiro, com os suspeitos a aproveitarem a aus\u00eancia dos propriet\u00e1rios.<\/li>\n<li>Foram cumpridos tr\u00eas mandados de busca (uma domicili\u00e1ria e duas n\u00e3o domicili\u00e1rias), permitindo a apreens\u00e3o de diverso material furtado.<\/li>\n<li>O material recuperado inclui quinze eletrodom\u00e9sticos, cinco ferramentas el\u00e9tricas, quatro bicicletas, diversas ferramentas, material de constru\u00e7\u00e3o, utens\u00edlios de cozinha, pe\u00e7as decorativas e artigos pessoais.<\/li>\n<li>O material ser\u00e1 devolvido aos leg\u00edtimos propriet\u00e1rios; os arguidos foram referenciados ao Tribunal Judicial de Castelo Branco, com apoio de militares do Posto Territorial de Alcains.<\/li>\n<\/ul>\n","protected":false},"author":2,"featured_media":181648,"comment_status":"closed","ping_status":"closed","sticky":false,"template":"","format":"standard","meta":{"footnotes":""},"categories":[1],"tags":[2743,1112,424,1356,1380,4115],"class_list":["post-181608","post","type-post","status-publish","format-standard","has-post-thumbnail","hentry","category-noticias","tag-casas","tag-castelo-branco","tag-furto","tag-furto-roubo","tag-gnr","tag-residencias"],"yoast_head":"<!-- This site is optimized with the Yoast SEO plugin v27.2 - https:\/\/yoast.com\/product\/yoast-seo-wordpress\/ -->\n<title>Dois arguidos por furtos em resid\u00eancias com recupera\u00e7\u00e3o de material furtado - Portal Tela Portugal<\/title>\n<meta name=\"robots\" content=\"index, follow, max-snippet:-1, max-image-preview:large, max-video-preview:-1\" \/>\n<meta property=\"og:locale\" content=\"pt_PT\" \/>\n<meta property=\"og:type\" content=\"article\" \/>\n<meta property=\"og:title\" content=\"Dois arguidos por furtos em resid\u00eancias com recupera\u00e7\u00e3o de material furtado - Portal Tela Portugal\" \/>\n<meta property=\"og:description\" content=\"Dois arguidos, com 18 e 43 anos, foram constitu\u00eddos por furtos em resid\u00eancias no concelho de Castelo Branco. A investiga\u00e7\u00e3o envolve quatro furtos ocorridos na Lardosa entre os dias 19 e 21 de janeiro, com os suspeitos a aproveitarem a aus\u00eancia dos propriet\u00e1rios. Foram cumpridos tr\u00eas mandados de busca (uma domicili\u00e1ria e duas n\u00e3o domicili\u00e1rias), permitindo a apreens\u00e3o de diverso material furtado. O material recuperado inclui quinze eletrodom\u00e9sticos, cinco ferramentas el\u00e9tricas, quatro bicicletas, diversas ferramentas, material de constru\u00e7\u00e3o, utens\u00edlios de cozinha, pe\u00e7as decorativas e artigos pessoais. O material ser\u00e1 devolvido aos leg\u00edtimos propriet\u00e1rios; os arguidos foram referenciados ao Tribunal Judicial de Castelo Branco, com apoio de militares do Posto Territorial de Alcains.\" \/>\n<meta property=\"og:url\" content=\"https:\/\/portaltela.pt\/noticias\/2026\/01\/29\/dois-arguidos-por-furtos-em-residencias-com-recuperacao-de-material-furtado\/\" \/>\n<meta property=\"og:site_name\" content=\"Portal Tela Portugal\" \/>\n<meta property=\"article:published_time\" content=\"2026-01-29T15:23:00+00:00\" \/>\n<meta name=\"author\" content=\"Telinha\" \/>\n<meta name=\"twitter:card\" content=\"summary_large_image\" \/>\n<meta name=\"twitter:label1\" content=\"Escrito por\" \/>\n\t<meta name=\"twitter:data1\" content=\"Telinha\" \/>\n\t<meta name=\"twitter:label2\" content=\"Tempo estimado de leitura\" \/>\n\t<meta name=\"twitter:data2\" content=\"1 minuto\" \/>\n<script type=\"application\/ld+json\" class=\"yoast-schema-graph\">{\"@context\":\"https:\/\/schema.org\",\"@graph\":[{\"@type\":\"Article\",\"@id\":\"https:\/\/portaltela.pt\/noticias\/2026\/01\/29\/dois-arguidos-por-furtos-em-residencias-com-recuperacao-de-material-furtado\/#article\",\"isPartOf\":{\"@id\":\"https:\/\/portaltela.pt\/noticias\/2026\/01\/29\/dois-arguidos-por-furtos-em-residencias-com-recuperacao-de-material-furtado\/\"},\"author\":{\"name\":\"Telinha\",\"@id\":\"https:\/\/portaltela.pt\/#\/schema\/person\/c4278d4a6028830caff9ee44b42d32ed\"},\"headline\":\"Dois arguidos por furtos em resid\u00eancias com recupera\u00e7\u00e3o de material furtado\",\"datePublished\":\"2026-01-29T15:23:00+00:00\",\"mainEntityOfPage\":{\"@id\":\"https:\/\/portaltela.pt\/noticias\/2026\/01\/29\/dois-arguidos-por-furtos-em-residencias-com-recuperacao-de-material-furtado\/\"},\"wordCount\":191,\"image\":{\"@id\":\"https:\/\/portaltela.pt\/noticias\/2026\/01\/29\/dois-arguidos-por-furtos-em-residencias-com-recuperacao-de-material-furtado\/#primaryimage\"},\"thumbnailUrl\":\"https:\/\/portaltela.pt\/s.01k8rhncp4jt1\/2026\/01\/unnamed-file-5851.jpg\",\"keywords\":[\"casas\",\"Castelo Branco\",\"furto\",\"furto\/roubo\",\"GNR\",\"resid\u00eancias\"],\"articleSection\":[\"Not\u00edcias\"],\"inLanguage\":\"pt-PT\"},{\"@type\":\"WebPage\",\"@id\":\"https:\/\/portaltela.pt\/noticias\/2026\/01\/29\/dois-arguidos-por-furtos-em-residencias-com-recuperacao-de-material-furtado\/\",\"url\":\"https:\/\/portaltela.pt\/noticias\/2026\/01\/29\/dois-arguidos-por-furtos-em-residencias-com-recuperacao-de-material-furtado\/\",\"name\":\"Dois arguidos por furtos em resid\u00eancias com recupera\u00e7\u00e3o de material furtado - Portal Tela Portugal\",\"isPartOf\":{\"@id\":\"https:\/\/portaltela.pt\/#website\"},\"primaryImageOfPage\":{\"@id\":\"https:\/\/portaltela.pt\/noticias\/2026\/01\/29\/dois-arguidos-por-furtos-em-residencias-com-recuperacao-de-material-furtado\/#primaryimage\"},\"image\":{\"@id\":\"https:\/\/portaltela.pt\/noticias\/2026\/01\/29\/dois-arguidos-por-furtos-em-residencias-com-recuperacao-de-material-furtado\/#primaryimage\"},\"thumbnailUrl\":\"https:\/\/portaltela.pt\/s.01k8rhncp4jt1\/2026\/01\/unnamed-file-5851.jpg\",\"datePublished\":\"2026-01-29T15:23:00+00:00\",\"author\":{\"@id\":\"https:\/\/portaltela.pt\/#\/schema\/person\/c4278d4a6028830caff9ee44b42d32ed\"},\"breadcrumb\":{\"@id\":\"https:\/\/portaltela.pt\/noticias\/2026\/01\/29\/dois-arguidos-por-furtos-em-residencias-com-recuperacao-de-material-furtado\/#breadcrumb\"},\"inLanguage\":\"pt-PT\",\"potentialAction\":[{\"@type\":\"ReadAction\",\"target\":[\"https:\/\/portaltela.pt\/noticias\/2026\/01\/29\/dois-arguidos-por-furtos-em-residencias-com-recuperacao-de-material-furtado\/\"]}]},{\"@type\":\"ImageObject\",\"inLanguage\":\"pt-PT\",\"@id\":\"https:\/\/portaltela.pt\/noticias\/2026\/01\/29\/dois-arguidos-por-furtos-em-residencias-com-recuperacao-de-material-furtado\/#primaryimage\",\"url\":\"https:\/\/portaltela.pt\/s.01k8rhncp4jt1\/2026\/01\/unnamed-file-5851.jpg\",\"contentUrl\":\"https:\/\/portaltela.pt\/s.01k8rhncp4jt1\/2026\/01\/unnamed-file-5851.jpg\",\"width\":796,\"height\":448,\"caption\":\"Dois arguidos por furtos em resid\u00eancias e recupera\u00e7\u00e3o de material furtado\"},{\"@type\":\"BreadcrumbList\",\"@id\":\"https:\/\/portaltela.pt\/noticias\/2026\/01\/29\/dois-arguidos-por-furtos-em-residencias-com-recuperacao-de-material-furtado\/#breadcrumb\",\"itemListElement\":[{\"@type\":\"ListItem\",\"position\":1,\"name\":\"In\u00edcio\",\"item\":\"https:\/\/portaltela.pt\/\"},{\"@type\":\"ListItem\",\"position\":2,\"name\":\"Dois arguidos por furtos em resid\u00eancias com recupera\u00e7\u00e3o de material furtado\"}]},{\"@type\":\"WebSite\",\"@id\":\"https:\/\/portaltela.pt\/#website\",\"url\":\"https:\/\/portaltela.pt\/\",\"name\":\"Portal Tela Portugal\",\"description\":\"\",\"potentialAction\":[{\"@type\":\"SearchAction\",\"target\":{\"@type\":\"EntryPoint\",\"urlTemplate\":\"https:\/\/portaltela.pt\/?s={search_term_string}\"},\"query-input\":{\"@type\":\"PropertyValueSpecification\",\"valueRequired\":true,\"valueName\":\"search_term_string\"}}],\"inLanguage\":\"pt-PT\"},{\"@type\":\"Person\",\"@id\":\"https:\/\/portaltela.pt\/#\/schema\/person\/c4278d4a6028830caff9ee44b42d32ed\",\"name\":\"Telinha\",\"image\":{\"@type\":\"ImageObject\",\"inLanguage\":\"pt-PT\",\"@id\":\"https:\/\/portaltela.pt\/s.01k8rhncp4jt1\/2025\/11\/talking-bot-125x125.png\",\"url\":\"https:\/\/portaltela.pt\/s.01k8rhncp4jt1\/2025\/11\/talking-bot-125x125.png\",\"contentUrl\":\"https:\/\/portaltela.pt\/s.01k8rhncp4jt1\/2025\/11\/talking-bot-125x125.png\",\"caption\":\"Telinha\"},\"sameAs\":[\"https:\/\/portaltela.pt\/\"],\"url\":\"https:\/\/portaltela.pt\/por\/367410592786\/\"}]}<\/script>\n<!-- \/ Yoast SEO plugin. -->","yoast_head_json":{"title":"Dois arguidos por furtos em resid\u00eancias com recupera\u00e7\u00e3o de material furtado - Portal Tela Portugal","robots":{"index":"index","follow":"follow","max-snippet":"max-snippet:-1","max-image-preview":"max-image-preview:large","max-video-preview":"max-video-preview:-1"},"og_locale":"pt_PT","og_type":"article","og_title":"Dois arguidos por furtos em resid\u00eancias com recupera\u00e7\u00e3o de material furtado - Portal Tela Portugal","og_description":"Dois arguidos, com 18 e 43 anos, foram constitu\u00eddos por furtos em resid\u00eancias no concelho de Castelo Branco. A investiga\u00e7\u00e3o envolve quatro furtos ocorridos na Lardosa entre os dias 19 e 21 de janeiro, com os suspeitos a aproveitarem a aus\u00eancia dos propriet\u00e1rios. Foram cumpridos tr\u00eas mandados de busca (uma domicili\u00e1ria e duas n\u00e3o domicili\u00e1rias), permitindo a apreens\u00e3o de diverso material furtado. O material recuperado inclui quinze eletrodom\u00e9sticos, cinco ferramentas el\u00e9tricas, quatro bicicletas, diversas ferramentas, material de constru\u00e7\u00e3o, utens\u00edlios de cozinha, pe\u00e7as decorativas e artigos pessoais. O material ser\u00e1 devolvido aos leg\u00edtimos propriet\u00e1rios; os arguidos foram referenciados ao Tribunal Judicial de Castelo Branco, com apoio de militares do Posto Territorial de Alcains.","og_url":"https:\/\/portaltela.pt\/noticias\/2026\/01\/29\/dois-arguidos-por-furtos-em-residencias-com-recuperacao-de-material-furtado\/","og_site_name":"Portal Tela Portugal","article_published_time":"2026-01-29T15:23:00+00:00","author":"Telinha","twitter_card":"summary_large_image","twitter_misc":{"Escrito por":"Telinha","Tempo estimado de leitura":"1 minuto"},"schema":{"@context":"https:\/\/schema.org","@graph":[{"@type":"Article","@id":"https:\/\/portaltela.pt\/noticias\/2026\/01\/29\/dois-arguidos-por-furtos-em-residencias-com-recuperacao-de-material-furtado\/#article","isPartOf":{"@id":"https:\/\/portaltela.pt\/noticias\/2026\/01\/29\/dois-arguidos-por-furtos-em-residencias-com-recuperacao-de-material-furtado\/"},"author":{"name":"Telinha","@id":"https:\/\/portaltela.pt\/#\/schema\/person\/c4278d4a6028830caff9ee44b42d32ed"},"headline":"Dois arguidos por furtos em resid\u00eancias com recupera\u00e7\u00e3o de material furtado","datePublished":"2026-01-29T15:23:00+00:00","mainEntityOfPage":{"@id":"https:\/\/portaltela.pt\/noticias\/2026\/01\/29\/dois-arguidos-por-furtos-em-residencias-com-recuperacao-de-material-furtado\/"},"wordCount":191,"image":{"@id":"https:\/\/portaltela.pt\/noticias\/2026\/01\/29\/dois-arguidos-por-furtos-em-residencias-com-recuperacao-de-material-furtado\/#primaryimage"},"thumbnailUrl":"https:\/\/portaltela.pt\/s.01k8rhncp4jt1\/2026\/01\/unnamed-file-5851.jpg","keywords":["casas","Castelo Branco","furto","furto\/roubo","GNR","resid\u00eancias"],"articleSection":["Not\u00edcias"],"inLanguage":"pt-PT"},{"@type":"WebPage","@id":"https:\/\/portaltela.pt\/noticias\/2026\/01\/29\/dois-arguidos-por-furtos-em-residencias-com-recuperacao-de-material-furtado\/","url":"https:\/\/portaltela.pt\/noticias\/2026\/01\/29\/dois-arguidos-por-furtos-em-residencias-com-recuperacao-de-material-furtado\/","name":"Dois arguidos por furtos em resid\u00eancias com recupera\u00e7\u00e3o de material furtado - Portal Tela Portugal","isPartOf":{"@id":"https:\/\/portaltela.pt\/#website"},"primaryImageOfPage":{"@id":"https:\/\/portaltela.pt\/noticias\/2026\/01\/29\/dois-arguidos-por-furtos-em-residencias-com-recuperacao-de-material-furtado\/#primaryimage"},"image":{"@id":"https:\/\/portaltela.pt\/noticias\/2026\/01\/29\/dois-arguidos-por-furtos-em-residencias-com-recuperacao-de-material-furtado\/#primaryimage"},"thumbnailUrl":"https:\/\/portaltela.pt\/s.01k8rhncp4jt1\/2026\/01\/unnamed-file-5851.jpg","datePublished":"2026-01-29T15:23:00+00:00","author":{"@id":"https:\/\/portaltela.pt\/#\/schema\/person\/c4278d4a6028830caff9ee44b42d32ed"},"breadcrumb":{"@id":"https:\/\/portaltela.pt\/noticias\/2026\/01\/29\/dois-arguidos-por-furtos-em-residencias-com-recuperacao-de-material-furtado\/#breadcrumb"},"inLanguage":"pt-PT","potentialAction":[{"@type":"ReadAction","target":["https:\/\/portaltela.pt\/noticias\/2026\/01\/29\/dois-arguidos-por-furtos-em-residencias-com-recuperacao-de-material-furtado\/"]}]},{"@type":"ImageObject","inLanguage":"pt-PT","@id":"https:\/\/portaltela.pt\/noticias\/2026\/01\/29\/dois-arguidos-por-furtos-em-residencias-com-recuperacao-de-material-furtado\/#primaryimage","url":"https:\/\/portaltela.pt\/s.01k8rhncp4jt1\/2026\/01\/unnamed-file-5851.jpg","contentUrl":"https:\/\/portaltela.pt\/s.01k8rhncp4jt1\/2026\/01\/unnamed-file-5851.jpg","width":796,"height":448,"caption":"Dois arguidos por furtos em resid\u00eancias e recupera\u00e7\u00e3o de material furtado"},{"@type":"BreadcrumbList","@id":"https:\/\/portaltela.pt\/noticias\/2026\/01\/29\/dois-arguidos-por-furtos-em-residencias-com-recuperacao-de-material-furtado\/#breadcrumb","itemListElement":[{"@type":"ListItem","position":1,"name":"In\u00edcio","item":"https:\/\/portaltela.pt\/"},{"@type":"ListItem","position":2,"name":"Dois arguidos por furtos em resid\u00eancias com recupera\u00e7\u00e3o de material furtado"}]},{"@type":"WebSite","@id":"https:\/\/portaltela.pt\/#website","url":"https:\/\/portaltela.pt\/","name":"Portal Tela Portugal","description":"","potentialAction":[{"@type":"SearchAction","target":{"@type":"EntryPoint","urlTemplate":"https:\/\/portaltela.pt\/?s={search_term_string}"},"query-input":{"@type":"PropertyValueSpecification","valueRequired":true,"valueName":"search_term_string"}}],"inLanguage":"pt-PT"},{"@type":"Person","@id":"https:\/\/portaltela.pt\/#\/schema\/person\/c4278d4a6028830caff9ee44b42d32ed","name":"Telinha","image":{"@type":"ImageObject","inLanguage":"pt-PT","@id":"https:\/\/portaltela.pt\/s.01k8rhncp4jt1\/2025\/11\/talking-bot-125x125.png","url":"https:\/\/portaltela.pt\/s.01k8rhncp4jt1\/2025\/11\/talking-bot-125x125.png","contentUrl":"https:\/\/portaltela.pt\/s.01k8rhncp4jt1\/2025\/11\/talking-bot-125x125.png","caption":"Telinha"},"sameAs":["https:\/\/portaltela.pt\/"],"url":"https:\/\/portaltela.pt\/por\/367410592786\/"}]}},"_links":{"self":[{"href":"https:\/\/portaltela.pt\/api\/wp\/v2\/posts\/181608","targetHints":{"allow":["GET"]}}],"collection":[{"href":"https:\/\/portaltela.pt\/api\/wp\/v2\/posts"}],"about":[{"href":"https:\/\/portaltela.pt\/api\/wp\/v2\/types\/post"}],"author":[{"embeddable":true,"href":"https:\/\/portaltela.pt\/api\/wp\/v2\/users\/2"}],"replies":[{"embeddable":true,"href":"https:\/\/portaltela.pt\/api\/wp\/v2\/comments?post=181608"}],"version-history":[{"count":0,"href":"https:\/\/portaltela.pt\/api\/wp\/v2\/posts\/181608\/revisions"}],"wp:featuredmedia":[{"embeddable":true,"href":"https:\/\/portaltela.pt\/api\/wp\/v2\/media\/181648"}],"wp:attachment":[{"href":"https:\/\/portaltela.pt\/api\/wp\/v2\/media?parent=181608"}],"wp:term":[{"taxonomy":"category","embeddable":true,"href":"https:\/\/portaltela.pt\/api\/wp\/v2\/categories?post=181608"},{"taxonomy":"post_tag","embeddable":true,"href":"https:\/\/portaltela.pt\/api\/wp\/v2\/tags?post=181608"}],"curies":[{"name":"wp","href":"https:\/\/api.w.org\/{rel}","templated":true}]}}