{"id":181569,"date":"2026-01-29T12:08:25","date_gmt":"2026-01-29T15:08:25","guid":{"rendered":"https:\/\/portaltela.pt\/noticias\/2026\/01\/29\/paul-do-mar-regressa-a-normalidade-apos-agitacao-maritima-intensa\/"},"modified":"2026-01-29T12:08:25","modified_gmt":"2026-01-29T15:08:25","slug":"paul-do-mar-regressa-a-normalidade-apos-agitacao-maritima-intensa","status":"publish","type":"post","link":"https:\/\/portaltela.pt\/noticias\/2026\/01\/29\/paul-do-mar-regressa-a-normalidade-apos-agitacao-maritima-intensa\/","title":{"rendered":"Paul do Mar regressa \u00e0 normalidade ap\u00f3s agita\u00e7\u00e3o mar\u00edtima intensa"},"content":{"rendered":"<p>A vila de Paul do Mar, na Calheta, registou forte agita\u00e7\u00e3o mar\u00edtima que afetou a popula\u00e7\u00e3o local e a zona costeira. A ondula\u00e7\u00e3o provocou estragos em infraestruturas, barcos e ve\u00edculos, e deixou v\u00e1rios residentes sem eletricidade.<\/p>\n<p>Ao longo do dia, os habitantes e autoridades desenvolveram um plano de resposta coordenado para garantir a seguran\u00e7a e reduzir os danos. A prioridade passou pela avalia\u00e7\u00e3o de riscos e pela mobiliza\u00e7\u00e3o de recursos dispon\u00edveis.<\/p>\n<p>A Junta de Freguesia da Calheta destacou o trabalho de limpeza dos detritos espalhados pela via p\u00fablica, resultado da for\u00e7a das ondas. A interven\u00e7\u00e3o teve como objetivo devolver a normalidade \u00e0 freguesia e preservar o bem-estar da comunidade.<\/p>\n<p>A C\u00e2mara Municipal da Calheta deu apoio com uma equipa destinada \u00e0 zona portu\u00e1ria, que ficou coberta de areia e calhaus. Os respons\u00e1veis locais agradeceram o suporte, reconhecendo a import\u00e2ncia da colabora\u00e7\u00e3o entre entidades.<\/p>\n<p>Durante a quarta-feira, o fen\u00f3meno foi associado \u00e0 depress\u00e3o clim\u00e1tica Joseph, que concentrou a f\u00faria no litoral oeste da ilha. A intensidade das ondula\u00e7\u00f5es ficou evidente pelo dano vis\u00edvel ao cais e \u00e0 envolvente costeira.<\/p>\n<p>As marcas deixadas pelas ondas inclu\u00edram estragos em um barco, em autom\u00f3veis e em habita\u00e7\u00f5es, com parte das habita\u00e7\u00f5es a ficar sem fornecimento el\u00e9trico. A freguesia do Paul do Mar permanece sob vigil\u00e2ncia e em processo de avalia\u00e7\u00e3o de danos.<\/p>\n","protected":false},"excerpt":{"rendered":"<ul>\n<li>Forte ondula\u00e7\u00e3o atingiu o Paul do Mar, provocando v\u00e1rias ocorr\u00eancias na zona costeira e mantendo a popula\u00e7\u00e3o em alerta.<\/li>\n<li>A freguesia da Calheta come\u00e7ou a recuperar a normalidade ap\u00f3s o epis\u00f3dio.<\/li>\n<li>A Junta de Freguesia procede \u00e0 limpeza dos detritos deixados pela ondula\u00e7\u00e3o, visando o bem-estar da comunidade.<\/li>\n<li>A C\u00e2mara Municipal da Calheta disponibilizou uma equipa para intervir na zona do porto e agradeceu o apoio.<\/li>\n<li>A depress\u00e3o Joseph concentrou a f\u00faria na Costa Oeste, com marcas vis\u00edveis de ondas no cais, invas\u00e3o da costa, danos num barco, autom\u00f3veis e habita\u00e7\u00f5es, e fornecimento de energia afetado.<\/li>\n<\/ul>\n","protected":false},"author":2,"featured_media":181590,"comment_status":"closed","ping_status":"closed","sticky":false,"template":"","format":"standard","meta":{"footnotes":""},"categories":[1],"tags":[1375,2048,3732,2817,859,320],"class_list":["post-181569","post","type-post","status-publish","format-standard","has-post-thumbnail","hentry","category-noticias","tag-calheta","tag-defesa-civil","tag-eletricidade","tag-habitacoes","tag-madeira","tag-protecao-civil"],"yoast_head":"<!-- This site is optimized with the Yoast SEO plugin v27.2 - https:\/\/yoast.com\/product\/yoast-seo-wordpress\/ -->\n<title>Paul do Mar regressa \u00e0 normalidade ap\u00f3s agita\u00e7\u00e3o mar\u00edtima intensa - Portal Tela Portugal<\/title>\n<meta name=\"robots\" content=\"index, follow, max-snippet:-1, max-image-preview:large, max-video-preview:-1\" \/>\n<meta property=\"og:locale\" content=\"pt_PT\" \/>\n<meta property=\"og:type\" content=\"article\" \/>\n<meta property=\"og:title\" content=\"Paul do Mar regressa \u00e0 normalidade ap\u00f3s agita\u00e7\u00e3o mar\u00edtima intensa - Portal Tela Portugal\" \/>\n<meta property=\"og:description\" content=\"Forte ondula\u00e7\u00e3o atingiu o Paul do Mar, provocando v\u00e1rias ocorr\u00eancias na zona costeira e mantendo a popula\u00e7\u00e3o em alerta. A freguesia da Calheta come\u00e7ou a recuperar a normalidade ap\u00f3s o epis\u00f3dio. A Junta de Freguesia procede \u00e0 limpeza dos detritos deixados pela ondula\u00e7\u00e3o, visando o bem-estar da comunidade. A C\u00e2mara Municipal da Calheta disponibilizou uma equipa para intervir na zona do porto e agradeceu o apoio. A depress\u00e3o Joseph concentrou a f\u00faria na Costa Oeste, com marcas vis\u00edveis de ondas no cais, invas\u00e3o da costa, danos num barco, autom\u00f3veis e habita\u00e7\u00f5es, e fornecimento de energia afetado.\" \/>\n<meta property=\"og:url\" content=\"https:\/\/portaltela.pt\/noticias\/2026\/01\/29\/paul-do-mar-regressa-a-normalidade-apos-agitacao-maritima-intensa\/\" \/>\n<meta property=\"og:site_name\" content=\"Portal Tela Portugal\" \/>\n<meta property=\"article:published_time\" content=\"2026-01-29T15:08:25+00:00\" \/>\n<meta name=\"author\" content=\"Telinha\" \/>\n<meta name=\"twitter:card\" content=\"summary_large_image\" \/>\n<meta name=\"twitter:label1\" content=\"Escrito por\" \/>\n\t<meta name=\"twitter:data1\" content=\"Telinha\" \/>\n\t<meta name=\"twitter:label2\" content=\"Tempo estimado de leitura\" \/>\n\t<meta name=\"twitter:data2\" content=\"1 minuto\" \/>\n<script type=\"application\/ld+json\" class=\"yoast-schema-graph\">{\"@context\":\"https:\/\/schema.org\",\"@graph\":[{\"@type\":\"Article\",\"@id\":\"https:\/\/portaltela.pt\/noticias\/2026\/01\/29\/paul-do-mar-regressa-a-normalidade-apos-agitacao-maritima-intensa\/#article\",\"isPartOf\":{\"@id\":\"https:\/\/portaltela.pt\/noticias\/2026\/01\/29\/paul-do-mar-regressa-a-normalidade-apos-agitacao-maritima-intensa\/\"},\"author\":{\"name\":\"Telinha\",\"@id\":\"https:\/\/portaltela.pt\/#\/schema\/person\/c4278d4a6028830caff9ee44b42d32ed\"},\"headline\":\"Paul do Mar regressa \u00e0 normalidade ap\u00f3s agita\u00e7\u00e3o mar\u00edtima intensa\",\"datePublished\":\"2026-01-29T15:08:25+00:00\",\"mainEntityOfPage\":{\"@id\":\"https:\/\/portaltela.pt\/noticias\/2026\/01\/29\/paul-do-mar-regressa-a-normalidade-apos-agitacao-maritima-intensa\/\"},\"wordCount\":257,\"image\":{\"@id\":\"https:\/\/portaltela.pt\/noticias\/2026\/01\/29\/paul-do-mar-regressa-a-normalidade-apos-agitacao-maritima-intensa\/#primaryimage\"},\"thumbnailUrl\":\"https:\/\/portaltela.pt\/s.01k8rhncp4jt1\/2026\/01\/ASpress0000573900.jpg\",\"keywords\":[\"Calheta\",\"Defesa Civil\",\"eletricidade\",\"habita\u00e7\u00f5es\",\"Madeira\",\"prote\u00e7\u00e3o civil\"],\"articleSection\":[\"Not\u00edcias\"],\"inLanguage\":\"pt-PT\"},{\"@type\":\"WebPage\",\"@id\":\"https:\/\/portaltela.pt\/noticias\/2026\/01\/29\/paul-do-mar-regressa-a-normalidade-apos-agitacao-maritima-intensa\/\",\"url\":\"https:\/\/portaltela.pt\/noticias\/2026\/01\/29\/paul-do-mar-regressa-a-normalidade-apos-agitacao-maritima-intensa\/\",\"name\":\"Paul do Mar regressa \u00e0 normalidade ap\u00f3s agita\u00e7\u00e3o mar\u00edtima intensa - Portal Tela Portugal\",\"isPartOf\":{\"@id\":\"https:\/\/portaltela.pt\/#website\"},\"primaryImageOfPage\":{\"@id\":\"https:\/\/portaltela.pt\/noticias\/2026\/01\/29\/paul-do-mar-regressa-a-normalidade-apos-agitacao-maritima-intensa\/#primaryimage\"},\"image\":{\"@id\":\"https:\/\/portaltela.pt\/noticias\/2026\/01\/29\/paul-do-mar-regressa-a-normalidade-apos-agitacao-maritima-intensa\/#primaryimage\"},\"thumbnailUrl\":\"https:\/\/portaltela.pt\/s.01k8rhncp4jt1\/2026\/01\/ASpress0000573900.jpg\",\"datePublished\":\"2026-01-29T15:08:25+00:00\",\"author\":{\"@id\":\"https:\/\/portaltela.pt\/#\/schema\/person\/c4278d4a6028830caff9ee44b42d32ed\"},\"breadcrumb\":{\"@id\":\"https:\/\/portaltela.pt\/noticias\/2026\/01\/29\/paul-do-mar-regressa-a-normalidade-apos-agitacao-maritima-intensa\/#breadcrumb\"},\"inLanguage\":\"pt-PT\",\"potentialAction\":[{\"@type\":\"ReadAction\",\"target\":[\"https:\/\/portaltela.pt\/noticias\/2026\/01\/29\/paul-do-mar-regressa-a-normalidade-apos-agitacao-maritima-intensa\/\"]}]},{\"@type\":\"ImageObject\",\"inLanguage\":\"pt-PT\",\"@id\":\"https:\/\/portaltela.pt\/noticias\/2026\/01\/29\/paul-do-mar-regressa-a-normalidade-apos-agitacao-maritima-intensa\/#primaryimage\",\"url\":\"https:\/\/portaltela.pt\/s.01k8rhncp4jt1\/2026\/01\/ASpress0000573900.jpg\",\"contentUrl\":\"https:\/\/portaltela.pt\/s.01k8rhncp4jt1\/2026\/01\/ASpress0000573900.jpg\",\"width\":796,\"height\":448,\"caption\":\"Foto Arquivo\/H\u00e9lder Santos-ASPRESS\"},{\"@type\":\"BreadcrumbList\",\"@id\":\"https:\/\/portaltela.pt\/noticias\/2026\/01\/29\/paul-do-mar-regressa-a-normalidade-apos-agitacao-maritima-intensa\/#breadcrumb\",\"itemListElement\":[{\"@type\":\"ListItem\",\"position\":1,\"name\":\"In\u00edcio\",\"item\":\"https:\/\/portaltela.pt\/\"},{\"@type\":\"ListItem\",\"position\":2,\"name\":\"Paul do Mar regressa \u00e0 normalidade ap\u00f3s agita\u00e7\u00e3o mar\u00edtima intensa\"}]},{\"@type\":\"WebSite\",\"@id\":\"https:\/\/portaltela.pt\/#website\",\"url\":\"https:\/\/portaltela.pt\/\",\"name\":\"Portal Tela Portugal\",\"description\":\"\",\"potentialAction\":[{\"@type\":\"SearchAction\",\"target\":{\"@type\":\"EntryPoint\",\"urlTemplate\":\"https:\/\/portaltela.pt\/?s={search_term_string}\"},\"query-input\":{\"@type\":\"PropertyValueSpecification\",\"valueRequired\":true,\"valueName\":\"search_term_string\"}}],\"inLanguage\":\"pt-PT\"},{\"@type\":\"Person\",\"@id\":\"https:\/\/portaltela.pt\/#\/schema\/person\/c4278d4a6028830caff9ee44b42d32ed\",\"name\":\"Telinha\",\"image\":{\"@type\":\"ImageObject\",\"inLanguage\":\"pt-PT\",\"@id\":\"https:\/\/portaltela.pt\/s.01k8rhncp4jt1\/2025\/11\/talking-bot-125x125.png\",\"url\":\"https:\/\/portaltela.pt\/s.01k8rhncp4jt1\/2025\/11\/talking-bot-125x125.png\",\"contentUrl\":\"https:\/\/portaltela.pt\/s.01k8rhncp4jt1\/2025\/11\/talking-bot-125x125.png\",\"caption\":\"Telinha\"},\"sameAs\":[\"https:\/\/portaltela.pt\/\"],\"url\":\"https:\/\/portaltela.pt\/por\/367410592786\/\"}]}<\/script>\n<!-- \/ Yoast SEO plugin. -->","yoast_head_json":{"title":"Paul do Mar regressa \u00e0 normalidade ap\u00f3s agita\u00e7\u00e3o mar\u00edtima intensa - Portal Tela Portugal","robots":{"index":"index","follow":"follow","max-snippet":"max-snippet:-1","max-image-preview":"max-image-preview:large","max-video-preview":"max-video-preview:-1"},"og_locale":"pt_PT","og_type":"article","og_title":"Paul do Mar regressa \u00e0 normalidade ap\u00f3s agita\u00e7\u00e3o mar\u00edtima intensa - Portal Tela Portugal","og_description":"Forte ondula\u00e7\u00e3o atingiu o Paul do Mar, provocando v\u00e1rias ocorr\u00eancias na zona costeira e mantendo a popula\u00e7\u00e3o em alerta. A freguesia da Calheta come\u00e7ou a recuperar a normalidade ap\u00f3s o epis\u00f3dio. A Junta de Freguesia procede \u00e0 limpeza dos detritos deixados pela ondula\u00e7\u00e3o, visando o bem-estar da comunidade. A C\u00e2mara Municipal da Calheta disponibilizou uma equipa para intervir na zona do porto e agradeceu o apoio. A depress\u00e3o Joseph concentrou a f\u00faria na Costa Oeste, com marcas vis\u00edveis de ondas no cais, invas\u00e3o da costa, danos num barco, autom\u00f3veis e habita\u00e7\u00f5es, e fornecimento de energia afetado.","og_url":"https:\/\/portaltela.pt\/noticias\/2026\/01\/29\/paul-do-mar-regressa-a-normalidade-apos-agitacao-maritima-intensa\/","og_site_name":"Portal Tela Portugal","article_published_time":"2026-01-29T15:08:25+00:00","author":"Telinha","twitter_card":"summary_large_image","twitter_misc":{"Escrito por":"Telinha","Tempo estimado de leitura":"1 minuto"},"schema":{"@context":"https:\/\/schema.org","@graph":[{"@type":"Article","@id":"https:\/\/portaltela.pt\/noticias\/2026\/01\/29\/paul-do-mar-regressa-a-normalidade-apos-agitacao-maritima-intensa\/#article","isPartOf":{"@id":"https:\/\/portaltela.pt\/noticias\/2026\/01\/29\/paul-do-mar-regressa-a-normalidade-apos-agitacao-maritima-intensa\/"},"author":{"name":"Telinha","@id":"https:\/\/portaltela.pt\/#\/schema\/person\/c4278d4a6028830caff9ee44b42d32ed"},"headline":"Paul do Mar regressa \u00e0 normalidade ap\u00f3s agita\u00e7\u00e3o mar\u00edtima intensa","datePublished":"2026-01-29T15:08:25+00:00","mainEntityOfPage":{"@id":"https:\/\/portaltela.pt\/noticias\/2026\/01\/29\/paul-do-mar-regressa-a-normalidade-apos-agitacao-maritima-intensa\/"},"wordCount":257,"image":{"@id":"https:\/\/portaltela.pt\/noticias\/2026\/01\/29\/paul-do-mar-regressa-a-normalidade-apos-agitacao-maritima-intensa\/#primaryimage"},"thumbnailUrl":"https:\/\/portaltela.pt\/s.01k8rhncp4jt1\/2026\/01\/ASpress0000573900.jpg","keywords":["Calheta","Defesa Civil","eletricidade","habita\u00e7\u00f5es","Madeira","prote\u00e7\u00e3o civil"],"articleSection":["Not\u00edcias"],"inLanguage":"pt-PT"},{"@type":"WebPage","@id":"https:\/\/portaltela.pt\/noticias\/2026\/01\/29\/paul-do-mar-regressa-a-normalidade-apos-agitacao-maritima-intensa\/","url":"https:\/\/portaltela.pt\/noticias\/2026\/01\/29\/paul-do-mar-regressa-a-normalidade-apos-agitacao-maritima-intensa\/","name":"Paul do Mar regressa \u00e0 normalidade ap\u00f3s agita\u00e7\u00e3o mar\u00edtima intensa - Portal Tela Portugal","isPartOf":{"@id":"https:\/\/portaltela.pt\/#website"},"primaryImageOfPage":{"@id":"https:\/\/portaltela.pt\/noticias\/2026\/01\/29\/paul-do-mar-regressa-a-normalidade-apos-agitacao-maritima-intensa\/#primaryimage"},"image":{"@id":"https:\/\/portaltela.pt\/noticias\/2026\/01\/29\/paul-do-mar-regressa-a-normalidade-apos-agitacao-maritima-intensa\/#primaryimage"},"thumbnailUrl":"https:\/\/portaltela.pt\/s.01k8rhncp4jt1\/2026\/01\/ASpress0000573900.jpg","datePublished":"2026-01-29T15:08:25+00:00","author":{"@id":"https:\/\/portaltela.pt\/#\/schema\/person\/c4278d4a6028830caff9ee44b42d32ed"},"breadcrumb":{"@id":"https:\/\/portaltela.pt\/noticias\/2026\/01\/29\/paul-do-mar-regressa-a-normalidade-apos-agitacao-maritima-intensa\/#breadcrumb"},"inLanguage":"pt-PT","potentialAction":[{"@type":"ReadAction","target":["https:\/\/portaltela.pt\/noticias\/2026\/01\/29\/paul-do-mar-regressa-a-normalidade-apos-agitacao-maritima-intensa\/"]}]},{"@type":"ImageObject","inLanguage":"pt-PT","@id":"https:\/\/portaltela.pt\/noticias\/2026\/01\/29\/paul-do-mar-regressa-a-normalidade-apos-agitacao-maritima-intensa\/#primaryimage","url":"https:\/\/portaltela.pt\/s.01k8rhncp4jt1\/2026\/01\/ASpress0000573900.jpg","contentUrl":"https:\/\/portaltela.pt\/s.01k8rhncp4jt1\/2026\/01\/ASpress0000573900.jpg","width":796,"height":448,"caption":"Foto Arquivo\/H\u00e9lder Santos-ASPRESS"},{"@type":"BreadcrumbList","@id":"https:\/\/portaltela.pt\/noticias\/2026\/01\/29\/paul-do-mar-regressa-a-normalidade-apos-agitacao-maritima-intensa\/#breadcrumb","itemListElement":[{"@type":"ListItem","position":1,"name":"In\u00edcio","item":"https:\/\/portaltela.pt\/"},{"@type":"ListItem","position":2,"name":"Paul do Mar regressa \u00e0 normalidade ap\u00f3s agita\u00e7\u00e3o mar\u00edtima intensa"}]},{"@type":"WebSite","@id":"https:\/\/portaltela.pt\/#website","url":"https:\/\/portaltela.pt\/","name":"Portal Tela Portugal","description":"","potentialAction":[{"@type":"SearchAction","target":{"@type":"EntryPoint","urlTemplate":"https:\/\/portaltela.pt\/?s={search_term_string}"},"query-input":{"@type":"PropertyValueSpecification","valueRequired":true,"valueName":"search_term_string"}}],"inLanguage":"pt-PT"},{"@type":"Person","@id":"https:\/\/portaltela.pt\/#\/schema\/person\/c4278d4a6028830caff9ee44b42d32ed","name":"Telinha","image":{"@type":"ImageObject","inLanguage":"pt-PT","@id":"https:\/\/portaltela.pt\/s.01k8rhncp4jt1\/2025\/11\/talking-bot-125x125.png","url":"https:\/\/portaltela.pt\/s.01k8rhncp4jt1\/2025\/11\/talking-bot-125x125.png","contentUrl":"https:\/\/portaltela.pt\/s.01k8rhncp4jt1\/2025\/11\/talking-bot-125x125.png","caption":"Telinha"},"sameAs":["https:\/\/portaltela.pt\/"],"url":"https:\/\/portaltela.pt\/por\/367410592786\/"}]}},"_links":{"self":[{"href":"https:\/\/portaltela.pt\/api\/wp\/v2\/posts\/181569","targetHints":{"allow":["GET"]}}],"collection":[{"href":"https:\/\/portaltela.pt\/api\/wp\/v2\/posts"}],"about":[{"href":"https:\/\/portaltela.pt\/api\/wp\/v2\/types\/post"}],"author":[{"embeddable":true,"href":"https:\/\/portaltela.pt\/api\/wp\/v2\/users\/2"}],"replies":[{"embeddable":true,"href":"https:\/\/portaltela.pt\/api\/wp\/v2\/comments?post=181569"}],"version-history":[{"count":0,"href":"https:\/\/portaltela.pt\/api\/wp\/v2\/posts\/181569\/revisions"}],"wp:featuredmedia":[{"embeddable":true,"href":"https:\/\/portaltela.pt\/api\/wp\/v2\/media\/181590"}],"wp:attachment":[{"href":"https:\/\/portaltela.pt\/api\/wp\/v2\/media?parent=181569"}],"wp:term":[{"taxonomy":"category","embeddable":true,"href":"https:\/\/portaltela.pt\/api\/wp\/v2\/categories?post=181569"},{"taxonomy":"post_tag","embeddable":true,"href":"https:\/\/portaltela.pt\/api\/wp\/v2\/tags?post=181569"}],"curies":[{"name":"wp","href":"https:\/\/api.w.org\/{rel}","templated":true}]}}