{"id":181547,"date":"2026-01-29T12:12:05","date_gmt":"2026-01-29T15:12:05","guid":{"rendered":"https:\/\/portaltela.pt\/noticias\/2026\/01\/29\/figuras-nacionais-indignadas-com-crime-que-choca-o-brasil-segundo-a-justica\/"},"modified":"2026-01-29T12:12:05","modified_gmt":"2026-01-29T15:12:05","slug":"figuras-nacionais-indignadas-com-crime-que-choca-o-brasil-segundo-a-justica","status":"publish","type":"post","link":"https:\/\/portaltela.pt\/noticias\/2026\/01\/29\/figuras-nacionais-indignadas-com-crime-que-choca-o-brasil-segundo-a-justica\/","title":{"rendered":"Figuras nacionais indignadas com crime que choca o Brasil, segundo a Justi\u00e7a"},"content":{"rendered":"<p>O caso que tem mobilizado o Brasil envolve Orelha, um c\u00e3o comunit\u00e1rio da Praia Brava, em Florian\u00f3polis, Santa Catarina. O animal foi espancado por quatro adolescentes no dia 4 de janeiro, numa viol\u00eancia que resultou na sua morte.<\/p>\n<p>A Pol\u00edcia Civil identificou os suspeitos com base em imagens de c\u00e2maras e relatos de moradores. Orelha foi encontrado, ainda com vida, no dia seguinte, levado a uma cl\u00ednica veterin\u00e1ria, onde ocorreu a eutan\u00e1sia devido \u00e0 gravidade dos ferimentos.<\/p>\n<p>Segundo as autoridades, o mesmo grupo tentou afogar Caramelo, outro c\u00e3o da mesma regi\u00e3o que convivia com Orelha. O caso est\u00e1 a ser investigado, e tr\u00eas adultos \u2014 pais e tios de um dos jovens \u2014 s\u00e3o suspeitos de coa\u00e7\u00e3o contra uma testemunha.<\/p>\n<h3>Investiga\u00e7\u00e3o em curso<\/h3>\n<p>A investiga\u00e7\u00e3o continua a apurar responsabilidades e poss\u00edveis liga\u00e7\u00f5es com outras agress\u00f5es. O caso desencadeou uma onda de protestos no Brasil e no exterior, com forte cobertura em redes sociais.<\/p>\n<h3>Rea\u00e7\u00f5es p\u00fablicas e impactos<\/h3>\n<p>Figuras p\u00fablicas nacionais juntaram-se ao movimento #justicapororelha, incluindo Daniela Melchior, Pedro Chagas Freitas e Pedro Carvalho. O tema ganhou eco internacional, com discuss\u00f5es sobre prote\u00e7\u00e3o animal e justi\u00e7a.<\/p>\n<h3>Empresas e posicionamentos<\/h3>\n<p>Algumas empresas associadas \u00e0s fam\u00edlias dos suspeitos expressaram rep\u00fadio \u00e0 situa\u00e7\u00e3o, distanciando-se do caso. As autoridades reiteram que a prioridade \u00e9 esclarecer os factos e responsabilizar os agentes envolvidos.<\/p>\n","protected":false},"excerpt":{"rendered":"<ul>\n<li>O c\u00e3o comunit\u00e1rio Orelha, da Praia Brava, Florian\u00f3polis, morreu a 4 de janeiro ap\u00f3s ser espancado e torturado; a eutan\u00e1sia foi necess\u00e1ria na cl\u00ednica devido \u00e0 gravidade dos ferimentos.<\/li>\n<li>A Pol\u00edcia Civil identificou pelo menos quatro adolescentes suspeitos, com base em imagens de videovigil\u00e2ncia e relatos de moradores; o mesmo grupo ter\u00e1 tentado afogar outro c\u00e3o, Caramelo.<\/li>\n<li>Tr\u00eas adultos \u2014 pais e tios de um dos jovens \u2014 s\u00e3o suspeitos de coa\u00e7\u00e3o contra uma testemunha, o caso est\u00e1 a ser investigado.<\/li>\n<li>O crime gerou protestos no Brasil e no estrangeiro; figuras p\u00fablicas nacionais reagiram, como Daniela Melchior, Pedro Chagas Freitas e Pedro Carvalho, com a campanha #justicapororelha, e houve press\u00e3o internacional associada ao tema.<\/li>\n<li>Empresas ligadas \u00e0s fam\u00edlias dos suspeitos distanciaram-se da pol\u00e9mica, enquanto o debate ganhou notoriedade internacional e entre v\u00e1rias celebridades.<\/li>\n<\/ul>\n","protected":false},"author":2,"featured_media":181552,"comment_status":"closed","ping_status":"closed","sticky":false,"template":"","format":"standard","meta":{"footnotes":""},"categories":[1],"tags":[4577,2547,147,803,4001,2857],"class_list":["post-181547","post","type-post","status-publish","format-standard","has-post-thumbnail","hentry","category-noticias","tag-animais-de-companhia","tag-brasil","tag-crime","tag-justica","tag-maus-tratos-a-animais","tag-protestos"],"yoast_head":"<!-- This site is optimized with the Yoast SEO plugin v27.2 - https:\/\/yoast.com\/product\/yoast-seo-wordpress\/ -->\n<title>Figuras nacionais indignadas com crime que choca o Brasil, segundo a Justi\u00e7a - Portal Tela Portugal<\/title>\n<meta name=\"robots\" content=\"index, follow, max-snippet:-1, max-image-preview:large, max-video-preview:-1\" \/>\n<meta property=\"og:locale\" content=\"pt_PT\" \/>\n<meta property=\"og:type\" content=\"article\" \/>\n<meta property=\"og:title\" content=\"Figuras nacionais indignadas com crime que choca o Brasil, segundo a Justi\u00e7a - Portal Tela Portugal\" \/>\n<meta property=\"og:description\" content=\"O c\u00e3o comunit\u00e1rio Orelha, da Praia Brava, Florian\u00f3polis, morreu a 4 de janeiro ap\u00f3s ser espancado e torturado; a eutan\u00e1sia foi necess\u00e1ria na cl\u00ednica devido \u00e0 gravidade dos ferimentos. A Pol\u00edcia Civil identificou pelo menos quatro adolescentes suspeitos, com base em imagens de videovigil\u00e2ncia e relatos de moradores; o mesmo grupo ter\u00e1 tentado afogar outro c\u00e3o, Caramelo. Tr\u00eas adultos \u2014 pais e tios de um dos jovens \u2014 s\u00e3o suspeitos de coa\u00e7\u00e3o contra uma testemunha, o caso est\u00e1 a ser investigado. O crime gerou protestos no Brasil e no estrangeiro; figuras p\u00fablicas nacionais reagiram, como Daniela Melchior, Pedro Chagas Freitas e Pedro Carvalho, com a campanha #justicapororelha, e houve press\u00e3o internacional associada ao tema. Empresas ligadas \u00e0s fam\u00edlias dos suspeitos distanciaram-se da pol\u00e9mica, enquanto o debate ganhou notoriedade internacional e entre v\u00e1rias celebridades.\" \/>\n<meta property=\"og:url\" content=\"https:\/\/portaltela.pt\/noticias\/2026\/01\/29\/figuras-nacionais-indignadas-com-crime-que-choca-o-brasil-segundo-a-justica\/\" \/>\n<meta property=\"og:site_name\" content=\"Portal Tela Portugal\" \/>\n<meta property=\"article:published_time\" content=\"2026-01-29T15:12:05+00:00\" \/>\n<meta name=\"author\" content=\"Telinha\" \/>\n<meta name=\"twitter:card\" content=\"summary_large_image\" \/>\n<meta name=\"twitter:label1\" content=\"Escrito por\" \/>\n\t<meta name=\"twitter:data1\" content=\"Telinha\" \/>\n\t<meta name=\"twitter:label2\" content=\"Tempo estimado de leitura\" \/>\n\t<meta name=\"twitter:data2\" content=\"1 minuto\" \/>\n<script type=\"application\/ld+json\" class=\"yoast-schema-graph\">{\"@context\":\"https:\/\/schema.org\",\"@graph\":[{\"@type\":\"Article\",\"@id\":\"https:\/\/portaltela.pt\/noticias\/2026\/01\/29\/figuras-nacionais-indignadas-com-crime-que-choca-o-brasil-segundo-a-justica\/#article\",\"isPartOf\":{\"@id\":\"https:\/\/portaltela.pt\/noticias\/2026\/01\/29\/figuras-nacionais-indignadas-com-crime-que-choca-o-brasil-segundo-a-justica\/\"},\"author\":{\"name\":\"Telinha\",\"@id\":\"https:\/\/portaltela.pt\/#\/schema\/person\/c4278d4a6028830caff9ee44b42d32ed\"},\"headline\":\"Figuras nacionais indignadas com crime que choca o Brasil, segundo a Justi\u00e7a\",\"datePublished\":\"2026-01-29T15:12:05+00:00\",\"mainEntityOfPage\":{\"@id\":\"https:\/\/portaltela.pt\/noticias\/2026\/01\/29\/figuras-nacionais-indignadas-com-crime-que-choca-o-brasil-segundo-a-justica\/\"},\"wordCount\":252,\"image\":{\"@id\":\"https:\/\/portaltela.pt\/noticias\/2026\/01\/29\/figuras-nacionais-indignadas-com-crime-que-choca-o-brasil-segundo-a-justica\/#primaryimage\"},\"thumbnailUrl\":\"https:\/\/portaltela.pt\/s.01k8rhncp4jt1\/2026\/01\/img_1280x718uu2025-05-10-14-56-31-2207995-im-638824864482893526.jpg\",\"keywords\":[\"animais de companhia\",\"Brasil\",\"crime\",\"justi\u00e7a\",\"maus-tratos a animais\",\"protestos\"],\"articleSection\":[\"Not\u00edcias\"],\"inLanguage\":\"pt-PT\"},{\"@type\":\"WebPage\",\"@id\":\"https:\/\/portaltela.pt\/noticias\/2026\/01\/29\/figuras-nacionais-indignadas-com-crime-que-choca-o-brasil-segundo-a-justica\/\",\"url\":\"https:\/\/portaltela.pt\/noticias\/2026\/01\/29\/figuras-nacionais-indignadas-com-crime-que-choca-o-brasil-segundo-a-justica\/\",\"name\":\"Figuras nacionais indignadas com crime que choca o Brasil, segundo a Justi\u00e7a - Portal Tela Portugal\",\"isPartOf\":{\"@id\":\"https:\/\/portaltela.pt\/#website\"},\"primaryImageOfPage\":{\"@id\":\"https:\/\/portaltela.pt\/noticias\/2026\/01\/29\/figuras-nacionais-indignadas-com-crime-que-choca-o-brasil-segundo-a-justica\/#primaryimage\"},\"image\":{\"@id\":\"https:\/\/portaltela.pt\/noticias\/2026\/01\/29\/figuras-nacionais-indignadas-com-crime-que-choca-o-brasil-segundo-a-justica\/#primaryimage\"},\"thumbnailUrl\":\"https:\/\/portaltela.pt\/s.01k8rhncp4jt1\/2026\/01\/img_1280x718uu2025-05-10-14-56-31-2207995-im-638824864482893526.jpg\",\"datePublished\":\"2026-01-29T15:12:05+00:00\",\"author\":{\"@id\":\"https:\/\/portaltela.pt\/#\/schema\/person\/c4278d4a6028830caff9ee44b42d32ed\"},\"breadcrumb\":{\"@id\":\"https:\/\/portaltela.pt\/noticias\/2026\/01\/29\/figuras-nacionais-indignadas-com-crime-que-choca-o-brasil-segundo-a-justica\/#breadcrumb\"},\"inLanguage\":\"pt-PT\",\"potentialAction\":[{\"@type\":\"ReadAction\",\"target\":[\"https:\/\/portaltela.pt\/noticias\/2026\/01\/29\/figuras-nacionais-indignadas-com-crime-que-choca-o-brasil-segundo-a-justica\/\"]}]},{\"@type\":\"ImageObject\",\"inLanguage\":\"pt-PT\",\"@id\":\"https:\/\/portaltela.pt\/noticias\/2026\/01\/29\/figuras-nacionais-indignadas-com-crime-que-choca-o-brasil-segundo-a-justica\/#primaryimage\",\"url\":\"https:\/\/portaltela.pt\/s.01k8rhncp4jt1\/2026\/01\/img_1280x718uu2025-05-10-14-56-31-2207995-im-638824864482893526.jpg\",\"contentUrl\":\"https:\/\/portaltela.pt\/s.01k8rhncp4jt1\/2026\/01\/img_1280x718uu2025-05-10-14-56-31-2207995-im-638824864482893526.jpg\",\"width\":1280,\"height\":718,\"caption\":\"Photo\"},{\"@type\":\"BreadcrumbList\",\"@id\":\"https:\/\/portaltela.pt\/noticias\/2026\/01\/29\/figuras-nacionais-indignadas-com-crime-que-choca-o-brasil-segundo-a-justica\/#breadcrumb\",\"itemListElement\":[{\"@type\":\"ListItem\",\"position\":1,\"name\":\"In\u00edcio\",\"item\":\"https:\/\/portaltela.pt\/\"},{\"@type\":\"ListItem\",\"position\":2,\"name\":\"Figuras nacionais indignadas com crime que choca o Brasil, segundo a Justi\u00e7a\"}]},{\"@type\":\"WebSite\",\"@id\":\"https:\/\/portaltela.pt\/#website\",\"url\":\"https:\/\/portaltela.pt\/\",\"name\":\"Portal Tela Portugal\",\"description\":\"\",\"potentialAction\":[{\"@type\":\"SearchAction\",\"target\":{\"@type\":\"EntryPoint\",\"urlTemplate\":\"https:\/\/portaltela.pt\/?s={search_term_string}\"},\"query-input\":{\"@type\":\"PropertyValueSpecification\",\"valueRequired\":true,\"valueName\":\"search_term_string\"}}],\"inLanguage\":\"pt-PT\"},{\"@type\":\"Person\",\"@id\":\"https:\/\/portaltela.pt\/#\/schema\/person\/c4278d4a6028830caff9ee44b42d32ed\",\"name\":\"Telinha\",\"image\":{\"@type\":\"ImageObject\",\"inLanguage\":\"pt-PT\",\"@id\":\"https:\/\/portaltela.pt\/s.01k8rhncp4jt1\/2025\/11\/talking-bot-125x125.png\",\"url\":\"https:\/\/portaltela.pt\/s.01k8rhncp4jt1\/2025\/11\/talking-bot-125x125.png\",\"contentUrl\":\"https:\/\/portaltela.pt\/s.01k8rhncp4jt1\/2025\/11\/talking-bot-125x125.png\",\"caption\":\"Telinha\"},\"sameAs\":[\"https:\/\/portaltela.pt\/\"],\"url\":\"https:\/\/portaltela.pt\/por\/367410592786\/\"}]}<\/script>\n<!-- \/ Yoast SEO plugin. -->","yoast_head_json":{"title":"Figuras nacionais indignadas com crime que choca o Brasil, segundo a Justi\u00e7a - Portal Tela Portugal","robots":{"index":"index","follow":"follow","max-snippet":"max-snippet:-1","max-image-preview":"max-image-preview:large","max-video-preview":"max-video-preview:-1"},"og_locale":"pt_PT","og_type":"article","og_title":"Figuras nacionais indignadas com crime que choca o Brasil, segundo a Justi\u00e7a - Portal Tela Portugal","og_description":"O c\u00e3o comunit\u00e1rio Orelha, da Praia Brava, Florian\u00f3polis, morreu a 4 de janeiro ap\u00f3s ser espancado e torturado; a eutan\u00e1sia foi necess\u00e1ria na cl\u00ednica devido \u00e0 gravidade dos ferimentos. A Pol\u00edcia Civil identificou pelo menos quatro adolescentes suspeitos, com base em imagens de videovigil\u00e2ncia e relatos de moradores; o mesmo grupo ter\u00e1 tentado afogar outro c\u00e3o, Caramelo. Tr\u00eas adultos \u2014 pais e tios de um dos jovens \u2014 s\u00e3o suspeitos de coa\u00e7\u00e3o contra uma testemunha, o caso est\u00e1 a ser investigado. O crime gerou protestos no Brasil e no estrangeiro; figuras p\u00fablicas nacionais reagiram, como Daniela Melchior, Pedro Chagas Freitas e Pedro Carvalho, com a campanha #justicapororelha, e houve press\u00e3o internacional associada ao tema. Empresas ligadas \u00e0s fam\u00edlias dos suspeitos distanciaram-se da pol\u00e9mica, enquanto o debate ganhou notoriedade internacional e entre v\u00e1rias celebridades.","og_url":"https:\/\/portaltela.pt\/noticias\/2026\/01\/29\/figuras-nacionais-indignadas-com-crime-que-choca-o-brasil-segundo-a-justica\/","og_site_name":"Portal Tela Portugal","article_published_time":"2026-01-29T15:12:05+00:00","author":"Telinha","twitter_card":"summary_large_image","twitter_misc":{"Escrito por":"Telinha","Tempo estimado de leitura":"1 minuto"},"schema":{"@context":"https:\/\/schema.org","@graph":[{"@type":"Article","@id":"https:\/\/portaltela.pt\/noticias\/2026\/01\/29\/figuras-nacionais-indignadas-com-crime-que-choca-o-brasil-segundo-a-justica\/#article","isPartOf":{"@id":"https:\/\/portaltela.pt\/noticias\/2026\/01\/29\/figuras-nacionais-indignadas-com-crime-que-choca-o-brasil-segundo-a-justica\/"},"author":{"name":"Telinha","@id":"https:\/\/portaltela.pt\/#\/schema\/person\/c4278d4a6028830caff9ee44b42d32ed"},"headline":"Figuras nacionais indignadas com crime que choca o Brasil, segundo a Justi\u00e7a","datePublished":"2026-01-29T15:12:05+00:00","mainEntityOfPage":{"@id":"https:\/\/portaltela.pt\/noticias\/2026\/01\/29\/figuras-nacionais-indignadas-com-crime-que-choca-o-brasil-segundo-a-justica\/"},"wordCount":252,"image":{"@id":"https:\/\/portaltela.pt\/noticias\/2026\/01\/29\/figuras-nacionais-indignadas-com-crime-que-choca-o-brasil-segundo-a-justica\/#primaryimage"},"thumbnailUrl":"https:\/\/portaltela.pt\/s.01k8rhncp4jt1\/2026\/01\/img_1280x718uu2025-05-10-14-56-31-2207995-im-638824864482893526.jpg","keywords":["animais de companhia","Brasil","crime","justi\u00e7a","maus-tratos a animais","protestos"],"articleSection":["Not\u00edcias"],"inLanguage":"pt-PT"},{"@type":"WebPage","@id":"https:\/\/portaltela.pt\/noticias\/2026\/01\/29\/figuras-nacionais-indignadas-com-crime-que-choca-o-brasil-segundo-a-justica\/","url":"https:\/\/portaltela.pt\/noticias\/2026\/01\/29\/figuras-nacionais-indignadas-com-crime-que-choca-o-brasil-segundo-a-justica\/","name":"Figuras nacionais indignadas com crime que choca o Brasil, segundo a Justi\u00e7a - Portal Tela Portugal","isPartOf":{"@id":"https:\/\/portaltela.pt\/#website"},"primaryImageOfPage":{"@id":"https:\/\/portaltela.pt\/noticias\/2026\/01\/29\/figuras-nacionais-indignadas-com-crime-que-choca-o-brasil-segundo-a-justica\/#primaryimage"},"image":{"@id":"https:\/\/portaltela.pt\/noticias\/2026\/01\/29\/figuras-nacionais-indignadas-com-crime-que-choca-o-brasil-segundo-a-justica\/#primaryimage"},"thumbnailUrl":"https:\/\/portaltela.pt\/s.01k8rhncp4jt1\/2026\/01\/img_1280x718uu2025-05-10-14-56-31-2207995-im-638824864482893526.jpg","datePublished":"2026-01-29T15:12:05+00:00","author":{"@id":"https:\/\/portaltela.pt\/#\/schema\/person\/c4278d4a6028830caff9ee44b42d32ed"},"breadcrumb":{"@id":"https:\/\/portaltela.pt\/noticias\/2026\/01\/29\/figuras-nacionais-indignadas-com-crime-que-choca-o-brasil-segundo-a-justica\/#breadcrumb"},"inLanguage":"pt-PT","potentialAction":[{"@type":"ReadAction","target":["https:\/\/portaltela.pt\/noticias\/2026\/01\/29\/figuras-nacionais-indignadas-com-crime-que-choca-o-brasil-segundo-a-justica\/"]}]},{"@type":"ImageObject","inLanguage":"pt-PT","@id":"https:\/\/portaltela.pt\/noticias\/2026\/01\/29\/figuras-nacionais-indignadas-com-crime-que-choca-o-brasil-segundo-a-justica\/#primaryimage","url":"https:\/\/portaltela.pt\/s.01k8rhncp4jt1\/2026\/01\/img_1280x718uu2025-05-10-14-56-31-2207995-im-638824864482893526.jpg","contentUrl":"https:\/\/portaltela.pt\/s.01k8rhncp4jt1\/2026\/01\/img_1280x718uu2025-05-10-14-56-31-2207995-im-638824864482893526.jpg","width":1280,"height":718,"caption":"Photo"},{"@type":"BreadcrumbList","@id":"https:\/\/portaltela.pt\/noticias\/2026\/01\/29\/figuras-nacionais-indignadas-com-crime-que-choca-o-brasil-segundo-a-justica\/#breadcrumb","itemListElement":[{"@type":"ListItem","position":1,"name":"In\u00edcio","item":"https:\/\/portaltela.pt\/"},{"@type":"ListItem","position":2,"name":"Figuras nacionais indignadas com crime que choca o Brasil, segundo a Justi\u00e7a"}]},{"@type":"WebSite","@id":"https:\/\/portaltela.pt\/#website","url":"https:\/\/portaltela.pt\/","name":"Portal Tela Portugal","description":"","potentialAction":[{"@type":"SearchAction","target":{"@type":"EntryPoint","urlTemplate":"https:\/\/portaltela.pt\/?s={search_term_string}"},"query-input":{"@type":"PropertyValueSpecification","valueRequired":true,"valueName":"search_term_string"}}],"inLanguage":"pt-PT"},{"@type":"Person","@id":"https:\/\/portaltela.pt\/#\/schema\/person\/c4278d4a6028830caff9ee44b42d32ed","name":"Telinha","image":{"@type":"ImageObject","inLanguage":"pt-PT","@id":"https:\/\/portaltela.pt\/s.01k8rhncp4jt1\/2025\/11\/talking-bot-125x125.png","url":"https:\/\/portaltela.pt\/s.01k8rhncp4jt1\/2025\/11\/talking-bot-125x125.png","contentUrl":"https:\/\/portaltela.pt\/s.01k8rhncp4jt1\/2025\/11\/talking-bot-125x125.png","caption":"Telinha"},"sameAs":["https:\/\/portaltela.pt\/"],"url":"https:\/\/portaltela.pt\/por\/367410592786\/"}]}},"_links":{"self":[{"href":"https:\/\/portaltela.pt\/api\/wp\/v2\/posts\/181547","targetHints":{"allow":["GET"]}}],"collection":[{"href":"https:\/\/portaltela.pt\/api\/wp\/v2\/posts"}],"about":[{"href":"https:\/\/portaltela.pt\/api\/wp\/v2\/types\/post"}],"author":[{"embeddable":true,"href":"https:\/\/portaltela.pt\/api\/wp\/v2\/users\/2"}],"replies":[{"embeddable":true,"href":"https:\/\/portaltela.pt\/api\/wp\/v2\/comments?post=181547"}],"version-history":[{"count":0,"href":"https:\/\/portaltela.pt\/api\/wp\/v2\/posts\/181547\/revisions"}],"wp:featuredmedia":[{"embeddable":true,"href":"https:\/\/portaltela.pt\/api\/wp\/v2\/media\/181552"}],"wp:attachment":[{"href":"https:\/\/portaltela.pt\/api\/wp\/v2\/media?parent=181547"}],"wp:term":[{"taxonomy":"category","embeddable":true,"href":"https:\/\/portaltela.pt\/api\/wp\/v2\/categories?post=181547"},{"taxonomy":"post_tag","embeddable":true,"href":"https:\/\/portaltela.pt\/api\/wp\/v2\/tags?post=181547"}],"curies":[{"name":"wp","href":"https:\/\/api.w.org\/{rel}","templated":true}]}}