{"id":181535,"date":"2026-01-29T11:57:33","date_gmt":"2026-01-29T14:57:33","guid":{"rendered":"https:\/\/portaltela.pt\/noticias\/2026\/01\/29\/santana-lopes-diz-nao-ter-sido-contactado-pelo-governo\/"},"modified":"2026-01-29T11:57:33","modified_gmt":"2026-01-29T14:57:33","slug":"santana-lopes-diz-nao-ter-sido-contactado-pelo-governo","status":"publish","type":"post","link":"https:\/\/portaltela.pt\/noticias\/2026\/01\/29\/santana-lopes-diz-nao-ter-sido-contactado-pelo-governo\/","title":{"rendered":"Santana Lopes diz n\u00e3o ter sido contactado pelo Governo"},"content":{"rendered":"<p>A passagem da depress\u00e3o Kristin causou danos em v\u00e1rias regi\u00f5es do pa\u00eds, incluindo a Figueira da Foz, onde o vento forte derrubou a roda gigante, danificou \u00e1rvores e vidros no hospital, levando \u00e0 suspens\u00e3o de cirurgias programadas. As consequ\u00eancias foram avaliadas pelas autoridades ao longo da quarta-feira.<\/p>\n<p>No final da tarde de quarta-feira, Lu\u00eds Montenegro reiterou que o Governo est\u00e1 em contacto com as autarquias das zonas afetadas, expressando pesar pelas v\u00edtimas. Entretanto, Pedro Santana Lopes, presidente da C\u00e2mara da Figueira da Foz, afirmou, numa publica\u00e7\u00e3o no Facebook, que n\u00e3o foi contactado pelos atuais \u00f3rg\u00e3os de soberania.<\/p>\n<p>Sil\u00eancios e um gesto<\/p>\n<p>O autarca da Figueira da Foz afirma n\u00e3o ter recebido nenhum contacto do Governo, enfatizando que n\u00e3o \u00e9 necess\u00e1rio. Diz ter recebido apenas uma chamada e uma mensagem do candidato presidencial Ant\u00f3nio Jos\u00e9 Seguro, al\u00e9m de uma chamada do presidente da C\u00e2mara de Cascais, Nuno Piteira Lopes, que lhe ofereceu apoio financeiro da autarquia.<\/p>\n<p>Calamidade e a\u00e7\u00f5es do Governo<\/p>\n<p>Nesta manh\u00e3, o Conselho de Ministros decretou a situa\u00e7\u00e3o de calamidade nas zonas mais afetadas pela depress\u00e3o Kristin. O primeiro-ministro cancelou viagens previstas para Andorra e para a Cro\u00e1cia, para visitar as regi\u00f5es de Leiria e Coimbra. Acompanhado pelo presidente da C\u00e2mara de Leiria, Gon\u00e7alo Lopes, esteve na esta\u00e7\u00e3o rodovi\u00e1ria de Leiria para avaliar a situa\u00e7\u00e3o.<\/p>\n<p>Esfor\u00e7os locais<\/p>\n<p>Ana Abrunhosa, autarca de Coimbra, indicou que tem havido contactos com o Executivo. O Governo afirmou manter comunica\u00e7\u00e3o permanente com as autarquias, incluindo a Prote\u00e7\u00e3o Civil e o minist\u00e9rio da Coes\u00e3o Territorial, para coordenar respostas aos danos provocados pela depress\u00e3o.<\/p>\n","protected":false},"excerpt":{"rendered":"<ul>\n<li>A depress\u00e3o Kristin causou danos na Figueira da Foz: roda gigante derrubada, \u00e1rvores na rua e vidros partidos no hospital, com suspens\u00e3o de cirurgias programadas.<\/li>\n<li>Pedro Santana Lopes garantiu no Facebook que a C\u00e2mara da Figueira da Foz n\u00e3o foi contactada pelo Governo, criticando a atua\u00e7\u00e3o governamental.<\/li>\n<li>Lu\u00eds Montenegro afirmou que o Governo est\u00e1 em contacto com as autarquias das zonas afetadas, e cancelou as viagens a Andorra e \u00e0 Cro\u00e1cia para acompanhar a situa\u00e7\u00e3o.<\/li>\n<li>O Conselho de Ministros decretou a calamidade nas \u00e1reas mais atingidas pela depress\u00e3o Kristin.<\/li>\n<li>Ana Abrunhosa, autarca de Coimbra, disse que o Governo tem estado em contacto permanente com as autoridades, desde a Prote\u00e7\u00e3o Civil ao minist\u00e9rio da coes\u00e3o territorial.<\/li>\n<\/ul>\n","protected":false},"author":2,"featured_media":181554,"comment_status":"closed","ping_status":"closed","sticky":false,"template":"","format":"standard","meta":{"footnotes":""},"categories":[1],"tags":[2706,4687,1070,34,320,2759],"class_list":["post-181535","post","type-post","status-publish","format-standard","has-post-thumbnail","hentry","category-noticias","tag-autarquias","tag-calamidade-publica","tag-coimbra","tag-governo","tag-protecao-civil","tag-santana-lopes"],"yoast_head":"<!-- This site is optimized with the Yoast SEO plugin v27.2 - https:\/\/yoast.com\/product\/yoast-seo-wordpress\/ -->\n<title>Santana Lopes diz n\u00e3o ter sido contactado pelo Governo - Portal Tela Portugal<\/title>\n<meta name=\"robots\" content=\"index, follow, max-snippet:-1, max-image-preview:large, max-video-preview:-1\" \/>\n<meta property=\"og:locale\" content=\"pt_PT\" \/>\n<meta property=\"og:type\" content=\"article\" \/>\n<meta property=\"og:title\" content=\"Santana Lopes diz n\u00e3o ter sido contactado pelo Governo - Portal Tela Portugal\" \/>\n<meta property=\"og:description\" content=\"A depress\u00e3o Kristin causou danos na Figueira da Foz: roda gigante derrubada, \u00e1rvores na rua e vidros partidos no hospital, com suspens\u00e3o de cirurgias programadas. Pedro Santana Lopes garantiu no Facebook que a C\u00e2mara da Figueira da Foz n\u00e3o foi contactada pelo Governo, criticando a atua\u00e7\u00e3o governamental. Lu\u00eds Montenegro afirmou que o Governo est\u00e1 em contacto com as autarquias das zonas afetadas, e cancelou as viagens a Andorra e \u00e0 Cro\u00e1cia para acompanhar a situa\u00e7\u00e3o. O Conselho de Ministros decretou a calamidade nas \u00e1reas mais atingidas pela depress\u00e3o Kristin. Ana Abrunhosa, autarca de Coimbra, disse que o Governo tem estado em contacto permanente com as autoridades, desde a Prote\u00e7\u00e3o Civil ao minist\u00e9rio da coes\u00e3o territorial.\" \/>\n<meta property=\"og:url\" content=\"https:\/\/portaltela.pt\/noticias\/2026\/01\/29\/santana-lopes-diz-nao-ter-sido-contactado-pelo-governo\/\" \/>\n<meta property=\"og:site_name\" content=\"Portal Tela Portugal\" \/>\n<meta property=\"article:published_time\" content=\"2026-01-29T14:57:33+00:00\" \/>\n<meta name=\"author\" content=\"Telinha\" \/>\n<meta name=\"twitter:card\" content=\"summary_large_image\" \/>\n<meta name=\"twitter:label1\" content=\"Escrito por\" \/>\n\t<meta name=\"twitter:data1\" content=\"Telinha\" \/>\n\t<meta name=\"twitter:label2\" content=\"Tempo estimado de leitura\" \/>\n\t<meta name=\"twitter:data2\" content=\"1 minuto\" \/>\n<script type=\"application\/ld+json\" class=\"yoast-schema-graph\">{\"@context\":\"https:\/\/schema.org\",\"@graph\":[{\"@type\":\"Article\",\"@id\":\"https:\/\/portaltela.pt\/noticias\/2026\/01\/29\/santana-lopes-diz-nao-ter-sido-contactado-pelo-governo\/#article\",\"isPartOf\":{\"@id\":\"https:\/\/portaltela.pt\/noticias\/2026\/01\/29\/santana-lopes-diz-nao-ter-sido-contactado-pelo-governo\/\"},\"author\":{\"name\":\"Telinha\",\"@id\":\"https:\/\/portaltela.pt\/#\/schema\/person\/c4278d4a6028830caff9ee44b42d32ed\"},\"headline\":\"Santana Lopes diz n\u00e3o ter sido contactado pelo Governo\",\"datePublished\":\"2026-01-29T14:57:33+00:00\",\"mainEntityOfPage\":{\"@id\":\"https:\/\/portaltela.pt\/noticias\/2026\/01\/29\/santana-lopes-diz-nao-ter-sido-contactado-pelo-governo\/\"},\"wordCount\":301,\"image\":{\"@id\":\"https:\/\/portaltela.pt\/noticias\/2026\/01\/29\/santana-lopes-diz-nao-ter-sido-contactado-pelo-governo\/#primaryimage\"},\"thumbnailUrl\":\"https:\/\/portaltela.pt\/s.01k8rhncp4jt1\/2026\/01\/unnamed-file-5842.jpg\",\"keywords\":[\"autarquias\",\"calamidade p\u00fablica\",\"Coimbra\",\"governo\",\"prote\u00e7\u00e3o civil\",\"Santana Lopes\"],\"articleSection\":[\"Not\u00edcias\"],\"inLanguage\":\"pt-PT\"},{\"@type\":\"WebPage\",\"@id\":\"https:\/\/portaltela.pt\/noticias\/2026\/01\/29\/santana-lopes-diz-nao-ter-sido-contactado-pelo-governo\/\",\"url\":\"https:\/\/portaltela.pt\/noticias\/2026\/01\/29\/santana-lopes-diz-nao-ter-sido-contactado-pelo-governo\/\",\"name\":\"Santana Lopes diz n\u00e3o ter sido contactado pelo Governo - Portal Tela Portugal\",\"isPartOf\":{\"@id\":\"https:\/\/portaltela.pt\/#website\"},\"primaryImageOfPage\":{\"@id\":\"https:\/\/portaltela.pt\/noticias\/2026\/01\/29\/santana-lopes-diz-nao-ter-sido-contactado-pelo-governo\/#primaryimage\"},\"image\":{\"@id\":\"https:\/\/portaltela.pt\/noticias\/2026\/01\/29\/santana-lopes-diz-nao-ter-sido-contactado-pelo-governo\/#primaryimage\"},\"thumbnailUrl\":\"https:\/\/portaltela.pt\/s.01k8rhncp4jt1\/2026\/01\/unnamed-file-5842.jpg\",\"datePublished\":\"2026-01-29T14:57:33+00:00\",\"author\":{\"@id\":\"https:\/\/portaltela.pt\/#\/schema\/person\/c4278d4a6028830caff9ee44b42d32ed\"},\"breadcrumb\":{\"@id\":\"https:\/\/portaltela.pt\/noticias\/2026\/01\/29\/santana-lopes-diz-nao-ter-sido-contactado-pelo-governo\/#breadcrumb\"},\"inLanguage\":\"pt-PT\",\"potentialAction\":[{\"@type\":\"ReadAction\",\"target\":[\"https:\/\/portaltela.pt\/noticias\/2026\/01\/29\/santana-lopes-diz-nao-ter-sido-contactado-pelo-governo\/\"]}]},{\"@type\":\"ImageObject\",\"inLanguage\":\"pt-PT\",\"@id\":\"https:\/\/portaltela.pt\/noticias\/2026\/01\/29\/santana-lopes-diz-nao-ter-sido-contactado-pelo-governo\/#primaryimage\",\"url\":\"https:\/\/portaltela.pt\/s.01k8rhncp4jt1\/2026\/01\/unnamed-file-5842.jpg\",\"contentUrl\":\"https:\/\/portaltela.pt\/s.01k8rhncp4jt1\/2026\/01\/unnamed-file-5842.jpg\",\"width\":796,\"height\":448,\"caption\":\"Santana Lopes ao lado de Lu\u00eds Montenegro na altura da campanha para as elei\u00e7\u00f5es legislativas, em 2025\"},{\"@type\":\"BreadcrumbList\",\"@id\":\"https:\/\/portaltela.pt\/noticias\/2026\/01\/29\/santana-lopes-diz-nao-ter-sido-contactado-pelo-governo\/#breadcrumb\",\"itemListElement\":[{\"@type\":\"ListItem\",\"position\":1,\"name\":\"In\u00edcio\",\"item\":\"https:\/\/portaltela.pt\/\"},{\"@type\":\"ListItem\",\"position\":2,\"name\":\"Santana Lopes diz n\u00e3o ter sido contactado pelo Governo\"}]},{\"@type\":\"WebSite\",\"@id\":\"https:\/\/portaltela.pt\/#website\",\"url\":\"https:\/\/portaltela.pt\/\",\"name\":\"Portal Tela Portugal\",\"description\":\"\",\"potentialAction\":[{\"@type\":\"SearchAction\",\"target\":{\"@type\":\"EntryPoint\",\"urlTemplate\":\"https:\/\/portaltela.pt\/?s={search_term_string}\"},\"query-input\":{\"@type\":\"PropertyValueSpecification\",\"valueRequired\":true,\"valueName\":\"search_term_string\"}}],\"inLanguage\":\"pt-PT\"},{\"@type\":\"Person\",\"@id\":\"https:\/\/portaltela.pt\/#\/schema\/person\/c4278d4a6028830caff9ee44b42d32ed\",\"name\":\"Telinha\",\"image\":{\"@type\":\"ImageObject\",\"inLanguage\":\"pt-PT\",\"@id\":\"https:\/\/portaltela.pt\/s.01k8rhncp4jt1\/2025\/11\/talking-bot-125x125.png\",\"url\":\"https:\/\/portaltela.pt\/s.01k8rhncp4jt1\/2025\/11\/talking-bot-125x125.png\",\"contentUrl\":\"https:\/\/portaltela.pt\/s.01k8rhncp4jt1\/2025\/11\/talking-bot-125x125.png\",\"caption\":\"Telinha\"},\"sameAs\":[\"https:\/\/portaltela.pt\/\"],\"url\":\"https:\/\/portaltela.pt\/por\/367410592786\/\"}]}<\/script>\n<!-- \/ Yoast SEO plugin. -->","yoast_head_json":{"title":"Santana Lopes diz n\u00e3o ter sido contactado pelo Governo - Portal Tela Portugal","robots":{"index":"index","follow":"follow","max-snippet":"max-snippet:-1","max-image-preview":"max-image-preview:large","max-video-preview":"max-video-preview:-1"},"og_locale":"pt_PT","og_type":"article","og_title":"Santana Lopes diz n\u00e3o ter sido contactado pelo Governo - Portal Tela Portugal","og_description":"A depress\u00e3o Kristin causou danos na Figueira da Foz: roda gigante derrubada, \u00e1rvores na rua e vidros partidos no hospital, com suspens\u00e3o de cirurgias programadas. Pedro Santana Lopes garantiu no Facebook que a C\u00e2mara da Figueira da Foz n\u00e3o foi contactada pelo Governo, criticando a atua\u00e7\u00e3o governamental. Lu\u00eds Montenegro afirmou que o Governo est\u00e1 em contacto com as autarquias das zonas afetadas, e cancelou as viagens a Andorra e \u00e0 Cro\u00e1cia para acompanhar a situa\u00e7\u00e3o. O Conselho de Ministros decretou a calamidade nas \u00e1reas mais atingidas pela depress\u00e3o Kristin. Ana Abrunhosa, autarca de Coimbra, disse que o Governo tem estado em contacto permanente com as autoridades, desde a Prote\u00e7\u00e3o Civil ao minist\u00e9rio da coes\u00e3o territorial.","og_url":"https:\/\/portaltela.pt\/noticias\/2026\/01\/29\/santana-lopes-diz-nao-ter-sido-contactado-pelo-governo\/","og_site_name":"Portal Tela Portugal","article_published_time":"2026-01-29T14:57:33+00:00","author":"Telinha","twitter_card":"summary_large_image","twitter_misc":{"Escrito por":"Telinha","Tempo estimado de leitura":"1 minuto"},"schema":{"@context":"https:\/\/schema.org","@graph":[{"@type":"Article","@id":"https:\/\/portaltela.pt\/noticias\/2026\/01\/29\/santana-lopes-diz-nao-ter-sido-contactado-pelo-governo\/#article","isPartOf":{"@id":"https:\/\/portaltela.pt\/noticias\/2026\/01\/29\/santana-lopes-diz-nao-ter-sido-contactado-pelo-governo\/"},"author":{"name":"Telinha","@id":"https:\/\/portaltela.pt\/#\/schema\/person\/c4278d4a6028830caff9ee44b42d32ed"},"headline":"Santana Lopes diz n\u00e3o ter sido contactado pelo Governo","datePublished":"2026-01-29T14:57:33+00:00","mainEntityOfPage":{"@id":"https:\/\/portaltela.pt\/noticias\/2026\/01\/29\/santana-lopes-diz-nao-ter-sido-contactado-pelo-governo\/"},"wordCount":301,"image":{"@id":"https:\/\/portaltela.pt\/noticias\/2026\/01\/29\/santana-lopes-diz-nao-ter-sido-contactado-pelo-governo\/#primaryimage"},"thumbnailUrl":"https:\/\/portaltela.pt\/s.01k8rhncp4jt1\/2026\/01\/unnamed-file-5842.jpg","keywords":["autarquias","calamidade p\u00fablica","Coimbra","governo","prote\u00e7\u00e3o civil","Santana Lopes"],"articleSection":["Not\u00edcias"],"inLanguage":"pt-PT"},{"@type":"WebPage","@id":"https:\/\/portaltela.pt\/noticias\/2026\/01\/29\/santana-lopes-diz-nao-ter-sido-contactado-pelo-governo\/","url":"https:\/\/portaltela.pt\/noticias\/2026\/01\/29\/santana-lopes-diz-nao-ter-sido-contactado-pelo-governo\/","name":"Santana Lopes diz n\u00e3o ter sido contactado pelo Governo - Portal Tela Portugal","isPartOf":{"@id":"https:\/\/portaltela.pt\/#website"},"primaryImageOfPage":{"@id":"https:\/\/portaltela.pt\/noticias\/2026\/01\/29\/santana-lopes-diz-nao-ter-sido-contactado-pelo-governo\/#primaryimage"},"image":{"@id":"https:\/\/portaltela.pt\/noticias\/2026\/01\/29\/santana-lopes-diz-nao-ter-sido-contactado-pelo-governo\/#primaryimage"},"thumbnailUrl":"https:\/\/portaltela.pt\/s.01k8rhncp4jt1\/2026\/01\/unnamed-file-5842.jpg","datePublished":"2026-01-29T14:57:33+00:00","author":{"@id":"https:\/\/portaltela.pt\/#\/schema\/person\/c4278d4a6028830caff9ee44b42d32ed"},"breadcrumb":{"@id":"https:\/\/portaltela.pt\/noticias\/2026\/01\/29\/santana-lopes-diz-nao-ter-sido-contactado-pelo-governo\/#breadcrumb"},"inLanguage":"pt-PT","potentialAction":[{"@type":"ReadAction","target":["https:\/\/portaltela.pt\/noticias\/2026\/01\/29\/santana-lopes-diz-nao-ter-sido-contactado-pelo-governo\/"]}]},{"@type":"ImageObject","inLanguage":"pt-PT","@id":"https:\/\/portaltela.pt\/noticias\/2026\/01\/29\/santana-lopes-diz-nao-ter-sido-contactado-pelo-governo\/#primaryimage","url":"https:\/\/portaltela.pt\/s.01k8rhncp4jt1\/2026\/01\/unnamed-file-5842.jpg","contentUrl":"https:\/\/portaltela.pt\/s.01k8rhncp4jt1\/2026\/01\/unnamed-file-5842.jpg","width":796,"height":448,"caption":"Santana Lopes ao lado de Lu\u00eds Montenegro na altura da campanha para as elei\u00e7\u00f5es legislativas, em 2025"},{"@type":"BreadcrumbList","@id":"https:\/\/portaltela.pt\/noticias\/2026\/01\/29\/santana-lopes-diz-nao-ter-sido-contactado-pelo-governo\/#breadcrumb","itemListElement":[{"@type":"ListItem","position":1,"name":"In\u00edcio","item":"https:\/\/portaltela.pt\/"},{"@type":"ListItem","position":2,"name":"Santana Lopes diz n\u00e3o ter sido contactado pelo Governo"}]},{"@type":"WebSite","@id":"https:\/\/portaltela.pt\/#website","url":"https:\/\/portaltela.pt\/","name":"Portal Tela Portugal","description":"","potentialAction":[{"@type":"SearchAction","target":{"@type":"EntryPoint","urlTemplate":"https:\/\/portaltela.pt\/?s={search_term_string}"},"query-input":{"@type":"PropertyValueSpecification","valueRequired":true,"valueName":"search_term_string"}}],"inLanguage":"pt-PT"},{"@type":"Person","@id":"https:\/\/portaltela.pt\/#\/schema\/person\/c4278d4a6028830caff9ee44b42d32ed","name":"Telinha","image":{"@type":"ImageObject","inLanguage":"pt-PT","@id":"https:\/\/portaltela.pt\/s.01k8rhncp4jt1\/2025\/11\/talking-bot-125x125.png","url":"https:\/\/portaltela.pt\/s.01k8rhncp4jt1\/2025\/11\/talking-bot-125x125.png","contentUrl":"https:\/\/portaltela.pt\/s.01k8rhncp4jt1\/2025\/11\/talking-bot-125x125.png","caption":"Telinha"},"sameAs":["https:\/\/portaltela.pt\/"],"url":"https:\/\/portaltela.pt\/por\/367410592786\/"}]}},"_links":{"self":[{"href":"https:\/\/portaltela.pt\/api\/wp\/v2\/posts\/181535","targetHints":{"allow":["GET"]}}],"collection":[{"href":"https:\/\/portaltela.pt\/api\/wp\/v2\/posts"}],"about":[{"href":"https:\/\/portaltela.pt\/api\/wp\/v2\/types\/post"}],"author":[{"embeddable":true,"href":"https:\/\/portaltela.pt\/api\/wp\/v2\/users\/2"}],"replies":[{"embeddable":true,"href":"https:\/\/portaltela.pt\/api\/wp\/v2\/comments?post=181535"}],"version-history":[{"count":0,"href":"https:\/\/portaltela.pt\/api\/wp\/v2\/posts\/181535\/revisions"}],"wp:featuredmedia":[{"embeddable":true,"href":"https:\/\/portaltela.pt\/api\/wp\/v2\/media\/181554"}],"wp:attachment":[{"href":"https:\/\/portaltela.pt\/api\/wp\/v2\/media?parent=181535"}],"wp:term":[{"taxonomy":"category","embeddable":true,"href":"https:\/\/portaltela.pt\/api\/wp\/v2\/categories?post=181535"},{"taxonomy":"post_tag","embeddable":true,"href":"https:\/\/portaltela.pt\/api\/wp\/v2\/tags?post=181535"}],"curies":[{"name":"wp","href":"https:\/\/api.w.org\/{rel}","templated":true}]}}