{"id":181533,"date":"2026-01-29T11:59:39","date_gmt":"2026-01-29T14:59:39","guid":{"rendered":"https:\/\/portaltela.pt\/noticias\/2026\/01\/29\/guimaraes-prioriza-mobilidade-urbana-sustentavel-e-ligacoes-a-estacoes-hv\/"},"modified":"2026-01-29T11:59:39","modified_gmt":"2026-01-29T14:59:39","slug":"guimaraes-prioriza-mobilidade-urbana-sustentavel-e-ligacoes-a-estacoes-hv","status":"publish","type":"post","link":"https:\/\/portaltela.pt\/noticias\/2026\/01\/29\/guimaraes-prioriza-mobilidade-urbana-sustentavel-e-ligacoes-a-estacoes-hv\/","title":{"rendered":"Guimar\u00e3es prioriza mobilidade urbana sustent\u00e1vel e liga\u00e7\u00f5es a esta\u00e7\u00f5es HV"},"content":{"rendered":"<p>Guimar\u00e3es tem colocado a mobilidade urbana sustent\u00e1vel como prioridade, de acordo com a C\u00e2mara Municipal. O objetivo \u00e9 reduzir emiss\u00f5es, melhorar o acesso ao centro e \u00e0s \u00e1reas perif\u00e9ricas da cidade.<\/p>\n<p>As liga\u00e7\u00f5es eficientes \u00e0s esta\u00e7\u00f5es de alta velocidade s\u00e3o centrais na estrat\u00e9gia, com foco na conectividade para residentes e visitantes. A meta \u00e9 facilitar desloca\u00e7\u00f5es r\u00e1pidas, seguras e acess\u00edveis a quem chega \u00e0 cidade.<\/p>\n<p>A autarquia aponta que o desenvolvimento do transporte p\u00fablico sustent\u00e1vel depende de investimentos e planeamento que integrem ciclovias, acessibilidade e hor\u00e1rios bem coordenados, para uma mobilidade mais eficiente.<\/p>\n","protected":false},"excerpt":{"rendered":"<ul>\n<li>Em Guimar\u00e3es, a mobilidade urbana sustent\u00e1vel \u00e9 uma prioridade, segundo a C\u00e2mara Municipal.<\/li>\n<li>A estrat\u00e9gia municipal sublinha a relev\u00e2ncia da mobilidade para a cidade.<\/li>\n<li>Liga\u00e7\u00e3o eficiente \u00e0s esta\u00e7\u00f5es de alta velocidade \u00e9 considerada crucial para a estrat\u00e9gia.<\/li>\n<li>O objetivo \u00e9 melhorar o acesso e a conectividade para todos os utilizadores.<\/li>\n<li>O foco no desenvolvimento sustent\u00e1vel visa otimizar o transporte p\u00fablico para popula\u00e7\u00e3o local e visitantes.<\/li>\n<\/ul>\n","protected":false},"author":2,"featured_media":181540,"comment_status":"closed","ping_status":"closed","sticky":false,"template":"","format":"standard","meta":{"footnotes":""},"categories":[1],"tags":[3772,45,2110,202,3148,4535],"class_list":["post-181533","post","type-post","status-publish","format-standard","has-post-thumbnail","hentry","category-noticias","tag-acessibilidade","tag-meio-ambiente","tag-mobilidade","tag-mobilidade-urbana-e-cidades-inteligentes","tag-planeamento-urbano","tag-transporte-publico"],"yoast_head":"<!-- This site is optimized with the Yoast SEO plugin v27.2 - https:\/\/yoast.com\/product\/yoast-seo-wordpress\/ -->\n<title>Guimar\u00e3es prioriza mobilidade urbana sustent\u00e1vel e liga\u00e7\u00f5es a esta\u00e7\u00f5es HV - Portal Tela Portugal<\/title>\n<meta name=\"robots\" content=\"index, follow, max-snippet:-1, max-image-preview:large, max-video-preview:-1\" \/>\n<meta property=\"og:locale\" content=\"pt_PT\" \/>\n<meta property=\"og:type\" content=\"article\" \/>\n<meta property=\"og:title\" content=\"Guimar\u00e3es prioriza mobilidade urbana sustent\u00e1vel e liga\u00e7\u00f5es a esta\u00e7\u00f5es HV - Portal Tela Portugal\" \/>\n<meta property=\"og:description\" content=\"Em Guimar\u00e3es, a mobilidade urbana sustent\u00e1vel \u00e9 uma prioridade, segundo a C\u00e2mara Municipal. A estrat\u00e9gia municipal sublinha a relev\u00e2ncia da mobilidade para a cidade. Liga\u00e7\u00e3o eficiente \u00e0s esta\u00e7\u00f5es de alta velocidade \u00e9 considerada crucial para a estrat\u00e9gia. O objetivo \u00e9 melhorar o acesso e a conectividade para todos os utilizadores. O foco no desenvolvimento sustent\u00e1vel visa otimizar o transporte p\u00fablico para popula\u00e7\u00e3o local e visitantes.\" \/>\n<meta property=\"og:url\" content=\"https:\/\/portaltela.pt\/noticias\/2026\/01\/29\/guimaraes-prioriza-mobilidade-urbana-sustentavel-e-ligacoes-a-estacoes-hv\/\" \/>\n<meta property=\"og:site_name\" content=\"Portal Tela Portugal\" \/>\n<meta property=\"article:published_time\" content=\"2026-01-29T14:59:39+00:00\" \/>\n<meta name=\"author\" content=\"Telinha\" \/>\n<meta name=\"twitter:card\" content=\"summary_large_image\" \/>\n<meta name=\"twitter:label1\" content=\"Escrito por\" \/>\n\t<meta name=\"twitter:data1\" content=\"Telinha\" \/>\n\t<meta name=\"twitter:label2\" content=\"Tempo estimado de leitura\" \/>\n\t<meta name=\"twitter:data2\" content=\"1 minuto\" \/>\n<script type=\"application\/ld+json\" class=\"yoast-schema-graph\">{\"@context\":\"https:\/\/schema.org\",\"@graph\":[{\"@type\":\"Article\",\"@id\":\"https:\/\/portaltela.pt\/noticias\/2026\/01\/29\/guimaraes-prioriza-mobilidade-urbana-sustentavel-e-ligacoes-a-estacoes-hv\/#article\",\"isPartOf\":{\"@id\":\"https:\/\/portaltela.pt\/noticias\/2026\/01\/29\/guimaraes-prioriza-mobilidade-urbana-sustentavel-e-ligacoes-a-estacoes-hv\/\"},\"author\":{\"name\":\"Telinha\",\"@id\":\"https:\/\/portaltela.pt\/#\/schema\/person\/c4278d4a6028830caff9ee44b42d32ed\"},\"headline\":\"Guimar\u00e3es prioriza mobilidade urbana sustent\u00e1vel e liga\u00e7\u00f5es a esta\u00e7\u00f5es HV\",\"datePublished\":\"2026-01-29T14:59:39+00:00\",\"mainEntityOfPage\":{\"@id\":\"https:\/\/portaltela.pt\/noticias\/2026\/01\/29\/guimaraes-prioriza-mobilidade-urbana-sustentavel-e-ligacoes-a-estacoes-hv\/\"},\"wordCount\":119,\"image\":{\"@id\":\"https:\/\/portaltela.pt\/noticias\/2026\/01\/29\/guimaraes-prioriza-mobilidade-urbana-sustentavel-e-ligacoes-a-estacoes-hv\/#primaryimage\"},\"thumbnailUrl\":\"https:\/\/portaltela.pt\/s.01k8rhncp4jt1\/2026\/01\/guimaraes001.jpg\",\"keywords\":[\"acessibilidade\",\"meio-ambiente\",\"mobilidade\",\"Mobilidade Urbana e Cidades Inteligentes\",\"planeamento urbano\",\"transporte p\u00fablico\"],\"articleSection\":[\"Not\u00edcias\"],\"inLanguage\":\"pt-PT\"},{\"@type\":\"WebPage\",\"@id\":\"https:\/\/portaltela.pt\/noticias\/2026\/01\/29\/guimaraes-prioriza-mobilidade-urbana-sustentavel-e-ligacoes-a-estacoes-hv\/\",\"url\":\"https:\/\/portaltela.pt\/noticias\/2026\/01\/29\/guimaraes-prioriza-mobilidade-urbana-sustentavel-e-ligacoes-a-estacoes-hv\/\",\"name\":\"Guimar\u00e3es prioriza mobilidade urbana sustent\u00e1vel e liga\u00e7\u00f5es a esta\u00e7\u00f5es HV - Portal Tela Portugal\",\"isPartOf\":{\"@id\":\"https:\/\/portaltela.pt\/#website\"},\"primaryImageOfPage\":{\"@id\":\"https:\/\/portaltela.pt\/noticias\/2026\/01\/29\/guimaraes-prioriza-mobilidade-urbana-sustentavel-e-ligacoes-a-estacoes-hv\/#primaryimage\"},\"image\":{\"@id\":\"https:\/\/portaltela.pt\/noticias\/2026\/01\/29\/guimaraes-prioriza-mobilidade-urbana-sustentavel-e-ligacoes-a-estacoes-hv\/#primaryimage\"},\"thumbnailUrl\":\"https:\/\/portaltela.pt\/s.01k8rhncp4jt1\/2026\/01\/guimaraes001.jpg\",\"datePublished\":\"2026-01-29T14:59:39+00:00\",\"author\":{\"@id\":\"https:\/\/portaltela.pt\/#\/schema\/person\/c4278d4a6028830caff9ee44b42d32ed\"},\"breadcrumb\":{\"@id\":\"https:\/\/portaltela.pt\/noticias\/2026\/01\/29\/guimaraes-prioriza-mobilidade-urbana-sustentavel-e-ligacoes-a-estacoes-hv\/#breadcrumb\"},\"inLanguage\":\"pt-PT\",\"potentialAction\":[{\"@type\":\"ReadAction\",\"target\":[\"https:\/\/portaltela.pt\/noticias\/2026\/01\/29\/guimaraes-prioriza-mobilidade-urbana-sustentavel-e-ligacoes-a-estacoes-hv\/\"]}]},{\"@type\":\"ImageObject\",\"inLanguage\":\"pt-PT\",\"@id\":\"https:\/\/portaltela.pt\/noticias\/2026\/01\/29\/guimaraes-prioriza-mobilidade-urbana-sustentavel-e-ligacoes-a-estacoes-hv\/#primaryimage\",\"url\":\"https:\/\/portaltela.pt\/s.01k8rhncp4jt1\/2026\/01\/guimaraes001.jpg\",\"contentUrl\":\"https:\/\/portaltela.pt\/s.01k8rhncp4jt1\/2026\/01\/guimaraes001.jpg\",\"width\":796,\"height\":448,\"caption\":\"Mobilidade urbana sustent\u00e1vel e liga\u00e7\u00f5es \u00e0s esta\u00e7\u00f5es ferrovi\u00e1rias de alta velocidade s\u00e3o prioridades para Guimar\u00e3es\"},{\"@type\":\"BreadcrumbList\",\"@id\":\"https:\/\/portaltela.pt\/noticias\/2026\/01\/29\/guimaraes-prioriza-mobilidade-urbana-sustentavel-e-ligacoes-a-estacoes-hv\/#breadcrumb\",\"itemListElement\":[{\"@type\":\"ListItem\",\"position\":1,\"name\":\"In\u00edcio\",\"item\":\"https:\/\/portaltela.pt\/\"},{\"@type\":\"ListItem\",\"position\":2,\"name\":\"Guimar\u00e3es prioriza mobilidade urbana sustent\u00e1vel e liga\u00e7\u00f5es a esta\u00e7\u00f5es HV\"}]},{\"@type\":\"WebSite\",\"@id\":\"https:\/\/portaltela.pt\/#website\",\"url\":\"https:\/\/portaltela.pt\/\",\"name\":\"Portal Tela Portugal\",\"description\":\"\",\"potentialAction\":[{\"@type\":\"SearchAction\",\"target\":{\"@type\":\"EntryPoint\",\"urlTemplate\":\"https:\/\/portaltela.pt\/?s={search_term_string}\"},\"query-input\":{\"@type\":\"PropertyValueSpecification\",\"valueRequired\":true,\"valueName\":\"search_term_string\"}}],\"inLanguage\":\"pt-PT\"},{\"@type\":\"Person\",\"@id\":\"https:\/\/portaltela.pt\/#\/schema\/person\/c4278d4a6028830caff9ee44b42d32ed\",\"name\":\"Telinha\",\"image\":{\"@type\":\"ImageObject\",\"inLanguage\":\"pt-PT\",\"@id\":\"https:\/\/portaltela.pt\/s.01k8rhncp4jt1\/2025\/11\/talking-bot-125x125.png\",\"url\":\"https:\/\/portaltela.pt\/s.01k8rhncp4jt1\/2025\/11\/talking-bot-125x125.png\",\"contentUrl\":\"https:\/\/portaltela.pt\/s.01k8rhncp4jt1\/2025\/11\/talking-bot-125x125.png\",\"caption\":\"Telinha\"},\"sameAs\":[\"https:\/\/portaltela.pt\/\"],\"url\":\"https:\/\/portaltela.pt\/por\/367410592786\/\"}]}<\/script>\n<!-- \/ Yoast SEO plugin. -->","yoast_head_json":{"title":"Guimar\u00e3es prioriza mobilidade urbana sustent\u00e1vel e liga\u00e7\u00f5es a esta\u00e7\u00f5es HV - Portal Tela Portugal","robots":{"index":"index","follow":"follow","max-snippet":"max-snippet:-1","max-image-preview":"max-image-preview:large","max-video-preview":"max-video-preview:-1"},"og_locale":"pt_PT","og_type":"article","og_title":"Guimar\u00e3es prioriza mobilidade urbana sustent\u00e1vel e liga\u00e7\u00f5es a esta\u00e7\u00f5es HV - Portal Tela Portugal","og_description":"Em Guimar\u00e3es, a mobilidade urbana sustent\u00e1vel \u00e9 uma prioridade, segundo a C\u00e2mara Municipal. A estrat\u00e9gia municipal sublinha a relev\u00e2ncia da mobilidade para a cidade. Liga\u00e7\u00e3o eficiente \u00e0s esta\u00e7\u00f5es de alta velocidade \u00e9 considerada crucial para a estrat\u00e9gia. O objetivo \u00e9 melhorar o acesso e a conectividade para todos os utilizadores. O foco no desenvolvimento sustent\u00e1vel visa otimizar o transporte p\u00fablico para popula\u00e7\u00e3o local e visitantes.","og_url":"https:\/\/portaltela.pt\/noticias\/2026\/01\/29\/guimaraes-prioriza-mobilidade-urbana-sustentavel-e-ligacoes-a-estacoes-hv\/","og_site_name":"Portal Tela Portugal","article_published_time":"2026-01-29T14:59:39+00:00","author":"Telinha","twitter_card":"summary_large_image","twitter_misc":{"Escrito por":"Telinha","Tempo estimado de leitura":"1 minuto"},"schema":{"@context":"https:\/\/schema.org","@graph":[{"@type":"Article","@id":"https:\/\/portaltela.pt\/noticias\/2026\/01\/29\/guimaraes-prioriza-mobilidade-urbana-sustentavel-e-ligacoes-a-estacoes-hv\/#article","isPartOf":{"@id":"https:\/\/portaltela.pt\/noticias\/2026\/01\/29\/guimaraes-prioriza-mobilidade-urbana-sustentavel-e-ligacoes-a-estacoes-hv\/"},"author":{"name":"Telinha","@id":"https:\/\/portaltela.pt\/#\/schema\/person\/c4278d4a6028830caff9ee44b42d32ed"},"headline":"Guimar\u00e3es prioriza mobilidade urbana sustent\u00e1vel e liga\u00e7\u00f5es a esta\u00e7\u00f5es HV","datePublished":"2026-01-29T14:59:39+00:00","mainEntityOfPage":{"@id":"https:\/\/portaltela.pt\/noticias\/2026\/01\/29\/guimaraes-prioriza-mobilidade-urbana-sustentavel-e-ligacoes-a-estacoes-hv\/"},"wordCount":119,"image":{"@id":"https:\/\/portaltela.pt\/noticias\/2026\/01\/29\/guimaraes-prioriza-mobilidade-urbana-sustentavel-e-ligacoes-a-estacoes-hv\/#primaryimage"},"thumbnailUrl":"https:\/\/portaltela.pt\/s.01k8rhncp4jt1\/2026\/01\/guimaraes001.jpg","keywords":["acessibilidade","meio-ambiente","mobilidade","Mobilidade Urbana e Cidades Inteligentes","planeamento urbano","transporte p\u00fablico"],"articleSection":["Not\u00edcias"],"inLanguage":"pt-PT"},{"@type":"WebPage","@id":"https:\/\/portaltela.pt\/noticias\/2026\/01\/29\/guimaraes-prioriza-mobilidade-urbana-sustentavel-e-ligacoes-a-estacoes-hv\/","url":"https:\/\/portaltela.pt\/noticias\/2026\/01\/29\/guimaraes-prioriza-mobilidade-urbana-sustentavel-e-ligacoes-a-estacoes-hv\/","name":"Guimar\u00e3es prioriza mobilidade urbana sustent\u00e1vel e liga\u00e7\u00f5es a esta\u00e7\u00f5es HV - Portal Tela Portugal","isPartOf":{"@id":"https:\/\/portaltela.pt\/#website"},"primaryImageOfPage":{"@id":"https:\/\/portaltela.pt\/noticias\/2026\/01\/29\/guimaraes-prioriza-mobilidade-urbana-sustentavel-e-ligacoes-a-estacoes-hv\/#primaryimage"},"image":{"@id":"https:\/\/portaltela.pt\/noticias\/2026\/01\/29\/guimaraes-prioriza-mobilidade-urbana-sustentavel-e-ligacoes-a-estacoes-hv\/#primaryimage"},"thumbnailUrl":"https:\/\/portaltela.pt\/s.01k8rhncp4jt1\/2026\/01\/guimaraes001.jpg","datePublished":"2026-01-29T14:59:39+00:00","author":{"@id":"https:\/\/portaltela.pt\/#\/schema\/person\/c4278d4a6028830caff9ee44b42d32ed"},"breadcrumb":{"@id":"https:\/\/portaltela.pt\/noticias\/2026\/01\/29\/guimaraes-prioriza-mobilidade-urbana-sustentavel-e-ligacoes-a-estacoes-hv\/#breadcrumb"},"inLanguage":"pt-PT","potentialAction":[{"@type":"ReadAction","target":["https:\/\/portaltela.pt\/noticias\/2026\/01\/29\/guimaraes-prioriza-mobilidade-urbana-sustentavel-e-ligacoes-a-estacoes-hv\/"]}]},{"@type":"ImageObject","inLanguage":"pt-PT","@id":"https:\/\/portaltela.pt\/noticias\/2026\/01\/29\/guimaraes-prioriza-mobilidade-urbana-sustentavel-e-ligacoes-a-estacoes-hv\/#primaryimage","url":"https:\/\/portaltela.pt\/s.01k8rhncp4jt1\/2026\/01\/guimaraes001.jpg","contentUrl":"https:\/\/portaltela.pt\/s.01k8rhncp4jt1\/2026\/01\/guimaraes001.jpg","width":796,"height":448,"caption":"Mobilidade urbana sustent\u00e1vel e liga\u00e7\u00f5es \u00e0s esta\u00e7\u00f5es ferrovi\u00e1rias de alta velocidade s\u00e3o prioridades para Guimar\u00e3es"},{"@type":"BreadcrumbList","@id":"https:\/\/portaltela.pt\/noticias\/2026\/01\/29\/guimaraes-prioriza-mobilidade-urbana-sustentavel-e-ligacoes-a-estacoes-hv\/#breadcrumb","itemListElement":[{"@type":"ListItem","position":1,"name":"In\u00edcio","item":"https:\/\/portaltela.pt\/"},{"@type":"ListItem","position":2,"name":"Guimar\u00e3es prioriza mobilidade urbana sustent\u00e1vel e liga\u00e7\u00f5es a esta\u00e7\u00f5es HV"}]},{"@type":"WebSite","@id":"https:\/\/portaltela.pt\/#website","url":"https:\/\/portaltela.pt\/","name":"Portal Tela Portugal","description":"","potentialAction":[{"@type":"SearchAction","target":{"@type":"EntryPoint","urlTemplate":"https:\/\/portaltela.pt\/?s={search_term_string}"},"query-input":{"@type":"PropertyValueSpecification","valueRequired":true,"valueName":"search_term_string"}}],"inLanguage":"pt-PT"},{"@type":"Person","@id":"https:\/\/portaltela.pt\/#\/schema\/person\/c4278d4a6028830caff9ee44b42d32ed","name":"Telinha","image":{"@type":"ImageObject","inLanguage":"pt-PT","@id":"https:\/\/portaltela.pt\/s.01k8rhncp4jt1\/2025\/11\/talking-bot-125x125.png","url":"https:\/\/portaltela.pt\/s.01k8rhncp4jt1\/2025\/11\/talking-bot-125x125.png","contentUrl":"https:\/\/portaltela.pt\/s.01k8rhncp4jt1\/2025\/11\/talking-bot-125x125.png","caption":"Telinha"},"sameAs":["https:\/\/portaltela.pt\/"],"url":"https:\/\/portaltela.pt\/por\/367410592786\/"}]}},"_links":{"self":[{"href":"https:\/\/portaltela.pt\/api\/wp\/v2\/posts\/181533","targetHints":{"allow":["GET"]}}],"collection":[{"href":"https:\/\/portaltela.pt\/api\/wp\/v2\/posts"}],"about":[{"href":"https:\/\/portaltela.pt\/api\/wp\/v2\/types\/post"}],"author":[{"embeddable":true,"href":"https:\/\/portaltela.pt\/api\/wp\/v2\/users\/2"}],"replies":[{"embeddable":true,"href":"https:\/\/portaltela.pt\/api\/wp\/v2\/comments?post=181533"}],"version-history":[{"count":0,"href":"https:\/\/portaltela.pt\/api\/wp\/v2\/posts\/181533\/revisions"}],"wp:featuredmedia":[{"embeddable":true,"href":"https:\/\/portaltela.pt\/api\/wp\/v2\/media\/181540"}],"wp:attachment":[{"href":"https:\/\/portaltela.pt\/api\/wp\/v2\/media?parent=181533"}],"wp:term":[{"taxonomy":"category","embeddable":true,"href":"https:\/\/portaltela.pt\/api\/wp\/v2\/categories?post=181533"},{"taxonomy":"post_tag","embeddable":true,"href":"https:\/\/portaltela.pt\/api\/wp\/v2\/tags?post=181533"}],"curies":[{"name":"wp","href":"https:\/\/api.w.org\/{rel}","templated":true}]}}