{"id":181515,"date":"2026-01-29T11:38:14","date_gmt":"2026-01-29T14:38:14","guid":{"rendered":"https:\/\/portaltela.pt\/noticias\/2026\/01\/29\/mangualde-regista-maior-numero-de-nascimentos-em-2025\/"},"modified":"2026-01-29T11:38:14","modified_gmt":"2026-01-29T14:38:14","slug":"mangualde-regista-maior-numero-de-nascimentos-em-2025","status":"publish","type":"post","link":"https:\/\/portaltela.pt\/noticias\/2026\/01\/29\/mangualde-regista-maior-numero-de-nascimentos-em-2025\/","title":{"rendered":"Mangualde regista maior n\u00famero de nascimentos em 2025"},"content":{"rendered":"<p>Mangualde encerrou 2025 com um registo demogr\u00e1fico favor\u00e1vel, anunciando 129 nascimentos. O concelho assume-se como um dos principais motores de crescimento na \u00e1rea de influ\u00eancia da ULS Viseu D\u00e3o-Laf\u00f5es.<\/p>\n<p>Em termos regionais, Mangualde fica no top 3 da natalidade: Viseu 793, Tondela 142 e Mangualde 129. Os n\u00fameros destacam o papel do munic\u00edpio no conjunto da regi\u00e3o.<\/p>\n<h3>Desempenho demogr\u00e1fico regional<\/h3>\n<p>Entre os concelhos vizinhos, Nelas registou 98 nascimentos, enquanto S\u00e3o Pedro do Sul e Vouzela tiveram 71 cada. Mort\u00e1gua, Cinf\u00e3es, Resende e Tarouca somaram apenas dois registos cada, e Armamar n\u00e3o registou nascimento no ano.<\/p>\n<p>O balan\u00e7o global da ULS Viseu D\u00e3o-Laf\u00f5es aponta um total de 1.946 beb\u00eas em 2025, traduzindo uma subida de cerca de 6% face a 2024 (1.829 registos). Mangualde mant\u00e9m-se como vetor de rejuvenescimento.<\/p>\n<h3>Contributo de Mangualde<\/h3>\n<p>A ULS sublinha o contributo de Mangualde para o equil\u00edbrio demogr\u00e1fico regional, destacando o concelho como eixo de revitaliza\u00e7\u00e3o do interior. O papel do munic\u00edpio \u00e9 visto como determinante para a din\u00e2mica populacional da \u00e1rea.<\/p>\n","protected":false},"excerpt":{"rendered":"<ul>\n<li>Mangualde registou 129 nascimentos em 2025, tornando-se um dos tr\u00eas concelhos com maior natalidade na \u00e1rea da ULS Viseu D\u00e3o-Laf\u00f5es.<\/li>\n<li>O total de nascimentos na regi\u00e3o foi de 1.946 em 2025, morem 6% face aos 1.829 de 2024.<\/li>\n<li>Viseu teve 793, Tondela 142 e Mangualde 129 nascimentos.<\/li>\n<li>Nelas registou 98 nascimentos; S\u00e3o Pedro do Sul e Vouzela, 71 cada; Mort\u00e1gua, Cinf\u00e3es, Resende e Tarouca contabilizaram dois registos cada; Armamar n\u00e3o teve registos.<\/li>\n<li>A ULS destaca o contributo de Mangualde para o equil\u00edbrio demogr\u00e1fico regional e para o rejuvenescimento do interior.<\/li>\n<\/ul>\n","protected":false},"author":2,"featured_media":181516,"comment_status":"closed","ping_status":"closed","sticky":false,"template":"","format":"standard","meta":{"footnotes":""},"categories":[1],"tags":[1201,1302,4650,1171],"class_list":["post-181515","post","type-post","status-publish","format-standard","has-post-thumbnail","hentry","category-noticias","tag-dao","tag-mangualde","tag-regiao-centro","tag-viseu"],"yoast_head":"<!-- This site is optimized with the Yoast SEO plugin v27.2 - https:\/\/yoast.com\/product\/yoast-seo-wordpress\/ -->\n<title>Mangualde regista maior n\u00famero de nascimentos em 2025 - Portal Tela Portugal<\/title>\n<meta name=\"robots\" content=\"index, follow, max-snippet:-1, max-image-preview:large, max-video-preview:-1\" \/>\n<meta property=\"og:locale\" content=\"pt_PT\" \/>\n<meta property=\"og:type\" content=\"article\" \/>\n<meta property=\"og:title\" content=\"Mangualde regista maior n\u00famero de nascimentos em 2025 - Portal Tela Portugal\" \/>\n<meta property=\"og:description\" content=\"Mangualde registou 129 nascimentos em 2025, tornando-se um dos tr\u00eas concelhos com maior natalidade na \u00e1rea da ULS Viseu D\u00e3o-Laf\u00f5es. O total de nascimentos na regi\u00e3o foi de 1.946 em 2025, morem 6% face aos 1.829 de 2024. Viseu teve 793, Tondela 142 e Mangualde 129 nascimentos. Nelas registou 98 nascimentos; S\u00e3o Pedro do Sul e Vouzela, 71 cada; Mort\u00e1gua, Cinf\u00e3es, Resende e Tarouca contabilizaram dois registos cada; Armamar n\u00e3o teve registos. A ULS destaca o contributo de Mangualde para o equil\u00edbrio demogr\u00e1fico regional e para o rejuvenescimento do interior.\" \/>\n<meta property=\"og:url\" content=\"https:\/\/portaltela.pt\/noticias\/2026\/01\/29\/mangualde-regista-maior-numero-de-nascimentos-em-2025\/\" \/>\n<meta property=\"og:site_name\" content=\"Portal Tela Portugal\" \/>\n<meta property=\"article:published_time\" content=\"2026-01-29T14:38:14+00:00\" \/>\n<meta name=\"author\" content=\"Telinha\" \/>\n<meta name=\"twitter:card\" content=\"summary_large_image\" \/>\n<meta name=\"twitter:label1\" content=\"Escrito por\" \/>\n\t<meta name=\"twitter:data1\" content=\"Telinha\" \/>\n\t<meta name=\"twitter:label2\" content=\"Tempo estimado de leitura\" \/>\n\t<meta name=\"twitter:data2\" content=\"1 minuto\" \/>\n<script type=\"application\/ld+json\" class=\"yoast-schema-graph\">{\"@context\":\"https:\/\/schema.org\",\"@graph\":[{\"@type\":\"Article\",\"@id\":\"https:\/\/portaltela.pt\/noticias\/2026\/01\/29\/mangualde-regista-maior-numero-de-nascimentos-em-2025\/#article\",\"isPartOf\":{\"@id\":\"https:\/\/portaltela.pt\/noticias\/2026\/01\/29\/mangualde-regista-maior-numero-de-nascimentos-em-2025\/\"},\"author\":{\"name\":\"Telinha\",\"@id\":\"https:\/\/portaltela.pt\/#\/schema\/person\/c4278d4a6028830caff9ee44b42d32ed\"},\"headline\":\"Mangualde regista maior n\u00famero de nascimentos em 2025\",\"datePublished\":\"2026-01-29T14:38:14+00:00\",\"mainEntityOfPage\":{\"@id\":\"https:\/\/portaltela.pt\/noticias\/2026\/01\/29\/mangualde-regista-maior-numero-de-nascimentos-em-2025\/\"},\"wordCount\":183,\"image\":{\"@id\":\"https:\/\/portaltela.pt\/noticias\/2026\/01\/29\/mangualde-regista-maior-numero-de-nascimentos-em-2025\/#primaryimage\"},\"thumbnailUrl\":\"https:\/\/portaltela.pt\/s.01k8rhncp4jt1\/2026\/01\/baby-1178539_1280.jpg\",\"keywords\":[\"D\u00e3o\",\"Mangualde\",\"Regi\u00e3o Centro\",\"Viseu\"],\"articleSection\":[\"Not\u00edcias\"],\"inLanguage\":\"pt-PT\"},{\"@type\":\"WebPage\",\"@id\":\"https:\/\/portaltela.pt\/noticias\/2026\/01\/29\/mangualde-regista-maior-numero-de-nascimentos-em-2025\/\",\"url\":\"https:\/\/portaltela.pt\/noticias\/2026\/01\/29\/mangualde-regista-maior-numero-de-nascimentos-em-2025\/\",\"name\":\"Mangualde regista maior n\u00famero de nascimentos em 2025 - Portal Tela Portugal\",\"isPartOf\":{\"@id\":\"https:\/\/portaltela.pt\/#website\"},\"primaryImageOfPage\":{\"@id\":\"https:\/\/portaltela.pt\/noticias\/2026\/01\/29\/mangualde-regista-maior-numero-de-nascimentos-em-2025\/#primaryimage\"},\"image\":{\"@id\":\"https:\/\/portaltela.pt\/noticias\/2026\/01\/29\/mangualde-regista-maior-numero-de-nascimentos-em-2025\/#primaryimage\"},\"thumbnailUrl\":\"https:\/\/portaltela.pt\/s.01k8rhncp4jt1\/2026\/01\/baby-1178539_1280.jpg\",\"datePublished\":\"2026-01-29T14:38:14+00:00\",\"author\":{\"@id\":\"https:\/\/portaltela.pt\/#\/schema\/person\/c4278d4a6028830caff9ee44b42d32ed\"},\"breadcrumb\":{\"@id\":\"https:\/\/portaltela.pt\/noticias\/2026\/01\/29\/mangualde-regista-maior-numero-de-nascimentos-em-2025\/#breadcrumb\"},\"inLanguage\":\"pt-PT\",\"potentialAction\":[{\"@type\":\"ReadAction\",\"target\":[\"https:\/\/portaltela.pt\/noticias\/2026\/01\/29\/mangualde-regista-maior-numero-de-nascimentos-em-2025\/\"]}]},{\"@type\":\"ImageObject\",\"inLanguage\":\"pt-PT\",\"@id\":\"https:\/\/portaltela.pt\/noticias\/2026\/01\/29\/mangualde-regista-maior-numero-de-nascimentos-em-2025\/#primaryimage\",\"url\":\"https:\/\/portaltela.pt\/s.01k8rhncp4jt1\/2026\/01\/baby-1178539_1280.jpg\",\"contentUrl\":\"https:\/\/portaltela.pt\/s.01k8rhncp4jt1\/2026\/01\/baby-1178539_1280.jpg\",\"width\":796,\"height\":448,\"caption\":\"MANGUALDE: Concelho com maior n\u00famero de nascimentos em 2025\"},{\"@type\":\"BreadcrumbList\",\"@id\":\"https:\/\/portaltela.pt\/noticias\/2026\/01\/29\/mangualde-regista-maior-numero-de-nascimentos-em-2025\/#breadcrumb\",\"itemListElement\":[{\"@type\":\"ListItem\",\"position\":1,\"name\":\"In\u00edcio\",\"item\":\"https:\/\/portaltela.pt\/\"},{\"@type\":\"ListItem\",\"position\":2,\"name\":\"Mangualde regista maior n\u00famero de nascimentos em 2025\"}]},{\"@type\":\"WebSite\",\"@id\":\"https:\/\/portaltela.pt\/#website\",\"url\":\"https:\/\/portaltela.pt\/\",\"name\":\"Portal Tela Portugal\",\"description\":\"\",\"potentialAction\":[{\"@type\":\"SearchAction\",\"target\":{\"@type\":\"EntryPoint\",\"urlTemplate\":\"https:\/\/portaltela.pt\/?s={search_term_string}\"},\"query-input\":{\"@type\":\"PropertyValueSpecification\",\"valueRequired\":true,\"valueName\":\"search_term_string\"}}],\"inLanguage\":\"pt-PT\"},{\"@type\":\"Person\",\"@id\":\"https:\/\/portaltela.pt\/#\/schema\/person\/c4278d4a6028830caff9ee44b42d32ed\",\"name\":\"Telinha\",\"image\":{\"@type\":\"ImageObject\",\"inLanguage\":\"pt-PT\",\"@id\":\"https:\/\/portaltela.pt\/s.01k8rhncp4jt1\/2025\/11\/talking-bot-125x125.png\",\"url\":\"https:\/\/portaltela.pt\/s.01k8rhncp4jt1\/2025\/11\/talking-bot-125x125.png\",\"contentUrl\":\"https:\/\/portaltela.pt\/s.01k8rhncp4jt1\/2025\/11\/talking-bot-125x125.png\",\"caption\":\"Telinha\"},\"sameAs\":[\"https:\/\/portaltela.pt\/\"],\"url\":\"https:\/\/portaltela.pt\/por\/367410592786\/\"}]}<\/script>\n<!-- \/ Yoast SEO plugin. -->","yoast_head_json":{"title":"Mangualde regista maior n\u00famero de nascimentos em 2025 - Portal Tela Portugal","robots":{"index":"index","follow":"follow","max-snippet":"max-snippet:-1","max-image-preview":"max-image-preview:large","max-video-preview":"max-video-preview:-1"},"og_locale":"pt_PT","og_type":"article","og_title":"Mangualde regista maior n\u00famero de nascimentos em 2025 - Portal Tela Portugal","og_description":"Mangualde registou 129 nascimentos em 2025, tornando-se um dos tr\u00eas concelhos com maior natalidade na \u00e1rea da ULS Viseu D\u00e3o-Laf\u00f5es. O total de nascimentos na regi\u00e3o foi de 1.946 em 2025, morem 6% face aos 1.829 de 2024. Viseu teve 793, Tondela 142 e Mangualde 129 nascimentos. Nelas registou 98 nascimentos; S\u00e3o Pedro do Sul e Vouzela, 71 cada; Mort\u00e1gua, Cinf\u00e3es, Resende e Tarouca contabilizaram dois registos cada; Armamar n\u00e3o teve registos. A ULS destaca o contributo de Mangualde para o equil\u00edbrio demogr\u00e1fico regional e para o rejuvenescimento do interior.","og_url":"https:\/\/portaltela.pt\/noticias\/2026\/01\/29\/mangualde-regista-maior-numero-de-nascimentos-em-2025\/","og_site_name":"Portal Tela Portugal","article_published_time":"2026-01-29T14:38:14+00:00","author":"Telinha","twitter_card":"summary_large_image","twitter_misc":{"Escrito por":"Telinha","Tempo estimado de leitura":"1 minuto"},"schema":{"@context":"https:\/\/schema.org","@graph":[{"@type":"Article","@id":"https:\/\/portaltela.pt\/noticias\/2026\/01\/29\/mangualde-regista-maior-numero-de-nascimentos-em-2025\/#article","isPartOf":{"@id":"https:\/\/portaltela.pt\/noticias\/2026\/01\/29\/mangualde-regista-maior-numero-de-nascimentos-em-2025\/"},"author":{"name":"Telinha","@id":"https:\/\/portaltela.pt\/#\/schema\/person\/c4278d4a6028830caff9ee44b42d32ed"},"headline":"Mangualde regista maior n\u00famero de nascimentos em 2025","datePublished":"2026-01-29T14:38:14+00:00","mainEntityOfPage":{"@id":"https:\/\/portaltela.pt\/noticias\/2026\/01\/29\/mangualde-regista-maior-numero-de-nascimentos-em-2025\/"},"wordCount":183,"image":{"@id":"https:\/\/portaltela.pt\/noticias\/2026\/01\/29\/mangualde-regista-maior-numero-de-nascimentos-em-2025\/#primaryimage"},"thumbnailUrl":"https:\/\/portaltela.pt\/s.01k8rhncp4jt1\/2026\/01\/baby-1178539_1280.jpg","keywords":["D\u00e3o","Mangualde","Regi\u00e3o Centro","Viseu"],"articleSection":["Not\u00edcias"],"inLanguage":"pt-PT"},{"@type":"WebPage","@id":"https:\/\/portaltela.pt\/noticias\/2026\/01\/29\/mangualde-regista-maior-numero-de-nascimentos-em-2025\/","url":"https:\/\/portaltela.pt\/noticias\/2026\/01\/29\/mangualde-regista-maior-numero-de-nascimentos-em-2025\/","name":"Mangualde regista maior n\u00famero de nascimentos em 2025 - Portal Tela Portugal","isPartOf":{"@id":"https:\/\/portaltela.pt\/#website"},"primaryImageOfPage":{"@id":"https:\/\/portaltela.pt\/noticias\/2026\/01\/29\/mangualde-regista-maior-numero-de-nascimentos-em-2025\/#primaryimage"},"image":{"@id":"https:\/\/portaltela.pt\/noticias\/2026\/01\/29\/mangualde-regista-maior-numero-de-nascimentos-em-2025\/#primaryimage"},"thumbnailUrl":"https:\/\/portaltela.pt\/s.01k8rhncp4jt1\/2026\/01\/baby-1178539_1280.jpg","datePublished":"2026-01-29T14:38:14+00:00","author":{"@id":"https:\/\/portaltela.pt\/#\/schema\/person\/c4278d4a6028830caff9ee44b42d32ed"},"breadcrumb":{"@id":"https:\/\/portaltela.pt\/noticias\/2026\/01\/29\/mangualde-regista-maior-numero-de-nascimentos-em-2025\/#breadcrumb"},"inLanguage":"pt-PT","potentialAction":[{"@type":"ReadAction","target":["https:\/\/portaltela.pt\/noticias\/2026\/01\/29\/mangualde-regista-maior-numero-de-nascimentos-em-2025\/"]}]},{"@type":"ImageObject","inLanguage":"pt-PT","@id":"https:\/\/portaltela.pt\/noticias\/2026\/01\/29\/mangualde-regista-maior-numero-de-nascimentos-em-2025\/#primaryimage","url":"https:\/\/portaltela.pt\/s.01k8rhncp4jt1\/2026\/01\/baby-1178539_1280.jpg","contentUrl":"https:\/\/portaltela.pt\/s.01k8rhncp4jt1\/2026\/01\/baby-1178539_1280.jpg","width":796,"height":448,"caption":"MANGUALDE: Concelho com maior n\u00famero de nascimentos em 2025"},{"@type":"BreadcrumbList","@id":"https:\/\/portaltela.pt\/noticias\/2026\/01\/29\/mangualde-regista-maior-numero-de-nascimentos-em-2025\/#breadcrumb","itemListElement":[{"@type":"ListItem","position":1,"name":"In\u00edcio","item":"https:\/\/portaltela.pt\/"},{"@type":"ListItem","position":2,"name":"Mangualde regista maior n\u00famero de nascimentos em 2025"}]},{"@type":"WebSite","@id":"https:\/\/portaltela.pt\/#website","url":"https:\/\/portaltela.pt\/","name":"Portal Tela Portugal","description":"","potentialAction":[{"@type":"SearchAction","target":{"@type":"EntryPoint","urlTemplate":"https:\/\/portaltela.pt\/?s={search_term_string}"},"query-input":{"@type":"PropertyValueSpecification","valueRequired":true,"valueName":"search_term_string"}}],"inLanguage":"pt-PT"},{"@type":"Person","@id":"https:\/\/portaltela.pt\/#\/schema\/person\/c4278d4a6028830caff9ee44b42d32ed","name":"Telinha","image":{"@type":"ImageObject","inLanguage":"pt-PT","@id":"https:\/\/portaltela.pt\/s.01k8rhncp4jt1\/2025\/11\/talking-bot-125x125.png","url":"https:\/\/portaltela.pt\/s.01k8rhncp4jt1\/2025\/11\/talking-bot-125x125.png","contentUrl":"https:\/\/portaltela.pt\/s.01k8rhncp4jt1\/2025\/11\/talking-bot-125x125.png","caption":"Telinha"},"sameAs":["https:\/\/portaltela.pt\/"],"url":"https:\/\/portaltela.pt\/por\/367410592786\/"}]}},"_links":{"self":[{"href":"https:\/\/portaltela.pt\/api\/wp\/v2\/posts\/181515","targetHints":{"allow":["GET"]}}],"collection":[{"href":"https:\/\/portaltela.pt\/api\/wp\/v2\/posts"}],"about":[{"href":"https:\/\/portaltela.pt\/api\/wp\/v2\/types\/post"}],"author":[{"embeddable":true,"href":"https:\/\/portaltela.pt\/api\/wp\/v2\/users\/2"}],"replies":[{"embeddable":true,"href":"https:\/\/portaltela.pt\/api\/wp\/v2\/comments?post=181515"}],"version-history":[{"count":0,"href":"https:\/\/portaltela.pt\/api\/wp\/v2\/posts\/181515\/revisions"}],"wp:featuredmedia":[{"embeddable":true,"href":"https:\/\/portaltela.pt\/api\/wp\/v2\/media\/181516"}],"wp:attachment":[{"href":"https:\/\/portaltela.pt\/api\/wp\/v2\/media?parent=181515"}],"wp:term":[{"taxonomy":"category","embeddable":true,"href":"https:\/\/portaltela.pt\/api\/wp\/v2\/categories?post=181515"},{"taxonomy":"post_tag","embeddable":true,"href":"https:\/\/portaltela.pt\/api\/wp\/v2\/tags?post=181515"}],"curies":[{"name":"wp","href":"https:\/\/api.w.org\/{rel}","templated":true}]}}