{"id":181495,"date":"2026-01-29T11:46:38","date_gmt":"2026-01-29T14:46:38","guid":{"rendered":"https:\/\/portaltela.pt\/noticias\/2026\/01\/29\/a-invencao-do-ocidente-analise-de-vanoli-sobre-a-civilizacao-ocidental\/"},"modified":"2026-01-29T11:46:38","modified_gmt":"2026-01-29T14:46:38","slug":"a-invencao-do-ocidente-analise-de-vanoli-sobre-a-civilizacao-ocidental","status":"publish","type":"post","link":"https:\/\/portaltela.pt\/noticias\/2026\/01\/29\/a-invencao-do-ocidente-analise-de-vanoli-sobre-a-civilizacao-ocidental\/","title":{"rendered":"A Inven\u00e7\u00e3o do Ocidente: an\u00e1lise de Vanoli sobre a civiliza\u00e7\u00e3o ocidental"},"content":{"rendered":"<p>Foi lan\u00e7ado o livro A Inven\u00e7\u00e3o do Ocidente, de Alessandro Vanoli, pela editora Edi\u00e7\u00f5es 70. A obra prop\u00f5e uma an\u00e1lise hist\u00f3rica sobre como uma orienta\u00e7\u00e3o geogr\u00e1fica se tornou num conceito cultural de identidade. O lan\u00e7amento envolve o p\u00fablico leitor e investigadores de hist\u00f3ria europeia.<\/p>\n<p>A investiga\u00e7\u00e3o parte do Tratado de Tordesilhas, assinado em 1494, que definiu a divis\u00e3o do mundo entre Espanha e Portugal. O livro explora como esse acordo moldou a perce\u00e7\u00e3o de um Ocidente comum, al\u00e9m de influenciar rela\u00e7\u00f5es entre na\u00e7\u00f5es e culturas.<\/p>\n<p>Vanoli descreve a transi\u00e7\u00e3o da Era Moderna, quando as sociedades europeias direcionaram ambi\u00e7\u00f5es para o Oceano Atl\u00e2ntico. Segundo o autor, o que era uma dire\u00e7\u00e3o passou a representar uma comunidade e uma cultura partilhada.<\/p>\n<p>O foco permanece na transforma\u00e7\u00e3o de uma no\u00e7\u00e3o geogr\u00e1fica em identidade cultural. A obra analisa as implica\u00e7\u00f5es dessa constru\u00e7\u00e3o para as din\u00e2micas pol\u00edticas, econ\u00f3micas e religiosas da \u00e9poca. O livro est\u00e1 dispon\u00edvel nas livrarias e plataformas da editora.<\/p>\n","protected":false},"excerpt":{"rendered":"<ul>\n<li>O livro &#8220;A Inven\u00e7\u00e3o do Ocidente&#8221; de Alessandro Vanoli analisa como uma orienta\u00e7\u00e3o geogr\u00e1fica se tornou identidade cultural.<\/li>\n<li>A hist\u00f3ria come\u00e7a com o Tratado de Tordesilhas, de 1494, quando Espanha e Portugal dividiram o mundo.<\/li>\n<li>A obra mostra que, na Era Moderna, as sociedades europeias deslocaram as suas ambi\u00e7\u00f5es para o Oceano Atl\u00e2ntico.<\/li>\n<li>Assim, o que era apenas uma dire\u00e7\u00e3o transformou\u2011se num conceito de espa\u00e7o, comunidade e cultura.<\/li>\n<li>Em resumo, \u00e9 a hist\u00f3ria da inven\u00e7\u00e3o do Ocidente.<\/li>\n<\/ul>\n","protected":false},"author":2,"featured_media":181511,"comment_status":"closed","ping_status":"closed","sticky":false,"template":"","format":"standard","meta":{"footnotes":""},"categories":[1],"tags":[2487,299,3685,130,1928,3181],"class_list":["post-181495","post","type-post","status-publish","format-standard","has-post-thumbnail","hentry","category-noticias","tag-europa","tag-historia","tag-historia-disciplinar","tag-livros","tag-ocidente","tag-publicacoes"],"yoast_head":"<!-- This site is optimized with the Yoast SEO plugin v27.2 - https:\/\/yoast.com\/product\/yoast-seo-wordpress\/ -->\n<title>A Inven\u00e7\u00e3o do Ocidente: an\u00e1lise de Vanoli sobre a civiliza\u00e7\u00e3o ocidental - Portal Tela Portugal<\/title>\n<meta name=\"robots\" content=\"index, follow, max-snippet:-1, max-image-preview:large, max-video-preview:-1\" \/>\n<meta property=\"og:locale\" content=\"pt_PT\" \/>\n<meta property=\"og:type\" content=\"article\" \/>\n<meta property=\"og:title\" content=\"A Inven\u00e7\u00e3o do Ocidente: an\u00e1lise de Vanoli sobre a civiliza\u00e7\u00e3o ocidental - Portal Tela Portugal\" \/>\n<meta property=\"og:description\" content=\"O livro &quot;A Inven\u00e7\u00e3o do Ocidente&quot; de Alessandro Vanoli analisa como uma orienta\u00e7\u00e3o geogr\u00e1fica se tornou identidade cultural. A hist\u00f3ria come\u00e7a com o Tratado de Tordesilhas, de 1494, quando Espanha e Portugal dividiram o mundo. A obra mostra que, na Era Moderna, as sociedades europeias deslocaram as suas ambi\u00e7\u00f5es para o Oceano Atl\u00e2ntico. Assim, o que era apenas uma dire\u00e7\u00e3o transformou\u2011se num conceito de espa\u00e7o, comunidade e cultura. Em resumo, \u00e9 a hist\u00f3ria da inven\u00e7\u00e3o do Ocidente.\" \/>\n<meta property=\"og:url\" content=\"https:\/\/portaltela.pt\/noticias\/2026\/01\/29\/a-invencao-do-ocidente-analise-de-vanoli-sobre-a-civilizacao-ocidental\/\" \/>\n<meta property=\"og:site_name\" content=\"Portal Tela Portugal\" \/>\n<meta property=\"article:published_time\" content=\"2026-01-29T14:46:38+00:00\" \/>\n<meta name=\"author\" content=\"Telinha\" \/>\n<meta name=\"twitter:card\" content=\"summary_large_image\" \/>\n<meta name=\"twitter:label1\" content=\"Escrito por\" \/>\n\t<meta name=\"twitter:data1\" content=\"Telinha\" \/>\n\t<meta name=\"twitter:label2\" content=\"Tempo estimado de leitura\" \/>\n\t<meta name=\"twitter:data2\" content=\"1 minuto\" \/>\n<script type=\"application\/ld+json\" class=\"yoast-schema-graph\">{\"@context\":\"https:\/\/schema.org\",\"@graph\":[{\"@type\":\"Article\",\"@id\":\"https:\/\/portaltela.pt\/noticias\/2026\/01\/29\/a-invencao-do-ocidente-analise-de-vanoli-sobre-a-civilizacao-ocidental\/#article\",\"isPartOf\":{\"@id\":\"https:\/\/portaltela.pt\/noticias\/2026\/01\/29\/a-invencao-do-ocidente-analise-de-vanoli-sobre-a-civilizacao-ocidental\/\"},\"author\":{\"name\":\"Telinha\",\"@id\":\"https:\/\/portaltela.pt\/#\/schema\/person\/c4278d4a6028830caff9ee44b42d32ed\"},\"headline\":\"A Inven\u00e7\u00e3o do Ocidente: an\u00e1lise de Vanoli sobre a civiliza\u00e7\u00e3o ocidental\",\"datePublished\":\"2026-01-29T14:46:38+00:00\",\"mainEntityOfPage\":{\"@id\":\"https:\/\/portaltela.pt\/noticias\/2026\/01\/29\/a-invencao-do-ocidente-analise-de-vanoli-sobre-a-civilizacao-ocidental\/\"},\"wordCount\":199,\"image\":{\"@id\":\"https:\/\/portaltela.pt\/noticias\/2026\/01\/29\/a-invencao-do-ocidente-analise-de-vanoli-sobre-a-civilizacao-ocidental\/#primaryimage\"},\"thumbnailUrl\":\"https:\/\/portaltela.pt\/s.01k8rhncp4jt1\/2026\/01\/unnamed-file-5837.jpg\",\"keywords\":[\"Europa\",\"hist\u00f3ria\",\"hist\u00f3ria disciplinar\",\"livros\",\"ocidente\",\"publica\u00e7\u00f5es\"],\"articleSection\":[\"Not\u00edcias\"],\"inLanguage\":\"pt-PT\"},{\"@type\":\"WebPage\",\"@id\":\"https:\/\/portaltela.pt\/noticias\/2026\/01\/29\/a-invencao-do-ocidente-analise-de-vanoli-sobre-a-civilizacao-ocidental\/\",\"url\":\"https:\/\/portaltela.pt\/noticias\/2026\/01\/29\/a-invencao-do-ocidente-analise-de-vanoli-sobre-a-civilizacao-ocidental\/\",\"name\":\"A Inven\u00e7\u00e3o do Ocidente: an\u00e1lise de Vanoli sobre a civiliza\u00e7\u00e3o ocidental - Portal Tela Portugal\",\"isPartOf\":{\"@id\":\"https:\/\/portaltela.pt\/#website\"},\"primaryImageOfPage\":{\"@id\":\"https:\/\/portaltela.pt\/noticias\/2026\/01\/29\/a-invencao-do-ocidente-analise-de-vanoli-sobre-a-civilizacao-ocidental\/#primaryimage\"},\"image\":{\"@id\":\"https:\/\/portaltela.pt\/noticias\/2026\/01\/29\/a-invencao-do-ocidente-analise-de-vanoli-sobre-a-civilizacao-ocidental\/#primaryimage\"},\"thumbnailUrl\":\"https:\/\/portaltela.pt\/s.01k8rhncp4jt1\/2026\/01\/unnamed-file-5837.jpg\",\"datePublished\":\"2026-01-29T14:46:38+00:00\",\"author\":{\"@id\":\"https:\/\/portaltela.pt\/#\/schema\/person\/c4278d4a6028830caff9ee44b42d32ed\"},\"breadcrumb\":{\"@id\":\"https:\/\/portaltela.pt\/noticias\/2026\/01\/29\/a-invencao-do-ocidente-analise-de-vanoli-sobre-a-civilizacao-ocidental\/#breadcrumb\"},\"inLanguage\":\"pt-PT\",\"potentialAction\":[{\"@type\":\"ReadAction\",\"target\":[\"https:\/\/portaltela.pt\/noticias\/2026\/01\/29\/a-invencao-do-ocidente-analise-de-vanoli-sobre-a-civilizacao-ocidental\/\"]}]},{\"@type\":\"ImageObject\",\"inLanguage\":\"pt-PT\",\"@id\":\"https:\/\/portaltela.pt\/noticias\/2026\/01\/29\/a-invencao-do-ocidente-analise-de-vanoli-sobre-a-civilizacao-ocidental\/#primaryimage\",\"url\":\"https:\/\/portaltela.pt\/s.01k8rhncp4jt1\/2026\/01\/unnamed-file-5837.jpg\",\"contentUrl\":\"https:\/\/portaltela.pt\/s.01k8rhncp4jt1\/2026\/01\/unnamed-file-5837.jpg\",\"width\":796,\"height\":448,\"caption\":\"A Inven\u00e7\u00e3o do Ocidente \u2013 Alessandro Vanoli\"},{\"@type\":\"BreadcrumbList\",\"@id\":\"https:\/\/portaltela.pt\/noticias\/2026\/01\/29\/a-invencao-do-ocidente-analise-de-vanoli-sobre-a-civilizacao-ocidental\/#breadcrumb\",\"itemListElement\":[{\"@type\":\"ListItem\",\"position\":1,\"name\":\"In\u00edcio\",\"item\":\"https:\/\/portaltela.pt\/\"},{\"@type\":\"ListItem\",\"position\":2,\"name\":\"A Inven\u00e7\u00e3o do Ocidente: an\u00e1lise de Vanoli sobre a civiliza\u00e7\u00e3o ocidental\"}]},{\"@type\":\"WebSite\",\"@id\":\"https:\/\/portaltela.pt\/#website\",\"url\":\"https:\/\/portaltela.pt\/\",\"name\":\"Portal Tela Portugal\",\"description\":\"\",\"potentialAction\":[{\"@type\":\"SearchAction\",\"target\":{\"@type\":\"EntryPoint\",\"urlTemplate\":\"https:\/\/portaltela.pt\/?s={search_term_string}\"},\"query-input\":{\"@type\":\"PropertyValueSpecification\",\"valueRequired\":true,\"valueName\":\"search_term_string\"}}],\"inLanguage\":\"pt-PT\"},{\"@type\":\"Person\",\"@id\":\"https:\/\/portaltela.pt\/#\/schema\/person\/c4278d4a6028830caff9ee44b42d32ed\",\"name\":\"Telinha\",\"image\":{\"@type\":\"ImageObject\",\"inLanguage\":\"pt-PT\",\"@id\":\"https:\/\/portaltela.pt\/s.01k8rhncp4jt1\/2025\/11\/talking-bot-125x125.png\",\"url\":\"https:\/\/portaltela.pt\/s.01k8rhncp4jt1\/2025\/11\/talking-bot-125x125.png\",\"contentUrl\":\"https:\/\/portaltela.pt\/s.01k8rhncp4jt1\/2025\/11\/talking-bot-125x125.png\",\"caption\":\"Telinha\"},\"sameAs\":[\"https:\/\/portaltela.pt\/\"],\"url\":\"https:\/\/portaltela.pt\/por\/367410592786\/\"}]}<\/script>\n<!-- \/ Yoast SEO plugin. -->","yoast_head_json":{"title":"A Inven\u00e7\u00e3o do Ocidente: an\u00e1lise de Vanoli sobre a civiliza\u00e7\u00e3o ocidental - Portal Tela Portugal","robots":{"index":"index","follow":"follow","max-snippet":"max-snippet:-1","max-image-preview":"max-image-preview:large","max-video-preview":"max-video-preview:-1"},"og_locale":"pt_PT","og_type":"article","og_title":"A Inven\u00e7\u00e3o do Ocidente: an\u00e1lise de Vanoli sobre a civiliza\u00e7\u00e3o ocidental - Portal Tela Portugal","og_description":"O livro \"A Inven\u00e7\u00e3o do Ocidente\" de Alessandro Vanoli analisa como uma orienta\u00e7\u00e3o geogr\u00e1fica se tornou identidade cultural. A hist\u00f3ria come\u00e7a com o Tratado de Tordesilhas, de 1494, quando Espanha e Portugal dividiram o mundo. A obra mostra que, na Era Moderna, as sociedades europeias deslocaram as suas ambi\u00e7\u00f5es para o Oceano Atl\u00e2ntico. Assim, o que era apenas uma dire\u00e7\u00e3o transformou\u2011se num conceito de espa\u00e7o, comunidade e cultura. Em resumo, \u00e9 a hist\u00f3ria da inven\u00e7\u00e3o do Ocidente.","og_url":"https:\/\/portaltela.pt\/noticias\/2026\/01\/29\/a-invencao-do-ocidente-analise-de-vanoli-sobre-a-civilizacao-ocidental\/","og_site_name":"Portal Tela Portugal","article_published_time":"2026-01-29T14:46:38+00:00","author":"Telinha","twitter_card":"summary_large_image","twitter_misc":{"Escrito por":"Telinha","Tempo estimado de leitura":"1 minuto"},"schema":{"@context":"https:\/\/schema.org","@graph":[{"@type":"Article","@id":"https:\/\/portaltela.pt\/noticias\/2026\/01\/29\/a-invencao-do-ocidente-analise-de-vanoli-sobre-a-civilizacao-ocidental\/#article","isPartOf":{"@id":"https:\/\/portaltela.pt\/noticias\/2026\/01\/29\/a-invencao-do-ocidente-analise-de-vanoli-sobre-a-civilizacao-ocidental\/"},"author":{"name":"Telinha","@id":"https:\/\/portaltela.pt\/#\/schema\/person\/c4278d4a6028830caff9ee44b42d32ed"},"headline":"A Inven\u00e7\u00e3o do Ocidente: an\u00e1lise de Vanoli sobre a civiliza\u00e7\u00e3o ocidental","datePublished":"2026-01-29T14:46:38+00:00","mainEntityOfPage":{"@id":"https:\/\/portaltela.pt\/noticias\/2026\/01\/29\/a-invencao-do-ocidente-analise-de-vanoli-sobre-a-civilizacao-ocidental\/"},"wordCount":199,"image":{"@id":"https:\/\/portaltela.pt\/noticias\/2026\/01\/29\/a-invencao-do-ocidente-analise-de-vanoli-sobre-a-civilizacao-ocidental\/#primaryimage"},"thumbnailUrl":"https:\/\/portaltela.pt\/s.01k8rhncp4jt1\/2026\/01\/unnamed-file-5837.jpg","keywords":["Europa","hist\u00f3ria","hist\u00f3ria disciplinar","livros","ocidente","publica\u00e7\u00f5es"],"articleSection":["Not\u00edcias"],"inLanguage":"pt-PT"},{"@type":"WebPage","@id":"https:\/\/portaltela.pt\/noticias\/2026\/01\/29\/a-invencao-do-ocidente-analise-de-vanoli-sobre-a-civilizacao-ocidental\/","url":"https:\/\/portaltela.pt\/noticias\/2026\/01\/29\/a-invencao-do-ocidente-analise-de-vanoli-sobre-a-civilizacao-ocidental\/","name":"A Inven\u00e7\u00e3o do Ocidente: an\u00e1lise de Vanoli sobre a civiliza\u00e7\u00e3o ocidental - Portal Tela Portugal","isPartOf":{"@id":"https:\/\/portaltela.pt\/#website"},"primaryImageOfPage":{"@id":"https:\/\/portaltela.pt\/noticias\/2026\/01\/29\/a-invencao-do-ocidente-analise-de-vanoli-sobre-a-civilizacao-ocidental\/#primaryimage"},"image":{"@id":"https:\/\/portaltela.pt\/noticias\/2026\/01\/29\/a-invencao-do-ocidente-analise-de-vanoli-sobre-a-civilizacao-ocidental\/#primaryimage"},"thumbnailUrl":"https:\/\/portaltela.pt\/s.01k8rhncp4jt1\/2026\/01\/unnamed-file-5837.jpg","datePublished":"2026-01-29T14:46:38+00:00","author":{"@id":"https:\/\/portaltela.pt\/#\/schema\/person\/c4278d4a6028830caff9ee44b42d32ed"},"breadcrumb":{"@id":"https:\/\/portaltela.pt\/noticias\/2026\/01\/29\/a-invencao-do-ocidente-analise-de-vanoli-sobre-a-civilizacao-ocidental\/#breadcrumb"},"inLanguage":"pt-PT","potentialAction":[{"@type":"ReadAction","target":["https:\/\/portaltela.pt\/noticias\/2026\/01\/29\/a-invencao-do-ocidente-analise-de-vanoli-sobre-a-civilizacao-ocidental\/"]}]},{"@type":"ImageObject","inLanguage":"pt-PT","@id":"https:\/\/portaltela.pt\/noticias\/2026\/01\/29\/a-invencao-do-ocidente-analise-de-vanoli-sobre-a-civilizacao-ocidental\/#primaryimage","url":"https:\/\/portaltela.pt\/s.01k8rhncp4jt1\/2026\/01\/unnamed-file-5837.jpg","contentUrl":"https:\/\/portaltela.pt\/s.01k8rhncp4jt1\/2026\/01\/unnamed-file-5837.jpg","width":796,"height":448,"caption":"A Inven\u00e7\u00e3o do Ocidente \u2013 Alessandro Vanoli"},{"@type":"BreadcrumbList","@id":"https:\/\/portaltela.pt\/noticias\/2026\/01\/29\/a-invencao-do-ocidente-analise-de-vanoli-sobre-a-civilizacao-ocidental\/#breadcrumb","itemListElement":[{"@type":"ListItem","position":1,"name":"In\u00edcio","item":"https:\/\/portaltela.pt\/"},{"@type":"ListItem","position":2,"name":"A Inven\u00e7\u00e3o do Ocidente: an\u00e1lise de Vanoli sobre a civiliza\u00e7\u00e3o ocidental"}]},{"@type":"WebSite","@id":"https:\/\/portaltela.pt\/#website","url":"https:\/\/portaltela.pt\/","name":"Portal Tela Portugal","description":"","potentialAction":[{"@type":"SearchAction","target":{"@type":"EntryPoint","urlTemplate":"https:\/\/portaltela.pt\/?s={search_term_string}"},"query-input":{"@type":"PropertyValueSpecification","valueRequired":true,"valueName":"search_term_string"}}],"inLanguage":"pt-PT"},{"@type":"Person","@id":"https:\/\/portaltela.pt\/#\/schema\/person\/c4278d4a6028830caff9ee44b42d32ed","name":"Telinha","image":{"@type":"ImageObject","inLanguage":"pt-PT","@id":"https:\/\/portaltela.pt\/s.01k8rhncp4jt1\/2025\/11\/talking-bot-125x125.png","url":"https:\/\/portaltela.pt\/s.01k8rhncp4jt1\/2025\/11\/talking-bot-125x125.png","contentUrl":"https:\/\/portaltela.pt\/s.01k8rhncp4jt1\/2025\/11\/talking-bot-125x125.png","caption":"Telinha"},"sameAs":["https:\/\/portaltela.pt\/"],"url":"https:\/\/portaltela.pt\/por\/367410592786\/"}]}},"_links":{"self":[{"href":"https:\/\/portaltela.pt\/api\/wp\/v2\/posts\/181495","targetHints":{"allow":["GET"]}}],"collection":[{"href":"https:\/\/portaltela.pt\/api\/wp\/v2\/posts"}],"about":[{"href":"https:\/\/portaltela.pt\/api\/wp\/v2\/types\/post"}],"author":[{"embeddable":true,"href":"https:\/\/portaltela.pt\/api\/wp\/v2\/users\/2"}],"replies":[{"embeddable":true,"href":"https:\/\/portaltela.pt\/api\/wp\/v2\/comments?post=181495"}],"version-history":[{"count":0,"href":"https:\/\/portaltela.pt\/api\/wp\/v2\/posts\/181495\/revisions"}],"wp:featuredmedia":[{"embeddable":true,"href":"https:\/\/portaltela.pt\/api\/wp\/v2\/media\/181511"}],"wp:attachment":[{"href":"https:\/\/portaltela.pt\/api\/wp\/v2\/media?parent=181495"}],"wp:term":[{"taxonomy":"category","embeddable":true,"href":"https:\/\/portaltela.pt\/api\/wp\/v2\/categories?post=181495"},{"taxonomy":"post_tag","embeddable":true,"href":"https:\/\/portaltela.pt\/api\/wp\/v2\/tags?post=181495"}],"curies":[{"name":"wp","href":"https:\/\/api.w.org\/{rel}","templated":true}]}}