{"id":181493,"date":"2026-01-29T11:56:05","date_gmt":"2026-01-29T14:56:05","guid":{"rendered":"https:\/\/portaltela.pt\/noticias\/2026\/01\/29\/dez-estacoes-registam-rajadas-de-vento-superiores-a-120-km-h\/"},"modified":"2026-01-29T11:56:05","modified_gmt":"2026-01-29T14:56:05","slug":"dez-estacoes-registam-rajadas-de-vento-superiores-a-120-km-h","status":"publish","type":"post","link":"https:\/\/portaltela.pt\/noticias\/2026\/01\/29\/dez-estacoes-registam-rajadas-de-vento-superiores-a-120-km-h\/","title":{"rendered":"Dez esta\u00e7\u00f5es registam rajadas de vento superiores a 120 km\/h"},"content":{"rendered":"<p>Dez esta\u00e7\u00f5es meteorol\u00f3gicas em Portugal continental registaram rajadas de vento superiores a 120 km\/h na quarta-feira, associadas \u00e0 depress\u00e3o Kristin. A intensidade mais alta foi de 208,8 km\/h em Degracias, no concelho de Soure, segundo dados divulgados pela CIM \u00e0 Lusa.<\/p>\n<p>A estimativa de vento m\u00e1ximo ainda depende de valida\u00e7\u00e3o oficial pelo IPMA, que sublinhou que dados de algumas esta\u00e7\u00f5es podem variar conforme os par\u00e2metros operados. A esta\u00e7\u00e3o da CIM, situada no Parque E\u00f3lico das Degracias, encontra-se a 524 metros de altitude, o que influencia os valores registados.<\/p>\n<p>Segundo o IPMA, a rajada mais forte j\u00e1 validada no conjunto nacional foi de 149 km\/h no Cabo Carvoeiro, em Peniche. Em Monte Real foram registadas rajadas de 176 km\/h e 178 km\/h pouco depois, antes de se consolidar o registo de Degracias.<\/p>\n<p>Analisando o conjunto de medi\u00e7\u00f5es, destacam-se ainda rajadas em Ansi\u00e3o (146 km\/h), Leiria\/aer\u00f3dromo (142 km\/h), Castelo Branco (137 km\/h), F\u00f3ia (135 km\/h) e Vale Donas (133 km\/h). No Cabo da Roca verificou-se 131 km\/h, com outros valores significativos em Torres Vedras e Loul\u00e9.<\/p>\n<p>O IPMA explicou a g\u00e9nese da tempestade Kristin como resultado de uma depress\u00e3o que se formou no bordo sul da tempestade Joseph e sofreu ciclog\u00e9nese explosiva a oeste da costa portuguesa. O fen\u00f3meno envolveu ar estratosf\u00e9rico seco que intensificou o vento, com correntes de jato do tipo Sting identificadas por sat\u00e9lite e radar.<\/p>\n<p>O instituto detalhou que a \u00e1rea de vento mais forte tende a ser um corredor estreito na superf\u00edcie, de dezenas de quil\u00f3metros, e que epis\u00f3dios de vento muito forte costumam durar apenas dezenas de minutos, mas com potencial destrutivo. Crucialmente, a passagem de Kristin deixou um rasto de danos e v\u00e1rias v\u00edtimas.<\/p>\n<p>At\u00e9 ao momento, o balan\u00e7o divulgado aponta para pelo menos seis mortos, al\u00e9m de feridos e desalojados. As autoridades mant\u00eam o acompanhamento meteorol\u00f3gico e as avalia\u00e7\u00f5es de impacto nas regi\u00f5es afetadas.<\/p>\n","protected":false},"excerpt":{"rendered":"<ul>\n<li>Dez esta\u00e7\u00f5es meteorol\u00f3gicas em Portugal continental registaram rajadas superiores a 120 km\/h, sendo a mais intensa de 208,8 km\/h em Degracias, Soure.<\/li>\n<li>A rajada associada \u00e0 depress\u00e3o Kristin ocorreu \u00e0s 05:40 na Esta\u00e7\u00e3o da Comunidade Intermunicipal da regi\u00e3o de Coimbra, situada no Parque E\u00f3lico de Degracas; o IPMA ainda precisa de valida\u00e7\u00e3o oficial dos dados.<\/li>\n<li>O IPMA destaca que a rajada de Soure poder\u00e1 ter sido a mais forte at\u00e9 ao momento, mas devem existir outros registos potencialmente mais intensos; a esta\u00e7\u00e3o est\u00e1 a 524 metros de altitude, o que pode influenciar os valores.<\/li>\n<li>A rajada mais forte validada pelo IPMA foi de 149 km\/h no Cabo Carvoeiro, Peniche; Monte Real registou 176 km\/h \u00e0s 05:00 e 178 km\/h pouco depois.<\/li>\n<li>Entre os registos no IPMA aparecem Ansi\u00e3o (146 km\/h), Leiria\/aeroporto (142 km\/h), Castelo Branco (137 km\/h), F\u00f3ia (135 km\/h), Vale Donas (133 km\/h), Cabo da Roca (131 km\/h), Santa Cruz (128,9 km\/h) e Cavalos de Caldeir\u00e3o (120,2 km\/h); Kristin deixou ao menos seis mortos e v\u00e1rios feridos.<\/li>\n<\/ul>\n","protected":false},"author":2,"featured_media":181498,"comment_status":"closed","ping_status":"closed","sticky":false,"template":"","format":"standard","meta":{"footnotes":""},"categories":[1],"tags":[2665,1112,4694,1385,4364,1014],"class_list":["post-181493","post","type-post","status-publish","format-standard","has-post-thumbnail","hentry","category-noticias","tag-alteracoes-climaticas","tag-castelo-branco","tag-foia","tag-leiria","tag-meteorologia","tag-portugal"],"yoast_head":"<!-- This site is optimized with the Yoast SEO plugin v27.2 - https:\/\/yoast.com\/product\/yoast-seo-wordpress\/ -->\n<title>Dez esta\u00e7\u00f5es registam rajadas de vento superiores a 120 km\/h - Portal Tela Portugal<\/title>\n<meta name=\"robots\" content=\"index, follow, max-snippet:-1, max-image-preview:large, max-video-preview:-1\" \/>\n<meta property=\"og:locale\" content=\"pt_PT\" \/>\n<meta property=\"og:type\" content=\"article\" \/>\n<meta property=\"og:title\" content=\"Dez esta\u00e7\u00f5es registam rajadas de vento superiores a 120 km\/h - Portal Tela Portugal\" \/>\n<meta property=\"og:description\" content=\"Dez esta\u00e7\u00f5es meteorol\u00f3gicas em Portugal continental registaram rajadas superiores a 120 km\/h, sendo a mais intensa de 208,8 km\/h em Degracias, Soure. A rajada associada \u00e0 depress\u00e3o Kristin ocorreu \u00e0s 05:40 na Esta\u00e7\u00e3o da Comunidade Intermunicipal da regi\u00e3o de Coimbra, situada no Parque E\u00f3lico de Degracas; o IPMA ainda precisa de valida\u00e7\u00e3o oficial dos dados. O IPMA destaca que a rajada de Soure poder\u00e1 ter sido a mais forte at\u00e9 ao momento, mas devem existir outros registos potencialmente mais intensos; a esta\u00e7\u00e3o est\u00e1 a 524 metros de altitude, o que pode influenciar os valores. A rajada mais forte validada pelo IPMA foi de 149 km\/h no Cabo Carvoeiro, Peniche; Monte Real registou 176 km\/h \u00e0s 05:00 e 178 km\/h pouco depois. Entre os registos no IPMA aparecem Ansi\u00e3o (146 km\/h), Leiria\/aeroporto (142 km\/h), Castelo Branco (137 km\/h), F\u00f3ia (135 km\/h), Vale Donas (133 km\/h), Cabo da Roca (131 km\/h), Santa Cruz (128,9 km\/h) e Cavalos de Caldeir\u00e3o (120,2 km\/h); Kristin deixou ao menos seis mortos e v\u00e1rios feridos.\" \/>\n<meta property=\"og:url\" content=\"https:\/\/portaltela.pt\/noticias\/2026\/01\/29\/dez-estacoes-registam-rajadas-de-vento-superiores-a-120-km-h\/\" \/>\n<meta property=\"og:site_name\" content=\"Portal Tela Portugal\" \/>\n<meta property=\"article:published_time\" content=\"2026-01-29T14:56:05+00:00\" \/>\n<meta name=\"author\" content=\"Telinha\" \/>\n<meta name=\"twitter:card\" content=\"summary_large_image\" \/>\n<meta name=\"twitter:label1\" content=\"Escrito por\" \/>\n\t<meta name=\"twitter:data1\" content=\"Telinha\" \/>\n\t<meta name=\"twitter:label2\" content=\"Tempo estimado de leitura\" \/>\n\t<meta name=\"twitter:data2\" content=\"2 minutos\" \/>\n<script type=\"application\/ld+json\" class=\"yoast-schema-graph\">{\"@context\":\"https:\/\/schema.org\",\"@graph\":[{\"@type\":\"Article\",\"@id\":\"https:\/\/portaltela.pt\/noticias\/2026\/01\/29\/dez-estacoes-registam-rajadas-de-vento-superiores-a-120-km-h\/#article\",\"isPartOf\":{\"@id\":\"https:\/\/portaltela.pt\/noticias\/2026\/01\/29\/dez-estacoes-registam-rajadas-de-vento-superiores-a-120-km-h\/\"},\"author\":{\"name\":\"Telinha\",\"@id\":\"https:\/\/portaltela.pt\/#\/schema\/person\/c4278d4a6028830caff9ee44b42d32ed\"},\"headline\":\"Dez esta\u00e7\u00f5es registam rajadas de vento superiores a 120 km\/h\",\"datePublished\":\"2026-01-29T14:56:05+00:00\",\"mainEntityOfPage\":{\"@id\":\"https:\/\/portaltela.pt\/noticias\/2026\/01\/29\/dez-estacoes-registam-rajadas-de-vento-superiores-a-120-km-h\/\"},\"wordCount\":349,\"image\":{\"@id\":\"https:\/\/portaltela.pt\/noticias\/2026\/01\/29\/dez-estacoes-registam-rajadas-de-vento-superiores-a-120-km-h\/#primaryimage\"},\"thumbnailUrl\":\"https:\/\/portaltela.pt\/s.01k8rhncp4jt1\/2026\/01\/Radar_Coruche_2024_prr_mini.jpg\",\"keywords\":[\"Altera\u00e7\u00f5es Clim\u00e1ticas\",\"Castelo Branco\",\"F\u00f3ia\",\"Leiria\",\"meteorologia\",\"Portugal\"],\"articleSection\":[\"Not\u00edcias\"],\"inLanguage\":\"pt-PT\"},{\"@type\":\"WebPage\",\"@id\":\"https:\/\/portaltela.pt\/noticias\/2026\/01\/29\/dez-estacoes-registam-rajadas-de-vento-superiores-a-120-km-h\/\",\"url\":\"https:\/\/portaltela.pt\/noticias\/2026\/01\/29\/dez-estacoes-registam-rajadas-de-vento-superiores-a-120-km-h\/\",\"name\":\"Dez esta\u00e7\u00f5es registam rajadas de vento superiores a 120 km\/h - Portal Tela Portugal\",\"isPartOf\":{\"@id\":\"https:\/\/portaltela.pt\/#website\"},\"primaryImageOfPage\":{\"@id\":\"https:\/\/portaltela.pt\/noticias\/2026\/01\/29\/dez-estacoes-registam-rajadas-de-vento-superiores-a-120-km-h\/#primaryimage\"},\"image\":{\"@id\":\"https:\/\/portaltela.pt\/noticias\/2026\/01\/29\/dez-estacoes-registam-rajadas-de-vento-superiores-a-120-km-h\/#primaryimage\"},\"thumbnailUrl\":\"https:\/\/portaltela.pt\/s.01k8rhncp4jt1\/2026\/01\/Radar_Coruche_2024_prr_mini.jpg\",\"datePublished\":\"2026-01-29T14:56:05+00:00\",\"author\":{\"@id\":\"https:\/\/portaltela.pt\/#\/schema\/person\/c4278d4a6028830caff9ee44b42d32ed\"},\"breadcrumb\":{\"@id\":\"https:\/\/portaltela.pt\/noticias\/2026\/01\/29\/dez-estacoes-registam-rajadas-de-vento-superiores-a-120-km-h\/#breadcrumb\"},\"inLanguage\":\"pt-PT\",\"potentialAction\":[{\"@type\":\"ReadAction\",\"target\":[\"https:\/\/portaltela.pt\/noticias\/2026\/01\/29\/dez-estacoes-registam-rajadas-de-vento-superiores-a-120-km-h\/\"]}]},{\"@type\":\"ImageObject\",\"inLanguage\":\"pt-PT\",\"@id\":\"https:\/\/portaltela.pt\/noticias\/2026\/01\/29\/dez-estacoes-registam-rajadas-de-vento-superiores-a-120-km-h\/#primaryimage\",\"url\":\"https:\/\/portaltela.pt\/s.01k8rhncp4jt1\/2026\/01\/Radar_Coruche_2024_prr_mini.jpg\",\"contentUrl\":\"https:\/\/portaltela.pt\/s.01k8rhncp4jt1\/2026\/01\/Radar_Coruche_2024_prr_mini.jpg\",\"width\":796,\"height\":448,\"caption\":\"IPMA coloca ao servi\u00e7o dos munic\u00edpios uma previs\u00e3o cada vez mais fina\"},{\"@type\":\"BreadcrumbList\",\"@id\":\"https:\/\/portaltela.pt\/noticias\/2026\/01\/29\/dez-estacoes-registam-rajadas-de-vento-superiores-a-120-km-h\/#breadcrumb\",\"itemListElement\":[{\"@type\":\"ListItem\",\"position\":1,\"name\":\"In\u00edcio\",\"item\":\"https:\/\/portaltela.pt\/\"},{\"@type\":\"ListItem\",\"position\":2,\"name\":\"Dez esta\u00e7\u00f5es registam rajadas de vento superiores a 120 km\/h\"}]},{\"@type\":\"WebSite\",\"@id\":\"https:\/\/portaltela.pt\/#website\",\"url\":\"https:\/\/portaltela.pt\/\",\"name\":\"Portal Tela Portugal\",\"description\":\"\",\"potentialAction\":[{\"@type\":\"SearchAction\",\"target\":{\"@type\":\"EntryPoint\",\"urlTemplate\":\"https:\/\/portaltela.pt\/?s={search_term_string}\"},\"query-input\":{\"@type\":\"PropertyValueSpecification\",\"valueRequired\":true,\"valueName\":\"search_term_string\"}}],\"inLanguage\":\"pt-PT\"},{\"@type\":\"Person\",\"@id\":\"https:\/\/portaltela.pt\/#\/schema\/person\/c4278d4a6028830caff9ee44b42d32ed\",\"name\":\"Telinha\",\"image\":{\"@type\":\"ImageObject\",\"inLanguage\":\"pt-PT\",\"@id\":\"https:\/\/portaltela.pt\/s.01k8rhncp4jt1\/2025\/11\/talking-bot-125x125.png\",\"url\":\"https:\/\/portaltela.pt\/s.01k8rhncp4jt1\/2025\/11\/talking-bot-125x125.png\",\"contentUrl\":\"https:\/\/portaltela.pt\/s.01k8rhncp4jt1\/2025\/11\/talking-bot-125x125.png\",\"caption\":\"Telinha\"},\"sameAs\":[\"https:\/\/portaltela.pt\/\"],\"url\":\"https:\/\/portaltela.pt\/por\/367410592786\/\"}]}<\/script>\n<!-- \/ Yoast SEO plugin. -->","yoast_head_json":{"title":"Dez esta\u00e7\u00f5es registam rajadas de vento superiores a 120 km\/h - Portal Tela Portugal","robots":{"index":"index","follow":"follow","max-snippet":"max-snippet:-1","max-image-preview":"max-image-preview:large","max-video-preview":"max-video-preview:-1"},"og_locale":"pt_PT","og_type":"article","og_title":"Dez esta\u00e7\u00f5es registam rajadas de vento superiores a 120 km\/h - Portal Tela Portugal","og_description":"Dez esta\u00e7\u00f5es meteorol\u00f3gicas em Portugal continental registaram rajadas superiores a 120 km\/h, sendo a mais intensa de 208,8 km\/h em Degracias, Soure. A rajada associada \u00e0 depress\u00e3o Kristin ocorreu \u00e0s 05:40 na Esta\u00e7\u00e3o da Comunidade Intermunicipal da regi\u00e3o de Coimbra, situada no Parque E\u00f3lico de Degracas; o IPMA ainda precisa de valida\u00e7\u00e3o oficial dos dados. O IPMA destaca que a rajada de Soure poder\u00e1 ter sido a mais forte at\u00e9 ao momento, mas devem existir outros registos potencialmente mais intensos; a esta\u00e7\u00e3o est\u00e1 a 524 metros de altitude, o que pode influenciar os valores. A rajada mais forte validada pelo IPMA foi de 149 km\/h no Cabo Carvoeiro, Peniche; Monte Real registou 176 km\/h \u00e0s 05:00 e 178 km\/h pouco depois. Entre os registos no IPMA aparecem Ansi\u00e3o (146 km\/h), Leiria\/aeroporto (142 km\/h), Castelo Branco (137 km\/h), F\u00f3ia (135 km\/h), Vale Donas (133 km\/h), Cabo da Roca (131 km\/h), Santa Cruz (128,9 km\/h) e Cavalos de Caldeir\u00e3o (120,2 km\/h); Kristin deixou ao menos seis mortos e v\u00e1rios feridos.","og_url":"https:\/\/portaltela.pt\/noticias\/2026\/01\/29\/dez-estacoes-registam-rajadas-de-vento-superiores-a-120-km-h\/","og_site_name":"Portal Tela Portugal","article_published_time":"2026-01-29T14:56:05+00:00","author":"Telinha","twitter_card":"summary_large_image","twitter_misc":{"Escrito por":"Telinha","Tempo estimado de leitura":"2 minutos"},"schema":{"@context":"https:\/\/schema.org","@graph":[{"@type":"Article","@id":"https:\/\/portaltela.pt\/noticias\/2026\/01\/29\/dez-estacoes-registam-rajadas-de-vento-superiores-a-120-km-h\/#article","isPartOf":{"@id":"https:\/\/portaltela.pt\/noticias\/2026\/01\/29\/dez-estacoes-registam-rajadas-de-vento-superiores-a-120-km-h\/"},"author":{"name":"Telinha","@id":"https:\/\/portaltela.pt\/#\/schema\/person\/c4278d4a6028830caff9ee44b42d32ed"},"headline":"Dez esta\u00e7\u00f5es registam rajadas de vento superiores a 120 km\/h","datePublished":"2026-01-29T14:56:05+00:00","mainEntityOfPage":{"@id":"https:\/\/portaltela.pt\/noticias\/2026\/01\/29\/dez-estacoes-registam-rajadas-de-vento-superiores-a-120-km-h\/"},"wordCount":349,"image":{"@id":"https:\/\/portaltela.pt\/noticias\/2026\/01\/29\/dez-estacoes-registam-rajadas-de-vento-superiores-a-120-km-h\/#primaryimage"},"thumbnailUrl":"https:\/\/portaltela.pt\/s.01k8rhncp4jt1\/2026\/01\/Radar_Coruche_2024_prr_mini.jpg","keywords":["Altera\u00e7\u00f5es Clim\u00e1ticas","Castelo Branco","F\u00f3ia","Leiria","meteorologia","Portugal"],"articleSection":["Not\u00edcias"],"inLanguage":"pt-PT"},{"@type":"WebPage","@id":"https:\/\/portaltela.pt\/noticias\/2026\/01\/29\/dez-estacoes-registam-rajadas-de-vento-superiores-a-120-km-h\/","url":"https:\/\/portaltela.pt\/noticias\/2026\/01\/29\/dez-estacoes-registam-rajadas-de-vento-superiores-a-120-km-h\/","name":"Dez esta\u00e7\u00f5es registam rajadas de vento superiores a 120 km\/h - Portal Tela Portugal","isPartOf":{"@id":"https:\/\/portaltela.pt\/#website"},"primaryImageOfPage":{"@id":"https:\/\/portaltela.pt\/noticias\/2026\/01\/29\/dez-estacoes-registam-rajadas-de-vento-superiores-a-120-km-h\/#primaryimage"},"image":{"@id":"https:\/\/portaltela.pt\/noticias\/2026\/01\/29\/dez-estacoes-registam-rajadas-de-vento-superiores-a-120-km-h\/#primaryimage"},"thumbnailUrl":"https:\/\/portaltela.pt\/s.01k8rhncp4jt1\/2026\/01\/Radar_Coruche_2024_prr_mini.jpg","datePublished":"2026-01-29T14:56:05+00:00","author":{"@id":"https:\/\/portaltela.pt\/#\/schema\/person\/c4278d4a6028830caff9ee44b42d32ed"},"breadcrumb":{"@id":"https:\/\/portaltela.pt\/noticias\/2026\/01\/29\/dez-estacoes-registam-rajadas-de-vento-superiores-a-120-km-h\/#breadcrumb"},"inLanguage":"pt-PT","potentialAction":[{"@type":"ReadAction","target":["https:\/\/portaltela.pt\/noticias\/2026\/01\/29\/dez-estacoes-registam-rajadas-de-vento-superiores-a-120-km-h\/"]}]},{"@type":"ImageObject","inLanguage":"pt-PT","@id":"https:\/\/portaltela.pt\/noticias\/2026\/01\/29\/dez-estacoes-registam-rajadas-de-vento-superiores-a-120-km-h\/#primaryimage","url":"https:\/\/portaltela.pt\/s.01k8rhncp4jt1\/2026\/01\/Radar_Coruche_2024_prr_mini.jpg","contentUrl":"https:\/\/portaltela.pt\/s.01k8rhncp4jt1\/2026\/01\/Radar_Coruche_2024_prr_mini.jpg","width":796,"height":448,"caption":"IPMA coloca ao servi\u00e7o dos munic\u00edpios uma previs\u00e3o cada vez mais fina"},{"@type":"BreadcrumbList","@id":"https:\/\/portaltela.pt\/noticias\/2026\/01\/29\/dez-estacoes-registam-rajadas-de-vento-superiores-a-120-km-h\/#breadcrumb","itemListElement":[{"@type":"ListItem","position":1,"name":"In\u00edcio","item":"https:\/\/portaltela.pt\/"},{"@type":"ListItem","position":2,"name":"Dez esta\u00e7\u00f5es registam rajadas de vento superiores a 120 km\/h"}]},{"@type":"WebSite","@id":"https:\/\/portaltela.pt\/#website","url":"https:\/\/portaltela.pt\/","name":"Portal Tela Portugal","description":"","potentialAction":[{"@type":"SearchAction","target":{"@type":"EntryPoint","urlTemplate":"https:\/\/portaltela.pt\/?s={search_term_string}"},"query-input":{"@type":"PropertyValueSpecification","valueRequired":true,"valueName":"search_term_string"}}],"inLanguage":"pt-PT"},{"@type":"Person","@id":"https:\/\/portaltela.pt\/#\/schema\/person\/c4278d4a6028830caff9ee44b42d32ed","name":"Telinha","image":{"@type":"ImageObject","inLanguage":"pt-PT","@id":"https:\/\/portaltela.pt\/s.01k8rhncp4jt1\/2025\/11\/talking-bot-125x125.png","url":"https:\/\/portaltela.pt\/s.01k8rhncp4jt1\/2025\/11\/talking-bot-125x125.png","contentUrl":"https:\/\/portaltela.pt\/s.01k8rhncp4jt1\/2025\/11\/talking-bot-125x125.png","caption":"Telinha"},"sameAs":["https:\/\/portaltela.pt\/"],"url":"https:\/\/portaltela.pt\/por\/367410592786\/"}]}},"_links":{"self":[{"href":"https:\/\/portaltela.pt\/api\/wp\/v2\/posts\/181493","targetHints":{"allow":["GET"]}}],"collection":[{"href":"https:\/\/portaltela.pt\/api\/wp\/v2\/posts"}],"about":[{"href":"https:\/\/portaltela.pt\/api\/wp\/v2\/types\/post"}],"author":[{"embeddable":true,"href":"https:\/\/portaltela.pt\/api\/wp\/v2\/users\/2"}],"replies":[{"embeddable":true,"href":"https:\/\/portaltela.pt\/api\/wp\/v2\/comments?post=181493"}],"version-history":[{"count":0,"href":"https:\/\/portaltela.pt\/api\/wp\/v2\/posts\/181493\/revisions"}],"wp:featuredmedia":[{"embeddable":true,"href":"https:\/\/portaltela.pt\/api\/wp\/v2\/media\/181498"}],"wp:attachment":[{"href":"https:\/\/portaltela.pt\/api\/wp\/v2\/media?parent=181493"}],"wp:term":[{"taxonomy":"category","embeddable":true,"href":"https:\/\/portaltela.pt\/api\/wp\/v2\/categories?post=181493"},{"taxonomy":"post_tag","embeddable":true,"href":"https:\/\/portaltela.pt\/api\/wp\/v2\/tags?post=181493"}],"curies":[{"name":"wp","href":"https:\/\/api.w.org\/{rel}","templated":true}]}}