{"id":181457,"date":"2026-01-29T11:20:25","date_gmt":"2026-01-29T14:20:25","guid":{"rendered":"https:\/\/portaltela.pt\/noticias\/2026\/01\/29\/homem-detido-por-suspeita-de-violar-e-drogar-adolescente\/"},"modified":"2026-01-29T11:20:25","modified_gmt":"2026-01-29T14:20:25","slug":"homem-detido-por-suspeita-de-violar-e-drogar-adolescente","status":"publish","type":"post","link":"https:\/\/portaltela.pt\/noticias\/2026\/01\/29\/homem-detido-por-suspeita-de-violar-e-drogar-adolescente\/","title":{"rendered":"Homem detido por suspeita de violar e drogar adolescente"},"content":{"rendered":"<p>A Pol\u00edcia Judici\u00e1ria da Guarda deteve um homem de 44 anos suspeito de abusar de uma jovem de 16 anos. O caso foi sinalizado no dia 16 de janeiro pelo servi\u00e7o de urg\u00eancia pedi\u00e1trica da Unidade Local de Sa\u00fade da Guarda. O suspeito est\u00e1 indiciado por viola\u00e7\u00e3o, coa\u00e7\u00e3o sexual e tr\u00e1fico de estupefacientes agravado.<\/p>\n<p>Segundo a investiga\u00e7\u00e3o, a v\u00edtima reside numa casa de acolhimento e ter\u00e1 conhecido o suspeito numa sa\u00edda n\u00e3o autorizada da institui\u00e7\u00e3o. Os crimes ter\u00e3o ocorrido numa casa abandonada, onde o alegado agressor forneceu drogas \u00e0 jovem para a incapacitar.<\/p>\n<p>O detido ser\u00e1 presente a primeiro interrogat\u00f3rio judicial para aplica\u00e7\u00e3o de medidas de coa\u00e7\u00e3o. Pela gravidade dos factos e pela vulnerabilidade da v\u00edtima, a pris\u00e3o preventiva \u00e9 uma possibilidade significativa.<\/p>\n","protected":false},"excerpt":{"rendered":"<ul>\n<li>A Guarda deteve um homem de 44 anos suspeito de viola\u00e7\u00e3o, coa\u00e7\u00e3o sexual e tr\u00e1fico de estupefacientes agravado.<\/li>\n<li>O caso foi sinalizado no dia 16 de janeiro pelo servi\u00e7o de urg\u00eancia pedi\u00e1trica da Unidade Local de Sa\u00fade da Guarda.<\/li>\n<li>A v\u00edtima, com 16 anos, reside numa casa de acolhimento e ter\u00e1 conhecido o suspeito numa sa\u00edda n\u00e3o autorizada da institui\u00e7\u00e3o.<\/li>\n<li>Os crimes teriam ocorrido numa casa abandonada, onde o alegado agressor forneceu drogas \u00e0 adolescente para a incapacitar e for\u00e7ar atos sexuais.<\/li>\n<li>O detido ser\u00e1 presente a primeiro interrogat\u00f3rio judicial, estando a pris\u00e3o preventiva em forte possibilidade devido \u00e0 gravidade dos crimes e \u00e0 vulnerabilidade da v\u00edtima.<\/li>\n<\/ul>\n","protected":false},"author":2,"featured_media":181481,"comment_status":"closed","ping_status":"closed","sticky":false,"template":"","format":"standard","meta":{"footnotes":""},"categories":[1],"tags":[1455,1542,3682,1442,1825,1103],"class_list":["post-181457","post","type-post","status-publish","format-standard","has-post-thumbnail","hentry","category-noticias","tag-abuso-de-menor-dependente","tag-coacao","tag-exploracao-de-menor-dependente-ou-em-situacao-vulneravel","tag-trafico-de-estupefacientes","tag-violacao","tag-violacao-de-menor-dependente-ou-em-situacao-vulneravel"],"yoast_head":"<!-- This site is optimized with the Yoast SEO plugin v27.2 - https:\/\/yoast.com\/product\/yoast-seo-wordpress\/ -->\n<title>Homem detido por suspeita de violar e drogar adolescente - Portal Tela Portugal<\/title>\n<meta name=\"robots\" content=\"index, follow, max-snippet:-1, max-image-preview:large, max-video-preview:-1\" \/>\n<meta property=\"og:locale\" content=\"pt_PT\" \/>\n<meta property=\"og:type\" content=\"article\" \/>\n<meta property=\"og:title\" content=\"Homem detido por suspeita de violar e drogar adolescente - Portal Tela Portugal\" \/>\n<meta property=\"og:description\" content=\"A Guarda deteve um homem de 44 anos suspeito de viola\u00e7\u00e3o, coa\u00e7\u00e3o sexual e tr\u00e1fico de estupefacientes agravado. O caso foi sinalizado no dia 16 de janeiro pelo servi\u00e7o de urg\u00eancia pedi\u00e1trica da Unidade Local de Sa\u00fade da Guarda. A v\u00edtima, com 16 anos, reside numa casa de acolhimento e ter\u00e1 conhecido o suspeito numa sa\u00edda n\u00e3o autorizada da institui\u00e7\u00e3o. Os crimes teriam ocorrido numa casa abandonada, onde o alegado agressor forneceu drogas \u00e0 adolescente para a incapacitar e for\u00e7ar atos sexuais. O detido ser\u00e1 presente a primeiro interrogat\u00f3rio judicial, estando a pris\u00e3o preventiva em forte possibilidade devido \u00e0 gravidade dos crimes e \u00e0 vulnerabilidade da v\u00edtima.\" \/>\n<meta property=\"og:url\" content=\"https:\/\/portaltela.pt\/noticias\/2026\/01\/29\/homem-detido-por-suspeita-de-violar-e-drogar-adolescente\/\" \/>\n<meta property=\"og:site_name\" content=\"Portal Tela Portugal\" \/>\n<meta property=\"article:published_time\" content=\"2026-01-29T14:20:25+00:00\" \/>\n<meta name=\"author\" content=\"Telinha\" \/>\n<meta name=\"twitter:card\" content=\"summary_large_image\" \/>\n<meta name=\"twitter:label1\" content=\"Escrito por\" \/>\n\t<meta name=\"twitter:data1\" content=\"Telinha\" \/>\n\t<meta name=\"twitter:label2\" content=\"Tempo estimado de leitura\" \/>\n\t<meta name=\"twitter:data2\" content=\"1 minuto\" \/>\n<script type=\"application\/ld+json\" class=\"yoast-schema-graph\">{\"@context\":\"https:\/\/schema.org\",\"@graph\":[{\"@type\":\"Article\",\"@id\":\"https:\/\/portaltela.pt\/noticias\/2026\/01\/29\/homem-detido-por-suspeita-de-violar-e-drogar-adolescente\/#article\",\"isPartOf\":{\"@id\":\"https:\/\/portaltela.pt\/noticias\/2026\/01\/29\/homem-detido-por-suspeita-de-violar-e-drogar-adolescente\/\"},\"author\":{\"name\":\"Telinha\",\"@id\":\"https:\/\/portaltela.pt\/#\/schema\/person\/c4278d4a6028830caff9ee44b42d32ed\"},\"headline\":\"Homem detido por suspeita de violar e drogar adolescente\",\"datePublished\":\"2026-01-29T14:20:25+00:00\",\"mainEntityOfPage\":{\"@id\":\"https:\/\/portaltela.pt\/noticias\/2026\/01\/29\/homem-detido-por-suspeita-de-violar-e-drogar-adolescente\/\"},\"wordCount\":147,\"image\":{\"@id\":\"https:\/\/portaltela.pt\/noticias\/2026\/01\/29\/homem-detido-por-suspeita-de-violar-e-drogar-adolescente\/#primaryimage\"},\"thumbnailUrl\":\"https:\/\/portaltela.pt\/s.01k8rhncp4jt1\/2026\/01\/unnamed-file-5832.jpg\",\"keywords\":[\"abuso de menor dependente\",\"coa\u00e7\u00e3o\",\"explora\u00e7\u00e3o de menor dependente ou em situa\u00e7\u00e3o vulner\u00e1vel\",\"tr\u00e1fico de estupefacientes\",\"viola\u00e7\u00e3o\",\"viola\u00e7\u00e3o de menor dependente ou em situa\u00e7\u00e3o vulner\u00e1vel\"],\"articleSection\":[\"Not\u00edcias\"],\"inLanguage\":\"pt-PT\"},{\"@type\":\"WebPage\",\"@id\":\"https:\/\/portaltela.pt\/noticias\/2026\/01\/29\/homem-detido-por-suspeita-de-violar-e-drogar-adolescente\/\",\"url\":\"https:\/\/portaltela.pt\/noticias\/2026\/01\/29\/homem-detido-por-suspeita-de-violar-e-drogar-adolescente\/\",\"name\":\"Homem detido por suspeita de violar e drogar adolescente - Portal Tela Portugal\",\"isPartOf\":{\"@id\":\"https:\/\/portaltela.pt\/#website\"},\"primaryImageOfPage\":{\"@id\":\"https:\/\/portaltela.pt\/noticias\/2026\/01\/29\/homem-detido-por-suspeita-de-violar-e-drogar-adolescente\/#primaryimage\"},\"image\":{\"@id\":\"https:\/\/portaltela.pt\/noticias\/2026\/01\/29\/homem-detido-por-suspeita-de-violar-e-drogar-adolescente\/#primaryimage\"},\"thumbnailUrl\":\"https:\/\/portaltela.pt\/s.01k8rhncp4jt1\/2026\/01\/unnamed-file-5832.jpg\",\"datePublished\":\"2026-01-29T14:20:25+00:00\",\"author\":{\"@id\":\"https:\/\/portaltela.pt\/#\/schema\/person\/c4278d4a6028830caff9ee44b42d32ed\"},\"breadcrumb\":{\"@id\":\"https:\/\/portaltela.pt\/noticias\/2026\/01\/29\/homem-detido-por-suspeita-de-violar-e-drogar-adolescente\/#breadcrumb\"},\"inLanguage\":\"pt-PT\",\"potentialAction\":[{\"@type\":\"ReadAction\",\"target\":[\"https:\/\/portaltela.pt\/noticias\/2026\/01\/29\/homem-detido-por-suspeita-de-violar-e-drogar-adolescente\/\"]}]},{\"@type\":\"ImageObject\",\"inLanguage\":\"pt-PT\",\"@id\":\"https:\/\/portaltela.pt\/noticias\/2026\/01\/29\/homem-detido-por-suspeita-de-violar-e-drogar-adolescente\/#primaryimage\",\"url\":\"https:\/\/portaltela.pt\/s.01k8rhncp4jt1\/2026\/01\/unnamed-file-5832.jpg\",\"contentUrl\":\"https:\/\/portaltela.pt\/s.01k8rhncp4jt1\/2026\/01\/unnamed-file-5832.jpg\",\"width\":796,\"height\":448,\"caption\":\"GUARDA: Homem detido por suspeita de violar e drogar adolescente\"},{\"@type\":\"BreadcrumbList\",\"@id\":\"https:\/\/portaltela.pt\/noticias\/2026\/01\/29\/homem-detido-por-suspeita-de-violar-e-drogar-adolescente\/#breadcrumb\",\"itemListElement\":[{\"@type\":\"ListItem\",\"position\":1,\"name\":\"In\u00edcio\",\"item\":\"https:\/\/portaltela.pt\/\"},{\"@type\":\"ListItem\",\"position\":2,\"name\":\"Homem detido por suspeita de violar e drogar adolescente\"}]},{\"@type\":\"WebSite\",\"@id\":\"https:\/\/portaltela.pt\/#website\",\"url\":\"https:\/\/portaltela.pt\/\",\"name\":\"Portal Tela Portugal\",\"description\":\"\",\"potentialAction\":[{\"@type\":\"SearchAction\",\"target\":{\"@type\":\"EntryPoint\",\"urlTemplate\":\"https:\/\/portaltela.pt\/?s={search_term_string}\"},\"query-input\":{\"@type\":\"PropertyValueSpecification\",\"valueRequired\":true,\"valueName\":\"search_term_string\"}}],\"inLanguage\":\"pt-PT\"},{\"@type\":\"Person\",\"@id\":\"https:\/\/portaltela.pt\/#\/schema\/person\/c4278d4a6028830caff9ee44b42d32ed\",\"name\":\"Telinha\",\"image\":{\"@type\":\"ImageObject\",\"inLanguage\":\"pt-PT\",\"@id\":\"https:\/\/portaltela.pt\/s.01k8rhncp4jt1\/2025\/11\/talking-bot-125x125.png\",\"url\":\"https:\/\/portaltela.pt\/s.01k8rhncp4jt1\/2025\/11\/talking-bot-125x125.png\",\"contentUrl\":\"https:\/\/portaltela.pt\/s.01k8rhncp4jt1\/2025\/11\/talking-bot-125x125.png\",\"caption\":\"Telinha\"},\"sameAs\":[\"https:\/\/portaltela.pt\/\"],\"url\":\"https:\/\/portaltela.pt\/por\/367410592786\/\"}]}<\/script>\n<!-- \/ Yoast SEO plugin. -->","yoast_head_json":{"title":"Homem detido por suspeita de violar e drogar adolescente - Portal Tela Portugal","robots":{"index":"index","follow":"follow","max-snippet":"max-snippet:-1","max-image-preview":"max-image-preview:large","max-video-preview":"max-video-preview:-1"},"og_locale":"pt_PT","og_type":"article","og_title":"Homem detido por suspeita de violar e drogar adolescente - Portal Tela Portugal","og_description":"A Guarda deteve um homem de 44 anos suspeito de viola\u00e7\u00e3o, coa\u00e7\u00e3o sexual e tr\u00e1fico de estupefacientes agravado. O caso foi sinalizado no dia 16 de janeiro pelo servi\u00e7o de urg\u00eancia pedi\u00e1trica da Unidade Local de Sa\u00fade da Guarda. A v\u00edtima, com 16 anos, reside numa casa de acolhimento e ter\u00e1 conhecido o suspeito numa sa\u00edda n\u00e3o autorizada da institui\u00e7\u00e3o. Os crimes teriam ocorrido numa casa abandonada, onde o alegado agressor forneceu drogas \u00e0 adolescente para a incapacitar e for\u00e7ar atos sexuais. O detido ser\u00e1 presente a primeiro interrogat\u00f3rio judicial, estando a pris\u00e3o preventiva em forte possibilidade devido \u00e0 gravidade dos crimes e \u00e0 vulnerabilidade da v\u00edtima.","og_url":"https:\/\/portaltela.pt\/noticias\/2026\/01\/29\/homem-detido-por-suspeita-de-violar-e-drogar-adolescente\/","og_site_name":"Portal Tela Portugal","article_published_time":"2026-01-29T14:20:25+00:00","author":"Telinha","twitter_card":"summary_large_image","twitter_misc":{"Escrito por":"Telinha","Tempo estimado de leitura":"1 minuto"},"schema":{"@context":"https:\/\/schema.org","@graph":[{"@type":"Article","@id":"https:\/\/portaltela.pt\/noticias\/2026\/01\/29\/homem-detido-por-suspeita-de-violar-e-drogar-adolescente\/#article","isPartOf":{"@id":"https:\/\/portaltela.pt\/noticias\/2026\/01\/29\/homem-detido-por-suspeita-de-violar-e-drogar-adolescente\/"},"author":{"name":"Telinha","@id":"https:\/\/portaltela.pt\/#\/schema\/person\/c4278d4a6028830caff9ee44b42d32ed"},"headline":"Homem detido por suspeita de violar e drogar adolescente","datePublished":"2026-01-29T14:20:25+00:00","mainEntityOfPage":{"@id":"https:\/\/portaltela.pt\/noticias\/2026\/01\/29\/homem-detido-por-suspeita-de-violar-e-drogar-adolescente\/"},"wordCount":147,"image":{"@id":"https:\/\/portaltela.pt\/noticias\/2026\/01\/29\/homem-detido-por-suspeita-de-violar-e-drogar-adolescente\/#primaryimage"},"thumbnailUrl":"https:\/\/portaltela.pt\/s.01k8rhncp4jt1\/2026\/01\/unnamed-file-5832.jpg","keywords":["abuso de menor dependente","coa\u00e7\u00e3o","explora\u00e7\u00e3o de menor dependente ou em situa\u00e7\u00e3o vulner\u00e1vel","tr\u00e1fico de estupefacientes","viola\u00e7\u00e3o","viola\u00e7\u00e3o de menor dependente ou em situa\u00e7\u00e3o vulner\u00e1vel"],"articleSection":["Not\u00edcias"],"inLanguage":"pt-PT"},{"@type":"WebPage","@id":"https:\/\/portaltela.pt\/noticias\/2026\/01\/29\/homem-detido-por-suspeita-de-violar-e-drogar-adolescente\/","url":"https:\/\/portaltela.pt\/noticias\/2026\/01\/29\/homem-detido-por-suspeita-de-violar-e-drogar-adolescente\/","name":"Homem detido por suspeita de violar e drogar adolescente - Portal Tela Portugal","isPartOf":{"@id":"https:\/\/portaltela.pt\/#website"},"primaryImageOfPage":{"@id":"https:\/\/portaltela.pt\/noticias\/2026\/01\/29\/homem-detido-por-suspeita-de-violar-e-drogar-adolescente\/#primaryimage"},"image":{"@id":"https:\/\/portaltela.pt\/noticias\/2026\/01\/29\/homem-detido-por-suspeita-de-violar-e-drogar-adolescente\/#primaryimage"},"thumbnailUrl":"https:\/\/portaltela.pt\/s.01k8rhncp4jt1\/2026\/01\/unnamed-file-5832.jpg","datePublished":"2026-01-29T14:20:25+00:00","author":{"@id":"https:\/\/portaltela.pt\/#\/schema\/person\/c4278d4a6028830caff9ee44b42d32ed"},"breadcrumb":{"@id":"https:\/\/portaltela.pt\/noticias\/2026\/01\/29\/homem-detido-por-suspeita-de-violar-e-drogar-adolescente\/#breadcrumb"},"inLanguage":"pt-PT","potentialAction":[{"@type":"ReadAction","target":["https:\/\/portaltela.pt\/noticias\/2026\/01\/29\/homem-detido-por-suspeita-de-violar-e-drogar-adolescente\/"]}]},{"@type":"ImageObject","inLanguage":"pt-PT","@id":"https:\/\/portaltela.pt\/noticias\/2026\/01\/29\/homem-detido-por-suspeita-de-violar-e-drogar-adolescente\/#primaryimage","url":"https:\/\/portaltela.pt\/s.01k8rhncp4jt1\/2026\/01\/unnamed-file-5832.jpg","contentUrl":"https:\/\/portaltela.pt\/s.01k8rhncp4jt1\/2026\/01\/unnamed-file-5832.jpg","width":796,"height":448,"caption":"GUARDA: Homem detido por suspeita de violar e drogar adolescente"},{"@type":"BreadcrumbList","@id":"https:\/\/portaltela.pt\/noticias\/2026\/01\/29\/homem-detido-por-suspeita-de-violar-e-drogar-adolescente\/#breadcrumb","itemListElement":[{"@type":"ListItem","position":1,"name":"In\u00edcio","item":"https:\/\/portaltela.pt\/"},{"@type":"ListItem","position":2,"name":"Homem detido por suspeita de violar e drogar adolescente"}]},{"@type":"WebSite","@id":"https:\/\/portaltela.pt\/#website","url":"https:\/\/portaltela.pt\/","name":"Portal Tela Portugal","description":"","potentialAction":[{"@type":"SearchAction","target":{"@type":"EntryPoint","urlTemplate":"https:\/\/portaltela.pt\/?s={search_term_string}"},"query-input":{"@type":"PropertyValueSpecification","valueRequired":true,"valueName":"search_term_string"}}],"inLanguage":"pt-PT"},{"@type":"Person","@id":"https:\/\/portaltela.pt\/#\/schema\/person\/c4278d4a6028830caff9ee44b42d32ed","name":"Telinha","image":{"@type":"ImageObject","inLanguage":"pt-PT","@id":"https:\/\/portaltela.pt\/s.01k8rhncp4jt1\/2025\/11\/talking-bot-125x125.png","url":"https:\/\/portaltela.pt\/s.01k8rhncp4jt1\/2025\/11\/talking-bot-125x125.png","contentUrl":"https:\/\/portaltela.pt\/s.01k8rhncp4jt1\/2025\/11\/talking-bot-125x125.png","caption":"Telinha"},"sameAs":["https:\/\/portaltela.pt\/"],"url":"https:\/\/portaltela.pt\/por\/367410592786\/"}]}},"_links":{"self":[{"href":"https:\/\/portaltela.pt\/api\/wp\/v2\/posts\/181457","targetHints":{"allow":["GET"]}}],"collection":[{"href":"https:\/\/portaltela.pt\/api\/wp\/v2\/posts"}],"about":[{"href":"https:\/\/portaltela.pt\/api\/wp\/v2\/types\/post"}],"author":[{"embeddable":true,"href":"https:\/\/portaltela.pt\/api\/wp\/v2\/users\/2"}],"replies":[{"embeddable":true,"href":"https:\/\/portaltela.pt\/api\/wp\/v2\/comments?post=181457"}],"version-history":[{"count":0,"href":"https:\/\/portaltela.pt\/api\/wp\/v2\/posts\/181457\/revisions"}],"wp:featuredmedia":[{"embeddable":true,"href":"https:\/\/portaltela.pt\/api\/wp\/v2\/media\/181481"}],"wp:attachment":[{"href":"https:\/\/portaltela.pt\/api\/wp\/v2\/media?parent=181457"}],"wp:term":[{"taxonomy":"category","embeddable":true,"href":"https:\/\/portaltela.pt\/api\/wp\/v2\/categories?post=181457"},{"taxonomy":"post_tag","embeddable":true,"href":"https:\/\/portaltela.pt\/api\/wp\/v2\/tags?post=181457"}],"curies":[{"name":"wp","href":"https:\/\/api.w.org\/{rel}","templated":true}]}}