{"id":181356,"date":"2026-01-29T11:00:00","date_gmt":"2026-01-29T14:00:00","guid":{"rendered":"https:\/\/portaltela.pt\/noticias\/2026\/01\/29\/grupo-coral-granjarte-no-podcast-factos-e-conversas-o-cante-como-arte\/"},"modified":"2026-01-29T11:00:00","modified_gmt":"2026-01-29T14:00:00","slug":"grupo-coral-granjarte-no-podcast-factos-e-conversas-o-cante-como-arte","status":"publish","type":"post","link":"https:\/\/portaltela.pt\/noticias\/2026\/01\/29\/grupo-coral-granjarte-no-podcast-factos-e-conversas-o-cante-como-arte\/","title":{"rendered":"Grupo Coral GranjArte no podcast Factos e conversas o cante como arte"},"content":{"rendered":"<p>O podcast \u201cFactos e Conversas\u201d, do Jornal ODigital.pt, estreia esta quinta-feira \u00e0s 14h uma entrevista com Maior Oliveira, representante do Grupo Feminino de Cantares Alentejanos de Granja-Granjarte. O epis\u00f3dio foca a tradi\u00e7\u00e3o e a continua\u00e7\u00e3o do cante alentejano no concelho de Mour\u00e3o.<\/p>\n<p>Na conversa, Maior Oliveira explica como nasceu o grupo e a origem do nome Granja-Granjarte. Ela afirma que o cante \u00abvem da alma\u00bb e representa a identidade das popula\u00e7\u00f5es alentejanas, destacando a liga\u00e7\u00e3o hist\u00f3rica aos trabalhos de campo e o papel das mulheres na express\u00e3o cultural.<\/p>\n<p>O epis\u00f3dio aborda ainda o percurso do grupo, com atua\u00e7\u00f5es em Portugal, Espanha e Su\u00ed\u00e7a, e a participa\u00e7\u00e3o recente em programas de televis\u00e3o. Estas apari\u00e7\u00f5es t\u00eam contribu\u00eddo para dar maior visibilidade ao cante alentejano.<\/p>\n<h3>Reconhecimento e apoio comunit\u00e1rio<\/h3>\n<p>Maior Oliveira sublinha a import\u00e2ncia do apoio local e do envolvimento da comunidade para manter viva a pr\u00e1tica, reconhecida como Patrim\u00f3nio Cultural Imaterial da Humanidade pela UNESCO. O epis\u00f3dio completo pode ser ouvido amanh\u00e3, a partir das 14h, no podcast \u201cFactos e Conversas\u201d dispon\u00edvel nas plataformas do ODigital.pt.<\/p>\n","protected":false},"excerpt":{"rendered":"<ul>\n<li>O podcast Factos e Conversas do Jornal ODigital.pt publica, quinta-feira \u00e0s 14h, uma entrevista com Maior Oliveira, representante do Grupo Feminino de Cantares Alentejanos de Granja-Granjarte.<\/li>\n<li>A conversa explica como nasceu o grupo e o significado do nome Granja-Granjarte, destacando que o cante \u201cvem da alma\u201d e integra a identidade das comunidades alentejanas.<\/li>\n<li>\u00c9 abordada a liga\u00e7\u00e3o hist\u00f3rica do cante aos trabalhos do campo e o papel das mulheres na afirma\u00e7\u00e3o desta express\u00e3o cultural.<\/li>\n<li>O epis\u00f3dio apresenta o percurso do grupo em atua\u00e7\u00f5es em Portugal e no estrangeiro, incluindo Espanha e Su\u00ed\u00e7a, e a participa\u00e7\u00e3o recente em programas de televis\u00e3o.<\/li>\n<li>Destaca-se o reconhecimento do cante alentejano como Patrim\u00f3nio Cultural Imaterial da Humanidade pela UNESCO e a import\u00e2ncia do apoio local para manter a tradi\u00e7\u00e3o.<\/li>\n<li>A entrevista completa estar\u00e1 dispon\u00edvel amanh\u00e3, quinta-feira, a partir das 14h, nas plataformas digitais do Jornal ODigital.pt.<\/li>\n<\/ul>\n","protected":false},"author":2,"featured_media":181374,"comment_status":"closed","ping_status":"closed","sticky":false,"template":"","format":"standard","meta":{"footnotes":""},"categories":[1],"tags":[883,2491,145,122,1175,3295],"class_list":["post-181356","post","type-post","status-publish","format-standard","has-post-thumbnail","hentry","category-noticias","tag-alentejo","tag-cante-alentejano","tag-cultura","tag-musica","tag-patrimonio-cultural","tag-patrimonio-imaterial"],"yoast_head":"<!-- This site is optimized with the Yoast SEO plugin v27.2 - https:\/\/yoast.com\/product\/yoast-seo-wordpress\/ -->\n<title>Grupo Coral GranjArte no podcast Factos e conversas o cante como arte - Portal Tela Portugal<\/title>\n<meta name=\"robots\" content=\"index, follow, max-snippet:-1, max-image-preview:large, max-video-preview:-1\" \/>\n<meta property=\"og:locale\" content=\"pt_PT\" \/>\n<meta property=\"og:type\" content=\"article\" \/>\n<meta property=\"og:title\" content=\"Grupo Coral GranjArte no podcast Factos e conversas o cante como arte - Portal Tela Portugal\" \/>\n<meta property=\"og:description\" content=\"O podcast Factos e Conversas do Jornal ODigital.pt publica, quinta-feira \u00e0s 14h, uma entrevista com Maior Oliveira, representante do Grupo Feminino de Cantares Alentejanos de Granja-Granjarte. A conversa explica como nasceu o grupo e o significado do nome Granja-Granjarte, destacando que o cante \u201cvem da alma\u201d e integra a identidade das comunidades alentejanas. \u00c9 abordada a liga\u00e7\u00e3o hist\u00f3rica do cante aos trabalhos do campo e o papel das mulheres na afirma\u00e7\u00e3o desta express\u00e3o cultural. O epis\u00f3dio apresenta o percurso do grupo em atua\u00e7\u00f5es em Portugal e no estrangeiro, incluindo Espanha e Su\u00ed\u00e7a, e a participa\u00e7\u00e3o recente em programas de televis\u00e3o. Destaca-se o reconhecimento do cante alentejano como Patrim\u00f3nio Cultural Imaterial da Humanidade pela UNESCO e a import\u00e2ncia do apoio local para manter a tradi\u00e7\u00e3o. A entrevista completa estar\u00e1 dispon\u00edvel amanh\u00e3, quinta-feira, a partir das 14h, nas plataformas digitais do Jornal ODigital.pt.\" \/>\n<meta property=\"og:url\" content=\"https:\/\/portaltela.pt\/noticias\/2026\/01\/29\/grupo-coral-granjarte-no-podcast-factos-e-conversas-o-cante-como-arte\/\" \/>\n<meta property=\"og:site_name\" content=\"Portal Tela Portugal\" \/>\n<meta property=\"article:published_time\" content=\"2026-01-29T14:00:00+00:00\" \/>\n<meta name=\"author\" content=\"Telinha\" \/>\n<meta name=\"twitter:card\" content=\"summary_large_image\" \/>\n<meta name=\"twitter:label1\" content=\"Escrito por\" \/>\n\t<meta name=\"twitter:data1\" content=\"Telinha\" \/>\n\t<meta name=\"twitter:label2\" content=\"Tempo estimado de leitura\" \/>\n\t<meta name=\"twitter:data2\" content=\"1 minuto\" \/>\n<script type=\"application\/ld+json\" class=\"yoast-schema-graph\">{\"@context\":\"https:\/\/schema.org\",\"@graph\":[{\"@type\":\"Article\",\"@id\":\"https:\/\/portaltela.pt\/noticias\/2026\/01\/29\/grupo-coral-granjarte-no-podcast-factos-e-conversas-o-cante-como-arte\/#article\",\"isPartOf\":{\"@id\":\"https:\/\/portaltela.pt\/noticias\/2026\/01\/29\/grupo-coral-granjarte-no-podcast-factos-e-conversas-o-cante-como-arte\/\"},\"author\":{\"name\":\"Telinha\",\"@id\":\"https:\/\/portaltela.pt\/#\/schema\/person\/c4278d4a6028830caff9ee44b42d32ed\"},\"headline\":\"Grupo Coral GranjArte no podcast Factos e conversas o cante como arte\",\"datePublished\":\"2026-01-29T14:00:00+00:00\",\"mainEntityOfPage\":{\"@id\":\"https:\/\/portaltela.pt\/noticias\/2026\/01\/29\/grupo-coral-granjarte-no-podcast-factos-e-conversas-o-cante-como-arte\/\"},\"wordCount\":210,\"image\":{\"@id\":\"https:\/\/portaltela.pt\/noticias\/2026\/01\/29\/grupo-coral-granjarte-no-podcast-factos-e-conversas-o-cante-como-arte\/#primaryimage\"},\"thumbnailUrl\":\"https:\/\/portaltela.pt\/s.01k8rhncp4jt1\/2026\/01\/imagem_odigital-1200-x-675-px-28-4.jpg\",\"keywords\":[\"Alentejo\",\"Cante Alentejano\",\"cultura\",\"m\u00fasica\",\"Patrim\u00f3nio Cultural\",\"patrim\u00f3nio imaterial\"],\"articleSection\":[\"Not\u00edcias\"],\"inLanguage\":\"pt-PT\"},{\"@type\":\"WebPage\",\"@id\":\"https:\/\/portaltela.pt\/noticias\/2026\/01\/29\/grupo-coral-granjarte-no-podcast-factos-e-conversas-o-cante-como-arte\/\",\"url\":\"https:\/\/portaltela.pt\/noticias\/2026\/01\/29\/grupo-coral-granjarte-no-podcast-factos-e-conversas-o-cante-como-arte\/\",\"name\":\"Grupo Coral GranjArte no podcast Factos e conversas o cante como arte - Portal Tela Portugal\",\"isPartOf\":{\"@id\":\"https:\/\/portaltela.pt\/#website\"},\"primaryImageOfPage\":{\"@id\":\"https:\/\/portaltela.pt\/noticias\/2026\/01\/29\/grupo-coral-granjarte-no-podcast-factos-e-conversas-o-cante-como-arte\/#primaryimage\"},\"image\":{\"@id\":\"https:\/\/portaltela.pt\/noticias\/2026\/01\/29\/grupo-coral-granjarte-no-podcast-factos-e-conversas-o-cante-como-arte\/#primaryimage\"},\"thumbnailUrl\":\"https:\/\/portaltela.pt\/s.01k8rhncp4jt1\/2026\/01\/imagem_odigital-1200-x-675-px-28-4.jpg\",\"datePublished\":\"2026-01-29T14:00:00+00:00\",\"author\":{\"@id\":\"https:\/\/portaltela.pt\/#\/schema\/person\/c4278d4a6028830caff9ee44b42d32ed\"},\"breadcrumb\":{\"@id\":\"https:\/\/portaltela.pt\/noticias\/2026\/01\/29\/grupo-coral-granjarte-no-podcast-factos-e-conversas-o-cante-como-arte\/#breadcrumb\"},\"inLanguage\":\"pt-PT\",\"potentialAction\":[{\"@type\":\"ReadAction\",\"target\":[\"https:\/\/portaltela.pt\/noticias\/2026\/01\/29\/grupo-coral-granjarte-no-podcast-factos-e-conversas-o-cante-como-arte\/\"]}]},{\"@type\":\"ImageObject\",\"inLanguage\":\"pt-PT\",\"@id\":\"https:\/\/portaltela.pt\/noticias\/2026\/01\/29\/grupo-coral-granjarte-no-podcast-factos-e-conversas-o-cante-como-arte\/#primaryimage\",\"url\":\"https:\/\/portaltela.pt\/s.01k8rhncp4jt1\/2026\/01\/imagem_odigital-1200-x-675-px-28-4.jpg\",\"contentUrl\":\"https:\/\/portaltela.pt\/s.01k8rhncp4jt1\/2026\/01\/imagem_odigital-1200-x-675-px-28-4.jpg\",\"width\":796,\"height\":448,\"caption\":\"\u00abO cante \u00e9 arte e n\u00e3o se esquece\u00bb: Grupo Coral GranjArte no podcast \u201cFactos e conversas\u201d\"},{\"@type\":\"BreadcrumbList\",\"@id\":\"https:\/\/portaltela.pt\/noticias\/2026\/01\/29\/grupo-coral-granjarte-no-podcast-factos-e-conversas-o-cante-como-arte\/#breadcrumb\",\"itemListElement\":[{\"@type\":\"ListItem\",\"position\":1,\"name\":\"In\u00edcio\",\"item\":\"https:\/\/portaltela.pt\/\"},{\"@type\":\"ListItem\",\"position\":2,\"name\":\"Grupo Coral GranjArte no podcast Factos e conversas o cante como arte\"}]},{\"@type\":\"WebSite\",\"@id\":\"https:\/\/portaltela.pt\/#website\",\"url\":\"https:\/\/portaltela.pt\/\",\"name\":\"Portal Tela Portugal\",\"description\":\"\",\"potentialAction\":[{\"@type\":\"SearchAction\",\"target\":{\"@type\":\"EntryPoint\",\"urlTemplate\":\"https:\/\/portaltela.pt\/?s={search_term_string}\"},\"query-input\":{\"@type\":\"PropertyValueSpecification\",\"valueRequired\":true,\"valueName\":\"search_term_string\"}}],\"inLanguage\":\"pt-PT\"},{\"@type\":\"Person\",\"@id\":\"https:\/\/portaltela.pt\/#\/schema\/person\/c4278d4a6028830caff9ee44b42d32ed\",\"name\":\"Telinha\",\"image\":{\"@type\":\"ImageObject\",\"inLanguage\":\"pt-PT\",\"@id\":\"https:\/\/portaltela.pt\/s.01k8rhncp4jt1\/2025\/11\/talking-bot-125x125.png\",\"url\":\"https:\/\/portaltela.pt\/s.01k8rhncp4jt1\/2025\/11\/talking-bot-125x125.png\",\"contentUrl\":\"https:\/\/portaltela.pt\/s.01k8rhncp4jt1\/2025\/11\/talking-bot-125x125.png\",\"caption\":\"Telinha\"},\"sameAs\":[\"https:\/\/portaltela.pt\/\"],\"url\":\"https:\/\/portaltela.pt\/por\/367410592786\/\"}]}<\/script>\n<!-- \/ Yoast SEO plugin. -->","yoast_head_json":{"title":"Grupo Coral GranjArte no podcast Factos e conversas o cante como arte - Portal Tela Portugal","robots":{"index":"index","follow":"follow","max-snippet":"max-snippet:-1","max-image-preview":"max-image-preview:large","max-video-preview":"max-video-preview:-1"},"og_locale":"pt_PT","og_type":"article","og_title":"Grupo Coral GranjArte no podcast Factos e conversas o cante como arte - Portal Tela Portugal","og_description":"O podcast Factos e Conversas do Jornal ODigital.pt publica, quinta-feira \u00e0s 14h, uma entrevista com Maior Oliveira, representante do Grupo Feminino de Cantares Alentejanos de Granja-Granjarte. A conversa explica como nasceu o grupo e o significado do nome Granja-Granjarte, destacando que o cante \u201cvem da alma\u201d e integra a identidade das comunidades alentejanas. \u00c9 abordada a liga\u00e7\u00e3o hist\u00f3rica do cante aos trabalhos do campo e o papel das mulheres na afirma\u00e7\u00e3o desta express\u00e3o cultural. O epis\u00f3dio apresenta o percurso do grupo em atua\u00e7\u00f5es em Portugal e no estrangeiro, incluindo Espanha e Su\u00ed\u00e7a, e a participa\u00e7\u00e3o recente em programas de televis\u00e3o. Destaca-se o reconhecimento do cante alentejano como Patrim\u00f3nio Cultural Imaterial da Humanidade pela UNESCO e a import\u00e2ncia do apoio local para manter a tradi\u00e7\u00e3o. A entrevista completa estar\u00e1 dispon\u00edvel amanh\u00e3, quinta-feira, a partir das 14h, nas plataformas digitais do Jornal ODigital.pt.","og_url":"https:\/\/portaltela.pt\/noticias\/2026\/01\/29\/grupo-coral-granjarte-no-podcast-factos-e-conversas-o-cante-como-arte\/","og_site_name":"Portal Tela Portugal","article_published_time":"2026-01-29T14:00:00+00:00","author":"Telinha","twitter_card":"summary_large_image","twitter_misc":{"Escrito por":"Telinha","Tempo estimado de leitura":"1 minuto"},"schema":{"@context":"https:\/\/schema.org","@graph":[{"@type":"Article","@id":"https:\/\/portaltela.pt\/noticias\/2026\/01\/29\/grupo-coral-granjarte-no-podcast-factos-e-conversas-o-cante-como-arte\/#article","isPartOf":{"@id":"https:\/\/portaltela.pt\/noticias\/2026\/01\/29\/grupo-coral-granjarte-no-podcast-factos-e-conversas-o-cante-como-arte\/"},"author":{"name":"Telinha","@id":"https:\/\/portaltela.pt\/#\/schema\/person\/c4278d4a6028830caff9ee44b42d32ed"},"headline":"Grupo Coral GranjArte no podcast Factos e conversas o cante como arte","datePublished":"2026-01-29T14:00:00+00:00","mainEntityOfPage":{"@id":"https:\/\/portaltela.pt\/noticias\/2026\/01\/29\/grupo-coral-granjarte-no-podcast-factos-e-conversas-o-cante-como-arte\/"},"wordCount":210,"image":{"@id":"https:\/\/portaltela.pt\/noticias\/2026\/01\/29\/grupo-coral-granjarte-no-podcast-factos-e-conversas-o-cante-como-arte\/#primaryimage"},"thumbnailUrl":"https:\/\/portaltela.pt\/s.01k8rhncp4jt1\/2026\/01\/imagem_odigital-1200-x-675-px-28-4.jpg","keywords":["Alentejo","Cante Alentejano","cultura","m\u00fasica","Patrim\u00f3nio Cultural","patrim\u00f3nio imaterial"],"articleSection":["Not\u00edcias"],"inLanguage":"pt-PT"},{"@type":"WebPage","@id":"https:\/\/portaltela.pt\/noticias\/2026\/01\/29\/grupo-coral-granjarte-no-podcast-factos-e-conversas-o-cante-como-arte\/","url":"https:\/\/portaltela.pt\/noticias\/2026\/01\/29\/grupo-coral-granjarte-no-podcast-factos-e-conversas-o-cante-como-arte\/","name":"Grupo Coral GranjArte no podcast Factos e conversas o cante como arte - Portal Tela Portugal","isPartOf":{"@id":"https:\/\/portaltela.pt\/#website"},"primaryImageOfPage":{"@id":"https:\/\/portaltela.pt\/noticias\/2026\/01\/29\/grupo-coral-granjarte-no-podcast-factos-e-conversas-o-cante-como-arte\/#primaryimage"},"image":{"@id":"https:\/\/portaltela.pt\/noticias\/2026\/01\/29\/grupo-coral-granjarte-no-podcast-factos-e-conversas-o-cante-como-arte\/#primaryimage"},"thumbnailUrl":"https:\/\/portaltela.pt\/s.01k8rhncp4jt1\/2026\/01\/imagem_odigital-1200-x-675-px-28-4.jpg","datePublished":"2026-01-29T14:00:00+00:00","author":{"@id":"https:\/\/portaltela.pt\/#\/schema\/person\/c4278d4a6028830caff9ee44b42d32ed"},"breadcrumb":{"@id":"https:\/\/portaltela.pt\/noticias\/2026\/01\/29\/grupo-coral-granjarte-no-podcast-factos-e-conversas-o-cante-como-arte\/#breadcrumb"},"inLanguage":"pt-PT","potentialAction":[{"@type":"ReadAction","target":["https:\/\/portaltela.pt\/noticias\/2026\/01\/29\/grupo-coral-granjarte-no-podcast-factos-e-conversas-o-cante-como-arte\/"]}]},{"@type":"ImageObject","inLanguage":"pt-PT","@id":"https:\/\/portaltela.pt\/noticias\/2026\/01\/29\/grupo-coral-granjarte-no-podcast-factos-e-conversas-o-cante-como-arte\/#primaryimage","url":"https:\/\/portaltela.pt\/s.01k8rhncp4jt1\/2026\/01\/imagem_odigital-1200-x-675-px-28-4.jpg","contentUrl":"https:\/\/portaltela.pt\/s.01k8rhncp4jt1\/2026\/01\/imagem_odigital-1200-x-675-px-28-4.jpg","width":796,"height":448,"caption":"\u00abO cante \u00e9 arte e n\u00e3o se esquece\u00bb: Grupo Coral GranjArte no podcast \u201cFactos e conversas\u201d"},{"@type":"BreadcrumbList","@id":"https:\/\/portaltela.pt\/noticias\/2026\/01\/29\/grupo-coral-granjarte-no-podcast-factos-e-conversas-o-cante-como-arte\/#breadcrumb","itemListElement":[{"@type":"ListItem","position":1,"name":"In\u00edcio","item":"https:\/\/portaltela.pt\/"},{"@type":"ListItem","position":2,"name":"Grupo Coral GranjArte no podcast Factos e conversas o cante como arte"}]},{"@type":"WebSite","@id":"https:\/\/portaltela.pt\/#website","url":"https:\/\/portaltela.pt\/","name":"Portal Tela Portugal","description":"","potentialAction":[{"@type":"SearchAction","target":{"@type":"EntryPoint","urlTemplate":"https:\/\/portaltela.pt\/?s={search_term_string}"},"query-input":{"@type":"PropertyValueSpecification","valueRequired":true,"valueName":"search_term_string"}}],"inLanguage":"pt-PT"},{"@type":"Person","@id":"https:\/\/portaltela.pt\/#\/schema\/person\/c4278d4a6028830caff9ee44b42d32ed","name":"Telinha","image":{"@type":"ImageObject","inLanguage":"pt-PT","@id":"https:\/\/portaltela.pt\/s.01k8rhncp4jt1\/2025\/11\/talking-bot-125x125.png","url":"https:\/\/portaltela.pt\/s.01k8rhncp4jt1\/2025\/11\/talking-bot-125x125.png","contentUrl":"https:\/\/portaltela.pt\/s.01k8rhncp4jt1\/2025\/11\/talking-bot-125x125.png","caption":"Telinha"},"sameAs":["https:\/\/portaltela.pt\/"],"url":"https:\/\/portaltela.pt\/por\/367410592786\/"}]}},"_links":{"self":[{"href":"https:\/\/portaltela.pt\/api\/wp\/v2\/posts\/181356","targetHints":{"allow":["GET"]}}],"collection":[{"href":"https:\/\/portaltela.pt\/api\/wp\/v2\/posts"}],"about":[{"href":"https:\/\/portaltela.pt\/api\/wp\/v2\/types\/post"}],"author":[{"embeddable":true,"href":"https:\/\/portaltela.pt\/api\/wp\/v2\/users\/2"}],"replies":[{"embeddable":true,"href":"https:\/\/portaltela.pt\/api\/wp\/v2\/comments?post=181356"}],"version-history":[{"count":0,"href":"https:\/\/portaltela.pt\/api\/wp\/v2\/posts\/181356\/revisions"}],"wp:featuredmedia":[{"embeddable":true,"href":"https:\/\/portaltela.pt\/api\/wp\/v2\/media\/181374"}],"wp:attachment":[{"href":"https:\/\/portaltela.pt\/api\/wp\/v2\/media?parent=181356"}],"wp:term":[{"taxonomy":"category","embeddable":true,"href":"https:\/\/portaltela.pt\/api\/wp\/v2\/categories?post=181356"},{"taxonomy":"post_tag","embeddable":true,"href":"https:\/\/portaltela.pt\/api\/wp\/v2\/tags?post=181356"}],"curies":[{"name":"wp","href":"https:\/\/api.w.org\/{rel}","templated":true}]}}