{"id":181341,"date":"2026-01-29T11:08:00","date_gmt":"2026-01-29T14:08:00","guid":{"rendered":"https:\/\/portaltela.pt\/noticias\/2026\/01\/29\/gois-ativa-plano-municipal-de-emergencia-e-protecao-civil\/"},"modified":"2026-01-29T11:08:00","modified_gmt":"2026-01-29T14:08:00","slug":"gois-ativa-plano-municipal-de-emergencia-e-protecao-civil","status":"publish","type":"post","link":"https:\/\/portaltela.pt\/noticias\/2026\/01\/29\/gois-ativa-plano-municipal-de-emergencia-e-protecao-civil\/","title":{"rendered":"G\u00f3is ativa Plano Municipal de Emerg\u00eancia e Prote\u00e7\u00e3o Civil"},"content":{"rendered":"<p>O munic\u00edpio de G\u00f3is ativou, nesta quinta-feira, o Plano Municipal de Emerg\u00eancia e Prote\u00e7\u00e3o Civil, com efeitos a partir das 11h00, devido a problemas causados pelo mau tempo. A decis\u00e3o foi tomada pela C\u00e2mara Municipal.<\/p>\n<p>A medida resulta da passagem da depress\u00e3o Kristin pelo concelho, que provocou danos \u00e0 rede de distribui\u00e7\u00e3o de energia el\u00e9trica e \u00e0s comunica\u00e7\u00f5es. O atraso na reposi\u00e7\u00e3o de servi\u00e7os foi confirmado pela autarquia, que avan\u00e7ou com o acionamento preventivo do plano.<\/p>\n<p>As previs\u00f5es do Instituto Portugu\u00eas do Mar e da Atmosfera indicam a continua\u00e7\u00e3o de condi\u00e7\u00f5es meteorol\u00f3gicas adversas nas pr\u00f3ximas horas, refor\u00e7ando a necessidade de vigil\u00e2ncia e resposta coordenada.<\/p>\n<h3>Impacto no terreno<\/h3>\n<p>O mau tempo est\u00e1 a provocar cheias e inunda\u00e7\u00f5es por todo o concelho, com funcionamento parcial da comunidade e alguns servi\u00e7os indispon\u00edveis. O munic\u00edpio confirmou suspens\u00e3o de telecomunica\u00e7\u00f5es por mais de 24 horas. Alvares permanece sem energia el\u00e9trica.<\/p>\n<p>Al\u00e9m disso, a passagem da depress\u00e3o Kirstin deixou um rasto de danos, incluindo quedas de \u00e1rvores, estradas cortadas ou condicionadas e interrup\u00e7\u00f5es em transportes, especialmente linhas ferrovi\u00e1rias, bem como encerramento de escolas.<\/p>\n<p>O Governo j\u00e1 anunciou a decreta\u00e7\u00e3o de situa\u00e7\u00e3o de calamidade nas zonas mais afetadas pela tempestade, que afetou tamb\u00e9m Leiria, Coimbra e Santar\u00e9m, distritos com registadas ocorr\u00eancias relevantes.<\/p>\n","protected":false},"excerpt":{"rendered":"<ul>\n<li>A C\u00e2mara Municipal de G\u00f3is ativou o Plano Municipal de Emerg\u00eancia e Prote\u00e7\u00e3o Civil com efeitos a partir das 11h00 de quinta-feira, devido ao mau tempo.<\/li>\n<li>A decis\u00e3o resulta das consequ\u00eancias da passagem da depress\u00e3o Kristin pelo concelho, que danificou redes de energia el\u00e9trica e comunica\u00e7\u00f5es.<\/li>\n<li>O Instituto Portugu\u00eas do Mar e da Atmosfera prev\u00ea a continua\u00e7\u00e3o de condi\u00e7\u00f5es meteorol\u00f3gicas adversas nas pr\u00f3ximas horas.<\/li>\n<li>O mau tempo provoca cheias e inunda\u00e7\u00f5es no concelho, afetando o funcionamento da comunidade; as telecomunica\u00e7\u00f5es est\u00e3o suspensas h\u00e1 mais de 24 horas e a freguesia de Alvares n\u00e3o tem energia.<\/li>\n<li>A depress\u00e3o Kristin, que atravessou Portugal na quarta-feira, j\u00e1 deixou pelo menos seis mortos e levou o Governo a anunciar a declara\u00e7\u00e3o de calamidade nas zonas mais afetadas.<\/li>\n<\/ul>\n","protected":false},"author":2,"featured_media":181348,"comment_status":"closed","ping_status":"closed","sticky":false,"template":"","format":"standard","meta":{"footnotes":""},"categories":[1],"tags":[1935,4549,2019,2293,320,2171],"class_list":["post-181341","post","type-post","status-publish","format-standard","has-post-thumbnail","hentry","category-noticias","tag-emergencias","tag-energia-eletrica","tag-gois","tag-inundacoes","tag-protecao-civil","tag-telecomunicacoes"],"yoast_head":"<!-- This site is optimized with the Yoast SEO plugin v27.2 - https:\/\/yoast.com\/product\/yoast-seo-wordpress\/ -->\n<title>G\u00f3is ativa Plano Municipal de Emerg\u00eancia e Prote\u00e7\u00e3o Civil - Portal Tela Portugal<\/title>\n<meta name=\"robots\" content=\"index, follow, max-snippet:-1, max-image-preview:large, max-video-preview:-1\" \/>\n<meta property=\"og:locale\" content=\"pt_PT\" \/>\n<meta property=\"og:type\" content=\"article\" \/>\n<meta property=\"og:title\" content=\"G\u00f3is ativa Plano Municipal de Emerg\u00eancia e Prote\u00e7\u00e3o Civil - Portal Tela Portugal\" \/>\n<meta property=\"og:description\" content=\"A C\u00e2mara Municipal de G\u00f3is ativou o Plano Municipal de Emerg\u00eancia e Prote\u00e7\u00e3o Civil com efeitos a partir das 11h00 de quinta-feira, devido ao mau tempo. A decis\u00e3o resulta das consequ\u00eancias da passagem da depress\u00e3o Kristin pelo concelho, que danificou redes de energia el\u00e9trica e comunica\u00e7\u00f5es. O Instituto Portugu\u00eas do Mar e da Atmosfera prev\u00ea a continua\u00e7\u00e3o de condi\u00e7\u00f5es meteorol\u00f3gicas adversas nas pr\u00f3ximas horas. O mau tempo provoca cheias e inunda\u00e7\u00f5es no concelho, afetando o funcionamento da comunidade; as telecomunica\u00e7\u00f5es est\u00e3o suspensas h\u00e1 mais de 24 horas e a freguesia de Alvares n\u00e3o tem energia. A depress\u00e3o Kristin, que atravessou Portugal na quarta-feira, j\u00e1 deixou pelo menos seis mortos e levou o Governo a anunciar a declara\u00e7\u00e3o de calamidade nas zonas mais afetadas.\" \/>\n<meta property=\"og:url\" content=\"https:\/\/portaltela.pt\/noticias\/2026\/01\/29\/gois-ativa-plano-municipal-de-emergencia-e-protecao-civil\/\" \/>\n<meta property=\"og:site_name\" content=\"Portal Tela Portugal\" \/>\n<meta property=\"article:published_time\" content=\"2026-01-29T14:08:00+00:00\" \/>\n<meta name=\"author\" content=\"Telinha\" \/>\n<meta name=\"twitter:card\" content=\"summary_large_image\" \/>\n<meta name=\"twitter:label1\" content=\"Escrito por\" \/>\n\t<meta name=\"twitter:data1\" content=\"Telinha\" \/>\n\t<meta name=\"twitter:label2\" content=\"Tempo estimado de leitura\" \/>\n\t<meta name=\"twitter:data2\" content=\"1 minuto\" \/>\n<script type=\"application\/ld+json\" class=\"yoast-schema-graph\">{\"@context\":\"https:\/\/schema.org\",\"@graph\":[{\"@type\":\"Article\",\"@id\":\"https:\/\/portaltela.pt\/noticias\/2026\/01\/29\/gois-ativa-plano-municipal-de-emergencia-e-protecao-civil\/#article\",\"isPartOf\":{\"@id\":\"https:\/\/portaltela.pt\/noticias\/2026\/01\/29\/gois-ativa-plano-municipal-de-emergencia-e-protecao-civil\/\"},\"author\":{\"name\":\"Telinha\",\"@id\":\"https:\/\/portaltela.pt\/#\/schema\/person\/c4278d4a6028830caff9ee44b42d32ed\"},\"headline\":\"G\u00f3is ativa Plano Municipal de Emerg\u00eancia e Prote\u00e7\u00e3o Civil\",\"datePublished\":\"2026-01-29T14:08:00+00:00\",\"mainEntityOfPage\":{\"@id\":\"https:\/\/portaltela.pt\/noticias\/2026\/01\/29\/gois-ativa-plano-municipal-de-emergencia-e-protecao-civil\/\"},\"wordCount\":252,\"image\":{\"@id\":\"https:\/\/portaltela.pt\/noticias\/2026\/01\/29\/gois-ativa-plano-municipal-de-emergencia-e-protecao-civil\/#primaryimage\"},\"thumbnailUrl\":\"https:\/\/portaltela.pt\/s.01k8rhncp4jt1\/2026\/01\/img_1500x1000uu2019-05-11-00-30-15-850295.jpg\",\"keywords\":[\"emerg\u00eancias\",\"energia el\u00e9trica\",\"G\u00f3is\",\"inunda\u00e7\u00f5es\",\"prote\u00e7\u00e3o civil\",\"telecomunica\u00e7\u00f5es\"],\"articleSection\":[\"Not\u00edcias\"],\"inLanguage\":\"pt-PT\"},{\"@type\":\"WebPage\",\"@id\":\"https:\/\/portaltela.pt\/noticias\/2026\/01\/29\/gois-ativa-plano-municipal-de-emergencia-e-protecao-civil\/\",\"url\":\"https:\/\/portaltela.pt\/noticias\/2026\/01\/29\/gois-ativa-plano-municipal-de-emergencia-e-protecao-civil\/\",\"name\":\"G\u00f3is ativa Plano Municipal de Emerg\u00eancia e Prote\u00e7\u00e3o Civil - Portal Tela Portugal\",\"isPartOf\":{\"@id\":\"https:\/\/portaltela.pt\/#website\"},\"primaryImageOfPage\":{\"@id\":\"https:\/\/portaltela.pt\/noticias\/2026\/01\/29\/gois-ativa-plano-municipal-de-emergencia-e-protecao-civil\/#primaryimage\"},\"image\":{\"@id\":\"https:\/\/portaltela.pt\/noticias\/2026\/01\/29\/gois-ativa-plano-municipal-de-emergencia-e-protecao-civil\/#primaryimage\"},\"thumbnailUrl\":\"https:\/\/portaltela.pt\/s.01k8rhncp4jt1\/2026\/01\/img_1500x1000uu2019-05-11-00-30-15-850295.jpg\",\"datePublished\":\"2026-01-29T14:08:00+00:00\",\"author\":{\"@id\":\"https:\/\/portaltela.pt\/#\/schema\/person\/c4278d4a6028830caff9ee44b42d32ed\"},\"breadcrumb\":{\"@id\":\"https:\/\/portaltela.pt\/noticias\/2026\/01\/29\/gois-ativa-plano-municipal-de-emergencia-e-protecao-civil\/#breadcrumb\"},\"inLanguage\":\"pt-PT\",\"potentialAction\":[{\"@type\":\"ReadAction\",\"target\":[\"https:\/\/portaltela.pt\/noticias\/2026\/01\/29\/gois-ativa-plano-municipal-de-emergencia-e-protecao-civil\/\"]}]},{\"@type\":\"ImageObject\",\"inLanguage\":\"pt-PT\",\"@id\":\"https:\/\/portaltela.pt\/noticias\/2026\/01\/29\/gois-ativa-plano-municipal-de-emergencia-e-protecao-civil\/#primaryimage\",\"url\":\"https:\/\/portaltela.pt\/s.01k8rhncp4jt1\/2026\/01\/img_1500x1000uu2019-05-11-00-30-15-850295.jpg\",\"contentUrl\":\"https:\/\/portaltela.pt\/s.01k8rhncp4jt1\/2026\/01\/img_1500x1000uu2019-05-11-00-30-15-850295.jpg\",\"width\":796,\"height\":448,\"caption\":\"C\u00e2mara Municipal de G\u00f3is\"},{\"@type\":\"BreadcrumbList\",\"@id\":\"https:\/\/portaltela.pt\/noticias\/2026\/01\/29\/gois-ativa-plano-municipal-de-emergencia-e-protecao-civil\/#breadcrumb\",\"itemListElement\":[{\"@type\":\"ListItem\",\"position\":1,\"name\":\"In\u00edcio\",\"item\":\"https:\/\/portaltela.pt\/\"},{\"@type\":\"ListItem\",\"position\":2,\"name\":\"G\u00f3is ativa Plano Municipal de Emerg\u00eancia e Prote\u00e7\u00e3o Civil\"}]},{\"@type\":\"WebSite\",\"@id\":\"https:\/\/portaltela.pt\/#website\",\"url\":\"https:\/\/portaltela.pt\/\",\"name\":\"Portal Tela Portugal\",\"description\":\"\",\"potentialAction\":[{\"@type\":\"SearchAction\",\"target\":{\"@type\":\"EntryPoint\",\"urlTemplate\":\"https:\/\/portaltela.pt\/?s={search_term_string}\"},\"query-input\":{\"@type\":\"PropertyValueSpecification\",\"valueRequired\":true,\"valueName\":\"search_term_string\"}}],\"inLanguage\":\"pt-PT\"},{\"@type\":\"Person\",\"@id\":\"https:\/\/portaltela.pt\/#\/schema\/person\/c4278d4a6028830caff9ee44b42d32ed\",\"name\":\"Telinha\",\"image\":{\"@type\":\"ImageObject\",\"inLanguage\":\"pt-PT\",\"@id\":\"https:\/\/portaltela.pt\/s.01k8rhncp4jt1\/2025\/11\/talking-bot-125x125.png\",\"url\":\"https:\/\/portaltela.pt\/s.01k8rhncp4jt1\/2025\/11\/talking-bot-125x125.png\",\"contentUrl\":\"https:\/\/portaltela.pt\/s.01k8rhncp4jt1\/2025\/11\/talking-bot-125x125.png\",\"caption\":\"Telinha\"},\"sameAs\":[\"https:\/\/portaltela.pt\/\"],\"url\":\"https:\/\/portaltela.pt\/por\/367410592786\/\"}]}<\/script>\n<!-- \/ Yoast SEO plugin. -->","yoast_head_json":{"title":"G\u00f3is ativa Plano Municipal de Emerg\u00eancia e Prote\u00e7\u00e3o Civil - Portal Tela Portugal","robots":{"index":"index","follow":"follow","max-snippet":"max-snippet:-1","max-image-preview":"max-image-preview:large","max-video-preview":"max-video-preview:-1"},"og_locale":"pt_PT","og_type":"article","og_title":"G\u00f3is ativa Plano Municipal de Emerg\u00eancia e Prote\u00e7\u00e3o Civil - Portal Tela Portugal","og_description":"A C\u00e2mara Municipal de G\u00f3is ativou o Plano Municipal de Emerg\u00eancia e Prote\u00e7\u00e3o Civil com efeitos a partir das 11h00 de quinta-feira, devido ao mau tempo. A decis\u00e3o resulta das consequ\u00eancias da passagem da depress\u00e3o Kristin pelo concelho, que danificou redes de energia el\u00e9trica e comunica\u00e7\u00f5es. O Instituto Portugu\u00eas do Mar e da Atmosfera prev\u00ea a continua\u00e7\u00e3o de condi\u00e7\u00f5es meteorol\u00f3gicas adversas nas pr\u00f3ximas horas. O mau tempo provoca cheias e inunda\u00e7\u00f5es no concelho, afetando o funcionamento da comunidade; as telecomunica\u00e7\u00f5es est\u00e3o suspensas h\u00e1 mais de 24 horas e a freguesia de Alvares n\u00e3o tem energia. A depress\u00e3o Kristin, que atravessou Portugal na quarta-feira, j\u00e1 deixou pelo menos seis mortos e levou o Governo a anunciar a declara\u00e7\u00e3o de calamidade nas zonas mais afetadas.","og_url":"https:\/\/portaltela.pt\/noticias\/2026\/01\/29\/gois-ativa-plano-municipal-de-emergencia-e-protecao-civil\/","og_site_name":"Portal Tela Portugal","article_published_time":"2026-01-29T14:08:00+00:00","author":"Telinha","twitter_card":"summary_large_image","twitter_misc":{"Escrito por":"Telinha","Tempo estimado de leitura":"1 minuto"},"schema":{"@context":"https:\/\/schema.org","@graph":[{"@type":"Article","@id":"https:\/\/portaltela.pt\/noticias\/2026\/01\/29\/gois-ativa-plano-municipal-de-emergencia-e-protecao-civil\/#article","isPartOf":{"@id":"https:\/\/portaltela.pt\/noticias\/2026\/01\/29\/gois-ativa-plano-municipal-de-emergencia-e-protecao-civil\/"},"author":{"name":"Telinha","@id":"https:\/\/portaltela.pt\/#\/schema\/person\/c4278d4a6028830caff9ee44b42d32ed"},"headline":"G\u00f3is ativa Plano Municipal de Emerg\u00eancia e Prote\u00e7\u00e3o Civil","datePublished":"2026-01-29T14:08:00+00:00","mainEntityOfPage":{"@id":"https:\/\/portaltela.pt\/noticias\/2026\/01\/29\/gois-ativa-plano-municipal-de-emergencia-e-protecao-civil\/"},"wordCount":252,"image":{"@id":"https:\/\/portaltela.pt\/noticias\/2026\/01\/29\/gois-ativa-plano-municipal-de-emergencia-e-protecao-civil\/#primaryimage"},"thumbnailUrl":"https:\/\/portaltela.pt\/s.01k8rhncp4jt1\/2026\/01\/img_1500x1000uu2019-05-11-00-30-15-850295.jpg","keywords":["emerg\u00eancias","energia el\u00e9trica","G\u00f3is","inunda\u00e7\u00f5es","prote\u00e7\u00e3o civil","telecomunica\u00e7\u00f5es"],"articleSection":["Not\u00edcias"],"inLanguage":"pt-PT"},{"@type":"WebPage","@id":"https:\/\/portaltela.pt\/noticias\/2026\/01\/29\/gois-ativa-plano-municipal-de-emergencia-e-protecao-civil\/","url":"https:\/\/portaltela.pt\/noticias\/2026\/01\/29\/gois-ativa-plano-municipal-de-emergencia-e-protecao-civil\/","name":"G\u00f3is ativa Plano Municipal de Emerg\u00eancia e Prote\u00e7\u00e3o Civil - Portal Tela Portugal","isPartOf":{"@id":"https:\/\/portaltela.pt\/#website"},"primaryImageOfPage":{"@id":"https:\/\/portaltela.pt\/noticias\/2026\/01\/29\/gois-ativa-plano-municipal-de-emergencia-e-protecao-civil\/#primaryimage"},"image":{"@id":"https:\/\/portaltela.pt\/noticias\/2026\/01\/29\/gois-ativa-plano-municipal-de-emergencia-e-protecao-civil\/#primaryimage"},"thumbnailUrl":"https:\/\/portaltela.pt\/s.01k8rhncp4jt1\/2026\/01\/img_1500x1000uu2019-05-11-00-30-15-850295.jpg","datePublished":"2026-01-29T14:08:00+00:00","author":{"@id":"https:\/\/portaltela.pt\/#\/schema\/person\/c4278d4a6028830caff9ee44b42d32ed"},"breadcrumb":{"@id":"https:\/\/portaltela.pt\/noticias\/2026\/01\/29\/gois-ativa-plano-municipal-de-emergencia-e-protecao-civil\/#breadcrumb"},"inLanguage":"pt-PT","potentialAction":[{"@type":"ReadAction","target":["https:\/\/portaltela.pt\/noticias\/2026\/01\/29\/gois-ativa-plano-municipal-de-emergencia-e-protecao-civil\/"]}]},{"@type":"ImageObject","inLanguage":"pt-PT","@id":"https:\/\/portaltela.pt\/noticias\/2026\/01\/29\/gois-ativa-plano-municipal-de-emergencia-e-protecao-civil\/#primaryimage","url":"https:\/\/portaltela.pt\/s.01k8rhncp4jt1\/2026\/01\/img_1500x1000uu2019-05-11-00-30-15-850295.jpg","contentUrl":"https:\/\/portaltela.pt\/s.01k8rhncp4jt1\/2026\/01\/img_1500x1000uu2019-05-11-00-30-15-850295.jpg","width":796,"height":448,"caption":"C\u00e2mara Municipal de G\u00f3is"},{"@type":"BreadcrumbList","@id":"https:\/\/portaltela.pt\/noticias\/2026\/01\/29\/gois-ativa-plano-municipal-de-emergencia-e-protecao-civil\/#breadcrumb","itemListElement":[{"@type":"ListItem","position":1,"name":"In\u00edcio","item":"https:\/\/portaltela.pt\/"},{"@type":"ListItem","position":2,"name":"G\u00f3is ativa Plano Municipal de Emerg\u00eancia e Prote\u00e7\u00e3o Civil"}]},{"@type":"WebSite","@id":"https:\/\/portaltela.pt\/#website","url":"https:\/\/portaltela.pt\/","name":"Portal Tela Portugal","description":"","potentialAction":[{"@type":"SearchAction","target":{"@type":"EntryPoint","urlTemplate":"https:\/\/portaltela.pt\/?s={search_term_string}"},"query-input":{"@type":"PropertyValueSpecification","valueRequired":true,"valueName":"search_term_string"}}],"inLanguage":"pt-PT"},{"@type":"Person","@id":"https:\/\/portaltela.pt\/#\/schema\/person\/c4278d4a6028830caff9ee44b42d32ed","name":"Telinha","image":{"@type":"ImageObject","inLanguage":"pt-PT","@id":"https:\/\/portaltela.pt\/s.01k8rhncp4jt1\/2025\/11\/talking-bot-125x125.png","url":"https:\/\/portaltela.pt\/s.01k8rhncp4jt1\/2025\/11\/talking-bot-125x125.png","contentUrl":"https:\/\/portaltela.pt\/s.01k8rhncp4jt1\/2025\/11\/talking-bot-125x125.png","caption":"Telinha"},"sameAs":["https:\/\/portaltela.pt\/"],"url":"https:\/\/portaltela.pt\/por\/367410592786\/"}]}},"_links":{"self":[{"href":"https:\/\/portaltela.pt\/api\/wp\/v2\/posts\/181341","targetHints":{"allow":["GET"]}}],"collection":[{"href":"https:\/\/portaltela.pt\/api\/wp\/v2\/posts"}],"about":[{"href":"https:\/\/portaltela.pt\/api\/wp\/v2\/types\/post"}],"author":[{"embeddable":true,"href":"https:\/\/portaltela.pt\/api\/wp\/v2\/users\/2"}],"replies":[{"embeddable":true,"href":"https:\/\/portaltela.pt\/api\/wp\/v2\/comments?post=181341"}],"version-history":[{"count":0,"href":"https:\/\/portaltela.pt\/api\/wp\/v2\/posts\/181341\/revisions"}],"wp:featuredmedia":[{"embeddable":true,"href":"https:\/\/portaltela.pt\/api\/wp\/v2\/media\/181348"}],"wp:attachment":[{"href":"https:\/\/portaltela.pt\/api\/wp\/v2\/media?parent=181341"}],"wp:term":[{"taxonomy":"category","embeddable":true,"href":"https:\/\/portaltela.pt\/api\/wp\/v2\/categories?post=181341"},{"taxonomy":"post_tag","embeddable":true,"href":"https:\/\/portaltela.pt\/api\/wp\/v2\/tags?post=181341"}],"curies":[{"name":"wp","href":"https:\/\/api.w.org\/{rel}","templated":true}]}}