{"id":181290,"date":"2026-01-29T10:56:37","date_gmt":"2026-01-29T13:56:37","guid":{"rendered":"https:\/\/portaltela.pt\/noticias\/2026\/01\/29\/balanco-do-naufragio-de-ferry-filipino-sobe-para-29-mortes\/"},"modified":"2026-01-29T10:56:37","modified_gmt":"2026-01-29T13:56:37","slug":"balanco-do-naufragio-de-ferry-filipino-sobe-para-29-mortes","status":"publish","type":"post","link":"https:\/\/portaltela.pt\/noticias\/2026\/01\/29\/balanco-do-naufragio-de-ferry-filipino-sobe-para-29-mortes\/","title":{"rendered":"Balan\u00e7o do naufr\u00e1gio de ferry filipino sobe para 29 mortes"},"content":{"rendered":"<p>O balan\u00e7o do naufr\u00e1gio do ferry filipino aumentou para 29 mortes, com 11 corpos recuperados ao longo desta quarta-feira. As autoridades locais informaram que o n\u00famero de desaparecidos continua incerto, n\u00e3o sendo poss\u00edvel confirmar quantas pessoas estavam a bordo.<\/p>\n<p>O ferryboat Trishna Kerstin 3 transportava pelo menos 344 passageiros e tripulantes quando afundou na madrugada de segunda-feira, perto da costa de Mindanao, no sudoeste das Filipinas. A maior parte dos n\u00e1ufragos foi resgatada, mas surgiram d\u00favidas sobre o total original de passageiros.<\/p>\n<p>A equipa de resgate j\u00e1 recuperou v\u00e1rios corpos, incluindo alguns entregues \u00e0 Guarda Costeira. A localiza\u00e7\u00e3o dos corpos foi, em parte, perto da ilha Baluk-Baluk, perto do local do naufr\u00e1gio, com informa\u00e7\u00f5es de pescadores locais. Um mergulhador de Manila junta-se \u00e0s opera\u00e7\u00f5es para localizar v\u00edtimas adicionais.<\/p>\n<h3>Opera\u00e7\u00f5es de resgate e investiga\u00e7\u00e3o<\/h3>\n<p>A pol\u00edcia j\u00e1 mobilizou meios especializados e uma equipa de mergulhadores veio de Manila para apoiar, embora o mergulho s\u00f3 deva arrancar ap\u00f3s a localiza\u00e7\u00e3o exata do ponto de afundamento, a uma profundidade estimada de 76 metros, com recurso a um submarino de controlo remoto.<\/p>\n<p>Autoridades destacam que acidentes mar\u00edtimos nas Filipinas provocam dezenas de mortes anualmente, muitas vezes por mau tempo, incumprimento de normas de seguran\u00e7a ou sobrecarga. O epis\u00f3dio compara com o hist\u00f3rico Do\u00f1a Paz, que em 1987 causou milhares de v\u00edtimas.<\/p>\n","protected":false},"excerpt":{"rendered":"<ul>\n<li>O naufr\u00e1gio do ferry Trishna Kerstin 3, junto a Mindanao, deixou pelo menos 29 mortos, com 11 corpos adicionais recuperados.<\/li>\n<li>O navio transportava pelo menos 344 passageiros e tripulantes quando afundou na madrugada de segunda-feira.<\/li>\n<li>O n\u00famero de desaparecidos continua incerto, segundo a Guarda Costeira das Filipinas.<\/li>\n<li>Equipa de mergulhadores vindos de Manila chegou ao local para apoiar as buscas, que dependem da localiza\u00e7\u00e3o do local de afundamento com um submarino com controlo remoto, a uma profundidade estimada de 76 metros.<\/li>\n<li>Os corpos foram encontrados perto da ilha Baluk-Baluk, com alguns resgatados por pescadores locais.<\/li>\n<\/ul>\n","protected":false},"author":2,"featured_media":181319,"comment_status":"closed","ping_status":"closed","sticky":false,"template":"","format":"standard","meta":{"footnotes":""},"categories":[1],"tags":[3256,4423,215,3097,4304],"class_list":["post-181290","post","type-post","status-publish","format-standard","has-post-thumbnail","hentry","category-noticias","tag-acidentes","tag-acidentes-maritimos","tag-investigacao","tag-maritimo","tag-salvamento"],"yoast_head":"<!-- This site is optimized with the Yoast SEO plugin v27.2 - https:\/\/yoast.com\/product\/yoast-seo-wordpress\/ -->\n<title>Balan\u00e7o do naufr\u00e1gio de ferry filipino sobe para 29 mortes - Portal Tela Portugal<\/title>\n<meta name=\"robots\" content=\"index, follow, max-snippet:-1, max-image-preview:large, max-video-preview:-1\" \/>\n<meta property=\"og:locale\" content=\"pt_PT\" \/>\n<meta property=\"og:type\" content=\"article\" \/>\n<meta property=\"og:title\" content=\"Balan\u00e7o do naufr\u00e1gio de ferry filipino sobe para 29 mortes - Portal Tela Portugal\" \/>\n<meta property=\"og:description\" content=\"O naufr\u00e1gio do ferry Trishna Kerstin 3, junto a Mindanao, deixou pelo menos 29 mortos, com 11 corpos adicionais recuperados. O navio transportava pelo menos 344 passageiros e tripulantes quando afundou na madrugada de segunda-feira. O n\u00famero de desaparecidos continua incerto, segundo a Guarda Costeira das Filipinas. Equipa de mergulhadores vindos de Manila chegou ao local para apoiar as buscas, que dependem da localiza\u00e7\u00e3o do local de afundamento com um submarino com controlo remoto, a uma profundidade estimada de 76 metros. Os corpos foram encontrados perto da ilha Baluk-Baluk, com alguns resgatados por pescadores locais.\" \/>\n<meta property=\"og:url\" content=\"https:\/\/portaltela.pt\/noticias\/2026\/01\/29\/balanco-do-naufragio-de-ferry-filipino-sobe-para-29-mortes\/\" \/>\n<meta property=\"og:site_name\" content=\"Portal Tela Portugal\" \/>\n<meta property=\"article:published_time\" content=\"2026-01-29T13:56:37+00:00\" \/>\n<meta name=\"author\" content=\"Telinha\" \/>\n<meta name=\"twitter:card\" content=\"summary_large_image\" \/>\n<meta name=\"twitter:label1\" content=\"Escrito por\" \/>\n\t<meta name=\"twitter:data1\" content=\"Telinha\" \/>\n\t<meta name=\"twitter:label2\" content=\"Tempo estimado de leitura\" \/>\n\t<meta name=\"twitter:data2\" content=\"1 minuto\" \/>\n<script type=\"application\/ld+json\" class=\"yoast-schema-graph\">{\"@context\":\"https:\/\/schema.org\",\"@graph\":[{\"@type\":\"Article\",\"@id\":\"https:\/\/portaltela.pt\/noticias\/2026\/01\/29\/balanco-do-naufragio-de-ferry-filipino-sobe-para-29-mortes\/#article\",\"isPartOf\":{\"@id\":\"https:\/\/portaltela.pt\/noticias\/2026\/01\/29\/balanco-do-naufragio-de-ferry-filipino-sobe-para-29-mortes\/\"},\"author\":{\"name\":\"Telinha\",\"@id\":\"https:\/\/portaltela.pt\/#\/schema\/person\/c4278d4a6028830caff9ee44b42d32ed\"},\"headline\":\"Balan\u00e7o do naufr\u00e1gio de ferry filipino sobe para 29 mortes\",\"datePublished\":\"2026-01-29T13:56:37+00:00\",\"mainEntityOfPage\":{\"@id\":\"https:\/\/portaltela.pt\/noticias\/2026\/01\/29\/balanco-do-naufragio-de-ferry-filipino-sobe-para-29-mortes\/\"},\"wordCount\":245,\"image\":{\"@id\":\"https:\/\/portaltela.pt\/noticias\/2026\/01\/29\/balanco-do-naufragio-de-ferry-filipino-sobe-para-29-mortes\/#primaryimage\"},\"thumbnailUrl\":\"https:\/\/portaltela.pt\/s.01k8rhncp4jt1\/2026\/01\/img_1500x1000uu2026-01-26-07-38-34-2262566-1.jpg\",\"keywords\":[\"acidentes\",\"acidentes mar\u00edtimos\",\"investiga\u00e7\u00e3o\",\"Mar\u00edtimo\",\"salvamento\"],\"articleSection\":[\"Not\u00edcias\"],\"inLanguage\":\"pt-PT\"},{\"@type\":\"WebPage\",\"@id\":\"https:\/\/portaltela.pt\/noticias\/2026\/01\/29\/balanco-do-naufragio-de-ferry-filipino-sobe-para-29-mortes\/\",\"url\":\"https:\/\/portaltela.pt\/noticias\/2026\/01\/29\/balanco-do-naufragio-de-ferry-filipino-sobe-para-29-mortes\/\",\"name\":\"Balan\u00e7o do naufr\u00e1gio de ferry filipino sobe para 29 mortes - Portal Tela Portugal\",\"isPartOf\":{\"@id\":\"https:\/\/portaltela.pt\/#website\"},\"primaryImageOfPage\":{\"@id\":\"https:\/\/portaltela.pt\/noticias\/2026\/01\/29\/balanco-do-naufragio-de-ferry-filipino-sobe-para-29-mortes\/#primaryimage\"},\"image\":{\"@id\":\"https:\/\/portaltela.pt\/noticias\/2026\/01\/29\/balanco-do-naufragio-de-ferry-filipino-sobe-para-29-mortes\/#primaryimage\"},\"thumbnailUrl\":\"https:\/\/portaltela.pt\/s.01k8rhncp4jt1\/2026\/01\/img_1500x1000uu2026-01-26-07-38-34-2262566-1.jpg\",\"datePublished\":\"2026-01-29T13:56:37+00:00\",\"author\":{\"@id\":\"https:\/\/portaltela.pt\/#\/schema\/person\/c4278d4a6028830caff9ee44b42d32ed\"},\"breadcrumb\":{\"@id\":\"https:\/\/portaltela.pt\/noticias\/2026\/01\/29\/balanco-do-naufragio-de-ferry-filipino-sobe-para-29-mortes\/#breadcrumb\"},\"inLanguage\":\"pt-PT\",\"potentialAction\":[{\"@type\":\"ReadAction\",\"target\":[\"https:\/\/portaltela.pt\/noticias\/2026\/01\/29\/balanco-do-naufragio-de-ferry-filipino-sobe-para-29-mortes\/\"]}]},{\"@type\":\"ImageObject\",\"inLanguage\":\"pt-PT\",\"@id\":\"https:\/\/portaltela.pt\/noticias\/2026\/01\/29\/balanco-do-naufragio-de-ferry-filipino-sobe-para-29-mortes\/#primaryimage\",\"url\":\"https:\/\/portaltela.pt\/s.01k8rhncp4jt1\/2026\/01\/img_1500x1000uu2026-01-26-07-38-34-2262566-1.jpg\",\"contentUrl\":\"https:\/\/portaltela.pt\/s.01k8rhncp4jt1\/2026\/01\/img_1500x1000uu2026-01-26-07-38-34-2262566-1.jpg\",\"width\":796,\"height\":448,\"caption\":\"Descoberta de mais 11 corpos levanta novas d\u00favidas sobre o n\u00famero exato de pessoas que estavam a bordo\"},{\"@type\":\"BreadcrumbList\",\"@id\":\"https:\/\/portaltela.pt\/noticias\/2026\/01\/29\/balanco-do-naufragio-de-ferry-filipino-sobe-para-29-mortes\/#breadcrumb\",\"itemListElement\":[{\"@type\":\"ListItem\",\"position\":1,\"name\":\"In\u00edcio\",\"item\":\"https:\/\/portaltela.pt\/\"},{\"@type\":\"ListItem\",\"position\":2,\"name\":\"Balan\u00e7o do naufr\u00e1gio de ferry filipino sobe para 29 mortes\"}]},{\"@type\":\"WebSite\",\"@id\":\"https:\/\/portaltela.pt\/#website\",\"url\":\"https:\/\/portaltela.pt\/\",\"name\":\"Portal Tela Portugal\",\"description\":\"\",\"potentialAction\":[{\"@type\":\"SearchAction\",\"target\":{\"@type\":\"EntryPoint\",\"urlTemplate\":\"https:\/\/portaltela.pt\/?s={search_term_string}\"},\"query-input\":{\"@type\":\"PropertyValueSpecification\",\"valueRequired\":true,\"valueName\":\"search_term_string\"}}],\"inLanguage\":\"pt-PT\"},{\"@type\":\"Person\",\"@id\":\"https:\/\/portaltela.pt\/#\/schema\/person\/c4278d4a6028830caff9ee44b42d32ed\",\"name\":\"Telinha\",\"image\":{\"@type\":\"ImageObject\",\"inLanguage\":\"pt-PT\",\"@id\":\"https:\/\/portaltela.pt\/s.01k8rhncp4jt1\/2025\/11\/talking-bot-125x125.png\",\"url\":\"https:\/\/portaltela.pt\/s.01k8rhncp4jt1\/2025\/11\/talking-bot-125x125.png\",\"contentUrl\":\"https:\/\/portaltela.pt\/s.01k8rhncp4jt1\/2025\/11\/talking-bot-125x125.png\",\"caption\":\"Telinha\"},\"sameAs\":[\"https:\/\/portaltela.pt\/\"],\"url\":\"https:\/\/portaltela.pt\/por\/367410592786\/\"}]}<\/script>\n<!-- \/ Yoast SEO plugin. -->","yoast_head_json":{"title":"Balan\u00e7o do naufr\u00e1gio de ferry filipino sobe para 29 mortes - Portal Tela Portugal","robots":{"index":"index","follow":"follow","max-snippet":"max-snippet:-1","max-image-preview":"max-image-preview:large","max-video-preview":"max-video-preview:-1"},"og_locale":"pt_PT","og_type":"article","og_title":"Balan\u00e7o do naufr\u00e1gio de ferry filipino sobe para 29 mortes - Portal Tela Portugal","og_description":"O naufr\u00e1gio do ferry Trishna Kerstin 3, junto a Mindanao, deixou pelo menos 29 mortos, com 11 corpos adicionais recuperados. O navio transportava pelo menos 344 passageiros e tripulantes quando afundou na madrugada de segunda-feira. O n\u00famero de desaparecidos continua incerto, segundo a Guarda Costeira das Filipinas. Equipa de mergulhadores vindos de Manila chegou ao local para apoiar as buscas, que dependem da localiza\u00e7\u00e3o do local de afundamento com um submarino com controlo remoto, a uma profundidade estimada de 76 metros. Os corpos foram encontrados perto da ilha Baluk-Baluk, com alguns resgatados por pescadores locais.","og_url":"https:\/\/portaltela.pt\/noticias\/2026\/01\/29\/balanco-do-naufragio-de-ferry-filipino-sobe-para-29-mortes\/","og_site_name":"Portal Tela Portugal","article_published_time":"2026-01-29T13:56:37+00:00","author":"Telinha","twitter_card":"summary_large_image","twitter_misc":{"Escrito por":"Telinha","Tempo estimado de leitura":"1 minuto"},"schema":{"@context":"https:\/\/schema.org","@graph":[{"@type":"Article","@id":"https:\/\/portaltela.pt\/noticias\/2026\/01\/29\/balanco-do-naufragio-de-ferry-filipino-sobe-para-29-mortes\/#article","isPartOf":{"@id":"https:\/\/portaltela.pt\/noticias\/2026\/01\/29\/balanco-do-naufragio-de-ferry-filipino-sobe-para-29-mortes\/"},"author":{"name":"Telinha","@id":"https:\/\/portaltela.pt\/#\/schema\/person\/c4278d4a6028830caff9ee44b42d32ed"},"headline":"Balan\u00e7o do naufr\u00e1gio de ferry filipino sobe para 29 mortes","datePublished":"2026-01-29T13:56:37+00:00","mainEntityOfPage":{"@id":"https:\/\/portaltela.pt\/noticias\/2026\/01\/29\/balanco-do-naufragio-de-ferry-filipino-sobe-para-29-mortes\/"},"wordCount":245,"image":{"@id":"https:\/\/portaltela.pt\/noticias\/2026\/01\/29\/balanco-do-naufragio-de-ferry-filipino-sobe-para-29-mortes\/#primaryimage"},"thumbnailUrl":"https:\/\/portaltela.pt\/s.01k8rhncp4jt1\/2026\/01\/img_1500x1000uu2026-01-26-07-38-34-2262566-1.jpg","keywords":["acidentes","acidentes mar\u00edtimos","investiga\u00e7\u00e3o","Mar\u00edtimo","salvamento"],"articleSection":["Not\u00edcias"],"inLanguage":"pt-PT"},{"@type":"WebPage","@id":"https:\/\/portaltela.pt\/noticias\/2026\/01\/29\/balanco-do-naufragio-de-ferry-filipino-sobe-para-29-mortes\/","url":"https:\/\/portaltela.pt\/noticias\/2026\/01\/29\/balanco-do-naufragio-de-ferry-filipino-sobe-para-29-mortes\/","name":"Balan\u00e7o do naufr\u00e1gio de ferry filipino sobe para 29 mortes - Portal Tela Portugal","isPartOf":{"@id":"https:\/\/portaltela.pt\/#website"},"primaryImageOfPage":{"@id":"https:\/\/portaltela.pt\/noticias\/2026\/01\/29\/balanco-do-naufragio-de-ferry-filipino-sobe-para-29-mortes\/#primaryimage"},"image":{"@id":"https:\/\/portaltela.pt\/noticias\/2026\/01\/29\/balanco-do-naufragio-de-ferry-filipino-sobe-para-29-mortes\/#primaryimage"},"thumbnailUrl":"https:\/\/portaltela.pt\/s.01k8rhncp4jt1\/2026\/01\/img_1500x1000uu2026-01-26-07-38-34-2262566-1.jpg","datePublished":"2026-01-29T13:56:37+00:00","author":{"@id":"https:\/\/portaltela.pt\/#\/schema\/person\/c4278d4a6028830caff9ee44b42d32ed"},"breadcrumb":{"@id":"https:\/\/portaltela.pt\/noticias\/2026\/01\/29\/balanco-do-naufragio-de-ferry-filipino-sobe-para-29-mortes\/#breadcrumb"},"inLanguage":"pt-PT","potentialAction":[{"@type":"ReadAction","target":["https:\/\/portaltela.pt\/noticias\/2026\/01\/29\/balanco-do-naufragio-de-ferry-filipino-sobe-para-29-mortes\/"]}]},{"@type":"ImageObject","inLanguage":"pt-PT","@id":"https:\/\/portaltela.pt\/noticias\/2026\/01\/29\/balanco-do-naufragio-de-ferry-filipino-sobe-para-29-mortes\/#primaryimage","url":"https:\/\/portaltela.pt\/s.01k8rhncp4jt1\/2026\/01\/img_1500x1000uu2026-01-26-07-38-34-2262566-1.jpg","contentUrl":"https:\/\/portaltela.pt\/s.01k8rhncp4jt1\/2026\/01\/img_1500x1000uu2026-01-26-07-38-34-2262566-1.jpg","width":796,"height":448,"caption":"Descoberta de mais 11 corpos levanta novas d\u00favidas sobre o n\u00famero exato de pessoas que estavam a bordo"},{"@type":"BreadcrumbList","@id":"https:\/\/portaltela.pt\/noticias\/2026\/01\/29\/balanco-do-naufragio-de-ferry-filipino-sobe-para-29-mortes\/#breadcrumb","itemListElement":[{"@type":"ListItem","position":1,"name":"In\u00edcio","item":"https:\/\/portaltela.pt\/"},{"@type":"ListItem","position":2,"name":"Balan\u00e7o do naufr\u00e1gio de ferry filipino sobe para 29 mortes"}]},{"@type":"WebSite","@id":"https:\/\/portaltela.pt\/#website","url":"https:\/\/portaltela.pt\/","name":"Portal Tela Portugal","description":"","potentialAction":[{"@type":"SearchAction","target":{"@type":"EntryPoint","urlTemplate":"https:\/\/portaltela.pt\/?s={search_term_string}"},"query-input":{"@type":"PropertyValueSpecification","valueRequired":true,"valueName":"search_term_string"}}],"inLanguage":"pt-PT"},{"@type":"Person","@id":"https:\/\/portaltela.pt\/#\/schema\/person\/c4278d4a6028830caff9ee44b42d32ed","name":"Telinha","image":{"@type":"ImageObject","inLanguage":"pt-PT","@id":"https:\/\/portaltela.pt\/s.01k8rhncp4jt1\/2025\/11\/talking-bot-125x125.png","url":"https:\/\/portaltela.pt\/s.01k8rhncp4jt1\/2025\/11\/talking-bot-125x125.png","contentUrl":"https:\/\/portaltela.pt\/s.01k8rhncp4jt1\/2025\/11\/talking-bot-125x125.png","caption":"Telinha"},"sameAs":["https:\/\/portaltela.pt\/"],"url":"https:\/\/portaltela.pt\/por\/367410592786\/"}]}},"_links":{"self":[{"href":"https:\/\/portaltela.pt\/api\/wp\/v2\/posts\/181290","targetHints":{"allow":["GET"]}}],"collection":[{"href":"https:\/\/portaltela.pt\/api\/wp\/v2\/posts"}],"about":[{"href":"https:\/\/portaltela.pt\/api\/wp\/v2\/types\/post"}],"author":[{"embeddable":true,"href":"https:\/\/portaltela.pt\/api\/wp\/v2\/users\/2"}],"replies":[{"embeddable":true,"href":"https:\/\/portaltela.pt\/api\/wp\/v2\/comments?post=181290"}],"version-history":[{"count":0,"href":"https:\/\/portaltela.pt\/api\/wp\/v2\/posts\/181290\/revisions"}],"wp:featuredmedia":[{"embeddable":true,"href":"https:\/\/portaltela.pt\/api\/wp\/v2\/media\/181319"}],"wp:attachment":[{"href":"https:\/\/portaltela.pt\/api\/wp\/v2\/media?parent=181290"}],"wp:term":[{"taxonomy":"category","embeddable":true,"href":"https:\/\/portaltela.pt\/api\/wp\/v2\/categories?post=181290"},{"taxonomy":"post_tag","embeddable":true,"href":"https:\/\/portaltela.pt\/api\/wp\/v2\/tags?post=181290"}],"curies":[{"name":"wp","href":"https:\/\/api.w.org\/{rel}","templated":true}]}}