{"id":181279,"date":"2026-01-29T10:38:25","date_gmt":"2026-01-29T13:38:25","guid":{"rendered":"https:\/\/portaltela.pt\/noticias\/2026\/01\/29\/cadaval-arguido-por-posse-de-arma-proibida\/"},"modified":"2026-01-29T10:38:25","modified_gmt":"2026-01-29T13:38:25","slug":"cadaval-arguido-por-posse-de-arma-proibida","status":"publish","type":"post","link":"https:\/\/portaltela.pt\/noticias\/2026\/01\/29\/cadaval-arguido-por-posse-de-arma-proibida\/","title":{"rendered":"Cadaval: arguido por posse de arma proibida"},"content":{"rendered":"<p>No Cadaval, no passado dia 25 de janeiro, o Comando Territorial de Lisboa, atrav\u00e9s do Posto Territorial do Cadaval, constituiu arguido um homem de 43 anos e apreendeu uma arma proibida, na \u00e1rea do Concelho do Cadaval.<\/p>\n<p>Durante uma a\u00e7\u00e3o de patrulhamento na vermelha, os militares abordaram e fiscalizaram dois suspeitos. Um dos homens foi identificado com uma arma dissimulada dentro da camisola.<\/p>\n<p>A arma encontrada era de Airsoft e n\u00e3o estava devidamente identificada. Por ser facilmente confundida com uma arma de fogo, foi apreendida de imediato.<\/p>\n<p>O arguido foi constitu\u00eddo, e os factos foram remetidos para o Tribunal Judicial de Lisboa Norte \u2013 Torres Vedras, para as dilig\u00eancias legais seguintes.<\/p>\n","protected":false},"excerpt":{"rendered":"<ul>\n<li>No dia 25 de janeiro, no Cadaval, o Comando Territorial de Lisboa constituiu arguido um homem de 43 anos e apreendeu uma arma proibida.<\/li>\n<li>Durante patrulhamento na Vermelha, a Guarda abordou dois suspeitos, ficando claro que um deles trazia uma arma dissimulada na camisola.<\/li>\n<li>A arma, de Airsoft, n\u00e3o estava devidamente identificada e podia ser confundida com uma arma de fogo, sendo apreendida de imediato.<\/li>\n<li>Os factos foram apurados e o arguido foi constitu\u00eddo, com o processo remetido para o Tribunal Judicial de Lisboa Norte \u2013 Torres Vedras.<\/li>\n<li>A a\u00e7\u00e3o ocorreu no \u00e2mbito de dilig\u00eancias de seguran\u00e7a p\u00fablica na localidade.<\/li>\n<\/ul>\n","protected":false},"author":2,"featured_media":181298,"comment_status":"closed","ping_status":"closed","sticky":false,"template":"","format":"standard","meta":{"footnotes":""},"categories":[1],"tags":[2660,182,4050,981,766,250],"class_list":["post-181279","post","type-post","status-publish","format-standard","has-post-thumbnail","hentry","category-noticias","tag-arma-proibida","tag-armas","tag-cadaval","tag-lisboa","tag-posse-de-arma-proibida","tag-seguranca-publica"],"yoast_head":"<!-- This site is optimized with the Yoast SEO plugin v27.2 - https:\/\/yoast.com\/product\/yoast-seo-wordpress\/ -->\n<title>Cadaval: arguido por posse de arma proibida - Portal Tela Portugal<\/title>\n<meta name=\"robots\" content=\"index, follow, max-snippet:-1, max-image-preview:large, max-video-preview:-1\" \/>\n<meta property=\"og:locale\" content=\"pt_PT\" \/>\n<meta property=\"og:type\" content=\"article\" \/>\n<meta property=\"og:title\" content=\"Cadaval: arguido por posse de arma proibida - Portal Tela Portugal\" \/>\n<meta property=\"og:description\" content=\"No dia 25 de janeiro, no Cadaval, o Comando Territorial de Lisboa constituiu arguido um homem de 43 anos e apreendeu uma arma proibida. Durante patrulhamento na Vermelha, a Guarda abordou dois suspeitos, ficando claro que um deles trazia uma arma dissimulada na camisola. A arma, de Airsoft, n\u00e3o estava devidamente identificada e podia ser confundida com uma arma de fogo, sendo apreendida de imediato. Os factos foram apurados e o arguido foi constitu\u00eddo, com o processo remetido para o Tribunal Judicial de Lisboa Norte \u2013 Torres Vedras. A a\u00e7\u00e3o ocorreu no \u00e2mbito de dilig\u00eancias de seguran\u00e7a p\u00fablica na localidade.\" \/>\n<meta property=\"og:url\" content=\"https:\/\/portaltela.pt\/noticias\/2026\/01\/29\/cadaval-arguido-por-posse-de-arma-proibida\/\" \/>\n<meta property=\"og:site_name\" content=\"Portal Tela Portugal\" \/>\n<meta property=\"article:published_time\" content=\"2026-01-29T13:38:25+00:00\" \/>\n<meta name=\"author\" content=\"Telinha\" \/>\n<meta name=\"twitter:card\" content=\"summary_large_image\" \/>\n<meta name=\"twitter:label1\" content=\"Escrito por\" \/>\n\t<meta name=\"twitter:data1\" content=\"Telinha\" \/>\n\t<meta name=\"twitter:label2\" content=\"Tempo estimado de leitura\" \/>\n\t<meta name=\"twitter:data2\" content=\"1 minuto\" \/>\n<script type=\"application\/ld+json\" class=\"yoast-schema-graph\">{\"@context\":\"https:\/\/schema.org\",\"@graph\":[{\"@type\":\"Article\",\"@id\":\"https:\/\/portaltela.pt\/noticias\/2026\/01\/29\/cadaval-arguido-por-posse-de-arma-proibida\/#article\",\"isPartOf\":{\"@id\":\"https:\/\/portaltela.pt\/noticias\/2026\/01\/29\/cadaval-arguido-por-posse-de-arma-proibida\/\"},\"author\":{\"name\":\"Telinha\",\"@id\":\"https:\/\/portaltela.pt\/#\/schema\/person\/c4278d4a6028830caff9ee44b42d32ed\"},\"headline\":\"Cadaval: arguido por posse de arma proibida\",\"datePublished\":\"2026-01-29T13:38:25+00:00\",\"mainEntityOfPage\":{\"@id\":\"https:\/\/portaltela.pt\/noticias\/2026\/01\/29\/cadaval-arguido-por-posse-de-arma-proibida\/\"},\"wordCount\":120,\"image\":{\"@id\":\"https:\/\/portaltela.pt\/noticias\/2026\/01\/29\/cadaval-arguido-por-posse-de-arma-proibida\/#primaryimage\"},\"thumbnailUrl\":\"https:\/\/portaltela.pt\/s.01k8rhncp4jt1\/2026\/01\/unnamed-file-5806.jpg\",\"keywords\":[\"arma proibida\",\"armas\",\"Cadaval\",\"Lisboa\",\"posse de arma proibida\",\"seguran\u00e7a p\u00fablica\"],\"articleSection\":[\"Not\u00edcias\"],\"inLanguage\":\"pt-PT\"},{\"@type\":\"WebPage\",\"@id\":\"https:\/\/portaltela.pt\/noticias\/2026\/01\/29\/cadaval-arguido-por-posse-de-arma-proibida\/\",\"url\":\"https:\/\/portaltela.pt\/noticias\/2026\/01\/29\/cadaval-arguido-por-posse-de-arma-proibida\/\",\"name\":\"Cadaval: arguido por posse de arma proibida - Portal Tela Portugal\",\"isPartOf\":{\"@id\":\"https:\/\/portaltela.pt\/#website\"},\"primaryImageOfPage\":{\"@id\":\"https:\/\/portaltela.pt\/noticias\/2026\/01\/29\/cadaval-arguido-por-posse-de-arma-proibida\/#primaryimage\"},\"image\":{\"@id\":\"https:\/\/portaltela.pt\/noticias\/2026\/01\/29\/cadaval-arguido-por-posse-de-arma-proibida\/#primaryimage\"},\"thumbnailUrl\":\"https:\/\/portaltela.pt\/s.01k8rhncp4jt1\/2026\/01\/unnamed-file-5806.jpg\",\"datePublished\":\"2026-01-29T13:38:25+00:00\",\"author\":{\"@id\":\"https:\/\/portaltela.pt\/#\/schema\/person\/c4278d4a6028830caff9ee44b42d32ed\"},\"breadcrumb\":{\"@id\":\"https:\/\/portaltela.pt\/noticias\/2026\/01\/29\/cadaval-arguido-por-posse-de-arma-proibida\/#breadcrumb\"},\"inLanguage\":\"pt-PT\",\"potentialAction\":[{\"@type\":\"ReadAction\",\"target\":[\"https:\/\/portaltela.pt\/noticias\/2026\/01\/29\/cadaval-arguido-por-posse-de-arma-proibida\/\"]}]},{\"@type\":\"ImageObject\",\"inLanguage\":\"pt-PT\",\"@id\":\"https:\/\/portaltela.pt\/noticias\/2026\/01\/29\/cadaval-arguido-por-posse-de-arma-proibida\/#primaryimage\",\"url\":\"https:\/\/portaltela.pt\/s.01k8rhncp4jt1\/2026\/01\/unnamed-file-5806.jpg\",\"contentUrl\":\"https:\/\/portaltela.pt\/s.01k8rhncp4jt1\/2026\/01\/unnamed-file-5806.jpg\",\"width\":796,\"height\":448,\"caption\":\"Cadaval \u2013 Arguido por posse de arma proibida\"},{\"@type\":\"BreadcrumbList\",\"@id\":\"https:\/\/portaltela.pt\/noticias\/2026\/01\/29\/cadaval-arguido-por-posse-de-arma-proibida\/#breadcrumb\",\"itemListElement\":[{\"@type\":\"ListItem\",\"position\":1,\"name\":\"In\u00edcio\",\"item\":\"https:\/\/portaltela.pt\/\"},{\"@type\":\"ListItem\",\"position\":2,\"name\":\"Cadaval: arguido por posse de arma proibida\"}]},{\"@type\":\"WebSite\",\"@id\":\"https:\/\/portaltela.pt\/#website\",\"url\":\"https:\/\/portaltela.pt\/\",\"name\":\"Portal Tela Portugal\",\"description\":\"\",\"potentialAction\":[{\"@type\":\"SearchAction\",\"target\":{\"@type\":\"EntryPoint\",\"urlTemplate\":\"https:\/\/portaltela.pt\/?s={search_term_string}\"},\"query-input\":{\"@type\":\"PropertyValueSpecification\",\"valueRequired\":true,\"valueName\":\"search_term_string\"}}],\"inLanguage\":\"pt-PT\"},{\"@type\":\"Person\",\"@id\":\"https:\/\/portaltela.pt\/#\/schema\/person\/c4278d4a6028830caff9ee44b42d32ed\",\"name\":\"Telinha\",\"image\":{\"@type\":\"ImageObject\",\"inLanguage\":\"pt-PT\",\"@id\":\"https:\/\/portaltela.pt\/s.01k8rhncp4jt1\/2025\/11\/talking-bot-125x125.png\",\"url\":\"https:\/\/portaltela.pt\/s.01k8rhncp4jt1\/2025\/11\/talking-bot-125x125.png\",\"contentUrl\":\"https:\/\/portaltela.pt\/s.01k8rhncp4jt1\/2025\/11\/talking-bot-125x125.png\",\"caption\":\"Telinha\"},\"sameAs\":[\"https:\/\/portaltela.pt\/\"],\"url\":\"https:\/\/portaltela.pt\/por\/367410592786\/\"}]}<\/script>\n<!-- \/ Yoast SEO plugin. -->","yoast_head_json":{"title":"Cadaval: arguido por posse de arma proibida - Portal Tela Portugal","robots":{"index":"index","follow":"follow","max-snippet":"max-snippet:-1","max-image-preview":"max-image-preview:large","max-video-preview":"max-video-preview:-1"},"og_locale":"pt_PT","og_type":"article","og_title":"Cadaval: arguido por posse de arma proibida - Portal Tela Portugal","og_description":"No dia 25 de janeiro, no Cadaval, o Comando Territorial de Lisboa constituiu arguido um homem de 43 anos e apreendeu uma arma proibida. Durante patrulhamento na Vermelha, a Guarda abordou dois suspeitos, ficando claro que um deles trazia uma arma dissimulada na camisola. A arma, de Airsoft, n\u00e3o estava devidamente identificada e podia ser confundida com uma arma de fogo, sendo apreendida de imediato. Os factos foram apurados e o arguido foi constitu\u00eddo, com o processo remetido para o Tribunal Judicial de Lisboa Norte \u2013 Torres Vedras. A a\u00e7\u00e3o ocorreu no \u00e2mbito de dilig\u00eancias de seguran\u00e7a p\u00fablica na localidade.","og_url":"https:\/\/portaltela.pt\/noticias\/2026\/01\/29\/cadaval-arguido-por-posse-de-arma-proibida\/","og_site_name":"Portal Tela Portugal","article_published_time":"2026-01-29T13:38:25+00:00","author":"Telinha","twitter_card":"summary_large_image","twitter_misc":{"Escrito por":"Telinha","Tempo estimado de leitura":"1 minuto"},"schema":{"@context":"https:\/\/schema.org","@graph":[{"@type":"Article","@id":"https:\/\/portaltela.pt\/noticias\/2026\/01\/29\/cadaval-arguido-por-posse-de-arma-proibida\/#article","isPartOf":{"@id":"https:\/\/portaltela.pt\/noticias\/2026\/01\/29\/cadaval-arguido-por-posse-de-arma-proibida\/"},"author":{"name":"Telinha","@id":"https:\/\/portaltela.pt\/#\/schema\/person\/c4278d4a6028830caff9ee44b42d32ed"},"headline":"Cadaval: arguido por posse de arma proibida","datePublished":"2026-01-29T13:38:25+00:00","mainEntityOfPage":{"@id":"https:\/\/portaltela.pt\/noticias\/2026\/01\/29\/cadaval-arguido-por-posse-de-arma-proibida\/"},"wordCount":120,"image":{"@id":"https:\/\/portaltela.pt\/noticias\/2026\/01\/29\/cadaval-arguido-por-posse-de-arma-proibida\/#primaryimage"},"thumbnailUrl":"https:\/\/portaltela.pt\/s.01k8rhncp4jt1\/2026\/01\/unnamed-file-5806.jpg","keywords":["arma proibida","armas","Cadaval","Lisboa","posse de arma proibida","seguran\u00e7a p\u00fablica"],"articleSection":["Not\u00edcias"],"inLanguage":"pt-PT"},{"@type":"WebPage","@id":"https:\/\/portaltela.pt\/noticias\/2026\/01\/29\/cadaval-arguido-por-posse-de-arma-proibida\/","url":"https:\/\/portaltela.pt\/noticias\/2026\/01\/29\/cadaval-arguido-por-posse-de-arma-proibida\/","name":"Cadaval: arguido por posse de arma proibida - Portal Tela Portugal","isPartOf":{"@id":"https:\/\/portaltela.pt\/#website"},"primaryImageOfPage":{"@id":"https:\/\/portaltela.pt\/noticias\/2026\/01\/29\/cadaval-arguido-por-posse-de-arma-proibida\/#primaryimage"},"image":{"@id":"https:\/\/portaltela.pt\/noticias\/2026\/01\/29\/cadaval-arguido-por-posse-de-arma-proibida\/#primaryimage"},"thumbnailUrl":"https:\/\/portaltela.pt\/s.01k8rhncp4jt1\/2026\/01\/unnamed-file-5806.jpg","datePublished":"2026-01-29T13:38:25+00:00","author":{"@id":"https:\/\/portaltela.pt\/#\/schema\/person\/c4278d4a6028830caff9ee44b42d32ed"},"breadcrumb":{"@id":"https:\/\/portaltela.pt\/noticias\/2026\/01\/29\/cadaval-arguido-por-posse-de-arma-proibida\/#breadcrumb"},"inLanguage":"pt-PT","potentialAction":[{"@type":"ReadAction","target":["https:\/\/portaltela.pt\/noticias\/2026\/01\/29\/cadaval-arguido-por-posse-de-arma-proibida\/"]}]},{"@type":"ImageObject","inLanguage":"pt-PT","@id":"https:\/\/portaltela.pt\/noticias\/2026\/01\/29\/cadaval-arguido-por-posse-de-arma-proibida\/#primaryimage","url":"https:\/\/portaltela.pt\/s.01k8rhncp4jt1\/2026\/01\/unnamed-file-5806.jpg","contentUrl":"https:\/\/portaltela.pt\/s.01k8rhncp4jt1\/2026\/01\/unnamed-file-5806.jpg","width":796,"height":448,"caption":"Cadaval \u2013 Arguido por posse de arma proibida"},{"@type":"BreadcrumbList","@id":"https:\/\/portaltela.pt\/noticias\/2026\/01\/29\/cadaval-arguido-por-posse-de-arma-proibida\/#breadcrumb","itemListElement":[{"@type":"ListItem","position":1,"name":"In\u00edcio","item":"https:\/\/portaltela.pt\/"},{"@type":"ListItem","position":2,"name":"Cadaval: arguido por posse de arma proibida"}]},{"@type":"WebSite","@id":"https:\/\/portaltela.pt\/#website","url":"https:\/\/portaltela.pt\/","name":"Portal Tela Portugal","description":"","potentialAction":[{"@type":"SearchAction","target":{"@type":"EntryPoint","urlTemplate":"https:\/\/portaltela.pt\/?s={search_term_string}"},"query-input":{"@type":"PropertyValueSpecification","valueRequired":true,"valueName":"search_term_string"}}],"inLanguage":"pt-PT"},{"@type":"Person","@id":"https:\/\/portaltela.pt\/#\/schema\/person\/c4278d4a6028830caff9ee44b42d32ed","name":"Telinha","image":{"@type":"ImageObject","inLanguage":"pt-PT","@id":"https:\/\/portaltela.pt\/s.01k8rhncp4jt1\/2025\/11\/talking-bot-125x125.png","url":"https:\/\/portaltela.pt\/s.01k8rhncp4jt1\/2025\/11\/talking-bot-125x125.png","contentUrl":"https:\/\/portaltela.pt\/s.01k8rhncp4jt1\/2025\/11\/talking-bot-125x125.png","caption":"Telinha"},"sameAs":["https:\/\/portaltela.pt\/"],"url":"https:\/\/portaltela.pt\/por\/367410592786\/"}]}},"_links":{"self":[{"href":"https:\/\/portaltela.pt\/api\/wp\/v2\/posts\/181279","targetHints":{"allow":["GET"]}}],"collection":[{"href":"https:\/\/portaltela.pt\/api\/wp\/v2\/posts"}],"about":[{"href":"https:\/\/portaltela.pt\/api\/wp\/v2\/types\/post"}],"author":[{"embeddable":true,"href":"https:\/\/portaltela.pt\/api\/wp\/v2\/users\/2"}],"replies":[{"embeddable":true,"href":"https:\/\/portaltela.pt\/api\/wp\/v2\/comments?post=181279"}],"version-history":[{"count":0,"href":"https:\/\/portaltela.pt\/api\/wp\/v2\/posts\/181279\/revisions"}],"wp:featuredmedia":[{"embeddable":true,"href":"https:\/\/portaltela.pt\/api\/wp\/v2\/media\/181298"}],"wp:attachment":[{"href":"https:\/\/portaltela.pt\/api\/wp\/v2\/media?parent=181279"}],"wp:term":[{"taxonomy":"category","embeddable":true,"href":"https:\/\/portaltela.pt\/api\/wp\/v2\/categories?post=181279"},{"taxonomy":"post_tag","embeddable":true,"href":"https:\/\/portaltela.pt\/api\/wp\/v2\/tags?post=181279"}],"curies":[{"name":"wp","href":"https:\/\/api.w.org\/{rel}","templated":true}]}}