{"id":181273,"date":"2026-01-29T10:43:56","date_gmt":"2026-01-29T13:43:56","guid":{"rendered":"https:\/\/portaltela.pt\/noticias\/2026\/01\/29\/santana-lopes-afirma-que-governo-nao-o-contactou-nao-faz-falta\/"},"modified":"2026-01-29T10:43:56","modified_gmt":"2026-01-29T13:43:56","slug":"santana-lopes-afirma-que-governo-nao-o-contactou-nao-faz-falta","status":"publish","type":"post","link":"https:\/\/portaltela.pt\/noticias\/politica\/2026\/01\/29\/santana-lopes-afirma-que-governo-nao-o-contactou-nao-faz-falta\/","title":{"rendered":"Santana Lopes afirma que Governo n\u00e3o o contactou; n\u00e3o faz falta"},"content":{"rendered":"<p>O presidente da C\u00e2mara da Figueira da Foz, Pedro Santana Lopes, afirmou nas redes sociais que o Governo ainda n\u00e3o o contactou. Ele partilhou uma publica\u00e7\u00e3o oficial em que o Executivo anuncia dilig\u00eancias e revelou nunca ter sido contactado por Montenegro. Para o autarca, \u201ccom a nossa gente ningu\u00e9m contactou\u201d.<\/p>\n<p>Santana Lopes acrescentou que apenas Ant\u00f3nio Jos\u00e9 Seguro o contactou, por telefone e mensagem, entre os atuais \u00f3rg\u00e3os de soberania. O autarca sublinhou que isso se passou sem qualquer necessidade, afirmando que n\u00e3o faz falta o contacto.<\/p>\n<p>Apesar das cr\u00edticas ao Governo, o edil elogiou Nuno Piteira Lopes, presidente da C\u00e2mara de Cascais. Disse que o autarca de Cascais foi \u201cmuito gentil\u201d e disponibilizou recursos da autarquia para apoiar \u00e1reas afetadas.<\/p>\n<h3>Contexto atual e a\u00e7\u00f5es em curso<\/h3>\n<p>A tempestade Kristin tem causado estragos em Portugal continental, com maior incid\u00eancia nos distritos de Leiria e Coimbra. O primeiro-ministro, Lu\u00eds Montenegro, est\u00e1 a visitar uma das zonas mais afetadas, numa a\u00e7\u00e3o ligada ao decretar estado de calamidade.<\/p>\n<p>Em comunicado, o Governo indica que est\u00e1 a acompanhar de perto a situa\u00e7\u00e3o e a coordenar as medidas de resposta, nomeadamente para apoiar fam\u00edlias e infraestruturas danificadas. Mant\u00eam-se avalia\u00e7\u00f5es t\u00e9cnicas e operacionais em curso para ampliar a mobiliza\u00e7\u00e3o de meios.<\/p>\n<h3>Situa\u00e7\u00e3o regional e perspetivas<\/h3>\n<p>As autoridades locais continuam a gerir necessidades emergentes nas regi\u00f5es mais afetadas, incluindo apoio log\u00edstico e reabilita\u00e7\u00e3o de servi\u00e7os b\u00e1sicos. A comunica\u00e7\u00e3o entre munic\u00edpios e o Governo mant\u00e9m-se como ponto de refer\u00eancia para o planeamento das pr\u00f3ximas horas.<\/p>\n","protected":false},"excerpt":{"rendered":"<ul>\n<li>Pedro Santana Lopes, presidente da C\u00e2mara da Figueira da Foz, criticou o Governo e elogiou o presidente da C\u00e2mara de Cascais, Nuno Piteira Lopes.<\/li>\n<li>O autarca afirma que o Governo n\u00e3o o contactou; contactos foram realizados com Ant\u00f3nio Jos\u00e9 Seguro, segundo ele.<\/li>\n<li>\u201cConnosco ningu\u00e9m contactou. Contactou, por telefonema e mensagem, Ant\u00f3nio Jos\u00e9 Seguro. Dos atuais \u00f3rg\u00e3os de soberania, ningu\u00e9m. Mas n\u00e3o faz falta.\u201d<\/li>\n<li>Santana Lopes disse ainda que Nuno Piteira Lopes foi \u201cmuito gentil\u201d e disponibilizou os recursos da autarquia.<\/li>\n<li>A depress\u00e3o Kristin provocou estragos em Portugal continental, com maior incid\u00eancia em Leiria e Coimbra, enquanto o primeiro-ministro Lu\u00eds Montenegro visita uma das zonas afetadas.<\/li>\n<\/ul>\n","protected":false},"author":2,"featured_media":181332,"comment_status":"closed","ping_status":"closed","sticky":false,"template":"","format":"standard","meta":{"footnotes":""},"categories":[1,5],"tags":[2706,1111,1070,34,1385,2759],"class_list":["post-181273","post","type-post","status-publish","format-standard","has-post-thumbnail","hentry","category-noticias","category-politica","tag-autarquias","tag-cascais","tag-coimbra","tag-governo","tag-leiria","tag-santana-lopes"],"yoast_head":"<!-- This site is optimized with the Yoast SEO plugin v27.2 - https:\/\/yoast.com\/product\/yoast-seo-wordpress\/ -->\n<title>Santana Lopes afirma que Governo n\u00e3o o contactou; n\u00e3o faz falta - Portal Tela Portugal<\/title>\n<meta name=\"robots\" content=\"index, follow, max-snippet:-1, max-image-preview:large, max-video-preview:-1\" \/>\n<meta property=\"og:locale\" content=\"pt_PT\" \/>\n<meta property=\"og:type\" content=\"article\" \/>\n<meta property=\"og:title\" content=\"Santana Lopes afirma que Governo n\u00e3o o contactou; n\u00e3o faz falta - Portal Tela Portugal\" \/>\n<meta property=\"og:description\" content=\"Pedro Santana Lopes, presidente da C\u00e2mara da Figueira da Foz, criticou o Governo e elogiou o presidente da C\u00e2mara de Cascais, Nuno Piteira Lopes. O autarca afirma que o Governo n\u00e3o o contactou; contactos foram realizados com Ant\u00f3nio Jos\u00e9 Seguro, segundo ele. \u201cConnosco ningu\u00e9m contactou. Contactou, por telefonema e mensagem, Ant\u00f3nio Jos\u00e9 Seguro. Dos atuais \u00f3rg\u00e3os de soberania, ningu\u00e9m. Mas n\u00e3o faz falta.\u201d Santana Lopes disse ainda que Nuno Piteira Lopes foi \u201cmuito gentil\u201d e disponibilizou os recursos da autarquia. A depress\u00e3o Kristin provocou estragos em Portugal continental, com maior incid\u00eancia em Leiria e Coimbra, enquanto o primeiro-ministro Lu\u00eds Montenegro visita uma das zonas afetadas.\" \/>\n<meta property=\"og:url\" content=\"https:\/\/portaltela.pt\/noticias\/2026\/01\/29\/santana-lopes-afirma-que-governo-nao-o-contactou-nao-faz-falta\/\" \/>\n<meta property=\"og:site_name\" content=\"Portal Tela Portugal\" \/>\n<meta property=\"article:published_time\" content=\"2026-01-29T13:43:56+00:00\" \/>\n<meta name=\"author\" content=\"Telinha\" \/>\n<meta name=\"twitter:card\" content=\"summary_large_image\" \/>\n<meta name=\"twitter:label1\" content=\"Escrito por\" \/>\n\t<meta name=\"twitter:data1\" content=\"Telinha\" \/>\n\t<meta name=\"twitter:label2\" content=\"Tempo estimado de leitura\" \/>\n\t<meta name=\"twitter:data2\" content=\"1 minuto\" \/>\n<script type=\"application\/ld+json\" class=\"yoast-schema-graph\">{\"@context\":\"https:\/\/schema.org\",\"@graph\":[{\"@type\":\"Article\",\"@id\":\"https:\/\/portaltela.pt\/noticias\/2026\/01\/29\/santana-lopes-afirma-que-governo-nao-o-contactou-nao-faz-falta\/#article\",\"isPartOf\":{\"@id\":\"https:\/\/portaltela.pt\/noticias\/2026\/01\/29\/santana-lopes-afirma-que-governo-nao-o-contactou-nao-faz-falta\/\"},\"author\":{\"name\":\"Telinha\",\"@id\":\"https:\/\/portaltela.pt\/#\/schema\/person\/c4278d4a6028830caff9ee44b42d32ed\"},\"headline\":\"Santana Lopes afirma que Governo n\u00e3o o contactou; n\u00e3o faz falta\",\"datePublished\":\"2026-01-29T13:43:56+00:00\",\"mainEntityOfPage\":{\"@id\":\"https:\/\/portaltela.pt\/noticias\/2026\/01\/29\/santana-lopes-afirma-que-governo-nao-o-contactou-nao-faz-falta\/\"},\"wordCount\":291,\"image\":{\"@id\":\"https:\/\/portaltela.pt\/noticias\/2026\/01\/29\/santana-lopes-afirma-que-governo-nao-o-contactou-nao-faz-falta\/#primaryimage\"},\"thumbnailUrl\":\"https:\/\/portaltela.pt\/s.01k8rhncp4jt1\/2026\/01\/unnamed-file-5812.jpg\",\"keywords\":[\"autarquias\",\"Cascais\",\"Coimbra\",\"governo\",\"Leiria\",\"Santana Lopes\"],\"articleSection\":[\"Not\u00edcias\",\"Pol\u00edtica\"],\"inLanguage\":\"pt-PT\"},{\"@type\":\"WebPage\",\"@id\":\"https:\/\/portaltela.pt\/noticias\/2026\/01\/29\/santana-lopes-afirma-que-governo-nao-o-contactou-nao-faz-falta\/\",\"url\":\"https:\/\/portaltela.pt\/noticias\/2026\/01\/29\/santana-lopes-afirma-que-governo-nao-o-contactou-nao-faz-falta\/\",\"name\":\"Santana Lopes afirma que Governo n\u00e3o o contactou; n\u00e3o faz falta - Portal Tela Portugal\",\"isPartOf\":{\"@id\":\"https:\/\/portaltela.pt\/#website\"},\"primaryImageOfPage\":{\"@id\":\"https:\/\/portaltela.pt\/noticias\/2026\/01\/29\/santana-lopes-afirma-que-governo-nao-o-contactou-nao-faz-falta\/#primaryimage\"},\"image\":{\"@id\":\"https:\/\/portaltela.pt\/noticias\/2026\/01\/29\/santana-lopes-afirma-que-governo-nao-o-contactou-nao-faz-falta\/#primaryimage\"},\"thumbnailUrl\":\"https:\/\/portaltela.pt\/s.01k8rhncp4jt1\/2026\/01\/unnamed-file-5812.jpg\",\"datePublished\":\"2026-01-29T13:43:56+00:00\",\"author\":{\"@id\":\"https:\/\/portaltela.pt\/#\/schema\/person\/c4278d4a6028830caff9ee44b42d32ed\"},\"breadcrumb\":{\"@id\":\"https:\/\/portaltela.pt\/noticias\/2026\/01\/29\/santana-lopes-afirma-que-governo-nao-o-contactou-nao-faz-falta\/#breadcrumb\"},\"inLanguage\":\"pt-PT\",\"potentialAction\":[{\"@type\":\"ReadAction\",\"target\":[\"https:\/\/portaltela.pt\/noticias\/2026\/01\/29\/santana-lopes-afirma-que-governo-nao-o-contactou-nao-faz-falta\/\"]}]},{\"@type\":\"ImageObject\",\"inLanguage\":\"pt-PT\",\"@id\":\"https:\/\/portaltela.pt\/noticias\/2026\/01\/29\/santana-lopes-afirma-que-governo-nao-o-contactou-nao-faz-falta\/#primaryimage\",\"url\":\"https:\/\/portaltela.pt\/s.01k8rhncp4jt1\/2026\/01\/unnamed-file-5812.jpg\",\"contentUrl\":\"https:\/\/portaltela.pt\/s.01k8rhncp4jt1\/2026\/01\/unnamed-file-5812.jpg\",\"width\":796,\"height\":448,\"caption\":\"Kristin: Santana Lopes diz que Governo n\u00e3o o contactou, \\\"mas n\u00e3o faz falta\\\"\"},{\"@type\":\"BreadcrumbList\",\"@id\":\"https:\/\/portaltela.pt\/noticias\/2026\/01\/29\/santana-lopes-afirma-que-governo-nao-o-contactou-nao-faz-falta\/#breadcrumb\",\"itemListElement\":[{\"@type\":\"ListItem\",\"position\":1,\"name\":\"In\u00edcio\",\"item\":\"https:\/\/portaltela.pt\/\"},{\"@type\":\"ListItem\",\"position\":2,\"name\":\"Santana Lopes afirma que Governo n\u00e3o o contactou; n\u00e3o faz falta\"}]},{\"@type\":\"WebSite\",\"@id\":\"https:\/\/portaltela.pt\/#website\",\"url\":\"https:\/\/portaltela.pt\/\",\"name\":\"Portal Tela Portugal\",\"description\":\"\",\"potentialAction\":[{\"@type\":\"SearchAction\",\"target\":{\"@type\":\"EntryPoint\",\"urlTemplate\":\"https:\/\/portaltela.pt\/?s={search_term_string}\"},\"query-input\":{\"@type\":\"PropertyValueSpecification\",\"valueRequired\":true,\"valueName\":\"search_term_string\"}}],\"inLanguage\":\"pt-PT\"},{\"@type\":\"Person\",\"@id\":\"https:\/\/portaltela.pt\/#\/schema\/person\/c4278d4a6028830caff9ee44b42d32ed\",\"name\":\"Telinha\",\"image\":{\"@type\":\"ImageObject\",\"inLanguage\":\"pt-PT\",\"@id\":\"https:\/\/portaltela.pt\/s.01k8rhncp4jt1\/2025\/11\/talking-bot-125x125.png\",\"url\":\"https:\/\/portaltela.pt\/s.01k8rhncp4jt1\/2025\/11\/talking-bot-125x125.png\",\"contentUrl\":\"https:\/\/portaltela.pt\/s.01k8rhncp4jt1\/2025\/11\/talking-bot-125x125.png\",\"caption\":\"Telinha\"},\"sameAs\":[\"https:\/\/portaltela.pt\/\"],\"url\":\"https:\/\/portaltela.pt\/por\/367410592786\/\"}]}<\/script>\n<!-- \/ Yoast SEO plugin. -->","yoast_head_json":{"title":"Santana Lopes afirma que Governo n\u00e3o o contactou; n\u00e3o faz falta - Portal Tela Portugal","robots":{"index":"index","follow":"follow","max-snippet":"max-snippet:-1","max-image-preview":"max-image-preview:large","max-video-preview":"max-video-preview:-1"},"og_locale":"pt_PT","og_type":"article","og_title":"Santana Lopes afirma que Governo n\u00e3o o contactou; n\u00e3o faz falta - Portal Tela Portugal","og_description":"Pedro Santana Lopes, presidente da C\u00e2mara da Figueira da Foz, criticou o Governo e elogiou o presidente da C\u00e2mara de Cascais, Nuno Piteira Lopes. O autarca afirma que o Governo n\u00e3o o contactou; contactos foram realizados com Ant\u00f3nio Jos\u00e9 Seguro, segundo ele. \u201cConnosco ningu\u00e9m contactou. Contactou, por telefonema e mensagem, Ant\u00f3nio Jos\u00e9 Seguro. Dos atuais \u00f3rg\u00e3os de soberania, ningu\u00e9m. Mas n\u00e3o faz falta.\u201d Santana Lopes disse ainda que Nuno Piteira Lopes foi \u201cmuito gentil\u201d e disponibilizou os recursos da autarquia. A depress\u00e3o Kristin provocou estragos em Portugal continental, com maior incid\u00eancia em Leiria e Coimbra, enquanto o primeiro-ministro Lu\u00eds Montenegro visita uma das zonas afetadas.","og_url":"https:\/\/portaltela.pt\/noticias\/2026\/01\/29\/santana-lopes-afirma-que-governo-nao-o-contactou-nao-faz-falta\/","og_site_name":"Portal Tela Portugal","article_published_time":"2026-01-29T13:43:56+00:00","author":"Telinha","twitter_card":"summary_large_image","twitter_misc":{"Escrito por":"Telinha","Tempo estimado de leitura":"1 minuto"},"schema":{"@context":"https:\/\/schema.org","@graph":[{"@type":"Article","@id":"https:\/\/portaltela.pt\/noticias\/2026\/01\/29\/santana-lopes-afirma-que-governo-nao-o-contactou-nao-faz-falta\/#article","isPartOf":{"@id":"https:\/\/portaltela.pt\/noticias\/2026\/01\/29\/santana-lopes-afirma-que-governo-nao-o-contactou-nao-faz-falta\/"},"author":{"name":"Telinha","@id":"https:\/\/portaltela.pt\/#\/schema\/person\/c4278d4a6028830caff9ee44b42d32ed"},"headline":"Santana Lopes afirma que Governo n\u00e3o o contactou; n\u00e3o faz falta","datePublished":"2026-01-29T13:43:56+00:00","mainEntityOfPage":{"@id":"https:\/\/portaltela.pt\/noticias\/2026\/01\/29\/santana-lopes-afirma-que-governo-nao-o-contactou-nao-faz-falta\/"},"wordCount":291,"image":{"@id":"https:\/\/portaltela.pt\/noticias\/2026\/01\/29\/santana-lopes-afirma-que-governo-nao-o-contactou-nao-faz-falta\/#primaryimage"},"thumbnailUrl":"https:\/\/portaltela.pt\/s.01k8rhncp4jt1\/2026\/01\/unnamed-file-5812.jpg","keywords":["autarquias","Cascais","Coimbra","governo","Leiria","Santana Lopes"],"articleSection":["Not\u00edcias","Pol\u00edtica"],"inLanguage":"pt-PT"},{"@type":"WebPage","@id":"https:\/\/portaltela.pt\/noticias\/2026\/01\/29\/santana-lopes-afirma-que-governo-nao-o-contactou-nao-faz-falta\/","url":"https:\/\/portaltela.pt\/noticias\/2026\/01\/29\/santana-lopes-afirma-que-governo-nao-o-contactou-nao-faz-falta\/","name":"Santana Lopes afirma que Governo n\u00e3o o contactou; n\u00e3o faz falta - Portal Tela Portugal","isPartOf":{"@id":"https:\/\/portaltela.pt\/#website"},"primaryImageOfPage":{"@id":"https:\/\/portaltela.pt\/noticias\/2026\/01\/29\/santana-lopes-afirma-que-governo-nao-o-contactou-nao-faz-falta\/#primaryimage"},"image":{"@id":"https:\/\/portaltela.pt\/noticias\/2026\/01\/29\/santana-lopes-afirma-que-governo-nao-o-contactou-nao-faz-falta\/#primaryimage"},"thumbnailUrl":"https:\/\/portaltela.pt\/s.01k8rhncp4jt1\/2026\/01\/unnamed-file-5812.jpg","datePublished":"2026-01-29T13:43:56+00:00","author":{"@id":"https:\/\/portaltela.pt\/#\/schema\/person\/c4278d4a6028830caff9ee44b42d32ed"},"breadcrumb":{"@id":"https:\/\/portaltela.pt\/noticias\/2026\/01\/29\/santana-lopes-afirma-que-governo-nao-o-contactou-nao-faz-falta\/#breadcrumb"},"inLanguage":"pt-PT","potentialAction":[{"@type":"ReadAction","target":["https:\/\/portaltela.pt\/noticias\/2026\/01\/29\/santana-lopes-afirma-que-governo-nao-o-contactou-nao-faz-falta\/"]}]},{"@type":"ImageObject","inLanguage":"pt-PT","@id":"https:\/\/portaltela.pt\/noticias\/2026\/01\/29\/santana-lopes-afirma-que-governo-nao-o-contactou-nao-faz-falta\/#primaryimage","url":"https:\/\/portaltela.pt\/s.01k8rhncp4jt1\/2026\/01\/unnamed-file-5812.jpg","contentUrl":"https:\/\/portaltela.pt\/s.01k8rhncp4jt1\/2026\/01\/unnamed-file-5812.jpg","width":796,"height":448,"caption":"Kristin: Santana Lopes diz que Governo n\u00e3o o contactou, \"mas n\u00e3o faz falta\""},{"@type":"BreadcrumbList","@id":"https:\/\/portaltela.pt\/noticias\/2026\/01\/29\/santana-lopes-afirma-que-governo-nao-o-contactou-nao-faz-falta\/#breadcrumb","itemListElement":[{"@type":"ListItem","position":1,"name":"In\u00edcio","item":"https:\/\/portaltela.pt\/"},{"@type":"ListItem","position":2,"name":"Santana Lopes afirma que Governo n\u00e3o o contactou; n\u00e3o faz falta"}]},{"@type":"WebSite","@id":"https:\/\/portaltela.pt\/#website","url":"https:\/\/portaltela.pt\/","name":"Portal Tela Portugal","description":"","potentialAction":[{"@type":"SearchAction","target":{"@type":"EntryPoint","urlTemplate":"https:\/\/portaltela.pt\/?s={search_term_string}"},"query-input":{"@type":"PropertyValueSpecification","valueRequired":true,"valueName":"search_term_string"}}],"inLanguage":"pt-PT"},{"@type":"Person","@id":"https:\/\/portaltela.pt\/#\/schema\/person\/c4278d4a6028830caff9ee44b42d32ed","name":"Telinha","image":{"@type":"ImageObject","inLanguage":"pt-PT","@id":"https:\/\/portaltela.pt\/s.01k8rhncp4jt1\/2025\/11\/talking-bot-125x125.png","url":"https:\/\/portaltela.pt\/s.01k8rhncp4jt1\/2025\/11\/talking-bot-125x125.png","contentUrl":"https:\/\/portaltela.pt\/s.01k8rhncp4jt1\/2025\/11\/talking-bot-125x125.png","caption":"Telinha"},"sameAs":["https:\/\/portaltela.pt\/"],"url":"https:\/\/portaltela.pt\/por\/367410592786\/"}]}},"_links":{"self":[{"href":"https:\/\/portaltela.pt\/api\/wp\/v2\/posts\/181273","targetHints":{"allow":["GET"]}}],"collection":[{"href":"https:\/\/portaltela.pt\/api\/wp\/v2\/posts"}],"about":[{"href":"https:\/\/portaltela.pt\/api\/wp\/v2\/types\/post"}],"author":[{"embeddable":true,"href":"https:\/\/portaltela.pt\/api\/wp\/v2\/users\/2"}],"replies":[{"embeddable":true,"href":"https:\/\/portaltela.pt\/api\/wp\/v2\/comments?post=181273"}],"version-history":[{"count":0,"href":"https:\/\/portaltela.pt\/api\/wp\/v2\/posts\/181273\/revisions"}],"wp:featuredmedia":[{"embeddable":true,"href":"https:\/\/portaltela.pt\/api\/wp\/v2\/media\/181332"}],"wp:attachment":[{"href":"https:\/\/portaltela.pt\/api\/wp\/v2\/media?parent=181273"}],"wp:term":[{"taxonomy":"category","embeddable":true,"href":"https:\/\/portaltela.pt\/api\/wp\/v2\/categories?post=181273"},{"taxonomy":"post_tag","embeddable":true,"href":"https:\/\/portaltela.pt\/api\/wp\/v2\/tags?post=181273"}],"curies":[{"name":"wp","href":"https:\/\/api.w.org\/{rel}","templated":true}]}}