{"id":181270,"date":"2026-01-29T10:55:00","date_gmt":"2026-01-29T13:55:00","guid":{"rendered":"https:\/\/portaltela.pt\/noticias\/2026\/01\/29\/seguro-em-principio-contra-descongelamento-de-propinas\/"},"modified":"2026-01-29T10:55:00","modified_gmt":"2026-01-29T13:55:00","slug":"seguro-em-principio-contra-descongelamento-de-propinas","status":"publish","type":"post","link":"https:\/\/portaltela.pt\/noticias\/2026\/01\/29\/seguro-em-principio-contra-descongelamento-de-propinas\/","title":{"rendered":"Seguro &#8216;em princ\u00edpio&#8217; contra descongelamento de propinas"},"content":{"rendered":"<p>O candidato presidencial Ant\u00f3nio Jos\u00e9 Seguro afirmou, em princ\u00edpio, o seu veto ao descongelamento das propinas, mas destacou que precisa de ver o decreto antes de promulgar ou rejeitar. As declara\u00e7\u00f5es foram feitas numa entrevista breve \u00e0 r\u00e1dio da Associa\u00e7\u00e3o de Estudantes da Faculdade de Ci\u00eancias e Tecnologia (FCT).<\/p>\n<p>Seguro explicou que n\u00e3o se pronuncia sobre decretos sem conhecer a realidade do documento. Ainda assim sublinhou um princ\u00edpio b\u00e1sico: o ensino superior deve ter, em ess\u00eancia, o acesso gratuito, conforme a previs\u00e3o constitucional da nossa vida c\u00edvica.<\/p>\n<p>A entrevista foi realizada junto da comunidade estudantil da FCT, que questionou o Presidente da Rep\u00fablica sobre a posi\u00e7\u00e3o que poderia assumir diante de uma eventual aprova\u00e7\u00e3o do descongelamento das propinas. O candidato reiterou a necessidade de analisar o conte\u00fado do decreto antes de qualquer decis\u00e3o.<\/p>\n","protected":false},"excerpt":{"rendered":"<ul>\n<li>O candidato presidencial Ant\u00f3nio Jos\u00e9 Seguro disse, em princ\u00edpio, que seria contra o descongelamento das propinas, mas que s\u00f3 pode decidir ap\u00f3s ver o decreto que lhe chegue para promulga\u00e7\u00e3o ou veto.<\/li>\n<li>A afirma\u00e7\u00e3o foi feita numa breve entrevista \u00e0 r\u00e1dio da Associa\u00e7\u00e3o de Estudantes da Faculdade de Ci\u00eancias e Tecnologia (FCT).<\/li>\n<li>Seguro explicou que n\u00e3o se pronuncia sobre decretos sem os conhecer na pr\u00e1tica.<\/li>\n<li>O candidato sustenta que o ensino superior deve ser tendencialmente gratuito, conforme a Constitui\u00e7\u00e3o.<\/li>\n<\/ul>\n","protected":false},"author":2,"featured_media":181271,"comment_status":"closed","ping_status":"closed","sticky":false,"template":"","format":"standard","meta":{"footnotes":""},"categories":[1],"tags":[163,2443,92,2832,30,3391],"class_list":["post-181270","post","type-post","status-publish","format-standard","has-post-thumbnail","hentry","category-noticias","tag-educacao","tag-educacao-publica","tag-ensino","tag-politica","tag-presidente","tag-propinas"],"yoast_head":"<!-- This site is optimized with the Yoast SEO plugin v27.2 - https:\/\/yoast.com\/product\/yoast-seo-wordpress\/ -->\n<title>Seguro &#039;em princ\u00edpio&#039; contra descongelamento de propinas - Portal Tela Portugal<\/title>\n<meta name=\"robots\" content=\"index, follow, max-snippet:-1, max-image-preview:large, max-video-preview:-1\" \/>\n<meta property=\"og:locale\" content=\"pt_PT\" \/>\n<meta property=\"og:type\" content=\"article\" \/>\n<meta property=\"og:title\" content=\"Seguro &#039;em princ\u00edpio&#039; contra descongelamento de propinas - Portal Tela Portugal\" \/>\n<meta property=\"og:description\" content=\"O candidato presidencial Ant\u00f3nio Jos\u00e9 Seguro disse, em princ\u00edpio, que seria contra o descongelamento das propinas, mas que s\u00f3 pode decidir ap\u00f3s ver o decreto que lhe chegue para promulga\u00e7\u00e3o ou veto. A afirma\u00e7\u00e3o foi feita numa breve entrevista \u00e0 r\u00e1dio da Associa\u00e7\u00e3o de Estudantes da Faculdade de Ci\u00eancias e Tecnologia (FCT). Seguro explicou que n\u00e3o se pronuncia sobre decretos sem os conhecer na pr\u00e1tica. O candidato sustenta que o ensino superior deve ser tendencialmente gratuito, conforme a Constitui\u00e7\u00e3o.\" \/>\n<meta property=\"og:url\" content=\"https:\/\/portaltela.pt\/noticias\/2026\/01\/29\/seguro-em-principio-contra-descongelamento-de-propinas\/\" \/>\n<meta property=\"og:site_name\" content=\"Portal Tela Portugal\" \/>\n<meta property=\"article:published_time\" content=\"2026-01-29T13:55:00+00:00\" \/>\n<meta name=\"author\" content=\"Telinha\" \/>\n<meta name=\"twitter:card\" content=\"summary_large_image\" \/>\n<meta name=\"twitter:label1\" content=\"Escrito por\" \/>\n\t<meta name=\"twitter:data1\" content=\"Telinha\" \/>\n\t<meta name=\"twitter:label2\" content=\"Tempo estimado de leitura\" \/>\n\t<meta name=\"twitter:data2\" content=\"1 minuto\" \/>\n<script type=\"application\/ld+json\" class=\"yoast-schema-graph\">{\"@context\":\"https:\/\/schema.org\",\"@graph\":[{\"@type\":\"Article\",\"@id\":\"https:\/\/portaltela.pt\/noticias\/2026\/01\/29\/seguro-em-principio-contra-descongelamento-de-propinas\/#article\",\"isPartOf\":{\"@id\":\"https:\/\/portaltela.pt\/noticias\/2026\/01\/29\/seguro-em-principio-contra-descongelamento-de-propinas\/\"},\"author\":{\"name\":\"Telinha\",\"@id\":\"https:\/\/portaltela.pt\/#\/schema\/person\/c4278d4a6028830caff9ee44b42d32ed\"},\"headline\":\"Seguro &#8216;em princ\u00edpio&#8217; contra descongelamento de propinas\",\"datePublished\":\"2026-01-29T13:55:00+00:00\",\"mainEntityOfPage\":{\"@id\":\"https:\/\/portaltela.pt\/noticias\/2026\/01\/29\/seguro-em-principio-contra-descongelamento-de-propinas\/\"},\"wordCount\":157,\"image\":{\"@id\":\"https:\/\/portaltela.pt\/noticias\/2026\/01\/29\/seguro-em-principio-contra-descongelamento-de-propinas\/#primaryimage\"},\"thumbnailUrl\":\"https:\/\/portaltela.pt\/s.01k8rhncp4jt1\/2026\/01\/img_1500x1000uu2026-01-18-23-40-33-2261224-1.jpg\",\"keywords\":[\"educa\u00e7\u00e3o\",\"educa\u00e7\u00e3o p\u00fablica\",\"ensino\",\"pol\u00edtica\",\"presidente\",\"propinas\"],\"articleSection\":[\"Not\u00edcias\"],\"inLanguage\":\"pt-PT\"},{\"@type\":\"WebPage\",\"@id\":\"https:\/\/portaltela.pt\/noticias\/2026\/01\/29\/seguro-em-principio-contra-descongelamento-de-propinas\/\",\"url\":\"https:\/\/portaltela.pt\/noticias\/2026\/01\/29\/seguro-em-principio-contra-descongelamento-de-propinas\/\",\"name\":\"Seguro 'em princ\u00edpio' contra descongelamento de propinas - Portal Tela Portugal\",\"isPartOf\":{\"@id\":\"https:\/\/portaltela.pt\/#website\"},\"primaryImageOfPage\":{\"@id\":\"https:\/\/portaltela.pt\/noticias\/2026\/01\/29\/seguro-em-principio-contra-descongelamento-de-propinas\/#primaryimage\"},\"image\":{\"@id\":\"https:\/\/portaltela.pt\/noticias\/2026\/01\/29\/seguro-em-principio-contra-descongelamento-de-propinas\/#primaryimage\"},\"thumbnailUrl\":\"https:\/\/portaltela.pt\/s.01k8rhncp4jt1\/2026\/01\/img_1500x1000uu2026-01-18-23-40-33-2261224-1.jpg\",\"datePublished\":\"2026-01-29T13:55:00+00:00\",\"author\":{\"@id\":\"https:\/\/portaltela.pt\/#\/schema\/person\/c4278d4a6028830caff9ee44b42d32ed\"},\"breadcrumb\":{\"@id\":\"https:\/\/portaltela.pt\/noticias\/2026\/01\/29\/seguro-em-principio-contra-descongelamento-de-propinas\/#breadcrumb\"},\"inLanguage\":\"pt-PT\",\"potentialAction\":[{\"@type\":\"ReadAction\",\"target\":[\"https:\/\/portaltela.pt\/noticias\/2026\/01\/29\/seguro-em-principio-contra-descongelamento-de-propinas\/\"]}]},{\"@type\":\"ImageObject\",\"inLanguage\":\"pt-PT\",\"@id\":\"https:\/\/portaltela.pt\/noticias\/2026\/01\/29\/seguro-em-principio-contra-descongelamento-de-propinas\/#primaryimage\",\"url\":\"https:\/\/portaltela.pt\/s.01k8rhncp4jt1\/2026\/01\/img_1500x1000uu2026-01-18-23-40-33-2261224-1.jpg\",\"contentUrl\":\"https:\/\/portaltela.pt\/s.01k8rhncp4jt1\/2026\/01\/img_1500x1000uu2026-01-18-23-40-33-2261224-1.jpg\",\"width\":796,\"height\":448,\"caption\":\"Ant\u00f3nio Jos\u00e9 Seguro\"},{\"@type\":\"BreadcrumbList\",\"@id\":\"https:\/\/portaltela.pt\/noticias\/2026\/01\/29\/seguro-em-principio-contra-descongelamento-de-propinas\/#breadcrumb\",\"itemListElement\":[{\"@type\":\"ListItem\",\"position\":1,\"name\":\"In\u00edcio\",\"item\":\"https:\/\/portaltela.pt\/\"},{\"@type\":\"ListItem\",\"position\":2,\"name\":\"Seguro &#8216;em princ\u00edpio&#8217; contra descongelamento de propinas\"}]},{\"@type\":\"WebSite\",\"@id\":\"https:\/\/portaltela.pt\/#website\",\"url\":\"https:\/\/portaltela.pt\/\",\"name\":\"Portal Tela Portugal\",\"description\":\"\",\"potentialAction\":[{\"@type\":\"SearchAction\",\"target\":{\"@type\":\"EntryPoint\",\"urlTemplate\":\"https:\/\/portaltela.pt\/?s={search_term_string}\"},\"query-input\":{\"@type\":\"PropertyValueSpecification\",\"valueRequired\":true,\"valueName\":\"search_term_string\"}}],\"inLanguage\":\"pt-PT\"},{\"@type\":\"Person\",\"@id\":\"https:\/\/portaltela.pt\/#\/schema\/person\/c4278d4a6028830caff9ee44b42d32ed\",\"name\":\"Telinha\",\"image\":{\"@type\":\"ImageObject\",\"inLanguage\":\"pt-PT\",\"@id\":\"https:\/\/portaltela.pt\/s.01k8rhncp4jt1\/2025\/11\/talking-bot-125x125.png\",\"url\":\"https:\/\/portaltela.pt\/s.01k8rhncp4jt1\/2025\/11\/talking-bot-125x125.png\",\"contentUrl\":\"https:\/\/portaltela.pt\/s.01k8rhncp4jt1\/2025\/11\/talking-bot-125x125.png\",\"caption\":\"Telinha\"},\"sameAs\":[\"https:\/\/portaltela.pt\/\"],\"url\":\"https:\/\/portaltela.pt\/por\/367410592786\/\"}]}<\/script>\n<!-- \/ Yoast SEO plugin. -->","yoast_head_json":{"title":"Seguro 'em princ\u00edpio' contra descongelamento de propinas - Portal Tela Portugal","robots":{"index":"index","follow":"follow","max-snippet":"max-snippet:-1","max-image-preview":"max-image-preview:large","max-video-preview":"max-video-preview:-1"},"og_locale":"pt_PT","og_type":"article","og_title":"Seguro 'em princ\u00edpio' contra descongelamento de propinas - Portal Tela Portugal","og_description":"O candidato presidencial Ant\u00f3nio Jos\u00e9 Seguro disse, em princ\u00edpio, que seria contra o descongelamento das propinas, mas que s\u00f3 pode decidir ap\u00f3s ver o decreto que lhe chegue para promulga\u00e7\u00e3o ou veto. A afirma\u00e7\u00e3o foi feita numa breve entrevista \u00e0 r\u00e1dio da Associa\u00e7\u00e3o de Estudantes da Faculdade de Ci\u00eancias e Tecnologia (FCT). Seguro explicou que n\u00e3o se pronuncia sobre decretos sem os conhecer na pr\u00e1tica. O candidato sustenta que o ensino superior deve ser tendencialmente gratuito, conforme a Constitui\u00e7\u00e3o.","og_url":"https:\/\/portaltela.pt\/noticias\/2026\/01\/29\/seguro-em-principio-contra-descongelamento-de-propinas\/","og_site_name":"Portal Tela Portugal","article_published_time":"2026-01-29T13:55:00+00:00","author":"Telinha","twitter_card":"summary_large_image","twitter_misc":{"Escrito por":"Telinha","Tempo estimado de leitura":"1 minuto"},"schema":{"@context":"https:\/\/schema.org","@graph":[{"@type":"Article","@id":"https:\/\/portaltela.pt\/noticias\/2026\/01\/29\/seguro-em-principio-contra-descongelamento-de-propinas\/#article","isPartOf":{"@id":"https:\/\/portaltela.pt\/noticias\/2026\/01\/29\/seguro-em-principio-contra-descongelamento-de-propinas\/"},"author":{"name":"Telinha","@id":"https:\/\/portaltela.pt\/#\/schema\/person\/c4278d4a6028830caff9ee44b42d32ed"},"headline":"Seguro &#8216;em princ\u00edpio&#8217; contra descongelamento de propinas","datePublished":"2026-01-29T13:55:00+00:00","mainEntityOfPage":{"@id":"https:\/\/portaltela.pt\/noticias\/2026\/01\/29\/seguro-em-principio-contra-descongelamento-de-propinas\/"},"wordCount":157,"image":{"@id":"https:\/\/portaltela.pt\/noticias\/2026\/01\/29\/seguro-em-principio-contra-descongelamento-de-propinas\/#primaryimage"},"thumbnailUrl":"https:\/\/portaltela.pt\/s.01k8rhncp4jt1\/2026\/01\/img_1500x1000uu2026-01-18-23-40-33-2261224-1.jpg","keywords":["educa\u00e7\u00e3o","educa\u00e7\u00e3o p\u00fablica","ensino","pol\u00edtica","presidente","propinas"],"articleSection":["Not\u00edcias"],"inLanguage":"pt-PT"},{"@type":"WebPage","@id":"https:\/\/portaltela.pt\/noticias\/2026\/01\/29\/seguro-em-principio-contra-descongelamento-de-propinas\/","url":"https:\/\/portaltela.pt\/noticias\/2026\/01\/29\/seguro-em-principio-contra-descongelamento-de-propinas\/","name":"Seguro 'em princ\u00edpio' contra descongelamento de propinas - Portal Tela Portugal","isPartOf":{"@id":"https:\/\/portaltela.pt\/#website"},"primaryImageOfPage":{"@id":"https:\/\/portaltela.pt\/noticias\/2026\/01\/29\/seguro-em-principio-contra-descongelamento-de-propinas\/#primaryimage"},"image":{"@id":"https:\/\/portaltela.pt\/noticias\/2026\/01\/29\/seguro-em-principio-contra-descongelamento-de-propinas\/#primaryimage"},"thumbnailUrl":"https:\/\/portaltela.pt\/s.01k8rhncp4jt1\/2026\/01\/img_1500x1000uu2026-01-18-23-40-33-2261224-1.jpg","datePublished":"2026-01-29T13:55:00+00:00","author":{"@id":"https:\/\/portaltela.pt\/#\/schema\/person\/c4278d4a6028830caff9ee44b42d32ed"},"breadcrumb":{"@id":"https:\/\/portaltela.pt\/noticias\/2026\/01\/29\/seguro-em-principio-contra-descongelamento-de-propinas\/#breadcrumb"},"inLanguage":"pt-PT","potentialAction":[{"@type":"ReadAction","target":["https:\/\/portaltela.pt\/noticias\/2026\/01\/29\/seguro-em-principio-contra-descongelamento-de-propinas\/"]}]},{"@type":"ImageObject","inLanguage":"pt-PT","@id":"https:\/\/portaltela.pt\/noticias\/2026\/01\/29\/seguro-em-principio-contra-descongelamento-de-propinas\/#primaryimage","url":"https:\/\/portaltela.pt\/s.01k8rhncp4jt1\/2026\/01\/img_1500x1000uu2026-01-18-23-40-33-2261224-1.jpg","contentUrl":"https:\/\/portaltela.pt\/s.01k8rhncp4jt1\/2026\/01\/img_1500x1000uu2026-01-18-23-40-33-2261224-1.jpg","width":796,"height":448,"caption":"Ant\u00f3nio Jos\u00e9 Seguro"},{"@type":"BreadcrumbList","@id":"https:\/\/portaltela.pt\/noticias\/2026\/01\/29\/seguro-em-principio-contra-descongelamento-de-propinas\/#breadcrumb","itemListElement":[{"@type":"ListItem","position":1,"name":"In\u00edcio","item":"https:\/\/portaltela.pt\/"},{"@type":"ListItem","position":2,"name":"Seguro &#8216;em princ\u00edpio&#8217; contra descongelamento de propinas"}]},{"@type":"WebSite","@id":"https:\/\/portaltela.pt\/#website","url":"https:\/\/portaltela.pt\/","name":"Portal Tela Portugal","description":"","potentialAction":[{"@type":"SearchAction","target":{"@type":"EntryPoint","urlTemplate":"https:\/\/portaltela.pt\/?s={search_term_string}"},"query-input":{"@type":"PropertyValueSpecification","valueRequired":true,"valueName":"search_term_string"}}],"inLanguage":"pt-PT"},{"@type":"Person","@id":"https:\/\/portaltela.pt\/#\/schema\/person\/c4278d4a6028830caff9ee44b42d32ed","name":"Telinha","image":{"@type":"ImageObject","inLanguage":"pt-PT","@id":"https:\/\/portaltela.pt\/s.01k8rhncp4jt1\/2025\/11\/talking-bot-125x125.png","url":"https:\/\/portaltela.pt\/s.01k8rhncp4jt1\/2025\/11\/talking-bot-125x125.png","contentUrl":"https:\/\/portaltela.pt\/s.01k8rhncp4jt1\/2025\/11\/talking-bot-125x125.png","caption":"Telinha"},"sameAs":["https:\/\/portaltela.pt\/"],"url":"https:\/\/portaltela.pt\/por\/367410592786\/"}]}},"_links":{"self":[{"href":"https:\/\/portaltela.pt\/api\/wp\/v2\/posts\/181270","targetHints":{"allow":["GET"]}}],"collection":[{"href":"https:\/\/portaltela.pt\/api\/wp\/v2\/posts"}],"about":[{"href":"https:\/\/portaltela.pt\/api\/wp\/v2\/types\/post"}],"author":[{"embeddable":true,"href":"https:\/\/portaltela.pt\/api\/wp\/v2\/users\/2"}],"replies":[{"embeddable":true,"href":"https:\/\/portaltela.pt\/api\/wp\/v2\/comments?post=181270"}],"version-history":[{"count":0,"href":"https:\/\/portaltela.pt\/api\/wp\/v2\/posts\/181270\/revisions"}],"wp:featuredmedia":[{"embeddable":true,"href":"https:\/\/portaltela.pt\/api\/wp\/v2\/media\/181271"}],"wp:attachment":[{"href":"https:\/\/portaltela.pt\/api\/wp\/v2\/media?parent=181270"}],"wp:term":[{"taxonomy":"category","embeddable":true,"href":"https:\/\/portaltela.pt\/api\/wp\/v2\/categories?post=181270"},{"taxonomy":"post_tag","embeddable":true,"href":"https:\/\/portaltela.pt\/api\/wp\/v2\/tags?post=181270"}],"curies":[{"name":"wp","href":"https:\/\/api.w.org\/{rel}","templated":true}]}}