{"id":181238,"date":"2026-01-29T10:37:19","date_gmt":"2026-01-29T13:37:19","guid":{"rendered":"https:\/\/portaltela.pt\/noticias\/2026\/01\/29\/homem-detido-em-portalegre-por-violencia-fisica-e-psicologica-contra-companheira\/"},"modified":"2026-01-29T10:37:19","modified_gmt":"2026-01-29T13:37:19","slug":"homem-detido-em-portalegre-por-violencia-fisica-e-psicologica-contra-companheira","status":"publish","type":"post","link":"https:\/\/portaltela.pt\/noticias\/2026\/01\/29\/homem-detido-em-portalegre-por-violencia-fisica-e-psicologica-contra-companheira\/","title":{"rendered":"Homem detido em Portalegre por viol\u00eancia f\u00edsica e psicol\u00f3gica contra companheira"},"content":{"rendered":"<p>Um homem de 45 anos foi detido pela GNR, em Nisa (Portalegre), suspeito de viol\u00eancia f\u00edsica e psicol\u00f3gica contra a companheira, de 39 anos. A deten\u00e7\u00e3o ocorreu na segunda-feira, no \u00e2mbito de uma investiga\u00e7\u00e3o de viol\u00eancia dom\u00e9stica. A divulga\u00e7\u00e3o foi feita pela GNR nesta quinta-feira.<\/p>\n<p>Segundo a guarda, foram apurados sinais de viol\u00eancia f\u00edsica e psicol\u00f3gica sobre a v\u00edtima. No seguimento de dilig\u00eancias policiais, foi cumprido um mandado de deten\u00e7\u00e3o emitido no \u00e2mbito do caso.<\/p>\n<p>O arguido foi presente a Tribunal de Nisa, tendo sa\u00eddo em liberdade. Ficaram-lhe impostas v\u00e1rias medidas de coa\u00e7\u00e3o, como a proibi\u00e7\u00e3o de contacto com a v\u00edtima por qualquer meio.<\/p>\n<h3>Medidas de coa\u00e7\u00e3o<\/h3>\n<p>A proibi\u00e7\u00e3o abrange o contacto direto ou indireto com a v\u00edtima, bem como a proibi\u00e7\u00e3o de permanecer ou aproximar-se da resid\u00eancia desta, num raio de 400 metros, com fiscaliza\u00e7\u00e3o eletr\u00f3nica. O tribunal estendeu a tutela \u00e0 \u00e1rea onde a v\u00edtima trabalha, tamb\u00e9m com raio de 400 metros, igualmente monitorizada.<\/p>\n","protected":false},"excerpt":{"rendered":"<ul>\n<li>Homem de 45 anos foi detido pela Guarda Nacional Republicana em Nisa, Portalegre, suspeito de viol\u00eancia f\u00edsica e psicol\u00f3gica contra a companheira, de 39 anos.<\/li>\n<li>A deten\u00e7\u00e3o ocorreu na sequ\u00eancia de uma investiga\u00e7\u00e3o por viol\u00eancia dom\u00e9stica, com mandado de deten\u00e7\u00e3o emitido ap\u00f3s dilig\u00eancias policiais.<\/li>\n<li>O arguido foi apresentado no Tribunal de Nisa e ficou em liberdade com medidas de coa\u00e7\u00e3o que incluem a proibi\u00e7\u00e3o de contacto com a v\u00edtima, direta ou indiretamente, por qualquer meio.<\/li>\n<li>Tamb\u00e9m est\u00e1 proibido de permanecer ou aproximar-se da resid\u00eancia da v\u00edtima, bem como das suas imedia\u00e7\u00f5es, num raio m\u00ednimo de quatrocentos metros, com fiscaliza\u00e7\u00e3o por pulseira eletr\u00f3nica.<\/li>\n<li>O tribunal determinou igualmente a proibi\u00e7\u00e3o de permanecer ou frequentar locais habitualmente frequentados pela v\u00edtima, incluindo o local de trabalho e respetivas imedia\u00e7\u00f5es dentro do mesmo raio de quatrocentos metros, com controlo remoto.<\/li>\n<\/ul>\n","protected":false},"author":2,"featured_media":181242,"comment_status":"closed","ping_status":"closed","sticky":false,"template":"","format":"standard","meta":{"footnotes":""},"categories":[1],"tags":[1542,3854,1075,52,939,214],"class_list":["post-181238","post","type-post","status-publish","format-standard","has-post-thumbnail","hentry","category-noticias","tag-coacao","tag-nisa","tag-portalegre","tag-tribunal","tag-violencia","tag-violencia-domestica"],"yoast_head":"<!-- This site is optimized with the Yoast SEO plugin v27.2 - https:\/\/yoast.com\/product\/yoast-seo-wordpress\/ -->\n<title>Homem detido em Portalegre por viol\u00eancia f\u00edsica e psicol\u00f3gica contra companheira - Portal Tela Portugal<\/title>\n<meta name=\"robots\" content=\"index, follow, max-snippet:-1, max-image-preview:large, max-video-preview:-1\" \/>\n<meta property=\"og:locale\" content=\"pt_PT\" \/>\n<meta property=\"og:type\" content=\"article\" \/>\n<meta property=\"og:title\" content=\"Homem detido em Portalegre por viol\u00eancia f\u00edsica e psicol\u00f3gica contra companheira - Portal Tela Portugal\" \/>\n<meta property=\"og:description\" content=\"Homem de 45 anos foi detido pela Guarda Nacional Republicana em Nisa, Portalegre, suspeito de viol\u00eancia f\u00edsica e psicol\u00f3gica contra a companheira, de 39 anos. A deten\u00e7\u00e3o ocorreu na sequ\u00eancia de uma investiga\u00e7\u00e3o por viol\u00eancia dom\u00e9stica, com mandado de deten\u00e7\u00e3o emitido ap\u00f3s dilig\u00eancias policiais. O arguido foi apresentado no Tribunal de Nisa e ficou em liberdade com medidas de coa\u00e7\u00e3o que incluem a proibi\u00e7\u00e3o de contacto com a v\u00edtima, direta ou indiretamente, por qualquer meio. Tamb\u00e9m est\u00e1 proibido de permanecer ou aproximar-se da resid\u00eancia da v\u00edtima, bem como das suas imedia\u00e7\u00f5es, num raio m\u00ednimo de quatrocentos metros, com fiscaliza\u00e7\u00e3o por pulseira eletr\u00f3nica. O tribunal determinou igualmente a proibi\u00e7\u00e3o de permanecer ou frequentar locais habitualmente frequentados pela v\u00edtima, incluindo o local de trabalho e respetivas imedia\u00e7\u00f5es dentro do mesmo raio de quatrocentos metros, com controlo remoto.\" \/>\n<meta property=\"og:url\" content=\"https:\/\/portaltela.pt\/noticias\/2026\/01\/29\/homem-detido-em-portalegre-por-violencia-fisica-e-psicologica-contra-companheira\/\" \/>\n<meta property=\"og:site_name\" content=\"Portal Tela Portugal\" \/>\n<meta property=\"article:published_time\" content=\"2026-01-29T13:37:19+00:00\" \/>\n<meta name=\"author\" content=\"Telinha\" \/>\n<meta name=\"twitter:card\" content=\"summary_large_image\" \/>\n<meta name=\"twitter:label1\" content=\"Escrito por\" \/>\n\t<meta name=\"twitter:data1\" content=\"Telinha\" \/>\n\t<meta name=\"twitter:label2\" content=\"Tempo estimado de leitura\" \/>\n\t<meta name=\"twitter:data2\" content=\"1 minuto\" \/>\n<script type=\"application\/ld+json\" class=\"yoast-schema-graph\">{\"@context\":\"https:\/\/schema.org\",\"@graph\":[{\"@type\":\"Article\",\"@id\":\"https:\/\/portaltela.pt\/noticias\/2026\/01\/29\/homem-detido-em-portalegre-por-violencia-fisica-e-psicologica-contra-companheira\/#article\",\"isPartOf\":{\"@id\":\"https:\/\/portaltela.pt\/noticias\/2026\/01\/29\/homem-detido-em-portalegre-por-violencia-fisica-e-psicologica-contra-companheira\/\"},\"author\":{\"name\":\"Telinha\",\"@id\":\"https:\/\/portaltela.pt\/#\/schema\/person\/c4278d4a6028830caff9ee44b42d32ed\"},\"headline\":\"Homem detido em Portalegre por viol\u00eancia f\u00edsica e psicol\u00f3gica contra companheira\",\"datePublished\":\"2026-01-29T13:37:19+00:00\",\"mainEntityOfPage\":{\"@id\":\"https:\/\/portaltela.pt\/noticias\/2026\/01\/29\/homem-detido-em-portalegre-por-violencia-fisica-e-psicologica-contra-companheira\/\"},\"wordCount\":193,\"image\":{\"@id\":\"https:\/\/portaltela.pt\/noticias\/2026\/01\/29\/homem-detido-em-portalegre-por-violencia-fisica-e-psicologica-contra-companheira\/#primaryimage\"},\"thumbnailUrl\":\"https:\/\/portaltela.pt\/s.01k8rhncp4jt1\/2026\/01\/img_1500x1000uu2023-07-17-19-31-12-1397010-5.jpg\",\"keywords\":[\"coa\u00e7\u00e3o\",\"Nisa\",\"Portalegre\",\"tribunal\",\"viol\u00eancia\",\"viol\u00eancia dom\u00e9stica\"],\"articleSection\":[\"Not\u00edcias\"],\"inLanguage\":\"pt-PT\"},{\"@type\":\"WebPage\",\"@id\":\"https:\/\/portaltela.pt\/noticias\/2026\/01\/29\/homem-detido-em-portalegre-por-violencia-fisica-e-psicologica-contra-companheira\/\",\"url\":\"https:\/\/portaltela.pt\/noticias\/2026\/01\/29\/homem-detido-em-portalegre-por-violencia-fisica-e-psicologica-contra-companheira\/\",\"name\":\"Homem detido em Portalegre por viol\u00eancia f\u00edsica e psicol\u00f3gica contra companheira - Portal Tela Portugal\",\"isPartOf\":{\"@id\":\"https:\/\/portaltela.pt\/#website\"},\"primaryImageOfPage\":{\"@id\":\"https:\/\/portaltela.pt\/noticias\/2026\/01\/29\/homem-detido-em-portalegre-por-violencia-fisica-e-psicologica-contra-companheira\/#primaryimage\"},\"image\":{\"@id\":\"https:\/\/portaltela.pt\/noticias\/2026\/01\/29\/homem-detido-em-portalegre-por-violencia-fisica-e-psicologica-contra-companheira\/#primaryimage\"},\"thumbnailUrl\":\"https:\/\/portaltela.pt\/s.01k8rhncp4jt1\/2026\/01\/img_1500x1000uu2023-07-17-19-31-12-1397010-5.jpg\",\"datePublished\":\"2026-01-29T13:37:19+00:00\",\"author\":{\"@id\":\"https:\/\/portaltela.pt\/#\/schema\/person\/c4278d4a6028830caff9ee44b42d32ed\"},\"breadcrumb\":{\"@id\":\"https:\/\/portaltela.pt\/noticias\/2026\/01\/29\/homem-detido-em-portalegre-por-violencia-fisica-e-psicologica-contra-companheira\/#breadcrumb\"},\"inLanguage\":\"pt-PT\",\"potentialAction\":[{\"@type\":\"ReadAction\",\"target\":[\"https:\/\/portaltela.pt\/noticias\/2026\/01\/29\/homem-detido-em-portalegre-por-violencia-fisica-e-psicologica-contra-companheira\/\"]}]},{\"@type\":\"ImageObject\",\"inLanguage\":\"pt-PT\",\"@id\":\"https:\/\/portaltela.pt\/noticias\/2026\/01\/29\/homem-detido-em-portalegre-por-violencia-fisica-e-psicologica-contra-companheira\/#primaryimage\",\"url\":\"https:\/\/portaltela.pt\/s.01k8rhncp4jt1\/2026\/01\/img_1500x1000uu2023-07-17-19-31-12-1397010-5.jpg\",\"contentUrl\":\"https:\/\/portaltela.pt\/s.01k8rhncp4jt1\/2026\/01\/img_1500x1000uu2023-07-17-19-31-12-1397010-5.jpg\",\"width\":796,\"height\":448,\"caption\":\"GNR\"},{\"@type\":\"BreadcrumbList\",\"@id\":\"https:\/\/portaltela.pt\/noticias\/2026\/01\/29\/homem-detido-em-portalegre-por-violencia-fisica-e-psicologica-contra-companheira\/#breadcrumb\",\"itemListElement\":[{\"@type\":\"ListItem\",\"position\":1,\"name\":\"In\u00edcio\",\"item\":\"https:\/\/portaltela.pt\/\"},{\"@type\":\"ListItem\",\"position\":2,\"name\":\"Homem detido em Portalegre por viol\u00eancia f\u00edsica e psicol\u00f3gica contra companheira\"}]},{\"@type\":\"WebSite\",\"@id\":\"https:\/\/portaltela.pt\/#website\",\"url\":\"https:\/\/portaltela.pt\/\",\"name\":\"Portal Tela Portugal\",\"description\":\"\",\"potentialAction\":[{\"@type\":\"SearchAction\",\"target\":{\"@type\":\"EntryPoint\",\"urlTemplate\":\"https:\/\/portaltela.pt\/?s={search_term_string}\"},\"query-input\":{\"@type\":\"PropertyValueSpecification\",\"valueRequired\":true,\"valueName\":\"search_term_string\"}}],\"inLanguage\":\"pt-PT\"},{\"@type\":\"Person\",\"@id\":\"https:\/\/portaltela.pt\/#\/schema\/person\/c4278d4a6028830caff9ee44b42d32ed\",\"name\":\"Telinha\",\"image\":{\"@type\":\"ImageObject\",\"inLanguage\":\"pt-PT\",\"@id\":\"https:\/\/portaltela.pt\/s.01k8rhncp4jt1\/2025\/11\/talking-bot-125x125.png\",\"url\":\"https:\/\/portaltela.pt\/s.01k8rhncp4jt1\/2025\/11\/talking-bot-125x125.png\",\"contentUrl\":\"https:\/\/portaltela.pt\/s.01k8rhncp4jt1\/2025\/11\/talking-bot-125x125.png\",\"caption\":\"Telinha\"},\"sameAs\":[\"https:\/\/portaltela.pt\/\"],\"url\":\"https:\/\/portaltela.pt\/por\/367410592786\/\"}]}<\/script>\n<!-- \/ Yoast SEO plugin. -->","yoast_head_json":{"title":"Homem detido em Portalegre por viol\u00eancia f\u00edsica e psicol\u00f3gica contra companheira - Portal Tela Portugal","robots":{"index":"index","follow":"follow","max-snippet":"max-snippet:-1","max-image-preview":"max-image-preview:large","max-video-preview":"max-video-preview:-1"},"og_locale":"pt_PT","og_type":"article","og_title":"Homem detido em Portalegre por viol\u00eancia f\u00edsica e psicol\u00f3gica contra companheira - Portal Tela Portugal","og_description":"Homem de 45 anos foi detido pela Guarda Nacional Republicana em Nisa, Portalegre, suspeito de viol\u00eancia f\u00edsica e psicol\u00f3gica contra a companheira, de 39 anos. A deten\u00e7\u00e3o ocorreu na sequ\u00eancia de uma investiga\u00e7\u00e3o por viol\u00eancia dom\u00e9stica, com mandado de deten\u00e7\u00e3o emitido ap\u00f3s dilig\u00eancias policiais. O arguido foi apresentado no Tribunal de Nisa e ficou em liberdade com medidas de coa\u00e7\u00e3o que incluem a proibi\u00e7\u00e3o de contacto com a v\u00edtima, direta ou indiretamente, por qualquer meio. Tamb\u00e9m est\u00e1 proibido de permanecer ou aproximar-se da resid\u00eancia da v\u00edtima, bem como das suas imedia\u00e7\u00f5es, num raio m\u00ednimo de quatrocentos metros, com fiscaliza\u00e7\u00e3o por pulseira eletr\u00f3nica. O tribunal determinou igualmente a proibi\u00e7\u00e3o de permanecer ou frequentar locais habitualmente frequentados pela v\u00edtima, incluindo o local de trabalho e respetivas imedia\u00e7\u00f5es dentro do mesmo raio de quatrocentos metros, com controlo remoto.","og_url":"https:\/\/portaltela.pt\/noticias\/2026\/01\/29\/homem-detido-em-portalegre-por-violencia-fisica-e-psicologica-contra-companheira\/","og_site_name":"Portal Tela Portugal","article_published_time":"2026-01-29T13:37:19+00:00","author":"Telinha","twitter_card":"summary_large_image","twitter_misc":{"Escrito por":"Telinha","Tempo estimado de leitura":"1 minuto"},"schema":{"@context":"https:\/\/schema.org","@graph":[{"@type":"Article","@id":"https:\/\/portaltela.pt\/noticias\/2026\/01\/29\/homem-detido-em-portalegre-por-violencia-fisica-e-psicologica-contra-companheira\/#article","isPartOf":{"@id":"https:\/\/portaltela.pt\/noticias\/2026\/01\/29\/homem-detido-em-portalegre-por-violencia-fisica-e-psicologica-contra-companheira\/"},"author":{"name":"Telinha","@id":"https:\/\/portaltela.pt\/#\/schema\/person\/c4278d4a6028830caff9ee44b42d32ed"},"headline":"Homem detido em Portalegre por viol\u00eancia f\u00edsica e psicol\u00f3gica contra companheira","datePublished":"2026-01-29T13:37:19+00:00","mainEntityOfPage":{"@id":"https:\/\/portaltela.pt\/noticias\/2026\/01\/29\/homem-detido-em-portalegre-por-violencia-fisica-e-psicologica-contra-companheira\/"},"wordCount":193,"image":{"@id":"https:\/\/portaltela.pt\/noticias\/2026\/01\/29\/homem-detido-em-portalegre-por-violencia-fisica-e-psicologica-contra-companheira\/#primaryimage"},"thumbnailUrl":"https:\/\/portaltela.pt\/s.01k8rhncp4jt1\/2026\/01\/img_1500x1000uu2023-07-17-19-31-12-1397010-5.jpg","keywords":["coa\u00e7\u00e3o","Nisa","Portalegre","tribunal","viol\u00eancia","viol\u00eancia dom\u00e9stica"],"articleSection":["Not\u00edcias"],"inLanguage":"pt-PT"},{"@type":"WebPage","@id":"https:\/\/portaltela.pt\/noticias\/2026\/01\/29\/homem-detido-em-portalegre-por-violencia-fisica-e-psicologica-contra-companheira\/","url":"https:\/\/portaltela.pt\/noticias\/2026\/01\/29\/homem-detido-em-portalegre-por-violencia-fisica-e-psicologica-contra-companheira\/","name":"Homem detido em Portalegre por viol\u00eancia f\u00edsica e psicol\u00f3gica contra companheira - Portal Tela Portugal","isPartOf":{"@id":"https:\/\/portaltela.pt\/#website"},"primaryImageOfPage":{"@id":"https:\/\/portaltela.pt\/noticias\/2026\/01\/29\/homem-detido-em-portalegre-por-violencia-fisica-e-psicologica-contra-companheira\/#primaryimage"},"image":{"@id":"https:\/\/portaltela.pt\/noticias\/2026\/01\/29\/homem-detido-em-portalegre-por-violencia-fisica-e-psicologica-contra-companheira\/#primaryimage"},"thumbnailUrl":"https:\/\/portaltela.pt\/s.01k8rhncp4jt1\/2026\/01\/img_1500x1000uu2023-07-17-19-31-12-1397010-5.jpg","datePublished":"2026-01-29T13:37:19+00:00","author":{"@id":"https:\/\/portaltela.pt\/#\/schema\/person\/c4278d4a6028830caff9ee44b42d32ed"},"breadcrumb":{"@id":"https:\/\/portaltela.pt\/noticias\/2026\/01\/29\/homem-detido-em-portalegre-por-violencia-fisica-e-psicologica-contra-companheira\/#breadcrumb"},"inLanguage":"pt-PT","potentialAction":[{"@type":"ReadAction","target":["https:\/\/portaltela.pt\/noticias\/2026\/01\/29\/homem-detido-em-portalegre-por-violencia-fisica-e-psicologica-contra-companheira\/"]}]},{"@type":"ImageObject","inLanguage":"pt-PT","@id":"https:\/\/portaltela.pt\/noticias\/2026\/01\/29\/homem-detido-em-portalegre-por-violencia-fisica-e-psicologica-contra-companheira\/#primaryimage","url":"https:\/\/portaltela.pt\/s.01k8rhncp4jt1\/2026\/01\/img_1500x1000uu2023-07-17-19-31-12-1397010-5.jpg","contentUrl":"https:\/\/portaltela.pt\/s.01k8rhncp4jt1\/2026\/01\/img_1500x1000uu2023-07-17-19-31-12-1397010-5.jpg","width":796,"height":448,"caption":"GNR"},{"@type":"BreadcrumbList","@id":"https:\/\/portaltela.pt\/noticias\/2026\/01\/29\/homem-detido-em-portalegre-por-violencia-fisica-e-psicologica-contra-companheira\/#breadcrumb","itemListElement":[{"@type":"ListItem","position":1,"name":"In\u00edcio","item":"https:\/\/portaltela.pt\/"},{"@type":"ListItem","position":2,"name":"Homem detido em Portalegre por viol\u00eancia f\u00edsica e psicol\u00f3gica contra companheira"}]},{"@type":"WebSite","@id":"https:\/\/portaltela.pt\/#website","url":"https:\/\/portaltela.pt\/","name":"Portal Tela Portugal","description":"","potentialAction":[{"@type":"SearchAction","target":{"@type":"EntryPoint","urlTemplate":"https:\/\/portaltela.pt\/?s={search_term_string}"},"query-input":{"@type":"PropertyValueSpecification","valueRequired":true,"valueName":"search_term_string"}}],"inLanguage":"pt-PT"},{"@type":"Person","@id":"https:\/\/portaltela.pt\/#\/schema\/person\/c4278d4a6028830caff9ee44b42d32ed","name":"Telinha","image":{"@type":"ImageObject","inLanguage":"pt-PT","@id":"https:\/\/portaltela.pt\/s.01k8rhncp4jt1\/2025\/11\/talking-bot-125x125.png","url":"https:\/\/portaltela.pt\/s.01k8rhncp4jt1\/2025\/11\/talking-bot-125x125.png","contentUrl":"https:\/\/portaltela.pt\/s.01k8rhncp4jt1\/2025\/11\/talking-bot-125x125.png","caption":"Telinha"},"sameAs":["https:\/\/portaltela.pt\/"],"url":"https:\/\/portaltela.pt\/por\/367410592786\/"}]}},"_links":{"self":[{"href":"https:\/\/portaltela.pt\/api\/wp\/v2\/posts\/181238","targetHints":{"allow":["GET"]}}],"collection":[{"href":"https:\/\/portaltela.pt\/api\/wp\/v2\/posts"}],"about":[{"href":"https:\/\/portaltela.pt\/api\/wp\/v2\/types\/post"}],"author":[{"embeddable":true,"href":"https:\/\/portaltela.pt\/api\/wp\/v2\/users\/2"}],"replies":[{"embeddable":true,"href":"https:\/\/portaltela.pt\/api\/wp\/v2\/comments?post=181238"}],"version-history":[{"count":0,"href":"https:\/\/portaltela.pt\/api\/wp\/v2\/posts\/181238\/revisions"}],"wp:featuredmedia":[{"embeddable":true,"href":"https:\/\/portaltela.pt\/api\/wp\/v2\/media\/181242"}],"wp:attachment":[{"href":"https:\/\/portaltela.pt\/api\/wp\/v2\/media?parent=181238"}],"wp:term":[{"taxonomy":"category","embeddable":true,"href":"https:\/\/portaltela.pt\/api\/wp\/v2\/categories?post=181238"},{"taxonomy":"post_tag","embeddable":true,"href":"https:\/\/portaltela.pt\/api\/wp\/v2\/tags?post=181238"}],"curies":[{"name":"wp","href":"https:\/\/api.w.org\/{rel}","templated":true}]}}