{"id":181183,"date":"2026-01-29T10:14:00","date_gmt":"2026-01-29T13:14:00","guid":{"rendered":"https:\/\/portaltela.pt\/noticias\/2026\/01\/29\/detido-suspeito-de-abuso-sexual-de-menores-e-pornografia-infantil\/"},"modified":"2026-01-29T10:14:00","modified_gmt":"2026-01-29T13:14:00","slug":"detido-suspeito-de-abuso-sexual-de-menores-e-pornografia-infantil","status":"publish","type":"post","link":"https:\/\/portaltela.pt\/noticias\/2026\/01\/29\/detido-suspeito-de-abuso-sexual-de-menores-e-pornografia-infantil\/","title":{"rendered":"Detido suspeito de abuso sexual de menores e pornografia infantil"},"content":{"rendered":"<p>Um homem de 33 anos foi detido na quarta-feira, em Gondomar, por suspeita de abuso sexual de menores e pornografia de menores, envolvendo a filha da companheira, com 13 anos, anunciou a Pol\u00edcia Judici\u00e1ria (PJ) na quinta-feira.<\/p>\n<p>A v\u00edtima reportou o caso \u00e0 psic\u00f3loga da escola que frequenta, que por sua vez acionou as autoridades. A PJ confirmou que a den\u00fancia deu origem \u00e0s opera\u00e7\u00f5es de investiga\u00e7\u00e3o.<\/p>\n<p>Segundo a PJ, o suspeito \u00e9 investigado por diversos crimes contra a liberdade e autodetermina\u00e7\u00e3o da menor. As dilig\u00eancias iniciais permitiram recolher ind\u00edcios suficientes para contextualizar os atos praticados.<\/p>\n<h3>Desenvolvimento e pr\u00f3ximos passos<\/h3>\n<p>O detido n\u00e3o possui antecedentes criminais. Vai ser apresentado \u00e0s autoridades judici\u00e1rias competentes para o primeiro interrogat\u00f3rio judicial e para a decis\u00e3o sobre medidas de coa\u00e7\u00e3o.<\/p>\n<p>A investiga\u00e7\u00e3o continua a decorrer para apurar a totalidade dos factos e recolher provas adicionais relevantes para o caso. A PJ n\u00e3o divulgou outras informa\u00e7\u00f5es p\u00fablicas no momento.<\/p>\n","protected":false},"excerpt":{"rendered":"<ul>\n<li>Um homem de 33 anos foi detido em Gondomar por suspeita de abuso sexual de menores e pornografia de crian\u00e7as.<\/li>\n<li>A v\u00edtima \u00e9 uma menor de 13 anos, filha da companheira do detido; a crian\u00e7a informou a psic\u00f3loga da escola, que denunciou o caso \u00e0 Pol\u00edcia Judici\u00e1ria.<\/li>\n<li>A Pol\u00edcia Judici\u00e1ria aponta que o detido \u00e9 suspeito de diversos crimes contra a liberdade e autodetermina\u00e7\u00e3o da menor.<\/li>\n<li>Foram realizadas dilig\u00eancias que reuniram provas e indicam atos abusivos de cariz sexual, com fortes ind\u00edcios da autoria.<\/li>\n<li>O detido vai ficar presente \u00e0s autoridades judici\u00e1rias para o primeiro interrogat\u00f3rio judicial e para a aplica\u00e7\u00e3o de medidas de coa\u00e7\u00e3o; n\u00e3o tem antecedentes criminais.<\/li>\n<\/ul>\n","protected":false},"author":2,"featured_media":181206,"comment_status":"closed","ping_status":"closed","sticky":false,"template":"","format":"standard","meta":{"footnotes":""},"categories":[1],"tags":[817,208,3990,1243,2510,2518],"class_list":["post-181183","post","type-post","status-publish","format-standard","has-post-thumbnail","hentry","category-noticias","tag-abuso-de-menor-dependente-ou-em-situacao-vulneravel","tag-abuso-de-menores-dependentes","tag-crimes-sexuais","tag-gondomar","tag-pornografia-de-menor-dependente","tag-pornografia-de-menor-dependente-ou-em-situacao-vulneravel"],"yoast_head":"<!-- This site is optimized with the Yoast SEO plugin v27.2 - https:\/\/yoast.com\/product\/yoast-seo-wordpress\/ -->\n<title>Detido suspeito de abuso sexual de menores e pornografia infantil - Portal Tela Portugal<\/title>\n<meta name=\"robots\" content=\"index, follow, max-snippet:-1, max-image-preview:large, max-video-preview:-1\" \/>\n<meta property=\"og:locale\" content=\"pt_PT\" \/>\n<meta property=\"og:type\" content=\"article\" \/>\n<meta property=\"og:title\" content=\"Detido suspeito de abuso sexual de menores e pornografia infantil - Portal Tela Portugal\" \/>\n<meta property=\"og:description\" content=\"Um homem de 33 anos foi detido em Gondomar por suspeita de abuso sexual de menores e pornografia de crian\u00e7as. A v\u00edtima \u00e9 uma menor de 13 anos, filha da companheira do detido; a crian\u00e7a informou a psic\u00f3loga da escola, que denunciou o caso \u00e0 Pol\u00edcia Judici\u00e1ria. A Pol\u00edcia Judici\u00e1ria aponta que o detido \u00e9 suspeito de diversos crimes contra a liberdade e autodetermina\u00e7\u00e3o da menor. Foram realizadas dilig\u00eancias que reuniram provas e indicam atos abusivos de cariz sexual, com fortes ind\u00edcios da autoria. O detido vai ficar presente \u00e0s autoridades judici\u00e1rias para o primeiro interrogat\u00f3rio judicial e para a aplica\u00e7\u00e3o de medidas de coa\u00e7\u00e3o; n\u00e3o tem antecedentes criminais.\" \/>\n<meta property=\"og:url\" content=\"https:\/\/portaltela.pt\/noticias\/2026\/01\/29\/detido-suspeito-de-abuso-sexual-de-menores-e-pornografia-infantil\/\" \/>\n<meta property=\"og:site_name\" content=\"Portal Tela Portugal\" \/>\n<meta property=\"article:published_time\" content=\"2026-01-29T13:14:00+00:00\" \/>\n<meta name=\"author\" content=\"Telinha\" \/>\n<meta name=\"twitter:card\" content=\"summary_large_image\" \/>\n<meta name=\"twitter:label1\" content=\"Escrito por\" \/>\n\t<meta name=\"twitter:data1\" content=\"Telinha\" \/>\n\t<meta name=\"twitter:label2\" content=\"Tempo estimado de leitura\" \/>\n\t<meta name=\"twitter:data2\" content=\"1 minuto\" \/>\n<script type=\"application\/ld+json\" class=\"yoast-schema-graph\">{\"@context\":\"https:\/\/schema.org\",\"@graph\":[{\"@type\":\"Article\",\"@id\":\"https:\/\/portaltela.pt\/noticias\/2026\/01\/29\/detido-suspeito-de-abuso-sexual-de-menores-e-pornografia-infantil\/#article\",\"isPartOf\":{\"@id\":\"https:\/\/portaltela.pt\/noticias\/2026\/01\/29\/detido-suspeito-de-abuso-sexual-de-menores-e-pornografia-infantil\/\"},\"author\":{\"name\":\"Telinha\",\"@id\":\"https:\/\/portaltela.pt\/#\/schema\/person\/c4278d4a6028830caff9ee44b42d32ed\"},\"headline\":\"Detido suspeito de abuso sexual de menores e pornografia infantil\",\"datePublished\":\"2026-01-29T13:14:00+00:00\",\"mainEntityOfPage\":{\"@id\":\"https:\/\/portaltela.pt\/noticias\/2026\/01\/29\/detido-suspeito-de-abuso-sexual-de-menores-e-pornografia-infantil\/\"},\"wordCount\":180,\"image\":{\"@id\":\"https:\/\/portaltela.pt\/noticias\/2026\/01\/29\/detido-suspeito-de-abuso-sexual-de-menores-e-pornografia-infantil\/#primaryimage\"},\"thumbnailUrl\":\"https:\/\/portaltela.pt\/s.01k8rhncp4jt1\/2026\/01\/unnamed-file-5799.jpg\",\"keywords\":[\"abuso de menor dependente ou em situa\u00e7\u00e3o vulner\u00e1vel\",\"abuso de menores dependentes\",\"crimes sexuais\",\"Gondomar\",\"pornografia de menor dependente\",\"pornografia de menor dependente ou em situa\u00e7\u00e3o vulner\u00e1vel\"],\"articleSection\":[\"Not\u00edcias\"],\"inLanguage\":\"pt-PT\"},{\"@type\":\"WebPage\",\"@id\":\"https:\/\/portaltela.pt\/noticias\/2026\/01\/29\/detido-suspeito-de-abuso-sexual-de-menores-e-pornografia-infantil\/\",\"url\":\"https:\/\/portaltela.pt\/noticias\/2026\/01\/29\/detido-suspeito-de-abuso-sexual-de-menores-e-pornografia-infantil\/\",\"name\":\"Detido suspeito de abuso sexual de menores e pornografia infantil - Portal Tela Portugal\",\"isPartOf\":{\"@id\":\"https:\/\/portaltela.pt\/#website\"},\"primaryImageOfPage\":{\"@id\":\"https:\/\/portaltela.pt\/noticias\/2026\/01\/29\/detido-suspeito-de-abuso-sexual-de-menores-e-pornografia-infantil\/#primaryimage\"},\"image\":{\"@id\":\"https:\/\/portaltela.pt\/noticias\/2026\/01\/29\/detido-suspeito-de-abuso-sexual-de-menores-e-pornografia-infantil\/#primaryimage\"},\"thumbnailUrl\":\"https:\/\/portaltela.pt\/s.01k8rhncp4jt1\/2026\/01\/unnamed-file-5799.jpg\",\"datePublished\":\"2026-01-29T13:14:00+00:00\",\"author\":{\"@id\":\"https:\/\/portaltela.pt\/#\/schema\/person\/c4278d4a6028830caff9ee44b42d32ed\"},\"breadcrumb\":{\"@id\":\"https:\/\/portaltela.pt\/noticias\/2026\/01\/29\/detido-suspeito-de-abuso-sexual-de-menores-e-pornografia-infantil\/#breadcrumb\"},\"inLanguage\":\"pt-PT\",\"potentialAction\":[{\"@type\":\"ReadAction\",\"target\":[\"https:\/\/portaltela.pt\/noticias\/2026\/01\/29\/detido-suspeito-de-abuso-sexual-de-menores-e-pornografia-infantil\/\"]}]},{\"@type\":\"ImageObject\",\"inLanguage\":\"pt-PT\",\"@id\":\"https:\/\/portaltela.pt\/noticias\/2026\/01\/29\/detido-suspeito-de-abuso-sexual-de-menores-e-pornografia-infantil\/#primaryimage\",\"url\":\"https:\/\/portaltela.pt\/s.01k8rhncp4jt1\/2026\/01\/unnamed-file-5799.jpg\",\"contentUrl\":\"https:\/\/portaltela.pt\/s.01k8rhncp4jt1\/2026\/01\/unnamed-file-5799.jpg\",\"width\":796,\"height\":448,\"caption\":\"\\\"De referir que a v\u00edtima se encontra numa situa\u00e7\u00e3o de especial vulnerabilidade\\\", afirma a PJ\"},{\"@type\":\"BreadcrumbList\",\"@id\":\"https:\/\/portaltela.pt\/noticias\/2026\/01\/29\/detido-suspeito-de-abuso-sexual-de-menores-e-pornografia-infantil\/#breadcrumb\",\"itemListElement\":[{\"@type\":\"ListItem\",\"position\":1,\"name\":\"In\u00edcio\",\"item\":\"https:\/\/portaltela.pt\/\"},{\"@type\":\"ListItem\",\"position\":2,\"name\":\"Detido suspeito de abuso sexual de menores e pornografia infantil\"}]},{\"@type\":\"WebSite\",\"@id\":\"https:\/\/portaltela.pt\/#website\",\"url\":\"https:\/\/portaltela.pt\/\",\"name\":\"Portal Tela Portugal\",\"description\":\"\",\"potentialAction\":[{\"@type\":\"SearchAction\",\"target\":{\"@type\":\"EntryPoint\",\"urlTemplate\":\"https:\/\/portaltela.pt\/?s={search_term_string}\"},\"query-input\":{\"@type\":\"PropertyValueSpecification\",\"valueRequired\":true,\"valueName\":\"search_term_string\"}}],\"inLanguage\":\"pt-PT\"},{\"@type\":\"Person\",\"@id\":\"https:\/\/portaltela.pt\/#\/schema\/person\/c4278d4a6028830caff9ee44b42d32ed\",\"name\":\"Telinha\",\"image\":{\"@type\":\"ImageObject\",\"inLanguage\":\"pt-PT\",\"@id\":\"https:\/\/portaltela.pt\/s.01k8rhncp4jt1\/2025\/11\/talking-bot-125x125.png\",\"url\":\"https:\/\/portaltela.pt\/s.01k8rhncp4jt1\/2025\/11\/talking-bot-125x125.png\",\"contentUrl\":\"https:\/\/portaltela.pt\/s.01k8rhncp4jt1\/2025\/11\/talking-bot-125x125.png\",\"caption\":\"Telinha\"},\"sameAs\":[\"https:\/\/portaltela.pt\/\"],\"url\":\"https:\/\/portaltela.pt\/por\/367410592786\/\"}]}<\/script>\n<!-- \/ Yoast SEO plugin. -->","yoast_head_json":{"title":"Detido suspeito de abuso sexual de menores e pornografia infantil - Portal Tela Portugal","robots":{"index":"index","follow":"follow","max-snippet":"max-snippet:-1","max-image-preview":"max-image-preview:large","max-video-preview":"max-video-preview:-1"},"og_locale":"pt_PT","og_type":"article","og_title":"Detido suspeito de abuso sexual de menores e pornografia infantil - Portal Tela Portugal","og_description":"Um homem de 33 anos foi detido em Gondomar por suspeita de abuso sexual de menores e pornografia de crian\u00e7as. A v\u00edtima \u00e9 uma menor de 13 anos, filha da companheira do detido; a crian\u00e7a informou a psic\u00f3loga da escola, que denunciou o caso \u00e0 Pol\u00edcia Judici\u00e1ria. A Pol\u00edcia Judici\u00e1ria aponta que o detido \u00e9 suspeito de diversos crimes contra a liberdade e autodetermina\u00e7\u00e3o da menor. Foram realizadas dilig\u00eancias que reuniram provas e indicam atos abusivos de cariz sexual, com fortes ind\u00edcios da autoria. O detido vai ficar presente \u00e0s autoridades judici\u00e1rias para o primeiro interrogat\u00f3rio judicial e para a aplica\u00e7\u00e3o de medidas de coa\u00e7\u00e3o; n\u00e3o tem antecedentes criminais.","og_url":"https:\/\/portaltela.pt\/noticias\/2026\/01\/29\/detido-suspeito-de-abuso-sexual-de-menores-e-pornografia-infantil\/","og_site_name":"Portal Tela Portugal","article_published_time":"2026-01-29T13:14:00+00:00","author":"Telinha","twitter_card":"summary_large_image","twitter_misc":{"Escrito por":"Telinha","Tempo estimado de leitura":"1 minuto"},"schema":{"@context":"https:\/\/schema.org","@graph":[{"@type":"Article","@id":"https:\/\/portaltela.pt\/noticias\/2026\/01\/29\/detido-suspeito-de-abuso-sexual-de-menores-e-pornografia-infantil\/#article","isPartOf":{"@id":"https:\/\/portaltela.pt\/noticias\/2026\/01\/29\/detido-suspeito-de-abuso-sexual-de-menores-e-pornografia-infantil\/"},"author":{"name":"Telinha","@id":"https:\/\/portaltela.pt\/#\/schema\/person\/c4278d4a6028830caff9ee44b42d32ed"},"headline":"Detido suspeito de abuso sexual de menores e pornografia infantil","datePublished":"2026-01-29T13:14:00+00:00","mainEntityOfPage":{"@id":"https:\/\/portaltela.pt\/noticias\/2026\/01\/29\/detido-suspeito-de-abuso-sexual-de-menores-e-pornografia-infantil\/"},"wordCount":180,"image":{"@id":"https:\/\/portaltela.pt\/noticias\/2026\/01\/29\/detido-suspeito-de-abuso-sexual-de-menores-e-pornografia-infantil\/#primaryimage"},"thumbnailUrl":"https:\/\/portaltela.pt\/s.01k8rhncp4jt1\/2026\/01\/unnamed-file-5799.jpg","keywords":["abuso de menor dependente ou em situa\u00e7\u00e3o vulner\u00e1vel","abuso de menores dependentes","crimes sexuais","Gondomar","pornografia de menor dependente","pornografia de menor dependente ou em situa\u00e7\u00e3o vulner\u00e1vel"],"articleSection":["Not\u00edcias"],"inLanguage":"pt-PT"},{"@type":"WebPage","@id":"https:\/\/portaltela.pt\/noticias\/2026\/01\/29\/detido-suspeito-de-abuso-sexual-de-menores-e-pornografia-infantil\/","url":"https:\/\/portaltela.pt\/noticias\/2026\/01\/29\/detido-suspeito-de-abuso-sexual-de-menores-e-pornografia-infantil\/","name":"Detido suspeito de abuso sexual de menores e pornografia infantil - Portal Tela Portugal","isPartOf":{"@id":"https:\/\/portaltela.pt\/#website"},"primaryImageOfPage":{"@id":"https:\/\/portaltela.pt\/noticias\/2026\/01\/29\/detido-suspeito-de-abuso-sexual-de-menores-e-pornografia-infantil\/#primaryimage"},"image":{"@id":"https:\/\/portaltela.pt\/noticias\/2026\/01\/29\/detido-suspeito-de-abuso-sexual-de-menores-e-pornografia-infantil\/#primaryimage"},"thumbnailUrl":"https:\/\/portaltela.pt\/s.01k8rhncp4jt1\/2026\/01\/unnamed-file-5799.jpg","datePublished":"2026-01-29T13:14:00+00:00","author":{"@id":"https:\/\/portaltela.pt\/#\/schema\/person\/c4278d4a6028830caff9ee44b42d32ed"},"breadcrumb":{"@id":"https:\/\/portaltela.pt\/noticias\/2026\/01\/29\/detido-suspeito-de-abuso-sexual-de-menores-e-pornografia-infantil\/#breadcrumb"},"inLanguage":"pt-PT","potentialAction":[{"@type":"ReadAction","target":["https:\/\/portaltela.pt\/noticias\/2026\/01\/29\/detido-suspeito-de-abuso-sexual-de-menores-e-pornografia-infantil\/"]}]},{"@type":"ImageObject","inLanguage":"pt-PT","@id":"https:\/\/portaltela.pt\/noticias\/2026\/01\/29\/detido-suspeito-de-abuso-sexual-de-menores-e-pornografia-infantil\/#primaryimage","url":"https:\/\/portaltela.pt\/s.01k8rhncp4jt1\/2026\/01\/unnamed-file-5799.jpg","contentUrl":"https:\/\/portaltela.pt\/s.01k8rhncp4jt1\/2026\/01\/unnamed-file-5799.jpg","width":796,"height":448,"caption":"\"De referir que a v\u00edtima se encontra numa situa\u00e7\u00e3o de especial vulnerabilidade\", afirma a PJ"},{"@type":"BreadcrumbList","@id":"https:\/\/portaltela.pt\/noticias\/2026\/01\/29\/detido-suspeito-de-abuso-sexual-de-menores-e-pornografia-infantil\/#breadcrumb","itemListElement":[{"@type":"ListItem","position":1,"name":"In\u00edcio","item":"https:\/\/portaltela.pt\/"},{"@type":"ListItem","position":2,"name":"Detido suspeito de abuso sexual de menores e pornografia infantil"}]},{"@type":"WebSite","@id":"https:\/\/portaltela.pt\/#website","url":"https:\/\/portaltela.pt\/","name":"Portal Tela Portugal","description":"","potentialAction":[{"@type":"SearchAction","target":{"@type":"EntryPoint","urlTemplate":"https:\/\/portaltela.pt\/?s={search_term_string}"},"query-input":{"@type":"PropertyValueSpecification","valueRequired":true,"valueName":"search_term_string"}}],"inLanguage":"pt-PT"},{"@type":"Person","@id":"https:\/\/portaltela.pt\/#\/schema\/person\/c4278d4a6028830caff9ee44b42d32ed","name":"Telinha","image":{"@type":"ImageObject","inLanguage":"pt-PT","@id":"https:\/\/portaltela.pt\/s.01k8rhncp4jt1\/2025\/11\/talking-bot-125x125.png","url":"https:\/\/portaltela.pt\/s.01k8rhncp4jt1\/2025\/11\/talking-bot-125x125.png","contentUrl":"https:\/\/portaltela.pt\/s.01k8rhncp4jt1\/2025\/11\/talking-bot-125x125.png","caption":"Telinha"},"sameAs":["https:\/\/portaltela.pt\/"],"url":"https:\/\/portaltela.pt\/por\/367410592786\/"}]}},"_links":{"self":[{"href":"https:\/\/portaltela.pt\/api\/wp\/v2\/posts\/181183","targetHints":{"allow":["GET"]}}],"collection":[{"href":"https:\/\/portaltela.pt\/api\/wp\/v2\/posts"}],"about":[{"href":"https:\/\/portaltela.pt\/api\/wp\/v2\/types\/post"}],"author":[{"embeddable":true,"href":"https:\/\/portaltela.pt\/api\/wp\/v2\/users\/2"}],"replies":[{"embeddable":true,"href":"https:\/\/portaltela.pt\/api\/wp\/v2\/comments?post=181183"}],"version-history":[{"count":0,"href":"https:\/\/portaltela.pt\/api\/wp\/v2\/posts\/181183\/revisions"}],"wp:featuredmedia":[{"embeddable":true,"href":"https:\/\/portaltela.pt\/api\/wp\/v2\/media\/181206"}],"wp:attachment":[{"href":"https:\/\/portaltela.pt\/api\/wp\/v2\/media?parent=181183"}],"wp:term":[{"taxonomy":"category","embeddable":true,"href":"https:\/\/portaltela.pt\/api\/wp\/v2\/categories?post=181183"},{"taxonomy":"post_tag","embeddable":true,"href":"https:\/\/portaltela.pt\/api\/wp\/v2\/tags?post=181183"}],"curies":[{"name":"wp","href":"https:\/\/api.w.org\/{rel}","templated":true}]}}