{"id":181150,"date":"2026-01-29T10:07:00","date_gmt":"2026-01-29T13:07:00","guid":{"rendered":"https:\/\/portaltela.pt\/noticias\/2026\/01\/29\/pr-defende-fim-do-preconceito-que-classifica-cabo-delgado-como-apenas-terrorismo\/"},"modified":"2026-01-29T10:07:00","modified_gmt":"2026-01-29T13:07:00","slug":"pr-defende-fim-do-preconceito-que-classifica-cabo-delgado-como-apenas-terrorismo","status":"publish","type":"post","link":"https:\/\/portaltela.pt\/noticias\/internacional\/2026\/01\/29\/pr-defende-fim-do-preconceito-que-classifica-cabo-delgado-como-apenas-terrorismo\/","title":{"rendered":"PR defende fim do preconceito que classifica Cabo Delgado como apenas terrorismo"},"content":{"rendered":"<p>O Presidente da Rep\u00fablica afirma que \u00e9 preciso p\u00f4r fim ao preconceito segundo o qual a situa\u00e7\u00e3o em Cabo Delgado \u00e9 apenas terrorismo. A declara\u00e7\u00e3o ocorre num momento de debate p\u00fablico sobre o tema e visa ampliar a compreens\u00e3o dos fatores que afetam a regi\u00e3o.<\/p>\n<p>Segundo o que foi Tornado p\u00fablico, a mensagem do PR enfatiza a necessidade de considerar a complexidade da crise, que envolve viol\u00eancia, deslocamentos de popula\u00e7\u00f5es e desafios humanit\u00e1rios, para al\u00e9m da leitura exclusiva de terrorismo.<\/p>\n<p>A express\u00e3o do Presidente surge numa altura em que autoridades e autoridades locais analisam estrat\u00e9gias de seguran\u00e7a, coopera\u00e7\u00e3o regional e a\u00e7\u00f5es de apoio \u00e0s comunidades afetadas. A mensagem aponta para uma abordagem mais abrangente e informada sobre a realidade em Cabo Delgado.<\/p>\n<p>A import\u00e2ncia da comunica\u00e7\u00e3o clara foi destacada, com o objetivo de evitar simplifica\u00e7\u00f5es que possam dificultar respostas eficazes. O conte\u00fado foi divulgado por meio de fontes oficiais e pela imprensa, mantendo o foco em factualidade e neutralidade.<\/p>\n","protected":false},"excerpt":{"rendered":"<ul>\n<li>O presidente da Rep\u00fablica afirmou que \u00e9 preciso acabar com o preconceito de que, em Cabo Delgado, a situa\u00e7\u00e3o \u00e9 apenas terrorismo.<\/li>\n<li>A declara\u00e7\u00e3o foi proferida durante uma interven\u00e7\u00e3o p\u00fablica do chefe de Estado.<\/li>\n<li>O conte\u00fado completo da reportagem est\u00e1 dispon\u00edvel apenas para subscritores da Lusa.<\/li>\n<li>Cabo Delgado \u00e9 a regi\u00e3o em foco, em Mo\u00e7ambique, associada ao debate em torno do epis\u00f3dio.<\/li>\n<li>A nota \u00e9 da ag\u00eancia Lusa, que publicou a reportagem sobre o tema.<\/li>\n<\/ul>\n","protected":false},"author":2,"featured_media":181170,"comment_status":"closed","ping_status":"closed","sticky":false,"template":"","format":"standard","meta":{"footnotes":""},"categories":[4,1],"tags":[2049,226,1911,4536,939],"class_list":["post-181150","post","type-post","status-publish","format-standard","has-post-thumbnail","hentry","category-internacional","category-noticias","tag-cabo-delgado","tag-deslocados-internos","tag-mocambique","tag-seguranca","tag-violencia"],"yoast_head":"<!-- This site is optimized with the Yoast SEO plugin v27.2 - https:\/\/yoast.com\/product\/yoast-seo-wordpress\/ -->\n<title>PR defende fim do preconceito que classifica Cabo Delgado como apenas terrorismo - Portal Tela Portugal<\/title>\n<meta name=\"robots\" content=\"index, follow, max-snippet:-1, max-image-preview:large, max-video-preview:-1\" \/>\n<meta property=\"og:locale\" content=\"pt_PT\" \/>\n<meta property=\"og:type\" content=\"article\" \/>\n<meta property=\"og:title\" content=\"PR defende fim do preconceito que classifica Cabo Delgado como apenas terrorismo - Portal Tela Portugal\" \/>\n<meta property=\"og:description\" content=\"O presidente da Rep\u00fablica afirmou que \u00e9 preciso acabar com o preconceito de que, em Cabo Delgado, a situa\u00e7\u00e3o \u00e9 apenas terrorismo. A declara\u00e7\u00e3o foi proferida durante uma interven\u00e7\u00e3o p\u00fablica do chefe de Estado. O conte\u00fado completo da reportagem est\u00e1 dispon\u00edvel apenas para subscritores da Lusa. Cabo Delgado \u00e9 a regi\u00e3o em foco, em Mo\u00e7ambique, associada ao debate em torno do epis\u00f3dio. A nota \u00e9 da ag\u00eancia Lusa, que publicou a reportagem sobre o tema.\" \/>\n<meta property=\"og:url\" content=\"https:\/\/portaltela.pt\/noticias\/2026\/01\/29\/pr-defende-fim-do-preconceito-que-classifica-cabo-delgado-como-apenas-terrorismo\/\" \/>\n<meta property=\"og:site_name\" content=\"Portal Tela Portugal\" \/>\n<meta property=\"article:published_time\" content=\"2026-01-29T13:07:00+00:00\" \/>\n<meta name=\"author\" content=\"Telinha\" \/>\n<meta name=\"twitter:card\" content=\"summary_large_image\" \/>\n<meta name=\"twitter:label1\" content=\"Escrito por\" \/>\n\t<meta name=\"twitter:data1\" content=\"Telinha\" \/>\n\t<meta name=\"twitter:label2\" content=\"Tempo estimado de leitura\" \/>\n\t<meta name=\"twitter:data2\" content=\"1 minuto\" \/>\n<script type=\"application\/ld+json\" class=\"yoast-schema-graph\">{\"@context\":\"https:\/\/schema.org\",\"@graph\":[{\"@type\":\"Article\",\"@id\":\"https:\/\/portaltela.pt\/noticias\/2026\/01\/29\/pr-defende-fim-do-preconceito-que-classifica-cabo-delgado-como-apenas-terrorismo\/#article\",\"isPartOf\":{\"@id\":\"https:\/\/portaltela.pt\/noticias\/2026\/01\/29\/pr-defende-fim-do-preconceito-que-classifica-cabo-delgado-como-apenas-terrorismo\/\"},\"author\":{\"name\":\"Telinha\",\"@id\":\"https:\/\/portaltela.pt\/#\/schema\/person\/c4278d4a6028830caff9ee44b42d32ed\"},\"headline\":\"PR defende fim do preconceito que classifica Cabo Delgado como apenas terrorismo\",\"datePublished\":\"2026-01-29T13:07:00+00:00\",\"mainEntityOfPage\":{\"@id\":\"https:\/\/portaltela.pt\/noticias\/2026\/01\/29\/pr-defende-fim-do-preconceito-que-classifica-cabo-delgado-como-apenas-terrorismo\/\"},\"wordCount\":190,\"image\":{\"@id\":\"https:\/\/portaltela.pt\/noticias\/2026\/01\/29\/pr-defende-fim-do-preconceito-que-classifica-cabo-delgado-como-apenas-terrorismo\/#primaryimage\"},\"thumbnailUrl\":\"https:\/\/portaltela.pt\/s.01k8rhncp4jt1\/2026\/01\/CACHE_780X1200_ANALOG_WATERMARKED_46448615_2767799_29012026092709.jpg\",\"keywords\":[\"Cabo Delgado\",\"deslocados internos\",\"Mo\u00e7ambique\",\"seguran\u00e7a\",\"viol\u00eancia\"],\"articleSection\":[\"Internacional\",\"Not\u00edcias\"],\"inLanguage\":\"pt-PT\"},{\"@type\":\"WebPage\",\"@id\":\"https:\/\/portaltela.pt\/noticias\/2026\/01\/29\/pr-defende-fim-do-preconceito-que-classifica-cabo-delgado-como-apenas-terrorismo\/\",\"url\":\"https:\/\/portaltela.pt\/noticias\/2026\/01\/29\/pr-defende-fim-do-preconceito-que-classifica-cabo-delgado-como-apenas-terrorismo\/\",\"name\":\"PR defende fim do preconceito que classifica Cabo Delgado como apenas terrorismo - Portal Tela Portugal\",\"isPartOf\":{\"@id\":\"https:\/\/portaltela.pt\/#website\"},\"primaryImageOfPage\":{\"@id\":\"https:\/\/portaltela.pt\/noticias\/2026\/01\/29\/pr-defende-fim-do-preconceito-que-classifica-cabo-delgado-como-apenas-terrorismo\/#primaryimage\"},\"image\":{\"@id\":\"https:\/\/portaltela.pt\/noticias\/2026\/01\/29\/pr-defende-fim-do-preconceito-que-classifica-cabo-delgado-como-apenas-terrorismo\/#primaryimage\"},\"thumbnailUrl\":\"https:\/\/portaltela.pt\/s.01k8rhncp4jt1\/2026\/01\/CACHE_780X1200_ANALOG_WATERMARKED_46448615_2767799_29012026092709.jpg\",\"datePublished\":\"2026-01-29T13:07:00+00:00\",\"author\":{\"@id\":\"https:\/\/portaltela.pt\/#\/schema\/person\/c4278d4a6028830caff9ee44b42d32ed\"},\"breadcrumb\":{\"@id\":\"https:\/\/portaltela.pt\/noticias\/2026\/01\/29\/pr-defende-fim-do-preconceito-que-classifica-cabo-delgado-como-apenas-terrorismo\/#breadcrumb\"},\"inLanguage\":\"pt-PT\",\"potentialAction\":[{\"@type\":\"ReadAction\",\"target\":[\"https:\/\/portaltela.pt\/noticias\/2026\/01\/29\/pr-defende-fim-do-preconceito-que-classifica-cabo-delgado-como-apenas-terrorismo\/\"]}]},{\"@type\":\"ImageObject\",\"inLanguage\":\"pt-PT\",\"@id\":\"https:\/\/portaltela.pt\/noticias\/2026\/01\/29\/pr-defende-fim-do-preconceito-que-classifica-cabo-delgado-como-apenas-terrorismo\/#primaryimage\",\"url\":\"https:\/\/portaltela.pt\/s.01k8rhncp4jt1\/2026\/01\/CACHE_780X1200_ANALOG_WATERMARKED_46448615_2767799_29012026092709.jpg\",\"contentUrl\":\"https:\/\/portaltela.pt\/s.01k8rhncp4jt1\/2026\/01\/CACHE_780X1200_ANALOG_WATERMARKED_46448615_2767799_29012026092709.jpg\",\"width\":796,\"height\":448,\"caption\":\"\u00c9 preciso acabar com o preconceito\u201d que em Cabo Delgado \u201c\u00e9 s\u00f3 terrorismo\u201d - PR\"},{\"@type\":\"BreadcrumbList\",\"@id\":\"https:\/\/portaltela.pt\/noticias\/2026\/01\/29\/pr-defende-fim-do-preconceito-que-classifica-cabo-delgado-como-apenas-terrorismo\/#breadcrumb\",\"itemListElement\":[{\"@type\":\"ListItem\",\"position\":1,\"name\":\"In\u00edcio\",\"item\":\"https:\/\/portaltela.pt\/\"},{\"@type\":\"ListItem\",\"position\":2,\"name\":\"PR defende fim do preconceito que classifica Cabo Delgado como apenas terrorismo\"}]},{\"@type\":\"WebSite\",\"@id\":\"https:\/\/portaltela.pt\/#website\",\"url\":\"https:\/\/portaltela.pt\/\",\"name\":\"Portal Tela Portugal\",\"description\":\"\",\"potentialAction\":[{\"@type\":\"SearchAction\",\"target\":{\"@type\":\"EntryPoint\",\"urlTemplate\":\"https:\/\/portaltela.pt\/?s={search_term_string}\"},\"query-input\":{\"@type\":\"PropertyValueSpecification\",\"valueRequired\":true,\"valueName\":\"search_term_string\"}}],\"inLanguage\":\"pt-PT\"},{\"@type\":\"Person\",\"@id\":\"https:\/\/portaltela.pt\/#\/schema\/person\/c4278d4a6028830caff9ee44b42d32ed\",\"name\":\"Telinha\",\"image\":{\"@type\":\"ImageObject\",\"inLanguage\":\"pt-PT\",\"@id\":\"https:\/\/portaltela.pt\/s.01k8rhncp4jt1\/2025\/11\/talking-bot-125x125.png\",\"url\":\"https:\/\/portaltela.pt\/s.01k8rhncp4jt1\/2025\/11\/talking-bot-125x125.png\",\"contentUrl\":\"https:\/\/portaltela.pt\/s.01k8rhncp4jt1\/2025\/11\/talking-bot-125x125.png\",\"caption\":\"Telinha\"},\"sameAs\":[\"https:\/\/portaltela.pt\/\"],\"url\":\"https:\/\/portaltela.pt\/por\/367410592786\/\"}]}<\/script>\n<!-- \/ Yoast SEO plugin. -->","yoast_head_json":{"title":"PR defende fim do preconceito que classifica Cabo Delgado como apenas terrorismo - Portal Tela Portugal","robots":{"index":"index","follow":"follow","max-snippet":"max-snippet:-1","max-image-preview":"max-image-preview:large","max-video-preview":"max-video-preview:-1"},"og_locale":"pt_PT","og_type":"article","og_title":"PR defende fim do preconceito que classifica Cabo Delgado como apenas terrorismo - Portal Tela Portugal","og_description":"O presidente da Rep\u00fablica afirmou que \u00e9 preciso acabar com o preconceito de que, em Cabo Delgado, a situa\u00e7\u00e3o \u00e9 apenas terrorismo. A declara\u00e7\u00e3o foi proferida durante uma interven\u00e7\u00e3o p\u00fablica do chefe de Estado. O conte\u00fado completo da reportagem est\u00e1 dispon\u00edvel apenas para subscritores da Lusa. Cabo Delgado \u00e9 a regi\u00e3o em foco, em Mo\u00e7ambique, associada ao debate em torno do epis\u00f3dio. A nota \u00e9 da ag\u00eancia Lusa, que publicou a reportagem sobre o tema.","og_url":"https:\/\/portaltela.pt\/noticias\/2026\/01\/29\/pr-defende-fim-do-preconceito-que-classifica-cabo-delgado-como-apenas-terrorismo\/","og_site_name":"Portal Tela Portugal","article_published_time":"2026-01-29T13:07:00+00:00","author":"Telinha","twitter_card":"summary_large_image","twitter_misc":{"Escrito por":"Telinha","Tempo estimado de leitura":"1 minuto"},"schema":{"@context":"https:\/\/schema.org","@graph":[{"@type":"Article","@id":"https:\/\/portaltela.pt\/noticias\/2026\/01\/29\/pr-defende-fim-do-preconceito-que-classifica-cabo-delgado-como-apenas-terrorismo\/#article","isPartOf":{"@id":"https:\/\/portaltela.pt\/noticias\/2026\/01\/29\/pr-defende-fim-do-preconceito-que-classifica-cabo-delgado-como-apenas-terrorismo\/"},"author":{"name":"Telinha","@id":"https:\/\/portaltela.pt\/#\/schema\/person\/c4278d4a6028830caff9ee44b42d32ed"},"headline":"PR defende fim do preconceito que classifica Cabo Delgado como apenas terrorismo","datePublished":"2026-01-29T13:07:00+00:00","mainEntityOfPage":{"@id":"https:\/\/portaltela.pt\/noticias\/2026\/01\/29\/pr-defende-fim-do-preconceito-que-classifica-cabo-delgado-como-apenas-terrorismo\/"},"wordCount":190,"image":{"@id":"https:\/\/portaltela.pt\/noticias\/2026\/01\/29\/pr-defende-fim-do-preconceito-que-classifica-cabo-delgado-como-apenas-terrorismo\/#primaryimage"},"thumbnailUrl":"https:\/\/portaltela.pt\/s.01k8rhncp4jt1\/2026\/01\/CACHE_780X1200_ANALOG_WATERMARKED_46448615_2767799_29012026092709.jpg","keywords":["Cabo Delgado","deslocados internos","Mo\u00e7ambique","seguran\u00e7a","viol\u00eancia"],"articleSection":["Internacional","Not\u00edcias"],"inLanguage":"pt-PT"},{"@type":"WebPage","@id":"https:\/\/portaltela.pt\/noticias\/2026\/01\/29\/pr-defende-fim-do-preconceito-que-classifica-cabo-delgado-como-apenas-terrorismo\/","url":"https:\/\/portaltela.pt\/noticias\/2026\/01\/29\/pr-defende-fim-do-preconceito-que-classifica-cabo-delgado-como-apenas-terrorismo\/","name":"PR defende fim do preconceito que classifica Cabo Delgado como apenas terrorismo - Portal Tela Portugal","isPartOf":{"@id":"https:\/\/portaltela.pt\/#website"},"primaryImageOfPage":{"@id":"https:\/\/portaltela.pt\/noticias\/2026\/01\/29\/pr-defende-fim-do-preconceito-que-classifica-cabo-delgado-como-apenas-terrorismo\/#primaryimage"},"image":{"@id":"https:\/\/portaltela.pt\/noticias\/2026\/01\/29\/pr-defende-fim-do-preconceito-que-classifica-cabo-delgado-como-apenas-terrorismo\/#primaryimage"},"thumbnailUrl":"https:\/\/portaltela.pt\/s.01k8rhncp4jt1\/2026\/01\/CACHE_780X1200_ANALOG_WATERMARKED_46448615_2767799_29012026092709.jpg","datePublished":"2026-01-29T13:07:00+00:00","author":{"@id":"https:\/\/portaltela.pt\/#\/schema\/person\/c4278d4a6028830caff9ee44b42d32ed"},"breadcrumb":{"@id":"https:\/\/portaltela.pt\/noticias\/2026\/01\/29\/pr-defende-fim-do-preconceito-que-classifica-cabo-delgado-como-apenas-terrorismo\/#breadcrumb"},"inLanguage":"pt-PT","potentialAction":[{"@type":"ReadAction","target":["https:\/\/portaltela.pt\/noticias\/2026\/01\/29\/pr-defende-fim-do-preconceito-que-classifica-cabo-delgado-como-apenas-terrorismo\/"]}]},{"@type":"ImageObject","inLanguage":"pt-PT","@id":"https:\/\/portaltela.pt\/noticias\/2026\/01\/29\/pr-defende-fim-do-preconceito-que-classifica-cabo-delgado-como-apenas-terrorismo\/#primaryimage","url":"https:\/\/portaltela.pt\/s.01k8rhncp4jt1\/2026\/01\/CACHE_780X1200_ANALOG_WATERMARKED_46448615_2767799_29012026092709.jpg","contentUrl":"https:\/\/portaltela.pt\/s.01k8rhncp4jt1\/2026\/01\/CACHE_780X1200_ANALOG_WATERMARKED_46448615_2767799_29012026092709.jpg","width":796,"height":448,"caption":"\u00c9 preciso acabar com o preconceito\u201d que em Cabo Delgado \u201c\u00e9 s\u00f3 terrorismo\u201d - PR"},{"@type":"BreadcrumbList","@id":"https:\/\/portaltela.pt\/noticias\/2026\/01\/29\/pr-defende-fim-do-preconceito-que-classifica-cabo-delgado-como-apenas-terrorismo\/#breadcrumb","itemListElement":[{"@type":"ListItem","position":1,"name":"In\u00edcio","item":"https:\/\/portaltela.pt\/"},{"@type":"ListItem","position":2,"name":"PR defende fim do preconceito que classifica Cabo Delgado como apenas terrorismo"}]},{"@type":"WebSite","@id":"https:\/\/portaltela.pt\/#website","url":"https:\/\/portaltela.pt\/","name":"Portal Tela Portugal","description":"","potentialAction":[{"@type":"SearchAction","target":{"@type":"EntryPoint","urlTemplate":"https:\/\/portaltela.pt\/?s={search_term_string}"},"query-input":{"@type":"PropertyValueSpecification","valueRequired":true,"valueName":"search_term_string"}}],"inLanguage":"pt-PT"},{"@type":"Person","@id":"https:\/\/portaltela.pt\/#\/schema\/person\/c4278d4a6028830caff9ee44b42d32ed","name":"Telinha","image":{"@type":"ImageObject","inLanguage":"pt-PT","@id":"https:\/\/portaltela.pt\/s.01k8rhncp4jt1\/2025\/11\/talking-bot-125x125.png","url":"https:\/\/portaltela.pt\/s.01k8rhncp4jt1\/2025\/11\/talking-bot-125x125.png","contentUrl":"https:\/\/portaltela.pt\/s.01k8rhncp4jt1\/2025\/11\/talking-bot-125x125.png","caption":"Telinha"},"sameAs":["https:\/\/portaltela.pt\/"],"url":"https:\/\/portaltela.pt\/por\/367410592786\/"}]}},"_links":{"self":[{"href":"https:\/\/portaltela.pt\/api\/wp\/v2\/posts\/181150","targetHints":{"allow":["GET"]}}],"collection":[{"href":"https:\/\/portaltela.pt\/api\/wp\/v2\/posts"}],"about":[{"href":"https:\/\/portaltela.pt\/api\/wp\/v2\/types\/post"}],"author":[{"embeddable":true,"href":"https:\/\/portaltela.pt\/api\/wp\/v2\/users\/2"}],"replies":[{"embeddable":true,"href":"https:\/\/portaltela.pt\/api\/wp\/v2\/comments?post=181150"}],"version-history":[{"count":0,"href":"https:\/\/portaltela.pt\/api\/wp\/v2\/posts\/181150\/revisions"}],"wp:featuredmedia":[{"embeddable":true,"href":"https:\/\/portaltela.pt\/api\/wp\/v2\/media\/181170"}],"wp:attachment":[{"href":"https:\/\/portaltela.pt\/api\/wp\/v2\/media?parent=181150"}],"wp:term":[{"taxonomy":"category","embeddable":true,"href":"https:\/\/portaltela.pt\/api\/wp\/v2\/categories?post=181150"},{"taxonomy":"post_tag","embeddable":true,"href":"https:\/\/portaltela.pt\/api\/wp\/v2\/tags?post=181150"}],"curies":[{"name":"wp","href":"https:\/\/api.w.org\/{rel}","templated":true}]}}