{"id":181137,"date":"2026-01-29T10:04:18","date_gmt":"2026-01-29T13:04:18","guid":{"rendered":"https:\/\/portaltela.pt\/noticias\/2026\/01\/29\/suspeito-detido-por-abuso-sexual-e-pornografia-de-menores-em-gondomar\/"},"modified":"2026-01-29T10:04:18","modified_gmt":"2026-01-29T13:04:18","slug":"suspeito-detido-por-abuso-sexual-e-pornografia-de-menores-em-gondomar","status":"publish","type":"post","link":"https:\/\/portaltela.pt\/noticias\/2026\/01\/29\/suspeito-detido-por-abuso-sexual-e-pornografia-de-menores-em-gondomar\/","title":{"rendered":"Suspeito detido por abuso sexual e pornografia de menores em Gondomar"},"content":{"rendered":"<p>Um homem de 33 anos foi detido na quarta-feira, em Gondomar, suspeito de abuso sexual de menores e pornografia de menores envolvendo uma menor de 13 anos, filha da companheira do detido.<\/p>\n<p>A v\u00edtima reportou o caso \u00e0 psic\u00f3loga da escola que frequenta, que por sua vez avisou a pol\u00edcia. A den\u00fancia originou a investiga\u00e7\u00e3o.<\/p>\n<p>Segundo a PJ, o detido \u00e9 suspeito de v\u00e1rios crimes contra a liberdade e autodetermina\u00e7\u00e3o da menor, com atos de cariz sexual. Dilig\u00eancias de prova ocorreram de imediato.<\/p>\n<h3>Interven\u00e7\u00e3o e pr\u00f3ximos passos<\/h3>\n<p>A PJ recolheu fortes ind\u00edcios da autoria e contextualizou os factos. O detido, sem antecedentes, ficar\u00e1 hoje a aguardar interrogat\u00f3rio e poss\u00edvel aplica\u00e7\u00e3o de medidas de coa\u00e7\u00e3o.<\/p>\n","protected":false},"excerpt":{"rendered":"<ul>\n<li>Um homem de 33 anos foi detido na quarta-feira, em Gondomar, por suspeita de abuso sexual de menores e pornografia de menores.<\/li>\n<li>A v\u00edtima, uma menina de 13 anos, denunciou o caso \u00e0 psic\u00f3loga da escola que frequenta, que acionou a Pol\u00edcia Judici\u00e1ria.<\/li>\n<li>A Pol\u00edcia Judici\u00e1ria descreve o detido como suspeito de diversos crimes contra a liberdade e autodetermina\u00e7\u00e3o da menor.<\/li>\n<li>A PJ indicou ter realizado dilig\u00eancias que permitiram contextualizar os atos abusivos e reunir fortes ind\u00edcios da autoria.<\/li>\n<li>O detido, sem antecedentes criminais, ser\u00e1 presente \u00e0s autoridades judici\u00e1rias competentes para o primeiro interrogat\u00f3rio judicial e aplica\u00e7\u00e3o de medidas de coa\u00e7\u00e3o.<\/li>\n<\/ul>\n","protected":false},"author":2,"featured_media":181171,"comment_status":"closed","ping_status":"closed","sticky":false,"template":"","format":"standard","meta":{"footnotes":""},"categories":[1],"tags":[199,2966,2221,1243,215,2518],"class_list":["post-181137","post","type-post","status-publish","format-standard","has-post-thumbnail","hentry","category-noticias","tag-abuso-sexual-de-menor-dependente-ou-em-situacao-vulneravel","tag-crimes-contra-a-liberdade-e-autodeterminacao-sexual","tag-exploracao-de-menores-dependente-ou-em-situacao-vulneravel","tag-gondomar","tag-investigacao","tag-pornografia-de-menor-dependente-ou-em-situacao-vulneravel"],"yoast_head":"<!-- This site is optimized with the Yoast SEO plugin v27.2 - https:\/\/yoast.com\/product\/yoast-seo-wordpress\/ -->\n<title>Suspeito detido por abuso sexual e pornografia de menores em Gondomar - Portal Tela Portugal<\/title>\n<meta name=\"robots\" content=\"index, follow, max-snippet:-1, max-image-preview:large, max-video-preview:-1\" \/>\n<meta property=\"og:locale\" content=\"pt_PT\" \/>\n<meta property=\"og:type\" content=\"article\" \/>\n<meta property=\"og:title\" content=\"Suspeito detido por abuso sexual e pornografia de menores em Gondomar - Portal Tela Portugal\" \/>\n<meta property=\"og:description\" content=\"Um homem de 33 anos foi detido na quarta-feira, em Gondomar, por suspeita de abuso sexual de menores e pornografia de menores. A v\u00edtima, uma menina de 13 anos, denunciou o caso \u00e0 psic\u00f3loga da escola que frequenta, que acionou a Pol\u00edcia Judici\u00e1ria. A Pol\u00edcia Judici\u00e1ria descreve o detido como suspeito de diversos crimes contra a liberdade e autodetermina\u00e7\u00e3o da menor. A PJ indicou ter realizado dilig\u00eancias que permitiram contextualizar os atos abusivos e reunir fortes ind\u00edcios da autoria. O detido, sem antecedentes criminais, ser\u00e1 presente \u00e0s autoridades judici\u00e1rias competentes para o primeiro interrogat\u00f3rio judicial e aplica\u00e7\u00e3o de medidas de coa\u00e7\u00e3o.\" \/>\n<meta property=\"og:url\" content=\"https:\/\/portaltela.pt\/noticias\/2026\/01\/29\/suspeito-detido-por-abuso-sexual-e-pornografia-de-menores-em-gondomar\/\" \/>\n<meta property=\"og:site_name\" content=\"Portal Tela Portugal\" \/>\n<meta property=\"article:published_time\" content=\"2026-01-29T13:04:18+00:00\" \/>\n<meta name=\"author\" content=\"Telinha\" \/>\n<meta name=\"twitter:card\" content=\"summary_large_image\" \/>\n<meta name=\"twitter:label1\" content=\"Escrito por\" \/>\n\t<meta name=\"twitter:data1\" content=\"Telinha\" \/>\n\t<meta name=\"twitter:label2\" content=\"Tempo estimado de leitura\" \/>\n\t<meta name=\"twitter:data2\" content=\"1 minuto\" \/>\n<script type=\"application\/ld+json\" class=\"yoast-schema-graph\">{\"@context\":\"https:\/\/schema.org\",\"@graph\":[{\"@type\":\"Article\",\"@id\":\"https:\/\/portaltela.pt\/noticias\/2026\/01\/29\/suspeito-detido-por-abuso-sexual-e-pornografia-de-menores-em-gondomar\/#article\",\"isPartOf\":{\"@id\":\"https:\/\/portaltela.pt\/noticias\/2026\/01\/29\/suspeito-detido-por-abuso-sexual-e-pornografia-de-menores-em-gondomar\/\"},\"author\":{\"name\":\"Telinha\",\"@id\":\"https:\/\/portaltela.pt\/#\/schema\/person\/c4278d4a6028830caff9ee44b42d32ed\"},\"headline\":\"Suspeito detido por abuso sexual e pornografia de menores em Gondomar\",\"datePublished\":\"2026-01-29T13:04:18+00:00\",\"mainEntityOfPage\":{\"@id\":\"https:\/\/portaltela.pt\/noticias\/2026\/01\/29\/suspeito-detido-por-abuso-sexual-e-pornografia-de-menores-em-gondomar\/\"},\"wordCount\":136,\"image\":{\"@id\":\"https:\/\/portaltela.pt\/noticias\/2026\/01\/29\/suspeito-detido-por-abuso-sexual-e-pornografia-de-menores-em-gondomar\/#primaryimage\"},\"thumbnailUrl\":\"https:\/\/portaltela.pt\/s.01k8rhncp4jt1\/2026\/01\/img_1500x1000uu2023-11-12-09-23-00-1490928-7.jpg\",\"keywords\":[\"abuso sexual de menor dependente ou em situa\u00e7\u00e3o vulner\u00e1vel\",\"crimes contra a liberdade e autodetermina\u00e7\u00e3o sexual\",\"explora\u00e7\u00e3o de menores dependente ou em situa\u00e7\u00e3o vulner\u00e1vel\",\"Gondomar\",\"investiga\u00e7\u00e3o\",\"pornografia de menor dependente ou em situa\u00e7\u00e3o vulner\u00e1vel\"],\"articleSection\":[\"Not\u00edcias\"],\"inLanguage\":\"pt-PT\"},{\"@type\":\"WebPage\",\"@id\":\"https:\/\/portaltela.pt\/noticias\/2026\/01\/29\/suspeito-detido-por-abuso-sexual-e-pornografia-de-menores-em-gondomar\/\",\"url\":\"https:\/\/portaltela.pt\/noticias\/2026\/01\/29\/suspeito-detido-por-abuso-sexual-e-pornografia-de-menores-em-gondomar\/\",\"name\":\"Suspeito detido por abuso sexual e pornografia de menores em Gondomar - Portal Tela Portugal\",\"isPartOf\":{\"@id\":\"https:\/\/portaltela.pt\/#website\"},\"primaryImageOfPage\":{\"@id\":\"https:\/\/portaltela.pt\/noticias\/2026\/01\/29\/suspeito-detido-por-abuso-sexual-e-pornografia-de-menores-em-gondomar\/#primaryimage\"},\"image\":{\"@id\":\"https:\/\/portaltela.pt\/noticias\/2026\/01\/29\/suspeito-detido-por-abuso-sexual-e-pornografia-de-menores-em-gondomar\/#primaryimage\"},\"thumbnailUrl\":\"https:\/\/portaltela.pt\/s.01k8rhncp4jt1\/2026\/01\/img_1500x1000uu2023-11-12-09-23-00-1490928-7.jpg\",\"datePublished\":\"2026-01-29T13:04:18+00:00\",\"author\":{\"@id\":\"https:\/\/portaltela.pt\/#\/schema\/person\/c4278d4a6028830caff9ee44b42d32ed\"},\"breadcrumb\":{\"@id\":\"https:\/\/portaltela.pt\/noticias\/2026\/01\/29\/suspeito-detido-por-abuso-sexual-e-pornografia-de-menores-em-gondomar\/#breadcrumb\"},\"inLanguage\":\"pt-PT\",\"potentialAction\":[{\"@type\":\"ReadAction\",\"target\":[\"https:\/\/portaltela.pt\/noticias\/2026\/01\/29\/suspeito-detido-por-abuso-sexual-e-pornografia-de-menores-em-gondomar\/\"]}]},{\"@type\":\"ImageObject\",\"inLanguage\":\"pt-PT\",\"@id\":\"https:\/\/portaltela.pt\/noticias\/2026\/01\/29\/suspeito-detido-por-abuso-sexual-e-pornografia-de-menores-em-gondomar\/#primaryimage\",\"url\":\"https:\/\/portaltela.pt\/s.01k8rhncp4jt1\/2026\/01\/img_1500x1000uu2023-11-12-09-23-00-1490928-7.jpg\",\"contentUrl\":\"https:\/\/portaltela.pt\/s.01k8rhncp4jt1\/2026\/01\/img_1500x1000uu2023-11-12-09-23-00-1490928-7.jpg\",\"width\":796,\"height\":448,\"caption\":\"PJ\"},{\"@type\":\"BreadcrumbList\",\"@id\":\"https:\/\/portaltela.pt\/noticias\/2026\/01\/29\/suspeito-detido-por-abuso-sexual-e-pornografia-de-menores-em-gondomar\/#breadcrumb\",\"itemListElement\":[{\"@type\":\"ListItem\",\"position\":1,\"name\":\"In\u00edcio\",\"item\":\"https:\/\/portaltela.pt\/\"},{\"@type\":\"ListItem\",\"position\":2,\"name\":\"Suspeito detido por abuso sexual e pornografia de menores em Gondomar\"}]},{\"@type\":\"WebSite\",\"@id\":\"https:\/\/portaltela.pt\/#website\",\"url\":\"https:\/\/portaltela.pt\/\",\"name\":\"Portal Tela Portugal\",\"description\":\"\",\"potentialAction\":[{\"@type\":\"SearchAction\",\"target\":{\"@type\":\"EntryPoint\",\"urlTemplate\":\"https:\/\/portaltela.pt\/?s={search_term_string}\"},\"query-input\":{\"@type\":\"PropertyValueSpecification\",\"valueRequired\":true,\"valueName\":\"search_term_string\"}}],\"inLanguage\":\"pt-PT\"},{\"@type\":\"Person\",\"@id\":\"https:\/\/portaltela.pt\/#\/schema\/person\/c4278d4a6028830caff9ee44b42d32ed\",\"name\":\"Telinha\",\"image\":{\"@type\":\"ImageObject\",\"inLanguage\":\"pt-PT\",\"@id\":\"https:\/\/portaltela.pt\/s.01k8rhncp4jt1\/2025\/11\/talking-bot-125x125.png\",\"url\":\"https:\/\/portaltela.pt\/s.01k8rhncp4jt1\/2025\/11\/talking-bot-125x125.png\",\"contentUrl\":\"https:\/\/portaltela.pt\/s.01k8rhncp4jt1\/2025\/11\/talking-bot-125x125.png\",\"caption\":\"Telinha\"},\"sameAs\":[\"https:\/\/portaltela.pt\/\"],\"url\":\"https:\/\/portaltela.pt\/por\/367410592786\/\"}]}<\/script>\n<!-- \/ Yoast SEO plugin. -->","yoast_head_json":{"title":"Suspeito detido por abuso sexual e pornografia de menores em Gondomar - Portal Tela Portugal","robots":{"index":"index","follow":"follow","max-snippet":"max-snippet:-1","max-image-preview":"max-image-preview:large","max-video-preview":"max-video-preview:-1"},"og_locale":"pt_PT","og_type":"article","og_title":"Suspeito detido por abuso sexual e pornografia de menores em Gondomar - Portal Tela Portugal","og_description":"Um homem de 33 anos foi detido na quarta-feira, em Gondomar, por suspeita de abuso sexual de menores e pornografia de menores. A v\u00edtima, uma menina de 13 anos, denunciou o caso \u00e0 psic\u00f3loga da escola que frequenta, que acionou a Pol\u00edcia Judici\u00e1ria. A Pol\u00edcia Judici\u00e1ria descreve o detido como suspeito de diversos crimes contra a liberdade e autodetermina\u00e7\u00e3o da menor. A PJ indicou ter realizado dilig\u00eancias que permitiram contextualizar os atos abusivos e reunir fortes ind\u00edcios da autoria. O detido, sem antecedentes criminais, ser\u00e1 presente \u00e0s autoridades judici\u00e1rias competentes para o primeiro interrogat\u00f3rio judicial e aplica\u00e7\u00e3o de medidas de coa\u00e7\u00e3o.","og_url":"https:\/\/portaltela.pt\/noticias\/2026\/01\/29\/suspeito-detido-por-abuso-sexual-e-pornografia-de-menores-em-gondomar\/","og_site_name":"Portal Tela Portugal","article_published_time":"2026-01-29T13:04:18+00:00","author":"Telinha","twitter_card":"summary_large_image","twitter_misc":{"Escrito por":"Telinha","Tempo estimado de leitura":"1 minuto"},"schema":{"@context":"https:\/\/schema.org","@graph":[{"@type":"Article","@id":"https:\/\/portaltela.pt\/noticias\/2026\/01\/29\/suspeito-detido-por-abuso-sexual-e-pornografia-de-menores-em-gondomar\/#article","isPartOf":{"@id":"https:\/\/portaltela.pt\/noticias\/2026\/01\/29\/suspeito-detido-por-abuso-sexual-e-pornografia-de-menores-em-gondomar\/"},"author":{"name":"Telinha","@id":"https:\/\/portaltela.pt\/#\/schema\/person\/c4278d4a6028830caff9ee44b42d32ed"},"headline":"Suspeito detido por abuso sexual e pornografia de menores em Gondomar","datePublished":"2026-01-29T13:04:18+00:00","mainEntityOfPage":{"@id":"https:\/\/portaltela.pt\/noticias\/2026\/01\/29\/suspeito-detido-por-abuso-sexual-e-pornografia-de-menores-em-gondomar\/"},"wordCount":136,"image":{"@id":"https:\/\/portaltela.pt\/noticias\/2026\/01\/29\/suspeito-detido-por-abuso-sexual-e-pornografia-de-menores-em-gondomar\/#primaryimage"},"thumbnailUrl":"https:\/\/portaltela.pt\/s.01k8rhncp4jt1\/2026\/01\/img_1500x1000uu2023-11-12-09-23-00-1490928-7.jpg","keywords":["abuso sexual de menor dependente ou em situa\u00e7\u00e3o vulner\u00e1vel","crimes contra a liberdade e autodetermina\u00e7\u00e3o sexual","explora\u00e7\u00e3o de menores dependente ou em situa\u00e7\u00e3o vulner\u00e1vel","Gondomar","investiga\u00e7\u00e3o","pornografia de menor dependente ou em situa\u00e7\u00e3o vulner\u00e1vel"],"articleSection":["Not\u00edcias"],"inLanguage":"pt-PT"},{"@type":"WebPage","@id":"https:\/\/portaltela.pt\/noticias\/2026\/01\/29\/suspeito-detido-por-abuso-sexual-e-pornografia-de-menores-em-gondomar\/","url":"https:\/\/portaltela.pt\/noticias\/2026\/01\/29\/suspeito-detido-por-abuso-sexual-e-pornografia-de-menores-em-gondomar\/","name":"Suspeito detido por abuso sexual e pornografia de menores em Gondomar - Portal Tela Portugal","isPartOf":{"@id":"https:\/\/portaltela.pt\/#website"},"primaryImageOfPage":{"@id":"https:\/\/portaltela.pt\/noticias\/2026\/01\/29\/suspeito-detido-por-abuso-sexual-e-pornografia-de-menores-em-gondomar\/#primaryimage"},"image":{"@id":"https:\/\/portaltela.pt\/noticias\/2026\/01\/29\/suspeito-detido-por-abuso-sexual-e-pornografia-de-menores-em-gondomar\/#primaryimage"},"thumbnailUrl":"https:\/\/portaltela.pt\/s.01k8rhncp4jt1\/2026\/01\/img_1500x1000uu2023-11-12-09-23-00-1490928-7.jpg","datePublished":"2026-01-29T13:04:18+00:00","author":{"@id":"https:\/\/portaltela.pt\/#\/schema\/person\/c4278d4a6028830caff9ee44b42d32ed"},"breadcrumb":{"@id":"https:\/\/portaltela.pt\/noticias\/2026\/01\/29\/suspeito-detido-por-abuso-sexual-e-pornografia-de-menores-em-gondomar\/#breadcrumb"},"inLanguage":"pt-PT","potentialAction":[{"@type":"ReadAction","target":["https:\/\/portaltela.pt\/noticias\/2026\/01\/29\/suspeito-detido-por-abuso-sexual-e-pornografia-de-menores-em-gondomar\/"]}]},{"@type":"ImageObject","inLanguage":"pt-PT","@id":"https:\/\/portaltela.pt\/noticias\/2026\/01\/29\/suspeito-detido-por-abuso-sexual-e-pornografia-de-menores-em-gondomar\/#primaryimage","url":"https:\/\/portaltela.pt\/s.01k8rhncp4jt1\/2026\/01\/img_1500x1000uu2023-11-12-09-23-00-1490928-7.jpg","contentUrl":"https:\/\/portaltela.pt\/s.01k8rhncp4jt1\/2026\/01\/img_1500x1000uu2023-11-12-09-23-00-1490928-7.jpg","width":796,"height":448,"caption":"PJ"},{"@type":"BreadcrumbList","@id":"https:\/\/portaltela.pt\/noticias\/2026\/01\/29\/suspeito-detido-por-abuso-sexual-e-pornografia-de-menores-em-gondomar\/#breadcrumb","itemListElement":[{"@type":"ListItem","position":1,"name":"In\u00edcio","item":"https:\/\/portaltela.pt\/"},{"@type":"ListItem","position":2,"name":"Suspeito detido por abuso sexual e pornografia de menores em Gondomar"}]},{"@type":"WebSite","@id":"https:\/\/portaltela.pt\/#website","url":"https:\/\/portaltela.pt\/","name":"Portal Tela Portugal","description":"","potentialAction":[{"@type":"SearchAction","target":{"@type":"EntryPoint","urlTemplate":"https:\/\/portaltela.pt\/?s={search_term_string}"},"query-input":{"@type":"PropertyValueSpecification","valueRequired":true,"valueName":"search_term_string"}}],"inLanguage":"pt-PT"},{"@type":"Person","@id":"https:\/\/portaltela.pt\/#\/schema\/person\/c4278d4a6028830caff9ee44b42d32ed","name":"Telinha","image":{"@type":"ImageObject","inLanguage":"pt-PT","@id":"https:\/\/portaltela.pt\/s.01k8rhncp4jt1\/2025\/11\/talking-bot-125x125.png","url":"https:\/\/portaltela.pt\/s.01k8rhncp4jt1\/2025\/11\/talking-bot-125x125.png","contentUrl":"https:\/\/portaltela.pt\/s.01k8rhncp4jt1\/2025\/11\/talking-bot-125x125.png","caption":"Telinha"},"sameAs":["https:\/\/portaltela.pt\/"],"url":"https:\/\/portaltela.pt\/por\/367410592786\/"}]}},"_links":{"self":[{"href":"https:\/\/portaltela.pt\/api\/wp\/v2\/posts\/181137","targetHints":{"allow":["GET"]}}],"collection":[{"href":"https:\/\/portaltela.pt\/api\/wp\/v2\/posts"}],"about":[{"href":"https:\/\/portaltela.pt\/api\/wp\/v2\/types\/post"}],"author":[{"embeddable":true,"href":"https:\/\/portaltela.pt\/api\/wp\/v2\/users\/2"}],"replies":[{"embeddable":true,"href":"https:\/\/portaltela.pt\/api\/wp\/v2\/comments?post=181137"}],"version-history":[{"count":0,"href":"https:\/\/portaltela.pt\/api\/wp\/v2\/posts\/181137\/revisions"}],"wp:featuredmedia":[{"embeddable":true,"href":"https:\/\/portaltela.pt\/api\/wp\/v2\/media\/181171"}],"wp:attachment":[{"href":"https:\/\/portaltela.pt\/api\/wp\/v2\/media?parent=181137"}],"wp:term":[{"taxonomy":"category","embeddable":true,"href":"https:\/\/portaltela.pt\/api\/wp\/v2\/categories?post=181137"},{"taxonomy":"post_tag","embeddable":true,"href":"https:\/\/portaltela.pt\/api\/wp\/v2\/tags?post=181137"}],"curies":[{"name":"wp","href":"https:\/\/api.w.org\/{rel}","templated":true}]}}