{"id":181092,"date":"2026-01-29T09:55:52","date_gmt":"2026-01-29T12:55:52","guid":{"rendered":"https:\/\/portaltela.pt\/noticias\/2026\/01\/29\/senegal-mantem-titulo-da-can-mas-selecionador-fica-suspenso-por-5-jogos\/"},"modified":"2026-01-29T09:55:52","modified_gmt":"2026-01-29T12:55:52","slug":"senegal-mantem-titulo-da-can-mas-selecionador-fica-suspenso-por-5-jogos","status":"publish","type":"post","link":"https:\/\/portaltela.pt\/desporto\/futebol\/2026\/01\/29\/senegal-mantem-titulo-da-can-mas-selecionador-fica-suspenso-por-5-jogos\/","title":{"rendered":"Senegal mant\u00e9m t\u00edtulo da CAN, mas selecionador fica suspenso por 5 jogos"},"content":{"rendered":"<p>O Senegal manteve o t\u00edtulo da CAN 2025, mas o selecionador Pape Thiaw foi suspenso por cinco jogos. A decis\u00e3o foi anunciada pela CAF, a federa\u00e7\u00e3o africana de futebol, esta quinta-feira. O caso envolve incidentes ocorridos na final disputada em Rabat.<\/p>\n<p>A queixa principal partiu da FRMF, a federa\u00e7\u00e3o marroquina, ap\u00f3s a final de 18 de janeiro, em que o Senegal venceu por 1-0. O Senegal abandonou o relvado nos instantes finais, antes de marcar, ap\u00f3s a decis\u00e3o de um grande penalty para Marrocos.<\/p>\n<p>A CAF considerou que Thiaw teve conduta antidesportiva, violando o princ\u00edpio de jogo limpo e a imagem do futebol. Al\u00e9m do treinador, outros jogadores foram punidos, como Illiman Ndyaye e Ismaila Sarr, suspensos por dois jogos, e os marroquinos Ismael Sabari, Achraf Hakimi, com san\u00e7\u00f5es de tr\u00eas e dois jogos, respetivamente.<\/p>\n<p>As san\u00e7\u00f5es abrangem ainda multas para as federa\u00e7\u00f5es. O Senegal fica com uma multa de 615.000 d\u00f3lares, enquanto Marrocos foi multado em 315.000 d\u00f3lares. As decis\u00f5es refletem a gravidade atribu\u00edda aos incidentes que ocorreram durante a final.<\/p>\n<p>A final, disputada no est\u00e1dio Pr\u00edncipe Moulay Abdallah, em Rabat, ficou marcada pela interrup\u00e7\u00e3o da jogada que antecederia o golo, seguida da retoma do jogo e da convers\u00e3o falhada do pen\u00e1lti por Brahim D\u00edaz. A vit\u00f3ria senegalesa foi consolidada na prolonga\u00e7\u00e3o por Pape Gueye.<\/p>\n<h3>Castigos e san\u00e7\u00f5es<\/h3>\n<p>O comit\u00e9 disciplinar da CAF aplicou tamb\u00e9m puni\u00e7\u00f5es a outras figuras envolvidas, com foco na conduta antidesportiva observada. A CAF refor\u00e7ou a necessidade de evitar repeti\u00e7\u00f5es de incidentes em finais de competi\u00e7\u00f5es continentais.<\/p>\n","protected":false},"excerpt":{"rendered":"<ul>\n<li>O Senegal mant\u00e9m o t\u00edtulo da CAN de 2025, conforme decis\u00e3o do j\u00fari disciplinar da CAF.<\/li>\n<li>O selecionador Pape Thiaw fica suspenso por cinco jogos devido \u00e0 conduta antidesportiva na final.<\/li>\n<li>A final da CAN 2025 terminou 1-0 a favor do Senegal, ap\u00f3s protestos de Thiaw que incentivaram a sa\u00edda de campo.<\/li>\n<li>Al\u00e9m de Thiaw, Illiman Ndyaye e Ismaila Sarr ficaram suspensos por dois jogos; Ismael Sabari (tr\u00eas jogos) e Achraf Hakimi (dois jogos, com uma pena suspensa).<\/li>\n<li>As federa\u00e7\u00f5es receberam multas financeiras: Senegal 615.000 d\u00f3lares e Marrocos 315.000 d\u00f3lares.<\/li>\n<\/ul>\n","protected":false},"author":2,"featured_media":181122,"comment_status":"closed","ping_status":"closed","sticky":false,"template":"","format":"standard","meta":{"footnotes":""},"categories":[21,24],"tags":[32,3338,1015,1885,2508,2057],"class_list":["post-181092","post","type-post","status-publish","format-standard","has-post-thumbnail","hentry","category-desporto","category-futebol","tag-futebol","tag-futebol-internacional","tag-marrocos","tag-penalti","tag-rabat","tag-selecao-nacional"],"yoast_head":"<!-- This site is optimized with the Yoast SEO plugin v27.2 - https:\/\/yoast.com\/product\/yoast-seo-wordpress\/ -->\n<title>Senegal mant\u00e9m t\u00edtulo da CAN, mas selecionador fica suspenso por 5 jogos - Portal Tela Portugal<\/title>\n<meta name=\"robots\" content=\"index, follow, max-snippet:-1, max-image-preview:large, max-video-preview:-1\" \/>\n<meta property=\"og:locale\" content=\"pt_PT\" \/>\n<meta property=\"og:type\" content=\"article\" \/>\n<meta property=\"og:title\" content=\"Senegal mant\u00e9m t\u00edtulo da CAN, mas selecionador fica suspenso por 5 jogos - Portal Tela Portugal\" \/>\n<meta property=\"og:description\" content=\"O Senegal mant\u00e9m o t\u00edtulo da CAN de 2025, conforme decis\u00e3o do j\u00fari disciplinar da CAF. O selecionador Pape Thiaw fica suspenso por cinco jogos devido \u00e0 conduta antidesportiva na final. A final da CAN 2025 terminou 1-0 a favor do Senegal, ap\u00f3s protestos de Thiaw que incentivaram a sa\u00edda de campo. Al\u00e9m de Thiaw, Illiman Ndyaye e Ismaila Sarr ficaram suspensos por dois jogos; Ismael Sabari (tr\u00eas jogos) e Achraf Hakimi (dois jogos, com uma pena suspensa). As federa\u00e7\u00f5es receberam multas financeiras: Senegal 615.000 d\u00f3lares e Marrocos 315.000 d\u00f3lares.\" \/>\n<meta property=\"og:url\" content=\"https:\/\/portaltela.pt\/noticias\/2026\/01\/29\/senegal-mantem-titulo-da-can-mas-selecionador-fica-suspenso-por-5-jogos\/\" \/>\n<meta property=\"og:site_name\" content=\"Portal Tela Portugal\" \/>\n<meta property=\"article:published_time\" content=\"2026-01-29T12:55:52+00:00\" \/>\n<meta name=\"author\" content=\"Telinha\" \/>\n<meta name=\"twitter:card\" content=\"summary_large_image\" \/>\n<meta name=\"twitter:label1\" content=\"Escrito por\" \/>\n\t<meta name=\"twitter:data1\" content=\"Telinha\" \/>\n\t<meta name=\"twitter:label2\" content=\"Tempo estimado de leitura\" \/>\n\t<meta name=\"twitter:data2\" content=\"1 minuto\" \/>\n<script type=\"application\/ld+json\" class=\"yoast-schema-graph\">{\"@context\":\"https:\/\/schema.org\",\"@graph\":[{\"@type\":\"Article\",\"@id\":\"https:\/\/portaltela.pt\/noticias\/2026\/01\/29\/senegal-mantem-titulo-da-can-mas-selecionador-fica-suspenso-por-5-jogos\/#article\",\"isPartOf\":{\"@id\":\"https:\/\/portaltela.pt\/noticias\/2026\/01\/29\/senegal-mantem-titulo-da-can-mas-selecionador-fica-suspenso-por-5-jogos\/\"},\"author\":{\"name\":\"Telinha\",\"@id\":\"https:\/\/portaltela.pt\/#\/schema\/person\/c4278d4a6028830caff9ee44b42d32ed\"},\"headline\":\"Senegal mant\u00e9m t\u00edtulo da CAN, mas selecionador fica suspenso por 5 jogos\",\"datePublished\":\"2026-01-29T12:55:52+00:00\",\"mainEntityOfPage\":{\"@id\":\"https:\/\/portaltela.pt\/noticias\/2026\/01\/29\/senegal-mantem-titulo-da-can-mas-selecionador-fica-suspenso-por-5-jogos\/\"},\"wordCount\":292,\"image\":{\"@id\":\"https:\/\/portaltela.pt\/noticias\/2026\/01\/29\/senegal-mantem-titulo-da-can-mas-selecionador-fica-suspenso-por-5-jogos\/#primaryimage\"},\"thumbnailUrl\":\"https:\/\/portaltela.pt\/s.01k8rhncp4jt1\/2026\/01\/img_1200x721uu2026-01-18-21-13-09-2415623-10.jpg\",\"keywords\":[\"futebol\",\"futebol internacional\",\"Marrocos\",\"pen\u00e1lti\",\"Rabat\",\"Sele\u00e7\u00e3o Nacional\"],\"articleSection\":[\"Desporto\",\"Futebol\"],\"inLanguage\":\"pt-PT\"},{\"@type\":\"WebPage\",\"@id\":\"https:\/\/portaltela.pt\/noticias\/2026\/01\/29\/senegal-mantem-titulo-da-can-mas-selecionador-fica-suspenso-por-5-jogos\/\",\"url\":\"https:\/\/portaltela.pt\/noticias\/2026\/01\/29\/senegal-mantem-titulo-da-can-mas-selecionador-fica-suspenso-por-5-jogos\/\",\"name\":\"Senegal mant\u00e9m t\u00edtulo da CAN, mas selecionador fica suspenso por 5 jogos - Portal Tela Portugal\",\"isPartOf\":{\"@id\":\"https:\/\/portaltela.pt\/#website\"},\"primaryImageOfPage\":{\"@id\":\"https:\/\/portaltela.pt\/noticias\/2026\/01\/29\/senegal-mantem-titulo-da-can-mas-selecionador-fica-suspenso-por-5-jogos\/#primaryimage\"},\"image\":{\"@id\":\"https:\/\/portaltela.pt\/noticias\/2026\/01\/29\/senegal-mantem-titulo-da-can-mas-selecionador-fica-suspenso-por-5-jogos\/#primaryimage\"},\"thumbnailUrl\":\"https:\/\/portaltela.pt\/s.01k8rhncp4jt1\/2026\/01\/img_1200x721uu2026-01-18-21-13-09-2415623-10.jpg\",\"datePublished\":\"2026-01-29T12:55:52+00:00\",\"author\":{\"@id\":\"https:\/\/portaltela.pt\/#\/schema\/person\/c4278d4a6028830caff9ee44b42d32ed\"},\"breadcrumb\":{\"@id\":\"https:\/\/portaltela.pt\/noticias\/2026\/01\/29\/senegal-mantem-titulo-da-can-mas-selecionador-fica-suspenso-por-5-jogos\/#breadcrumb\"},\"inLanguage\":\"pt-PT\",\"potentialAction\":[{\"@type\":\"ReadAction\",\"target\":[\"https:\/\/portaltela.pt\/noticias\/2026\/01\/29\/senegal-mantem-titulo-da-can-mas-selecionador-fica-suspenso-por-5-jogos\/\"]}]},{\"@type\":\"ImageObject\",\"inLanguage\":\"pt-PT\",\"@id\":\"https:\/\/portaltela.pt\/noticias\/2026\/01\/29\/senegal-mantem-titulo-da-can-mas-selecionador-fica-suspenso-por-5-jogos\/#primaryimage\",\"url\":\"https:\/\/portaltela.pt\/s.01k8rhncp4jt1\/2026\/01\/img_1200x721uu2026-01-18-21-13-09-2415623-10.jpg\",\"contentUrl\":\"https:\/\/portaltela.pt\/s.01k8rhncp4jt1\/2026\/01\/img_1200x721uu2026-01-18-21-13-09-2415623-10.jpg\",\"width\":796,\"height\":448,\"caption\":\"Senegal mant\u00e9m t\u00edtulo de campe\u00e3o da CAN, mas selecionador \u00e9 suspenso por 5 jogos\"},{\"@type\":\"BreadcrumbList\",\"@id\":\"https:\/\/portaltela.pt\/noticias\/2026\/01\/29\/senegal-mantem-titulo-da-can-mas-selecionador-fica-suspenso-por-5-jogos\/#breadcrumb\",\"itemListElement\":[{\"@type\":\"ListItem\",\"position\":1,\"name\":\"In\u00edcio\",\"item\":\"https:\/\/portaltela.pt\/\"},{\"@type\":\"ListItem\",\"position\":2,\"name\":\"Senegal mant\u00e9m t\u00edtulo da CAN, mas selecionador fica suspenso por 5 jogos\"}]},{\"@type\":\"WebSite\",\"@id\":\"https:\/\/portaltela.pt\/#website\",\"url\":\"https:\/\/portaltela.pt\/\",\"name\":\"Portal Tela Portugal\",\"description\":\"\",\"potentialAction\":[{\"@type\":\"SearchAction\",\"target\":{\"@type\":\"EntryPoint\",\"urlTemplate\":\"https:\/\/portaltela.pt\/?s={search_term_string}\"},\"query-input\":{\"@type\":\"PropertyValueSpecification\",\"valueRequired\":true,\"valueName\":\"search_term_string\"}}],\"inLanguage\":\"pt-PT\"},{\"@type\":\"Person\",\"@id\":\"https:\/\/portaltela.pt\/#\/schema\/person\/c4278d4a6028830caff9ee44b42d32ed\",\"name\":\"Telinha\",\"image\":{\"@type\":\"ImageObject\",\"inLanguage\":\"pt-PT\",\"@id\":\"https:\/\/portaltela.pt\/s.01k8rhncp4jt1\/2025\/11\/talking-bot-125x125.png\",\"url\":\"https:\/\/portaltela.pt\/s.01k8rhncp4jt1\/2025\/11\/talking-bot-125x125.png\",\"contentUrl\":\"https:\/\/portaltela.pt\/s.01k8rhncp4jt1\/2025\/11\/talking-bot-125x125.png\",\"caption\":\"Telinha\"},\"sameAs\":[\"https:\/\/portaltela.pt\/\"],\"url\":\"https:\/\/portaltela.pt\/por\/367410592786\/\"}]}<\/script>\n<!-- \/ Yoast SEO plugin. -->","yoast_head_json":{"title":"Senegal mant\u00e9m t\u00edtulo da CAN, mas selecionador fica suspenso por 5 jogos - Portal Tela Portugal","robots":{"index":"index","follow":"follow","max-snippet":"max-snippet:-1","max-image-preview":"max-image-preview:large","max-video-preview":"max-video-preview:-1"},"og_locale":"pt_PT","og_type":"article","og_title":"Senegal mant\u00e9m t\u00edtulo da CAN, mas selecionador fica suspenso por 5 jogos - Portal Tela Portugal","og_description":"O Senegal mant\u00e9m o t\u00edtulo da CAN de 2025, conforme decis\u00e3o do j\u00fari disciplinar da CAF. O selecionador Pape Thiaw fica suspenso por cinco jogos devido \u00e0 conduta antidesportiva na final. A final da CAN 2025 terminou 1-0 a favor do Senegal, ap\u00f3s protestos de Thiaw que incentivaram a sa\u00edda de campo. Al\u00e9m de Thiaw, Illiman Ndyaye e Ismaila Sarr ficaram suspensos por dois jogos; Ismael Sabari (tr\u00eas jogos) e Achraf Hakimi (dois jogos, com uma pena suspensa). As federa\u00e7\u00f5es receberam multas financeiras: Senegal 615.000 d\u00f3lares e Marrocos 315.000 d\u00f3lares.","og_url":"https:\/\/portaltela.pt\/noticias\/2026\/01\/29\/senegal-mantem-titulo-da-can-mas-selecionador-fica-suspenso-por-5-jogos\/","og_site_name":"Portal Tela Portugal","article_published_time":"2026-01-29T12:55:52+00:00","author":"Telinha","twitter_card":"summary_large_image","twitter_misc":{"Escrito por":"Telinha","Tempo estimado de leitura":"1 minuto"},"schema":{"@context":"https:\/\/schema.org","@graph":[{"@type":"Article","@id":"https:\/\/portaltela.pt\/noticias\/2026\/01\/29\/senegal-mantem-titulo-da-can-mas-selecionador-fica-suspenso-por-5-jogos\/#article","isPartOf":{"@id":"https:\/\/portaltela.pt\/noticias\/2026\/01\/29\/senegal-mantem-titulo-da-can-mas-selecionador-fica-suspenso-por-5-jogos\/"},"author":{"name":"Telinha","@id":"https:\/\/portaltela.pt\/#\/schema\/person\/c4278d4a6028830caff9ee44b42d32ed"},"headline":"Senegal mant\u00e9m t\u00edtulo da CAN, mas selecionador fica suspenso por 5 jogos","datePublished":"2026-01-29T12:55:52+00:00","mainEntityOfPage":{"@id":"https:\/\/portaltela.pt\/noticias\/2026\/01\/29\/senegal-mantem-titulo-da-can-mas-selecionador-fica-suspenso-por-5-jogos\/"},"wordCount":292,"image":{"@id":"https:\/\/portaltela.pt\/noticias\/2026\/01\/29\/senegal-mantem-titulo-da-can-mas-selecionador-fica-suspenso-por-5-jogos\/#primaryimage"},"thumbnailUrl":"https:\/\/portaltela.pt\/s.01k8rhncp4jt1\/2026\/01\/img_1200x721uu2026-01-18-21-13-09-2415623-10.jpg","keywords":["futebol","futebol internacional","Marrocos","pen\u00e1lti","Rabat","Sele\u00e7\u00e3o Nacional"],"articleSection":["Desporto","Futebol"],"inLanguage":"pt-PT"},{"@type":"WebPage","@id":"https:\/\/portaltela.pt\/noticias\/2026\/01\/29\/senegal-mantem-titulo-da-can-mas-selecionador-fica-suspenso-por-5-jogos\/","url":"https:\/\/portaltela.pt\/noticias\/2026\/01\/29\/senegal-mantem-titulo-da-can-mas-selecionador-fica-suspenso-por-5-jogos\/","name":"Senegal mant\u00e9m t\u00edtulo da CAN, mas selecionador fica suspenso por 5 jogos - Portal Tela Portugal","isPartOf":{"@id":"https:\/\/portaltela.pt\/#website"},"primaryImageOfPage":{"@id":"https:\/\/portaltela.pt\/noticias\/2026\/01\/29\/senegal-mantem-titulo-da-can-mas-selecionador-fica-suspenso-por-5-jogos\/#primaryimage"},"image":{"@id":"https:\/\/portaltela.pt\/noticias\/2026\/01\/29\/senegal-mantem-titulo-da-can-mas-selecionador-fica-suspenso-por-5-jogos\/#primaryimage"},"thumbnailUrl":"https:\/\/portaltela.pt\/s.01k8rhncp4jt1\/2026\/01\/img_1200x721uu2026-01-18-21-13-09-2415623-10.jpg","datePublished":"2026-01-29T12:55:52+00:00","author":{"@id":"https:\/\/portaltela.pt\/#\/schema\/person\/c4278d4a6028830caff9ee44b42d32ed"},"breadcrumb":{"@id":"https:\/\/portaltela.pt\/noticias\/2026\/01\/29\/senegal-mantem-titulo-da-can-mas-selecionador-fica-suspenso-por-5-jogos\/#breadcrumb"},"inLanguage":"pt-PT","potentialAction":[{"@type":"ReadAction","target":["https:\/\/portaltela.pt\/noticias\/2026\/01\/29\/senegal-mantem-titulo-da-can-mas-selecionador-fica-suspenso-por-5-jogos\/"]}]},{"@type":"ImageObject","inLanguage":"pt-PT","@id":"https:\/\/portaltela.pt\/noticias\/2026\/01\/29\/senegal-mantem-titulo-da-can-mas-selecionador-fica-suspenso-por-5-jogos\/#primaryimage","url":"https:\/\/portaltela.pt\/s.01k8rhncp4jt1\/2026\/01\/img_1200x721uu2026-01-18-21-13-09-2415623-10.jpg","contentUrl":"https:\/\/portaltela.pt\/s.01k8rhncp4jt1\/2026\/01\/img_1200x721uu2026-01-18-21-13-09-2415623-10.jpg","width":796,"height":448,"caption":"Senegal mant\u00e9m t\u00edtulo de campe\u00e3o da CAN, mas selecionador \u00e9 suspenso por 5 jogos"},{"@type":"BreadcrumbList","@id":"https:\/\/portaltela.pt\/noticias\/2026\/01\/29\/senegal-mantem-titulo-da-can-mas-selecionador-fica-suspenso-por-5-jogos\/#breadcrumb","itemListElement":[{"@type":"ListItem","position":1,"name":"In\u00edcio","item":"https:\/\/portaltela.pt\/"},{"@type":"ListItem","position":2,"name":"Senegal mant\u00e9m t\u00edtulo da CAN, mas selecionador fica suspenso por 5 jogos"}]},{"@type":"WebSite","@id":"https:\/\/portaltela.pt\/#website","url":"https:\/\/portaltela.pt\/","name":"Portal Tela Portugal","description":"","potentialAction":[{"@type":"SearchAction","target":{"@type":"EntryPoint","urlTemplate":"https:\/\/portaltela.pt\/?s={search_term_string}"},"query-input":{"@type":"PropertyValueSpecification","valueRequired":true,"valueName":"search_term_string"}}],"inLanguage":"pt-PT"},{"@type":"Person","@id":"https:\/\/portaltela.pt\/#\/schema\/person\/c4278d4a6028830caff9ee44b42d32ed","name":"Telinha","image":{"@type":"ImageObject","inLanguage":"pt-PT","@id":"https:\/\/portaltela.pt\/s.01k8rhncp4jt1\/2025\/11\/talking-bot-125x125.png","url":"https:\/\/portaltela.pt\/s.01k8rhncp4jt1\/2025\/11\/talking-bot-125x125.png","contentUrl":"https:\/\/portaltela.pt\/s.01k8rhncp4jt1\/2025\/11\/talking-bot-125x125.png","caption":"Telinha"},"sameAs":["https:\/\/portaltela.pt\/"],"url":"https:\/\/portaltela.pt\/por\/367410592786\/"}]}},"_links":{"self":[{"href":"https:\/\/portaltela.pt\/api\/wp\/v2\/posts\/181092","targetHints":{"allow":["GET"]}}],"collection":[{"href":"https:\/\/portaltela.pt\/api\/wp\/v2\/posts"}],"about":[{"href":"https:\/\/portaltela.pt\/api\/wp\/v2\/types\/post"}],"author":[{"embeddable":true,"href":"https:\/\/portaltela.pt\/api\/wp\/v2\/users\/2"}],"replies":[{"embeddable":true,"href":"https:\/\/portaltela.pt\/api\/wp\/v2\/comments?post=181092"}],"version-history":[{"count":0,"href":"https:\/\/portaltela.pt\/api\/wp\/v2\/posts\/181092\/revisions"}],"wp:featuredmedia":[{"embeddable":true,"href":"https:\/\/portaltela.pt\/api\/wp\/v2\/media\/181122"}],"wp:attachment":[{"href":"https:\/\/portaltela.pt\/api\/wp\/v2\/media?parent=181092"}],"wp:term":[{"taxonomy":"category","embeddable":true,"href":"https:\/\/portaltela.pt\/api\/wp\/v2\/categories?post=181092"},{"taxonomy":"post_tag","embeddable":true,"href":"https:\/\/portaltela.pt\/api\/wp\/v2\/tags?post=181092"}],"curies":[{"name":"wp","href":"https:\/\/api.w.org\/{rel}","templated":true}]}}