{"id":181087,"date":"2026-01-29T09:40:32","date_gmt":"2026-01-29T12:40:32","guid":{"rendered":"https:\/\/portaltela.pt\/noticias\/2026\/01\/29\/viseu-apresenta-programa-de-apoio-ao-desporto-e-atividade-fisica-2026\/"},"modified":"2026-01-29T09:40:32","modified_gmt":"2026-01-29T12:40:32","slug":"viseu-apresenta-programa-de-apoio-ao-desporto-e-atividade-fisica-2026","status":"publish","type":"post","link":"https:\/\/portaltela.pt\/desporto\/2026\/01\/29\/viseu-apresenta-programa-de-apoio-ao-desporto-e-atividade-fisica-2026\/","title":{"rendered":"Viseu apresenta Programa de Apoio ao Desporto e Atividade F\u00edsica 2026"},"content":{"rendered":"<p>O Munic\u00edpio de Viseu revelou, no dia 26 de janeiro, o Programa de Apoio ao Desporto e Atividade F\u00edsica (PADAF) 2026. O objetivo \u00e9 fortalecer as associa\u00e7\u00f5es desportivas do concelho e incentivar a pr\u00e1tica regular de atividade f\u00edsica. A iniciativa pretende ter impacto direto na comunidade.<\/p>\n<p>O PADAF 2026 pretende equilibrar v\u00e1rias vertentes do desporto, desde forma\u00e7\u00e3o e inclus\u00e3o at\u00e9 rendimento e sustentabilidade. Valoriza o talento local e aplica crit\u00e9rios transparentes que visam promover benef\u00edcios para a sa\u00fade e bem-estar da popula\u00e7\u00e3o.<\/p>\n<p>A autarquia afirma que o programa refor\u00e7a a rela\u00e7\u00e3o entre desporto, sa\u00fade p\u00fablica e coes\u00e3o social. A implementa\u00e7\u00e3o est\u00e1 orientada para melhorar a qualidade de vida dos cidad\u00e3os e dinamizar o movimento associativo de Viseu.<\/p>\n<h3>Objetivos e Crit\u00e9rios<\/h3>\n<p>O programa centra-se na forma\u00e7\u00e3o de atletas, na inclus\u00e3o de jovens e zonas desfavorecidas e na sustentabilidade financeira das entidades desportivas. A estrutura pretende assegurar acesso equitativo a apoios.<\/p>\n<p>Segundo a C\u00e2mara Municipal, o PADAF visa tamb\u00e9m promover a pr\u00e1tica regular de atividade f\u00edsica ao longo de todo o ano, contribuindo para uma vida mais saud\u00e1vel e para o desenvolvimento do tecido associativo local.<\/p>\n","protected":false},"excerpt":{"rendered":"<ul>\n<li>O Munic\u00edpio de Viseu revelou, a 26 de janeiro, o Programa de Apoio ao Desporto e Atividade F\u00edsica (PADAF) 2026.<\/li>\n<li>O objetivo \u00e9 fortalecer as associa\u00e7\u00f5es desportivas do concelho e incentivar a pr\u00e1tica regular de atividade f\u00edsica.<\/li>\n<li>O PADAF 2026 visa equilibrar forma\u00e7\u00e3o, inclus\u00e3o, rendimento e sustentabilidade, valorizando o talento local.<\/li>\n<li>Pretende ainda assegurar crit\u00e9rios transparentes que promovam impacto positivo na comunidade.<\/li>\n<li>A autarquia destaca o desporto como fator de sa\u00fade, bem-estar, coes\u00e3o social e melhoria da qualidade de vida.<\/li>\n<\/ul>\n","protected":false},"author":2,"featured_media":181120,"comment_status":"closed","ping_status":"closed","sticky":false,"template":"","format":"standard","meta":{"footnotes":""},"categories":[21],"tags":[1640,2464,1323,152,271,1171],"class_list":["post-181087","post","type-post","status-publish","format-standard","has-post-thumbnail","hentry","category-desporto","tag-associacoes-desportivas","tag-atividade-fisica","tag-coesao-social","tag-desporto","tag-saude-publica","tag-viseu"],"yoast_head":"<!-- This site is optimized with the Yoast SEO plugin v27.2 - https:\/\/yoast.com\/product\/yoast-seo-wordpress\/ -->\n<title>Viseu apresenta Programa de Apoio ao Desporto e Atividade F\u00edsica 2026 - Portal Tela Portugal<\/title>\n<meta name=\"robots\" content=\"index, follow, max-snippet:-1, max-image-preview:large, max-video-preview:-1\" \/>\n<meta property=\"og:locale\" content=\"pt_PT\" \/>\n<meta property=\"og:type\" content=\"article\" \/>\n<meta property=\"og:title\" content=\"Viseu apresenta Programa de Apoio ao Desporto e Atividade F\u00edsica 2026 - Portal Tela Portugal\" \/>\n<meta property=\"og:description\" content=\"O Munic\u00edpio de Viseu revelou, a 26 de janeiro, o Programa de Apoio ao Desporto e Atividade F\u00edsica (PADAF) 2026. O objetivo \u00e9 fortalecer as associa\u00e7\u00f5es desportivas do concelho e incentivar a pr\u00e1tica regular de atividade f\u00edsica. O PADAF 2026 visa equilibrar forma\u00e7\u00e3o, inclus\u00e3o, rendimento e sustentabilidade, valorizando o talento local. Pretende ainda assegurar crit\u00e9rios transparentes que promovam impacto positivo na comunidade. A autarquia destaca o desporto como fator de sa\u00fade, bem-estar, coes\u00e3o social e melhoria da qualidade de vida.\" \/>\n<meta property=\"og:url\" content=\"https:\/\/portaltela.pt\/noticias\/2026\/01\/29\/viseu-apresenta-programa-de-apoio-ao-desporto-e-atividade-fisica-2026\/\" \/>\n<meta property=\"og:site_name\" content=\"Portal Tela Portugal\" \/>\n<meta property=\"article:published_time\" content=\"2026-01-29T12:40:32+00:00\" \/>\n<meta name=\"author\" content=\"Telinha\" \/>\n<meta name=\"twitter:card\" content=\"summary_large_image\" \/>\n<meta name=\"twitter:label1\" content=\"Escrito por\" \/>\n\t<meta name=\"twitter:data1\" content=\"Telinha\" \/>\n\t<meta name=\"twitter:label2\" content=\"Tempo estimado de leitura\" \/>\n\t<meta name=\"twitter:data2\" content=\"1 minuto\" \/>\n<script type=\"application\/ld+json\" class=\"yoast-schema-graph\">{\"@context\":\"https:\/\/schema.org\",\"@graph\":[{\"@type\":\"Article\",\"@id\":\"https:\/\/portaltela.pt\/noticias\/2026\/01\/29\/viseu-apresenta-programa-de-apoio-ao-desporto-e-atividade-fisica-2026\/#article\",\"isPartOf\":{\"@id\":\"https:\/\/portaltela.pt\/noticias\/2026\/01\/29\/viseu-apresenta-programa-de-apoio-ao-desporto-e-atividade-fisica-2026\/\"},\"author\":{\"name\":\"Telinha\",\"@id\":\"https:\/\/portaltela.pt\/#\/schema\/person\/c4278d4a6028830caff9ee44b42d32ed\"},\"headline\":\"Viseu apresenta Programa de Apoio ao Desporto e Atividade F\u00edsica 2026\",\"datePublished\":\"2026-01-29T12:40:32+00:00\",\"mainEntityOfPage\":{\"@id\":\"https:\/\/portaltela.pt\/noticias\/2026\/01\/29\/viseu-apresenta-programa-de-apoio-ao-desporto-e-atividade-fisica-2026\/\"},\"wordCount\":218,\"image\":{\"@id\":\"https:\/\/portaltela.pt\/noticias\/2026\/01\/29\/viseu-apresenta-programa-de-apoio-ao-desporto-e-atividade-fisica-2026\/#primaryimage\"},\"thumbnailUrl\":\"https:\/\/portaltela.pt\/s.01k8rhncp4jt1\/2026\/01\/unnamed-file-5791.jpg\",\"keywords\":[\"associa\u00e7\u00f5es desportivas\",\"atividade f\u00edsica\",\"Coes\u00e3o social\",\"desporto\",\"sa\u00fade p\u00fablica\",\"Viseu\"],\"articleSection\":[\"Desporto\"],\"inLanguage\":\"pt-PT\"},{\"@type\":\"WebPage\",\"@id\":\"https:\/\/portaltela.pt\/noticias\/2026\/01\/29\/viseu-apresenta-programa-de-apoio-ao-desporto-e-atividade-fisica-2026\/\",\"url\":\"https:\/\/portaltela.pt\/noticias\/2026\/01\/29\/viseu-apresenta-programa-de-apoio-ao-desporto-e-atividade-fisica-2026\/\",\"name\":\"Viseu apresenta Programa de Apoio ao Desporto e Atividade F\u00edsica 2026 - Portal Tela Portugal\",\"isPartOf\":{\"@id\":\"https:\/\/portaltela.pt\/#website\"},\"primaryImageOfPage\":{\"@id\":\"https:\/\/portaltela.pt\/noticias\/2026\/01\/29\/viseu-apresenta-programa-de-apoio-ao-desporto-e-atividade-fisica-2026\/#primaryimage\"},\"image\":{\"@id\":\"https:\/\/portaltela.pt\/noticias\/2026\/01\/29\/viseu-apresenta-programa-de-apoio-ao-desporto-e-atividade-fisica-2026\/#primaryimage\"},\"thumbnailUrl\":\"https:\/\/portaltela.pt\/s.01k8rhncp4jt1\/2026\/01\/unnamed-file-5791.jpg\",\"datePublished\":\"2026-01-29T12:40:32+00:00\",\"author\":{\"@id\":\"https:\/\/portaltela.pt\/#\/schema\/person\/c4278d4a6028830caff9ee44b42d32ed\"},\"breadcrumb\":{\"@id\":\"https:\/\/portaltela.pt\/noticias\/2026\/01\/29\/viseu-apresenta-programa-de-apoio-ao-desporto-e-atividade-fisica-2026\/#breadcrumb\"},\"inLanguage\":\"pt-PT\",\"potentialAction\":[{\"@type\":\"ReadAction\",\"target\":[\"https:\/\/portaltela.pt\/noticias\/2026\/01\/29\/viseu-apresenta-programa-de-apoio-ao-desporto-e-atividade-fisica-2026\/\"]}]},{\"@type\":\"ImageObject\",\"inLanguage\":\"pt-PT\",\"@id\":\"https:\/\/portaltela.pt\/noticias\/2026\/01\/29\/viseu-apresenta-programa-de-apoio-ao-desporto-e-atividade-fisica-2026\/#primaryimage\",\"url\":\"https:\/\/portaltela.pt\/s.01k8rhncp4jt1\/2026\/01\/unnamed-file-5791.jpg\",\"contentUrl\":\"https:\/\/portaltela.pt\/s.01k8rhncp4jt1\/2026\/01\/unnamed-file-5791.jpg\",\"width\":796,\"height\":448,\"caption\":\"Viseu apresenta Programa de Apoio ao Desporto e Atividade F\u00edsica 2026\"},{\"@type\":\"BreadcrumbList\",\"@id\":\"https:\/\/portaltela.pt\/noticias\/2026\/01\/29\/viseu-apresenta-programa-de-apoio-ao-desporto-e-atividade-fisica-2026\/#breadcrumb\",\"itemListElement\":[{\"@type\":\"ListItem\",\"position\":1,\"name\":\"In\u00edcio\",\"item\":\"https:\/\/portaltela.pt\/\"},{\"@type\":\"ListItem\",\"position\":2,\"name\":\"Viseu apresenta Programa de Apoio ao Desporto e Atividade F\u00edsica 2026\"}]},{\"@type\":\"WebSite\",\"@id\":\"https:\/\/portaltela.pt\/#website\",\"url\":\"https:\/\/portaltela.pt\/\",\"name\":\"Portal Tela Portugal\",\"description\":\"\",\"potentialAction\":[{\"@type\":\"SearchAction\",\"target\":{\"@type\":\"EntryPoint\",\"urlTemplate\":\"https:\/\/portaltela.pt\/?s={search_term_string}\"},\"query-input\":{\"@type\":\"PropertyValueSpecification\",\"valueRequired\":true,\"valueName\":\"search_term_string\"}}],\"inLanguage\":\"pt-PT\"},{\"@type\":\"Person\",\"@id\":\"https:\/\/portaltela.pt\/#\/schema\/person\/c4278d4a6028830caff9ee44b42d32ed\",\"name\":\"Telinha\",\"image\":{\"@type\":\"ImageObject\",\"inLanguage\":\"pt-PT\",\"@id\":\"https:\/\/portaltela.pt\/s.01k8rhncp4jt1\/2025\/11\/talking-bot-125x125.png\",\"url\":\"https:\/\/portaltela.pt\/s.01k8rhncp4jt1\/2025\/11\/talking-bot-125x125.png\",\"contentUrl\":\"https:\/\/portaltela.pt\/s.01k8rhncp4jt1\/2025\/11\/talking-bot-125x125.png\",\"caption\":\"Telinha\"},\"sameAs\":[\"https:\/\/portaltela.pt\/\"],\"url\":\"https:\/\/portaltela.pt\/por\/367410592786\/\"}]}<\/script>\n<!-- \/ Yoast SEO plugin. -->","yoast_head_json":{"title":"Viseu apresenta Programa de Apoio ao Desporto e Atividade F\u00edsica 2026 - Portal Tela Portugal","robots":{"index":"index","follow":"follow","max-snippet":"max-snippet:-1","max-image-preview":"max-image-preview:large","max-video-preview":"max-video-preview:-1"},"og_locale":"pt_PT","og_type":"article","og_title":"Viseu apresenta Programa de Apoio ao Desporto e Atividade F\u00edsica 2026 - Portal Tela Portugal","og_description":"O Munic\u00edpio de Viseu revelou, a 26 de janeiro, o Programa de Apoio ao Desporto e Atividade F\u00edsica (PADAF) 2026. O objetivo \u00e9 fortalecer as associa\u00e7\u00f5es desportivas do concelho e incentivar a pr\u00e1tica regular de atividade f\u00edsica. O PADAF 2026 visa equilibrar forma\u00e7\u00e3o, inclus\u00e3o, rendimento e sustentabilidade, valorizando o talento local. Pretende ainda assegurar crit\u00e9rios transparentes que promovam impacto positivo na comunidade. A autarquia destaca o desporto como fator de sa\u00fade, bem-estar, coes\u00e3o social e melhoria da qualidade de vida.","og_url":"https:\/\/portaltela.pt\/noticias\/2026\/01\/29\/viseu-apresenta-programa-de-apoio-ao-desporto-e-atividade-fisica-2026\/","og_site_name":"Portal Tela Portugal","article_published_time":"2026-01-29T12:40:32+00:00","author":"Telinha","twitter_card":"summary_large_image","twitter_misc":{"Escrito por":"Telinha","Tempo estimado de leitura":"1 minuto"},"schema":{"@context":"https:\/\/schema.org","@graph":[{"@type":"Article","@id":"https:\/\/portaltela.pt\/noticias\/2026\/01\/29\/viseu-apresenta-programa-de-apoio-ao-desporto-e-atividade-fisica-2026\/#article","isPartOf":{"@id":"https:\/\/portaltela.pt\/noticias\/2026\/01\/29\/viseu-apresenta-programa-de-apoio-ao-desporto-e-atividade-fisica-2026\/"},"author":{"name":"Telinha","@id":"https:\/\/portaltela.pt\/#\/schema\/person\/c4278d4a6028830caff9ee44b42d32ed"},"headline":"Viseu apresenta Programa de Apoio ao Desporto e Atividade F\u00edsica 2026","datePublished":"2026-01-29T12:40:32+00:00","mainEntityOfPage":{"@id":"https:\/\/portaltela.pt\/noticias\/2026\/01\/29\/viseu-apresenta-programa-de-apoio-ao-desporto-e-atividade-fisica-2026\/"},"wordCount":218,"image":{"@id":"https:\/\/portaltela.pt\/noticias\/2026\/01\/29\/viseu-apresenta-programa-de-apoio-ao-desporto-e-atividade-fisica-2026\/#primaryimage"},"thumbnailUrl":"https:\/\/portaltela.pt\/s.01k8rhncp4jt1\/2026\/01\/unnamed-file-5791.jpg","keywords":["associa\u00e7\u00f5es desportivas","atividade f\u00edsica","Coes\u00e3o social","desporto","sa\u00fade p\u00fablica","Viseu"],"articleSection":["Desporto"],"inLanguage":"pt-PT"},{"@type":"WebPage","@id":"https:\/\/portaltela.pt\/noticias\/2026\/01\/29\/viseu-apresenta-programa-de-apoio-ao-desporto-e-atividade-fisica-2026\/","url":"https:\/\/portaltela.pt\/noticias\/2026\/01\/29\/viseu-apresenta-programa-de-apoio-ao-desporto-e-atividade-fisica-2026\/","name":"Viseu apresenta Programa de Apoio ao Desporto e Atividade F\u00edsica 2026 - Portal Tela Portugal","isPartOf":{"@id":"https:\/\/portaltela.pt\/#website"},"primaryImageOfPage":{"@id":"https:\/\/portaltela.pt\/noticias\/2026\/01\/29\/viseu-apresenta-programa-de-apoio-ao-desporto-e-atividade-fisica-2026\/#primaryimage"},"image":{"@id":"https:\/\/portaltela.pt\/noticias\/2026\/01\/29\/viseu-apresenta-programa-de-apoio-ao-desporto-e-atividade-fisica-2026\/#primaryimage"},"thumbnailUrl":"https:\/\/portaltela.pt\/s.01k8rhncp4jt1\/2026\/01\/unnamed-file-5791.jpg","datePublished":"2026-01-29T12:40:32+00:00","author":{"@id":"https:\/\/portaltela.pt\/#\/schema\/person\/c4278d4a6028830caff9ee44b42d32ed"},"breadcrumb":{"@id":"https:\/\/portaltela.pt\/noticias\/2026\/01\/29\/viseu-apresenta-programa-de-apoio-ao-desporto-e-atividade-fisica-2026\/#breadcrumb"},"inLanguage":"pt-PT","potentialAction":[{"@type":"ReadAction","target":["https:\/\/portaltela.pt\/noticias\/2026\/01\/29\/viseu-apresenta-programa-de-apoio-ao-desporto-e-atividade-fisica-2026\/"]}]},{"@type":"ImageObject","inLanguage":"pt-PT","@id":"https:\/\/portaltela.pt\/noticias\/2026\/01\/29\/viseu-apresenta-programa-de-apoio-ao-desporto-e-atividade-fisica-2026\/#primaryimage","url":"https:\/\/portaltela.pt\/s.01k8rhncp4jt1\/2026\/01\/unnamed-file-5791.jpg","contentUrl":"https:\/\/portaltela.pt\/s.01k8rhncp4jt1\/2026\/01\/unnamed-file-5791.jpg","width":796,"height":448,"caption":"Viseu apresenta Programa de Apoio ao Desporto e Atividade F\u00edsica 2026"},{"@type":"BreadcrumbList","@id":"https:\/\/portaltela.pt\/noticias\/2026\/01\/29\/viseu-apresenta-programa-de-apoio-ao-desporto-e-atividade-fisica-2026\/#breadcrumb","itemListElement":[{"@type":"ListItem","position":1,"name":"In\u00edcio","item":"https:\/\/portaltela.pt\/"},{"@type":"ListItem","position":2,"name":"Viseu apresenta Programa de Apoio ao Desporto e Atividade F\u00edsica 2026"}]},{"@type":"WebSite","@id":"https:\/\/portaltela.pt\/#website","url":"https:\/\/portaltela.pt\/","name":"Portal Tela Portugal","description":"","potentialAction":[{"@type":"SearchAction","target":{"@type":"EntryPoint","urlTemplate":"https:\/\/portaltela.pt\/?s={search_term_string}"},"query-input":{"@type":"PropertyValueSpecification","valueRequired":true,"valueName":"search_term_string"}}],"inLanguage":"pt-PT"},{"@type":"Person","@id":"https:\/\/portaltela.pt\/#\/schema\/person\/c4278d4a6028830caff9ee44b42d32ed","name":"Telinha","image":{"@type":"ImageObject","inLanguage":"pt-PT","@id":"https:\/\/portaltela.pt\/s.01k8rhncp4jt1\/2025\/11\/talking-bot-125x125.png","url":"https:\/\/portaltela.pt\/s.01k8rhncp4jt1\/2025\/11\/talking-bot-125x125.png","contentUrl":"https:\/\/portaltela.pt\/s.01k8rhncp4jt1\/2025\/11\/talking-bot-125x125.png","caption":"Telinha"},"sameAs":["https:\/\/portaltela.pt\/"],"url":"https:\/\/portaltela.pt\/por\/367410592786\/"}]}},"_links":{"self":[{"href":"https:\/\/portaltela.pt\/api\/wp\/v2\/posts\/181087","targetHints":{"allow":["GET"]}}],"collection":[{"href":"https:\/\/portaltela.pt\/api\/wp\/v2\/posts"}],"about":[{"href":"https:\/\/portaltela.pt\/api\/wp\/v2\/types\/post"}],"author":[{"embeddable":true,"href":"https:\/\/portaltela.pt\/api\/wp\/v2\/users\/2"}],"replies":[{"embeddable":true,"href":"https:\/\/portaltela.pt\/api\/wp\/v2\/comments?post=181087"}],"version-history":[{"count":0,"href":"https:\/\/portaltela.pt\/api\/wp\/v2\/posts\/181087\/revisions"}],"wp:featuredmedia":[{"embeddable":true,"href":"https:\/\/portaltela.pt\/api\/wp\/v2\/media\/181120"}],"wp:attachment":[{"href":"https:\/\/portaltela.pt\/api\/wp\/v2\/media?parent=181087"}],"wp:term":[{"taxonomy":"category","embeddable":true,"href":"https:\/\/portaltela.pt\/api\/wp\/v2\/categories?post=181087"},{"taxonomy":"post_tag","embeddable":true,"href":"https:\/\/portaltela.pt\/api\/wp\/v2\/tags?post=181087"}],"curies":[{"name":"wp","href":"https:\/\/api.w.org\/{rel}","templated":true}]}}