{"id":181050,"date":"2026-01-29T09:40:00","date_gmt":"2026-01-29T12:40:00","guid":{"rendered":"https:\/\/portaltela.pt\/noticias\/2026\/01\/29\/elena-rybakina-volta-a-final-do-open-da-australia-apos-tres-anos\/"},"modified":"2026-01-29T09:40:00","modified_gmt":"2026-01-29T12:40:00","slug":"elena-rybakina-volta-a-final-do-open-da-australia-apos-tres-anos","status":"publish","type":"post","link":"https:\/\/portaltela.pt\/desporto\/2026\/01\/29\/elena-rybakina-volta-a-final-do-open-da-australia-apos-tres-anos\/","title":{"rendered":"Elena Rybakina volta \u00e0 final do Open da Austr\u00e1lia ap\u00f3s tr\u00eas anos"},"content":{"rendered":"<p>Elena Rybakina assegurou hoje a presen\u00e7a na final do Open da Austr\u00e1lia ao derrotar Jessica Pegula em duas mangas. O <strong>resultado<\/strong> ficou 6-3 e 7-6 (9-7), num encontro que durou 1h40.<\/p>\n<p>A campe\u00e3 de Wimbledon 2022, quinta cabe\u00e7a de s\u00e9rie, volta assim \u00e0 final do primeiro Grand Slam da \u00e9poca pela terceira vez, para discutir o t\u00edtulo. Este \u00e9 o segundo grande de carreira de Rybakina.<\/p>\n<p>Pegula, sexta jogadora mundial, apresentou resist\u00eancia na segunda partida, obrigando o tie-break no segundo set. A vit\u00f3ria coloca Rybakina frente a Aryna Sabalenka, n\u00ba1 mundial e campe\u00e3 em 2023 e 2024, na final de s\u00e1bado.<\/p>\n<h3>Final frente a Sabalenka<\/h3>\n<p>Sabalenka eliminou Elina Svitolina na outra meia-final, avan\u00e7ando para a decis\u00e3o para enfrentar Rybakina no Happy Slam. A final promete reunir duas jogadoras em excelente momento de forma.<\/p>\n","protected":false},"excerpt":{"rendered":"<ul>\n<li>Elena Rybakina, quinta cabe\u00e7a de s\u00e9rie, apura-se para a final do Open da Austr\u00e1lia ap\u00f3s vencer Jessica Pegula em dois sets.<\/li>\n<li>O triunfo teve parciais de 6-3 e 7-6 (9-7), num encontro com dura\u00e7\u00e3o de uma hora e 40 minutos.<\/li>\n<li>Rybakina vai disputar o segundo t\u00edtulo de Grand Slam frente a Aryna Sabalenka, que \u00e9 a n\u00famero um mundial.<\/li>\n<li>Sabalenka eliminou hoje Elina Svitolina na primeira meia-final para chegar \u00e0 final do primeiro Major da temporada.<\/li>\n<\/ul>\n","protected":false},"author":2,"featured_media":181054,"comment_status":"closed","ping_status":"closed","sticky":false,"template":"","format":"standard","meta":{"footnotes":""},"categories":[21],"tags":[4449,3866,1242,94],"class_list":["post-181050","post","type-post","status-publish","format-standard","has-post-thumbnail","hentry","category-desporto","tag-aryna-sabalenka","tag-elena-rybakina","tag-feminino","tag-tenis"],"yoast_head":"<!-- This site is optimized with the Yoast SEO plugin v27.2 - https:\/\/yoast.com\/product\/yoast-seo-wordpress\/ -->\n<title>Elena Rybakina volta \u00e0 final do Open da Austr\u00e1lia ap\u00f3s tr\u00eas anos - Portal Tela Portugal<\/title>\n<meta name=\"robots\" content=\"index, follow, max-snippet:-1, max-image-preview:large, max-video-preview:-1\" \/>\n<meta property=\"og:locale\" content=\"pt_PT\" \/>\n<meta property=\"og:type\" content=\"article\" \/>\n<meta property=\"og:title\" content=\"Elena Rybakina volta \u00e0 final do Open da Austr\u00e1lia ap\u00f3s tr\u00eas anos - Portal Tela Portugal\" \/>\n<meta property=\"og:description\" content=\"Elena Rybakina, quinta cabe\u00e7a de s\u00e9rie, apura-se para a final do Open da Austr\u00e1lia ap\u00f3s vencer Jessica Pegula em dois sets. O triunfo teve parciais de 6-3 e 7-6 (9-7), num encontro com dura\u00e7\u00e3o de uma hora e 40 minutos. Rybakina vai disputar o segundo t\u00edtulo de Grand Slam frente a Aryna Sabalenka, que \u00e9 a n\u00famero um mundial. Sabalenka eliminou hoje Elina Svitolina na primeira meia-final para chegar \u00e0 final do primeiro Major da temporada.\" \/>\n<meta property=\"og:url\" content=\"https:\/\/portaltela.pt\/noticias\/2026\/01\/29\/elena-rybakina-volta-a-final-do-open-da-australia-apos-tres-anos\/\" \/>\n<meta property=\"og:site_name\" content=\"Portal Tela Portugal\" \/>\n<meta property=\"article:published_time\" content=\"2026-01-29T12:40:00+00:00\" \/>\n<meta name=\"author\" content=\"Telinha\" \/>\n<meta name=\"twitter:card\" content=\"summary_large_image\" \/>\n<meta name=\"twitter:label1\" content=\"Escrito por\" \/>\n\t<meta name=\"twitter:data1\" content=\"Telinha\" \/>\n\t<meta name=\"twitter:label2\" content=\"Tempo estimado de leitura\" \/>\n\t<meta name=\"twitter:data2\" content=\"1 minuto\" \/>\n<script type=\"application\/ld+json\" class=\"yoast-schema-graph\">{\"@context\":\"https:\/\/schema.org\",\"@graph\":[{\"@type\":\"Article\",\"@id\":\"https:\/\/portaltela.pt\/noticias\/2026\/01\/29\/elena-rybakina-volta-a-final-do-open-da-australia-apos-tres-anos\/#article\",\"isPartOf\":{\"@id\":\"https:\/\/portaltela.pt\/noticias\/2026\/01\/29\/elena-rybakina-volta-a-final-do-open-da-australia-apos-tres-anos\/\"},\"author\":{\"name\":\"Telinha\",\"@id\":\"https:\/\/portaltela.pt\/#\/schema\/person\/c4278d4a6028830caff9ee44b42d32ed\"},\"headline\":\"Elena Rybakina volta \u00e0 final do Open da Austr\u00e1lia ap\u00f3s tr\u00eas anos\",\"datePublished\":\"2026-01-29T12:40:00+00:00\",\"mainEntityOfPage\":{\"@id\":\"https:\/\/portaltela.pt\/noticias\/2026\/01\/29\/elena-rybakina-volta-a-final-do-open-da-australia-apos-tres-anos\/\"},\"wordCount\":152,\"image\":{\"@id\":\"https:\/\/portaltela.pt\/noticias\/2026\/01\/29\/elena-rybakina-volta-a-final-do-open-da-australia-apos-tres-anos\/#primaryimage\"},\"thumbnailUrl\":\"https:\/\/portaltela.pt\/s.01k8rhncp4jt1\/2026\/01\/img_920x518uu2026-01-29-12-40-01-2418207.jpg\",\"keywords\":[\"Aryna Sabalenka\",\"Elena Rybakina\",\"feminino\",\"t\u00eanis\"],\"articleSection\":[\"Desporto\"],\"inLanguage\":\"pt-PT\"},{\"@type\":\"WebPage\",\"@id\":\"https:\/\/portaltela.pt\/noticias\/2026\/01\/29\/elena-rybakina-volta-a-final-do-open-da-australia-apos-tres-anos\/\",\"url\":\"https:\/\/portaltela.pt\/noticias\/2026\/01\/29\/elena-rybakina-volta-a-final-do-open-da-australia-apos-tres-anos\/\",\"name\":\"Elena Rybakina volta \u00e0 final do Open da Austr\u00e1lia ap\u00f3s tr\u00eas anos - Portal Tela Portugal\",\"isPartOf\":{\"@id\":\"https:\/\/portaltela.pt\/#website\"},\"primaryImageOfPage\":{\"@id\":\"https:\/\/portaltela.pt\/noticias\/2026\/01\/29\/elena-rybakina-volta-a-final-do-open-da-australia-apos-tres-anos\/#primaryimage\"},\"image\":{\"@id\":\"https:\/\/portaltela.pt\/noticias\/2026\/01\/29\/elena-rybakina-volta-a-final-do-open-da-australia-apos-tres-anos\/#primaryimage\"},\"thumbnailUrl\":\"https:\/\/portaltela.pt\/s.01k8rhncp4jt1\/2026\/01\/img_920x518uu2026-01-29-12-40-01-2418207.jpg\",\"datePublished\":\"2026-01-29T12:40:00+00:00\",\"author\":{\"@id\":\"https:\/\/portaltela.pt\/#\/schema\/person\/c4278d4a6028830caff9ee44b42d32ed\"},\"breadcrumb\":{\"@id\":\"https:\/\/portaltela.pt\/noticias\/2026\/01\/29\/elena-rybakina-volta-a-final-do-open-da-australia-apos-tres-anos\/#breadcrumb\"},\"inLanguage\":\"pt-PT\",\"potentialAction\":[{\"@type\":\"ReadAction\",\"target\":[\"https:\/\/portaltela.pt\/noticias\/2026\/01\/29\/elena-rybakina-volta-a-final-do-open-da-australia-apos-tres-anos\/\"]}]},{\"@type\":\"ImageObject\",\"inLanguage\":\"pt-PT\",\"@id\":\"https:\/\/portaltela.pt\/noticias\/2026\/01\/29\/elena-rybakina-volta-a-final-do-open-da-australia-apos-tres-anos\/#primaryimage\",\"url\":\"https:\/\/portaltela.pt\/s.01k8rhncp4jt1\/2026\/01\/img_920x518uu2026-01-29-12-40-01-2418207.jpg\",\"contentUrl\":\"https:\/\/portaltela.pt\/s.01k8rhncp4jt1\/2026\/01\/img_920x518uu2026-01-29-12-40-01-2418207.jpg\",\"width\":796,\"height\":448,\"caption\":\"Elena Rybakina vence nas 'meias' do Open da Austr\u00e1lia\"},{\"@type\":\"BreadcrumbList\",\"@id\":\"https:\/\/portaltela.pt\/noticias\/2026\/01\/29\/elena-rybakina-volta-a-final-do-open-da-australia-apos-tres-anos\/#breadcrumb\",\"itemListElement\":[{\"@type\":\"ListItem\",\"position\":1,\"name\":\"In\u00edcio\",\"item\":\"https:\/\/portaltela.pt\/\"},{\"@type\":\"ListItem\",\"position\":2,\"name\":\"Elena Rybakina volta \u00e0 final do Open da Austr\u00e1lia ap\u00f3s tr\u00eas anos\"}]},{\"@type\":\"WebSite\",\"@id\":\"https:\/\/portaltela.pt\/#website\",\"url\":\"https:\/\/portaltela.pt\/\",\"name\":\"Portal Tela Portugal\",\"description\":\"\",\"potentialAction\":[{\"@type\":\"SearchAction\",\"target\":{\"@type\":\"EntryPoint\",\"urlTemplate\":\"https:\/\/portaltela.pt\/?s={search_term_string}\"},\"query-input\":{\"@type\":\"PropertyValueSpecification\",\"valueRequired\":true,\"valueName\":\"search_term_string\"}}],\"inLanguage\":\"pt-PT\"},{\"@type\":\"Person\",\"@id\":\"https:\/\/portaltela.pt\/#\/schema\/person\/c4278d4a6028830caff9ee44b42d32ed\",\"name\":\"Telinha\",\"image\":{\"@type\":\"ImageObject\",\"inLanguage\":\"pt-PT\",\"@id\":\"https:\/\/portaltela.pt\/s.01k8rhncp4jt1\/2025\/11\/talking-bot-125x125.png\",\"url\":\"https:\/\/portaltela.pt\/s.01k8rhncp4jt1\/2025\/11\/talking-bot-125x125.png\",\"contentUrl\":\"https:\/\/portaltela.pt\/s.01k8rhncp4jt1\/2025\/11\/talking-bot-125x125.png\",\"caption\":\"Telinha\"},\"sameAs\":[\"https:\/\/portaltela.pt\/\"],\"url\":\"https:\/\/portaltela.pt\/por\/367410592786\/\"}]}<\/script>\n<!-- \/ Yoast SEO plugin. -->","yoast_head_json":{"title":"Elena Rybakina volta \u00e0 final do Open da Austr\u00e1lia ap\u00f3s tr\u00eas anos - Portal Tela Portugal","robots":{"index":"index","follow":"follow","max-snippet":"max-snippet:-1","max-image-preview":"max-image-preview:large","max-video-preview":"max-video-preview:-1"},"og_locale":"pt_PT","og_type":"article","og_title":"Elena Rybakina volta \u00e0 final do Open da Austr\u00e1lia ap\u00f3s tr\u00eas anos - Portal Tela Portugal","og_description":"Elena Rybakina, quinta cabe\u00e7a de s\u00e9rie, apura-se para a final do Open da Austr\u00e1lia ap\u00f3s vencer Jessica Pegula em dois sets. O triunfo teve parciais de 6-3 e 7-6 (9-7), num encontro com dura\u00e7\u00e3o de uma hora e 40 minutos. Rybakina vai disputar o segundo t\u00edtulo de Grand Slam frente a Aryna Sabalenka, que \u00e9 a n\u00famero um mundial. Sabalenka eliminou hoje Elina Svitolina na primeira meia-final para chegar \u00e0 final do primeiro Major da temporada.","og_url":"https:\/\/portaltela.pt\/noticias\/2026\/01\/29\/elena-rybakina-volta-a-final-do-open-da-australia-apos-tres-anos\/","og_site_name":"Portal Tela Portugal","article_published_time":"2026-01-29T12:40:00+00:00","author":"Telinha","twitter_card":"summary_large_image","twitter_misc":{"Escrito por":"Telinha","Tempo estimado de leitura":"1 minuto"},"schema":{"@context":"https:\/\/schema.org","@graph":[{"@type":"Article","@id":"https:\/\/portaltela.pt\/noticias\/2026\/01\/29\/elena-rybakina-volta-a-final-do-open-da-australia-apos-tres-anos\/#article","isPartOf":{"@id":"https:\/\/portaltela.pt\/noticias\/2026\/01\/29\/elena-rybakina-volta-a-final-do-open-da-australia-apos-tres-anos\/"},"author":{"name":"Telinha","@id":"https:\/\/portaltela.pt\/#\/schema\/person\/c4278d4a6028830caff9ee44b42d32ed"},"headline":"Elena Rybakina volta \u00e0 final do Open da Austr\u00e1lia ap\u00f3s tr\u00eas anos","datePublished":"2026-01-29T12:40:00+00:00","mainEntityOfPage":{"@id":"https:\/\/portaltela.pt\/noticias\/2026\/01\/29\/elena-rybakina-volta-a-final-do-open-da-australia-apos-tres-anos\/"},"wordCount":152,"image":{"@id":"https:\/\/portaltela.pt\/noticias\/2026\/01\/29\/elena-rybakina-volta-a-final-do-open-da-australia-apos-tres-anos\/#primaryimage"},"thumbnailUrl":"https:\/\/portaltela.pt\/s.01k8rhncp4jt1\/2026\/01\/img_920x518uu2026-01-29-12-40-01-2418207.jpg","keywords":["Aryna Sabalenka","Elena Rybakina","feminino","t\u00eanis"],"articleSection":["Desporto"],"inLanguage":"pt-PT"},{"@type":"WebPage","@id":"https:\/\/portaltela.pt\/noticias\/2026\/01\/29\/elena-rybakina-volta-a-final-do-open-da-australia-apos-tres-anos\/","url":"https:\/\/portaltela.pt\/noticias\/2026\/01\/29\/elena-rybakina-volta-a-final-do-open-da-australia-apos-tres-anos\/","name":"Elena Rybakina volta \u00e0 final do Open da Austr\u00e1lia ap\u00f3s tr\u00eas anos - Portal Tela Portugal","isPartOf":{"@id":"https:\/\/portaltela.pt\/#website"},"primaryImageOfPage":{"@id":"https:\/\/portaltela.pt\/noticias\/2026\/01\/29\/elena-rybakina-volta-a-final-do-open-da-australia-apos-tres-anos\/#primaryimage"},"image":{"@id":"https:\/\/portaltela.pt\/noticias\/2026\/01\/29\/elena-rybakina-volta-a-final-do-open-da-australia-apos-tres-anos\/#primaryimage"},"thumbnailUrl":"https:\/\/portaltela.pt\/s.01k8rhncp4jt1\/2026\/01\/img_920x518uu2026-01-29-12-40-01-2418207.jpg","datePublished":"2026-01-29T12:40:00+00:00","author":{"@id":"https:\/\/portaltela.pt\/#\/schema\/person\/c4278d4a6028830caff9ee44b42d32ed"},"breadcrumb":{"@id":"https:\/\/portaltela.pt\/noticias\/2026\/01\/29\/elena-rybakina-volta-a-final-do-open-da-australia-apos-tres-anos\/#breadcrumb"},"inLanguage":"pt-PT","potentialAction":[{"@type":"ReadAction","target":["https:\/\/portaltela.pt\/noticias\/2026\/01\/29\/elena-rybakina-volta-a-final-do-open-da-australia-apos-tres-anos\/"]}]},{"@type":"ImageObject","inLanguage":"pt-PT","@id":"https:\/\/portaltela.pt\/noticias\/2026\/01\/29\/elena-rybakina-volta-a-final-do-open-da-australia-apos-tres-anos\/#primaryimage","url":"https:\/\/portaltela.pt\/s.01k8rhncp4jt1\/2026\/01\/img_920x518uu2026-01-29-12-40-01-2418207.jpg","contentUrl":"https:\/\/portaltela.pt\/s.01k8rhncp4jt1\/2026\/01\/img_920x518uu2026-01-29-12-40-01-2418207.jpg","width":796,"height":448,"caption":"Elena Rybakina vence nas 'meias' do Open da Austr\u00e1lia"},{"@type":"BreadcrumbList","@id":"https:\/\/portaltela.pt\/noticias\/2026\/01\/29\/elena-rybakina-volta-a-final-do-open-da-australia-apos-tres-anos\/#breadcrumb","itemListElement":[{"@type":"ListItem","position":1,"name":"In\u00edcio","item":"https:\/\/portaltela.pt\/"},{"@type":"ListItem","position":2,"name":"Elena Rybakina volta \u00e0 final do Open da Austr\u00e1lia ap\u00f3s tr\u00eas anos"}]},{"@type":"WebSite","@id":"https:\/\/portaltela.pt\/#website","url":"https:\/\/portaltela.pt\/","name":"Portal Tela Portugal","description":"","potentialAction":[{"@type":"SearchAction","target":{"@type":"EntryPoint","urlTemplate":"https:\/\/portaltela.pt\/?s={search_term_string}"},"query-input":{"@type":"PropertyValueSpecification","valueRequired":true,"valueName":"search_term_string"}}],"inLanguage":"pt-PT"},{"@type":"Person","@id":"https:\/\/portaltela.pt\/#\/schema\/person\/c4278d4a6028830caff9ee44b42d32ed","name":"Telinha","image":{"@type":"ImageObject","inLanguage":"pt-PT","@id":"https:\/\/portaltela.pt\/s.01k8rhncp4jt1\/2025\/11\/talking-bot-125x125.png","url":"https:\/\/portaltela.pt\/s.01k8rhncp4jt1\/2025\/11\/talking-bot-125x125.png","contentUrl":"https:\/\/portaltela.pt\/s.01k8rhncp4jt1\/2025\/11\/talking-bot-125x125.png","caption":"Telinha"},"sameAs":["https:\/\/portaltela.pt\/"],"url":"https:\/\/portaltela.pt\/por\/367410592786\/"}]}},"_links":{"self":[{"href":"https:\/\/portaltela.pt\/api\/wp\/v2\/posts\/181050","targetHints":{"allow":["GET"]}}],"collection":[{"href":"https:\/\/portaltela.pt\/api\/wp\/v2\/posts"}],"about":[{"href":"https:\/\/portaltela.pt\/api\/wp\/v2\/types\/post"}],"author":[{"embeddable":true,"href":"https:\/\/portaltela.pt\/api\/wp\/v2\/users\/2"}],"replies":[{"embeddable":true,"href":"https:\/\/portaltela.pt\/api\/wp\/v2\/comments?post=181050"}],"version-history":[{"count":0,"href":"https:\/\/portaltela.pt\/api\/wp\/v2\/posts\/181050\/revisions"}],"wp:featuredmedia":[{"embeddable":true,"href":"https:\/\/portaltela.pt\/api\/wp\/v2\/media\/181054"}],"wp:attachment":[{"href":"https:\/\/portaltela.pt\/api\/wp\/v2\/media?parent=181050"}],"wp:term":[{"taxonomy":"category","embeddable":true,"href":"https:\/\/portaltela.pt\/api\/wp\/v2\/categories?post=181050"},{"taxonomy":"post_tag","embeddable":true,"href":"https:\/\/portaltela.pt\/api\/wp\/v2\/tags?post=181050"}],"curies":[{"name":"wp","href":"https:\/\/api.w.org\/{rel}","templated":true}]}}