{"id":180994,"date":"2026-01-29T09:25:15","date_gmt":"2026-01-29T12:25:15","guid":{"rendered":"https:\/\/portaltela.pt\/noticias\/2026\/01\/29\/incendio-em-garagem-em-lamego-desalojou-duas-pessoas\/"},"modified":"2026-01-29T09:25:15","modified_gmt":"2026-01-29T12:25:15","slug":"incendio-em-garagem-em-lamego-desalojou-duas-pessoas","status":"publish","type":"post","link":"https:\/\/portaltela.pt\/noticias\/2026\/01\/29\/incendio-em-garagem-em-lamego-desalojou-duas-pessoas\/","title":{"rendered":"Inc\u00eandio em garagem em Lamego desalojou duas pessoas"},"content":{"rendered":"<p>Duas pessoas ficaram desalojadas ao in\u00edcio da manh\u00e3 de hoje, ap\u00f3s um inc\u00eandio num pr\u00e9dio da freguesia de Ferreiros de Av\u00f5es, no concelho de Lamego. O incidente ocorreu perto das 08h00.<\/p>\n<p>Segundo o Comando Sub-regional do Douro, o fogo teve origem numa garagem que ficou totalmente tomada pelas chamas, sem registo de danos em viaturas.<\/p>\n<p>Foram mobilizados 17 operacionais, apoiados por cinco viaturas dos bombeiros, da Guarda Nacional Republicana e da Prote\u00e7\u00e3o Civil Municipal.<\/p>\n<p>As causas do inc\u00eandio est\u00e3o a ser apuradas pelas autoridades.<\/p>\n","protected":false},"excerpt":{"rendered":"<ul>\n<li>Duas pessoas ficaram desalojadas ap\u00f3s um inc\u00eandio numa garagem de um pr\u00e9dio na freguesia de Ferreiros de Av\u00f5es, em Lamego, in\u00edcio da manh\u00e3 desta quinta-feira.<\/li>\n<li>A garagem ficou totalmente tomada pelas chamas, com n\u00e3o havendo registo de danos em viaturas.<\/li>\n<li>O alerta foi dado pouco depois das oito horas, mobilizando quinze operacionais apoiados por cinco viaturas dos bombeiros, da Guarda Nacional Republicana e da Prote\u00e7\u00e3o Civil Municipal.<\/li>\n<li>As causas do inc\u00eandio est\u00e3o a ser apuradas pelas autoridades.<\/li>\n<li>Esta not\u00edcia pode ser acompanhada na Esta\u00e7\u00e3o Di\u00e1ria \u2013 96,8 FM.<\/li>\n<\/ul>\n","protected":false},"author":2,"featured_media":181000,"comment_status":"closed","ping_status":"closed","sticky":false,"template":"","format":"standard","meta":{"footnotes":""},"categories":[1],"tags":[971,3004,1398,1438,3419,320],"class_list":["post-180994","post","type-post","status-publish","format-standard","has-post-thumbnail","hentry","category-noticias","tag-bombeiros","tag-desalojados","tag-guarda-nacional-republicana","tag-incendio","tag-lamego","tag-protecao-civil"],"yoast_head":"<!-- This site is optimized with the Yoast SEO plugin v27.2 - https:\/\/yoast.com\/product\/yoast-seo-wordpress\/ -->\n<title>Inc\u00eandio em garagem em Lamego desalojou duas pessoas - Portal Tela Portugal<\/title>\n<meta name=\"robots\" content=\"index, follow, max-snippet:-1, max-image-preview:large, max-video-preview:-1\" \/>\n<meta property=\"og:locale\" content=\"pt_PT\" \/>\n<meta property=\"og:type\" content=\"article\" \/>\n<meta property=\"og:title\" content=\"Inc\u00eandio em garagem em Lamego desalojou duas pessoas - Portal Tela Portugal\" \/>\n<meta property=\"og:description\" content=\"Duas pessoas ficaram desalojadas ap\u00f3s um inc\u00eandio numa garagem de um pr\u00e9dio na freguesia de Ferreiros de Av\u00f5es, em Lamego, in\u00edcio da manh\u00e3 desta quinta-feira. A garagem ficou totalmente tomada pelas chamas, com n\u00e3o havendo registo de danos em viaturas. O alerta foi dado pouco depois das oito horas, mobilizando quinze operacionais apoiados por cinco viaturas dos bombeiros, da Guarda Nacional Republicana e da Prote\u00e7\u00e3o Civil Municipal. As causas do inc\u00eandio est\u00e3o a ser apuradas pelas autoridades. Esta not\u00edcia pode ser acompanhada na Esta\u00e7\u00e3o Di\u00e1ria \u2013 96,8 FM.\" \/>\n<meta property=\"og:url\" content=\"https:\/\/portaltela.pt\/noticias\/2026\/01\/29\/incendio-em-garagem-em-lamego-desalojou-duas-pessoas\/\" \/>\n<meta property=\"og:site_name\" content=\"Portal Tela Portugal\" \/>\n<meta property=\"article:published_time\" content=\"2026-01-29T12:25:15+00:00\" \/>\n<meta name=\"author\" content=\"Telinha\" \/>\n<meta name=\"twitter:card\" content=\"summary_large_image\" \/>\n<meta name=\"twitter:label1\" content=\"Escrito por\" \/>\n\t<meta name=\"twitter:data1\" content=\"Telinha\" \/>\n<script type=\"application\/ld+json\" class=\"yoast-schema-graph\">{\"@context\":\"https:\/\/schema.org\",\"@graph\":[{\"@type\":\"Article\",\"@id\":\"https:\/\/portaltela.pt\/noticias\/2026\/01\/29\/incendio-em-garagem-em-lamego-desalojou-duas-pessoas\/#article\",\"isPartOf\":{\"@id\":\"https:\/\/portaltela.pt\/noticias\/2026\/01\/29\/incendio-em-garagem-em-lamego-desalojou-duas-pessoas\/\"},\"author\":{\"name\":\"Telinha\",\"@id\":\"https:\/\/portaltela.pt\/#\/schema\/person\/c4278d4a6028830caff9ee44b42d32ed\"},\"headline\":\"Inc\u00eandio em garagem em Lamego desalojou duas pessoas\",\"datePublished\":\"2026-01-29T12:25:15+00:00\",\"mainEntityOfPage\":{\"@id\":\"https:\/\/portaltela.pt\/noticias\/2026\/01\/29\/incendio-em-garagem-em-lamego-desalojou-duas-pessoas\/\"},\"wordCount\":100,\"image\":{\"@id\":\"https:\/\/portaltela.pt\/noticias\/2026\/01\/29\/incendio-em-garagem-em-lamego-desalojou-duas-pessoas\/#primaryimage\"},\"thumbnailUrl\":\"https:\/\/portaltela.pt\/s.01k8rhncp4jt1\/2026\/01\/bombeiros-freepik.jpg\",\"keywords\":[\"bombeiros\",\"desalojados\",\"Guarda Nacional Republicana\",\"inc\u00eandio\",\"Lamego\",\"prote\u00e7\u00e3o civil\"],\"articleSection\":[\"Not\u00edcias\"],\"inLanguage\":\"pt-PT\"},{\"@type\":\"WebPage\",\"@id\":\"https:\/\/portaltela.pt\/noticias\/2026\/01\/29\/incendio-em-garagem-em-lamego-desalojou-duas-pessoas\/\",\"url\":\"https:\/\/portaltela.pt\/noticias\/2026\/01\/29\/incendio-em-garagem-em-lamego-desalojou-duas-pessoas\/\",\"name\":\"Inc\u00eandio em garagem em Lamego desalojou duas pessoas - Portal Tela Portugal\",\"isPartOf\":{\"@id\":\"https:\/\/portaltela.pt\/#website\"},\"primaryImageOfPage\":{\"@id\":\"https:\/\/portaltela.pt\/noticias\/2026\/01\/29\/incendio-em-garagem-em-lamego-desalojou-duas-pessoas\/#primaryimage\"},\"image\":{\"@id\":\"https:\/\/portaltela.pt\/noticias\/2026\/01\/29\/incendio-em-garagem-em-lamego-desalojou-duas-pessoas\/#primaryimage\"},\"thumbnailUrl\":\"https:\/\/portaltela.pt\/s.01k8rhncp4jt1\/2026\/01\/bombeiros-freepik.jpg\",\"datePublished\":\"2026-01-29T12:25:15+00:00\",\"author\":{\"@id\":\"https:\/\/portaltela.pt\/#\/schema\/person\/c4278d4a6028830caff9ee44b42d32ed\"},\"breadcrumb\":{\"@id\":\"https:\/\/portaltela.pt\/noticias\/2026\/01\/29\/incendio-em-garagem-em-lamego-desalojou-duas-pessoas\/#breadcrumb\"},\"inLanguage\":\"pt-PT\",\"potentialAction\":[{\"@type\":\"ReadAction\",\"target\":[\"https:\/\/portaltela.pt\/noticias\/2026\/01\/29\/incendio-em-garagem-em-lamego-desalojou-duas-pessoas\/\"]}]},{\"@type\":\"ImageObject\",\"inLanguage\":\"pt-PT\",\"@id\":\"https:\/\/portaltela.pt\/noticias\/2026\/01\/29\/incendio-em-garagem-em-lamego-desalojou-duas-pessoas\/#primaryimage\",\"url\":\"https:\/\/portaltela.pt\/s.01k8rhncp4jt1\/2026\/01\/bombeiros-freepik.jpg\",\"contentUrl\":\"https:\/\/portaltela.pt\/s.01k8rhncp4jt1\/2026\/01\/bombeiros-freepik.jpg\",\"width\":796,\"height\":448,\"caption\":\"Viseu: Inc\u00eandio em S\u00e3o Jo\u00e3o de Lourosa deixou quatro pessoas sem casa\"},{\"@type\":\"BreadcrumbList\",\"@id\":\"https:\/\/portaltela.pt\/noticias\/2026\/01\/29\/incendio-em-garagem-em-lamego-desalojou-duas-pessoas\/#breadcrumb\",\"itemListElement\":[{\"@type\":\"ListItem\",\"position\":1,\"name\":\"In\u00edcio\",\"item\":\"https:\/\/portaltela.pt\/\"},{\"@type\":\"ListItem\",\"position\":2,\"name\":\"Inc\u00eandio em garagem em Lamego desalojou duas pessoas\"}]},{\"@type\":\"WebSite\",\"@id\":\"https:\/\/portaltela.pt\/#website\",\"url\":\"https:\/\/portaltela.pt\/\",\"name\":\"Portal Tela Portugal\",\"description\":\"\",\"potentialAction\":[{\"@type\":\"SearchAction\",\"target\":{\"@type\":\"EntryPoint\",\"urlTemplate\":\"https:\/\/portaltela.pt\/?s={search_term_string}\"},\"query-input\":{\"@type\":\"PropertyValueSpecification\",\"valueRequired\":true,\"valueName\":\"search_term_string\"}}],\"inLanguage\":\"pt-PT\"},{\"@type\":\"Person\",\"@id\":\"https:\/\/portaltela.pt\/#\/schema\/person\/c4278d4a6028830caff9ee44b42d32ed\",\"name\":\"Telinha\",\"image\":{\"@type\":\"ImageObject\",\"inLanguage\":\"pt-PT\",\"@id\":\"https:\/\/portaltela.pt\/s.01k8rhncp4jt1\/2025\/11\/talking-bot-125x125.png\",\"url\":\"https:\/\/portaltela.pt\/s.01k8rhncp4jt1\/2025\/11\/talking-bot-125x125.png\",\"contentUrl\":\"https:\/\/portaltela.pt\/s.01k8rhncp4jt1\/2025\/11\/talking-bot-125x125.png\",\"caption\":\"Telinha\"},\"sameAs\":[\"https:\/\/portaltela.pt\/\"],\"url\":\"https:\/\/portaltela.pt\/por\/367410592786\/\"}]}<\/script>\n<!-- \/ Yoast SEO plugin. -->","yoast_head_json":{"title":"Inc\u00eandio em garagem em Lamego desalojou duas pessoas - Portal Tela Portugal","robots":{"index":"index","follow":"follow","max-snippet":"max-snippet:-1","max-image-preview":"max-image-preview:large","max-video-preview":"max-video-preview:-1"},"og_locale":"pt_PT","og_type":"article","og_title":"Inc\u00eandio em garagem em Lamego desalojou duas pessoas - Portal Tela Portugal","og_description":"Duas pessoas ficaram desalojadas ap\u00f3s um inc\u00eandio numa garagem de um pr\u00e9dio na freguesia de Ferreiros de Av\u00f5es, em Lamego, in\u00edcio da manh\u00e3 desta quinta-feira. A garagem ficou totalmente tomada pelas chamas, com n\u00e3o havendo registo de danos em viaturas. O alerta foi dado pouco depois das oito horas, mobilizando quinze operacionais apoiados por cinco viaturas dos bombeiros, da Guarda Nacional Republicana e da Prote\u00e7\u00e3o Civil Municipal. As causas do inc\u00eandio est\u00e3o a ser apuradas pelas autoridades. Esta not\u00edcia pode ser acompanhada na Esta\u00e7\u00e3o Di\u00e1ria \u2013 96,8 FM.","og_url":"https:\/\/portaltela.pt\/noticias\/2026\/01\/29\/incendio-em-garagem-em-lamego-desalojou-duas-pessoas\/","og_site_name":"Portal Tela Portugal","article_published_time":"2026-01-29T12:25:15+00:00","author":"Telinha","twitter_card":"summary_large_image","twitter_misc":{"Escrito por":"Telinha"},"schema":{"@context":"https:\/\/schema.org","@graph":[{"@type":"Article","@id":"https:\/\/portaltela.pt\/noticias\/2026\/01\/29\/incendio-em-garagem-em-lamego-desalojou-duas-pessoas\/#article","isPartOf":{"@id":"https:\/\/portaltela.pt\/noticias\/2026\/01\/29\/incendio-em-garagem-em-lamego-desalojou-duas-pessoas\/"},"author":{"name":"Telinha","@id":"https:\/\/portaltela.pt\/#\/schema\/person\/c4278d4a6028830caff9ee44b42d32ed"},"headline":"Inc\u00eandio em garagem em Lamego desalojou duas pessoas","datePublished":"2026-01-29T12:25:15+00:00","mainEntityOfPage":{"@id":"https:\/\/portaltela.pt\/noticias\/2026\/01\/29\/incendio-em-garagem-em-lamego-desalojou-duas-pessoas\/"},"wordCount":100,"image":{"@id":"https:\/\/portaltela.pt\/noticias\/2026\/01\/29\/incendio-em-garagem-em-lamego-desalojou-duas-pessoas\/#primaryimage"},"thumbnailUrl":"https:\/\/portaltela.pt\/s.01k8rhncp4jt1\/2026\/01\/bombeiros-freepik.jpg","keywords":["bombeiros","desalojados","Guarda Nacional Republicana","inc\u00eandio","Lamego","prote\u00e7\u00e3o civil"],"articleSection":["Not\u00edcias"],"inLanguage":"pt-PT"},{"@type":"WebPage","@id":"https:\/\/portaltela.pt\/noticias\/2026\/01\/29\/incendio-em-garagem-em-lamego-desalojou-duas-pessoas\/","url":"https:\/\/portaltela.pt\/noticias\/2026\/01\/29\/incendio-em-garagem-em-lamego-desalojou-duas-pessoas\/","name":"Inc\u00eandio em garagem em Lamego desalojou duas pessoas - Portal Tela Portugal","isPartOf":{"@id":"https:\/\/portaltela.pt\/#website"},"primaryImageOfPage":{"@id":"https:\/\/portaltela.pt\/noticias\/2026\/01\/29\/incendio-em-garagem-em-lamego-desalojou-duas-pessoas\/#primaryimage"},"image":{"@id":"https:\/\/portaltela.pt\/noticias\/2026\/01\/29\/incendio-em-garagem-em-lamego-desalojou-duas-pessoas\/#primaryimage"},"thumbnailUrl":"https:\/\/portaltela.pt\/s.01k8rhncp4jt1\/2026\/01\/bombeiros-freepik.jpg","datePublished":"2026-01-29T12:25:15+00:00","author":{"@id":"https:\/\/portaltela.pt\/#\/schema\/person\/c4278d4a6028830caff9ee44b42d32ed"},"breadcrumb":{"@id":"https:\/\/portaltela.pt\/noticias\/2026\/01\/29\/incendio-em-garagem-em-lamego-desalojou-duas-pessoas\/#breadcrumb"},"inLanguage":"pt-PT","potentialAction":[{"@type":"ReadAction","target":["https:\/\/portaltela.pt\/noticias\/2026\/01\/29\/incendio-em-garagem-em-lamego-desalojou-duas-pessoas\/"]}]},{"@type":"ImageObject","inLanguage":"pt-PT","@id":"https:\/\/portaltela.pt\/noticias\/2026\/01\/29\/incendio-em-garagem-em-lamego-desalojou-duas-pessoas\/#primaryimage","url":"https:\/\/portaltela.pt\/s.01k8rhncp4jt1\/2026\/01\/bombeiros-freepik.jpg","contentUrl":"https:\/\/portaltela.pt\/s.01k8rhncp4jt1\/2026\/01\/bombeiros-freepik.jpg","width":796,"height":448,"caption":"Viseu: Inc\u00eandio em S\u00e3o Jo\u00e3o de Lourosa deixou quatro pessoas sem casa"},{"@type":"BreadcrumbList","@id":"https:\/\/portaltela.pt\/noticias\/2026\/01\/29\/incendio-em-garagem-em-lamego-desalojou-duas-pessoas\/#breadcrumb","itemListElement":[{"@type":"ListItem","position":1,"name":"In\u00edcio","item":"https:\/\/portaltela.pt\/"},{"@type":"ListItem","position":2,"name":"Inc\u00eandio em garagem em Lamego desalojou duas pessoas"}]},{"@type":"WebSite","@id":"https:\/\/portaltela.pt\/#website","url":"https:\/\/portaltela.pt\/","name":"Portal Tela Portugal","description":"","potentialAction":[{"@type":"SearchAction","target":{"@type":"EntryPoint","urlTemplate":"https:\/\/portaltela.pt\/?s={search_term_string}"},"query-input":{"@type":"PropertyValueSpecification","valueRequired":true,"valueName":"search_term_string"}}],"inLanguage":"pt-PT"},{"@type":"Person","@id":"https:\/\/portaltela.pt\/#\/schema\/person\/c4278d4a6028830caff9ee44b42d32ed","name":"Telinha","image":{"@type":"ImageObject","inLanguage":"pt-PT","@id":"https:\/\/portaltela.pt\/s.01k8rhncp4jt1\/2025\/11\/talking-bot-125x125.png","url":"https:\/\/portaltela.pt\/s.01k8rhncp4jt1\/2025\/11\/talking-bot-125x125.png","contentUrl":"https:\/\/portaltela.pt\/s.01k8rhncp4jt1\/2025\/11\/talking-bot-125x125.png","caption":"Telinha"},"sameAs":["https:\/\/portaltela.pt\/"],"url":"https:\/\/portaltela.pt\/por\/367410592786\/"}]}},"_links":{"self":[{"href":"https:\/\/portaltela.pt\/api\/wp\/v2\/posts\/180994","targetHints":{"allow":["GET"]}}],"collection":[{"href":"https:\/\/portaltela.pt\/api\/wp\/v2\/posts"}],"about":[{"href":"https:\/\/portaltela.pt\/api\/wp\/v2\/types\/post"}],"author":[{"embeddable":true,"href":"https:\/\/portaltela.pt\/api\/wp\/v2\/users\/2"}],"replies":[{"embeddable":true,"href":"https:\/\/portaltela.pt\/api\/wp\/v2\/comments?post=180994"}],"version-history":[{"count":0,"href":"https:\/\/portaltela.pt\/api\/wp\/v2\/posts\/180994\/revisions"}],"wp:featuredmedia":[{"embeddable":true,"href":"https:\/\/portaltela.pt\/api\/wp\/v2\/media\/181000"}],"wp:attachment":[{"href":"https:\/\/portaltela.pt\/api\/wp\/v2\/media?parent=180994"}],"wp:term":[{"taxonomy":"category","embeddable":true,"href":"https:\/\/portaltela.pt\/api\/wp\/v2\/categories?post=180994"},{"taxonomy":"post_tag","embeddable":true,"href":"https:\/\/portaltela.pt\/api\/wp\/v2\/tags?post=180994"}],"curies":[{"name":"wp","href":"https:\/\/api.w.org\/{rel}","templated":true}]}}