{"id":180967,"date":"2026-01-29T09:02:00","date_gmt":"2026-01-29T12:02:00","guid":{"rendered":"https:\/\/portaltela.pt\/noticias\/2026\/01\/29\/timor-leste-propoe-mudar-regime-da-divida-para-reduzir-dependencia-do-fundo\/"},"modified":"2026-01-29T09:02:00","modified_gmt":"2026-01-29T12:02:00","slug":"timor-leste-propoe-mudar-regime-da-divida-para-reduzir-dependencia-do-fundo","status":"publish","type":"post","link":"https:\/\/portaltela.pt\/noticias\/politica\/2026\/01\/29\/timor-leste-propoe-mudar-regime-da-divida-para-reduzir-dependencia-do-fundo\/","title":{"rendered":"Timor-Leste prop\u00f5e mudar regime da d\u00edvida para reduzir depend\u00eancia do Fundo"},"content":{"rendered":"<p>O governo timorense prev\u00ea alterar o regime da d\u00edvida p\u00fablica com o objetivo de reduzir a depend\u00eancia do Fundo Petrol\u00edfero. A anunciada mudan\u00e7a insere-se numa linha de maior sustentabilidade fiscal para o pa\u00eds.<\/p>\n<p>Segundo informa\u00e7\u00f5es dispon\u00edveis para subscritores, o diploma em an\u00e1lise dever\u00e1 redefinir margens, condi\u00e7\u00f5es de amortiza\u00e7\u00e3o e fontes de financiamento, com impacto direto na gest\u00e3o do endividamento p\u00fablico a m\u00e9dio prazo.<\/p>\n<p>A medida surge num contexto de procura de maior autonomia financeira face ao Fundo Petrol\u00edfero, institui\u00e7\u00e3o que tem desempenhado papel central no financiamento das contas p\u00fablicas timorenses.<\/p>\n<p>Quem acompanha o tema destaca a necessidade de equil\u00edbrio entre capta\u00e7\u00e3o de recursos para investimentos estrat\u00e9gicos e a preserva\u00e7\u00e3o da poupan\u00e7a de longo prazo. O governo n\u00e3o especificou, contudo, a calendariza\u00e7\u00e3o exata da transforma\u00e7\u00e3o.<\/p>\n<p>Historicamente, Timor-Leste tem utilizado o Fundo Petrol\u00edfero para mitigar choques or\u00e7amentais e financiar etapas de desenvolvimento. A mudan\u00e7a de regime proposto visa diversificar fontes de financiamento e reduzir a exposi\u00e7\u00e3o ao rendimento proveniente do petr\u00f3leo.<\/p>\n","protected":false},"excerpt":{"rendered":"<ul>\n<li>O governo timorense pretende alterar o regime da d\u00edvida p\u00fablica.<\/li>\n<li>O objetivo \u00e9 diminuir a depend\u00eancia do Fundo Petrol\u00edfero.<\/li>\n<li>A medida insere-se na gest\u00e3o macroecon\u00f3mica do pa\u00eds.<\/li>\n<li>N\u00e3o foram detalhados prazos ou passos de implementa\u00e7\u00e3o no conte\u00fado dispon\u00edvel.<\/li>\n<li>A not\u00edcia completa est\u00e1 reservada a subscritores.<\/li>\n<\/ul>\n","protected":false},"author":2,"featured_media":180972,"comment_status":"closed","ping_status":"closed","sticky":false,"template":"","format":"standard","meta":{"footnotes":""},"categories":[1,5],"tags":[3104,28,3861,4357,316],"class_list":["post-180967","post","type-post","status-publish","format-standard","has-post-thumbnail","hentry","category-noticias","category-politica","tag-divida-soberana","tag-economia","tag-economia-internacional","tag-endividamento","tag-investimento"],"yoast_head":"<!-- This site is optimized with the Yoast SEO plugin v27.2 - https:\/\/yoast.com\/product\/yoast-seo-wordpress\/ -->\n<title>Timor-Leste prop\u00f5e mudar regime da d\u00edvida para reduzir depend\u00eancia do Fundo - Portal Tela Portugal<\/title>\n<meta name=\"robots\" content=\"index, follow, max-snippet:-1, max-image-preview:large, max-video-preview:-1\" \/>\n<meta property=\"og:locale\" content=\"pt_PT\" \/>\n<meta property=\"og:type\" content=\"article\" \/>\n<meta property=\"og:title\" content=\"Timor-Leste prop\u00f5e mudar regime da d\u00edvida para reduzir depend\u00eancia do Fundo - Portal Tela Portugal\" \/>\n<meta property=\"og:description\" content=\"O governo timorense pretende alterar o regime da d\u00edvida p\u00fablica. O objetivo \u00e9 diminuir a depend\u00eancia do Fundo Petrol\u00edfero. A medida insere-se na gest\u00e3o macroecon\u00f3mica do pa\u00eds. N\u00e3o foram detalhados prazos ou passos de implementa\u00e7\u00e3o no conte\u00fado dispon\u00edvel. A not\u00edcia completa est\u00e1 reservada a subscritores.\" \/>\n<meta property=\"og:url\" content=\"https:\/\/portaltela.pt\/noticias\/2026\/01\/29\/timor-leste-propoe-mudar-regime-da-divida-para-reduzir-dependencia-do-fundo\/\" \/>\n<meta property=\"og:site_name\" content=\"Portal Tela Portugal\" \/>\n<meta property=\"article:published_time\" content=\"2026-01-29T12:02:00+00:00\" \/>\n<meta name=\"author\" content=\"Telinha\" \/>\n<meta name=\"twitter:card\" content=\"summary_large_image\" \/>\n<meta name=\"twitter:label1\" content=\"Escrito por\" \/>\n\t<meta name=\"twitter:data1\" content=\"Telinha\" \/>\n\t<meta name=\"twitter:label2\" content=\"Tempo estimado de leitura\" \/>\n\t<meta name=\"twitter:data2\" content=\"1 minuto\" \/>\n<script type=\"application\/ld+json\" class=\"yoast-schema-graph\">{\"@context\":\"https:\/\/schema.org\",\"@graph\":[{\"@type\":\"Article\",\"@id\":\"https:\/\/portaltela.pt\/noticias\/2026\/01\/29\/timor-leste-propoe-mudar-regime-da-divida-para-reduzir-dependencia-do-fundo\/#article\",\"isPartOf\":{\"@id\":\"https:\/\/portaltela.pt\/noticias\/2026\/01\/29\/timor-leste-propoe-mudar-regime-da-divida-para-reduzir-dependencia-do-fundo\/\"},\"author\":{\"name\":\"Telinha\",\"@id\":\"https:\/\/portaltela.pt\/#\/schema\/person\/c4278d4a6028830caff9ee44b42d32ed\"},\"headline\":\"Timor-Leste prop\u00f5e mudar regime da d\u00edvida para reduzir depend\u00eancia do Fundo\",\"datePublished\":\"2026-01-29T12:02:00+00:00\",\"mainEntityOfPage\":{\"@id\":\"https:\/\/portaltela.pt\/noticias\/2026\/01\/29\/timor-leste-propoe-mudar-regime-da-divida-para-reduzir-dependencia-do-fundo\/\"},\"wordCount\":203,\"image\":{\"@id\":\"https:\/\/portaltela.pt\/noticias\/2026\/01\/29\/timor-leste-propoe-mudar-regime-da-divida-para-reduzir-dependencia-do-fundo\/#primaryimage\"},\"thumbnailUrl\":\"https:\/\/portaltela.pt\/s.01k8rhncp4jt1\/2026\/01\/CACHE_780X1200_ANALOG_WATERMARKED_46186896_272688219298137.jpg\",\"keywords\":[\"d\u00edvida soberana\",\"economia\",\"economia internacional\",\"endividamento\",\"investimento\"],\"articleSection\":[\"Not\u00edcias\",\"Pol\u00edtica\"],\"inLanguage\":\"pt-PT\"},{\"@type\":\"WebPage\",\"@id\":\"https:\/\/portaltela.pt\/noticias\/2026\/01\/29\/timor-leste-propoe-mudar-regime-da-divida-para-reduzir-dependencia-do-fundo\/\",\"url\":\"https:\/\/portaltela.pt\/noticias\/2026\/01\/29\/timor-leste-propoe-mudar-regime-da-divida-para-reduzir-dependencia-do-fundo\/\",\"name\":\"Timor-Leste prop\u00f5e mudar regime da d\u00edvida para reduzir depend\u00eancia do Fundo - Portal Tela Portugal\",\"isPartOf\":{\"@id\":\"https:\/\/portaltela.pt\/#website\"},\"primaryImageOfPage\":{\"@id\":\"https:\/\/portaltela.pt\/noticias\/2026\/01\/29\/timor-leste-propoe-mudar-regime-da-divida-para-reduzir-dependencia-do-fundo\/#primaryimage\"},\"image\":{\"@id\":\"https:\/\/portaltela.pt\/noticias\/2026\/01\/29\/timor-leste-propoe-mudar-regime-da-divida-para-reduzir-dependencia-do-fundo\/#primaryimage\"},\"thumbnailUrl\":\"https:\/\/portaltela.pt\/s.01k8rhncp4jt1\/2026\/01\/CACHE_780X1200_ANALOG_WATERMARKED_46186896_272688219298137.jpg\",\"datePublished\":\"2026-01-29T12:02:00+00:00\",\"author\":{\"@id\":\"https:\/\/portaltela.pt\/#\/schema\/person\/c4278d4a6028830caff9ee44b42d32ed\"},\"breadcrumb\":{\"@id\":\"https:\/\/portaltela.pt\/noticias\/2026\/01\/29\/timor-leste-propoe-mudar-regime-da-divida-para-reduzir-dependencia-do-fundo\/#breadcrumb\"},\"inLanguage\":\"pt-PT\",\"potentialAction\":[{\"@type\":\"ReadAction\",\"target\":[\"https:\/\/portaltela.pt\/noticias\/2026\/01\/29\/timor-leste-propoe-mudar-regime-da-divida-para-reduzir-dependencia-do-fundo\/\"]}]},{\"@type\":\"ImageObject\",\"inLanguage\":\"pt-PT\",\"@id\":\"https:\/\/portaltela.pt\/noticias\/2026\/01\/29\/timor-leste-propoe-mudar-regime-da-divida-para-reduzir-dependencia-do-fundo\/#primaryimage\",\"url\":\"https:\/\/portaltela.pt\/s.01k8rhncp4jt1\/2026\/01\/CACHE_780X1200_ANALOG_WATERMARKED_46186896_272688219298137.jpg\",\"contentUrl\":\"https:\/\/portaltela.pt\/s.01k8rhncp4jt1\/2026\/01\/CACHE_780X1200_ANALOG_WATERMARKED_46186896_272688219298137.jpg\",\"width\":796,\"height\":448,\"caption\":\"Governo timorense quer alterar regime da d\u00edvida p\u00fablica para diminuir depend\u00eancia do Fundo Petrol\u00edfero\"},{\"@type\":\"BreadcrumbList\",\"@id\":\"https:\/\/portaltela.pt\/noticias\/2026\/01\/29\/timor-leste-propoe-mudar-regime-da-divida-para-reduzir-dependencia-do-fundo\/#breadcrumb\",\"itemListElement\":[{\"@type\":\"ListItem\",\"position\":1,\"name\":\"In\u00edcio\",\"item\":\"https:\/\/portaltela.pt\/\"},{\"@type\":\"ListItem\",\"position\":2,\"name\":\"Timor-Leste prop\u00f5e mudar regime da d\u00edvida para reduzir depend\u00eancia do Fundo\"}]},{\"@type\":\"WebSite\",\"@id\":\"https:\/\/portaltela.pt\/#website\",\"url\":\"https:\/\/portaltela.pt\/\",\"name\":\"Portal Tela Portugal\",\"description\":\"\",\"potentialAction\":[{\"@type\":\"SearchAction\",\"target\":{\"@type\":\"EntryPoint\",\"urlTemplate\":\"https:\/\/portaltela.pt\/?s={search_term_string}\"},\"query-input\":{\"@type\":\"PropertyValueSpecification\",\"valueRequired\":true,\"valueName\":\"search_term_string\"}}],\"inLanguage\":\"pt-PT\"},{\"@type\":\"Person\",\"@id\":\"https:\/\/portaltela.pt\/#\/schema\/person\/c4278d4a6028830caff9ee44b42d32ed\",\"name\":\"Telinha\",\"image\":{\"@type\":\"ImageObject\",\"inLanguage\":\"pt-PT\",\"@id\":\"https:\/\/portaltela.pt\/s.01k8rhncp4jt1\/2025\/11\/talking-bot-125x125.png\",\"url\":\"https:\/\/portaltela.pt\/s.01k8rhncp4jt1\/2025\/11\/talking-bot-125x125.png\",\"contentUrl\":\"https:\/\/portaltela.pt\/s.01k8rhncp4jt1\/2025\/11\/talking-bot-125x125.png\",\"caption\":\"Telinha\"},\"sameAs\":[\"https:\/\/portaltela.pt\/\"],\"url\":\"https:\/\/portaltela.pt\/por\/367410592786\/\"}]}<\/script>\n<!-- \/ Yoast SEO plugin. -->","yoast_head_json":{"title":"Timor-Leste prop\u00f5e mudar regime da d\u00edvida para reduzir depend\u00eancia do Fundo - Portal Tela Portugal","robots":{"index":"index","follow":"follow","max-snippet":"max-snippet:-1","max-image-preview":"max-image-preview:large","max-video-preview":"max-video-preview:-1"},"og_locale":"pt_PT","og_type":"article","og_title":"Timor-Leste prop\u00f5e mudar regime da d\u00edvida para reduzir depend\u00eancia do Fundo - Portal Tela Portugal","og_description":"O governo timorense pretende alterar o regime da d\u00edvida p\u00fablica. O objetivo \u00e9 diminuir a depend\u00eancia do Fundo Petrol\u00edfero. A medida insere-se na gest\u00e3o macroecon\u00f3mica do pa\u00eds. N\u00e3o foram detalhados prazos ou passos de implementa\u00e7\u00e3o no conte\u00fado dispon\u00edvel. A not\u00edcia completa est\u00e1 reservada a subscritores.","og_url":"https:\/\/portaltela.pt\/noticias\/2026\/01\/29\/timor-leste-propoe-mudar-regime-da-divida-para-reduzir-dependencia-do-fundo\/","og_site_name":"Portal Tela Portugal","article_published_time":"2026-01-29T12:02:00+00:00","author":"Telinha","twitter_card":"summary_large_image","twitter_misc":{"Escrito por":"Telinha","Tempo estimado de leitura":"1 minuto"},"schema":{"@context":"https:\/\/schema.org","@graph":[{"@type":"Article","@id":"https:\/\/portaltela.pt\/noticias\/2026\/01\/29\/timor-leste-propoe-mudar-regime-da-divida-para-reduzir-dependencia-do-fundo\/#article","isPartOf":{"@id":"https:\/\/portaltela.pt\/noticias\/2026\/01\/29\/timor-leste-propoe-mudar-regime-da-divida-para-reduzir-dependencia-do-fundo\/"},"author":{"name":"Telinha","@id":"https:\/\/portaltela.pt\/#\/schema\/person\/c4278d4a6028830caff9ee44b42d32ed"},"headline":"Timor-Leste prop\u00f5e mudar regime da d\u00edvida para reduzir depend\u00eancia do Fundo","datePublished":"2026-01-29T12:02:00+00:00","mainEntityOfPage":{"@id":"https:\/\/portaltela.pt\/noticias\/2026\/01\/29\/timor-leste-propoe-mudar-regime-da-divida-para-reduzir-dependencia-do-fundo\/"},"wordCount":203,"image":{"@id":"https:\/\/portaltela.pt\/noticias\/2026\/01\/29\/timor-leste-propoe-mudar-regime-da-divida-para-reduzir-dependencia-do-fundo\/#primaryimage"},"thumbnailUrl":"https:\/\/portaltela.pt\/s.01k8rhncp4jt1\/2026\/01\/CACHE_780X1200_ANALOG_WATERMARKED_46186896_272688219298137.jpg","keywords":["d\u00edvida soberana","economia","economia internacional","endividamento","investimento"],"articleSection":["Not\u00edcias","Pol\u00edtica"],"inLanguage":"pt-PT"},{"@type":"WebPage","@id":"https:\/\/portaltela.pt\/noticias\/2026\/01\/29\/timor-leste-propoe-mudar-regime-da-divida-para-reduzir-dependencia-do-fundo\/","url":"https:\/\/portaltela.pt\/noticias\/2026\/01\/29\/timor-leste-propoe-mudar-regime-da-divida-para-reduzir-dependencia-do-fundo\/","name":"Timor-Leste prop\u00f5e mudar regime da d\u00edvida para reduzir depend\u00eancia do Fundo - Portal Tela Portugal","isPartOf":{"@id":"https:\/\/portaltela.pt\/#website"},"primaryImageOfPage":{"@id":"https:\/\/portaltela.pt\/noticias\/2026\/01\/29\/timor-leste-propoe-mudar-regime-da-divida-para-reduzir-dependencia-do-fundo\/#primaryimage"},"image":{"@id":"https:\/\/portaltela.pt\/noticias\/2026\/01\/29\/timor-leste-propoe-mudar-regime-da-divida-para-reduzir-dependencia-do-fundo\/#primaryimage"},"thumbnailUrl":"https:\/\/portaltela.pt\/s.01k8rhncp4jt1\/2026\/01\/CACHE_780X1200_ANALOG_WATERMARKED_46186896_272688219298137.jpg","datePublished":"2026-01-29T12:02:00+00:00","author":{"@id":"https:\/\/portaltela.pt\/#\/schema\/person\/c4278d4a6028830caff9ee44b42d32ed"},"breadcrumb":{"@id":"https:\/\/portaltela.pt\/noticias\/2026\/01\/29\/timor-leste-propoe-mudar-regime-da-divida-para-reduzir-dependencia-do-fundo\/#breadcrumb"},"inLanguage":"pt-PT","potentialAction":[{"@type":"ReadAction","target":["https:\/\/portaltela.pt\/noticias\/2026\/01\/29\/timor-leste-propoe-mudar-regime-da-divida-para-reduzir-dependencia-do-fundo\/"]}]},{"@type":"ImageObject","inLanguage":"pt-PT","@id":"https:\/\/portaltela.pt\/noticias\/2026\/01\/29\/timor-leste-propoe-mudar-regime-da-divida-para-reduzir-dependencia-do-fundo\/#primaryimage","url":"https:\/\/portaltela.pt\/s.01k8rhncp4jt1\/2026\/01\/CACHE_780X1200_ANALOG_WATERMARKED_46186896_272688219298137.jpg","contentUrl":"https:\/\/portaltela.pt\/s.01k8rhncp4jt1\/2026\/01\/CACHE_780X1200_ANALOG_WATERMARKED_46186896_272688219298137.jpg","width":796,"height":448,"caption":"Governo timorense quer alterar regime da d\u00edvida p\u00fablica para diminuir depend\u00eancia do Fundo Petrol\u00edfero"},{"@type":"BreadcrumbList","@id":"https:\/\/portaltela.pt\/noticias\/2026\/01\/29\/timor-leste-propoe-mudar-regime-da-divida-para-reduzir-dependencia-do-fundo\/#breadcrumb","itemListElement":[{"@type":"ListItem","position":1,"name":"In\u00edcio","item":"https:\/\/portaltela.pt\/"},{"@type":"ListItem","position":2,"name":"Timor-Leste prop\u00f5e mudar regime da d\u00edvida para reduzir depend\u00eancia do Fundo"}]},{"@type":"WebSite","@id":"https:\/\/portaltela.pt\/#website","url":"https:\/\/portaltela.pt\/","name":"Portal Tela Portugal","description":"","potentialAction":[{"@type":"SearchAction","target":{"@type":"EntryPoint","urlTemplate":"https:\/\/portaltela.pt\/?s={search_term_string}"},"query-input":{"@type":"PropertyValueSpecification","valueRequired":true,"valueName":"search_term_string"}}],"inLanguage":"pt-PT"},{"@type":"Person","@id":"https:\/\/portaltela.pt\/#\/schema\/person\/c4278d4a6028830caff9ee44b42d32ed","name":"Telinha","image":{"@type":"ImageObject","inLanguage":"pt-PT","@id":"https:\/\/portaltela.pt\/s.01k8rhncp4jt1\/2025\/11\/talking-bot-125x125.png","url":"https:\/\/portaltela.pt\/s.01k8rhncp4jt1\/2025\/11\/talking-bot-125x125.png","contentUrl":"https:\/\/portaltela.pt\/s.01k8rhncp4jt1\/2025\/11\/talking-bot-125x125.png","caption":"Telinha"},"sameAs":["https:\/\/portaltela.pt\/"],"url":"https:\/\/portaltela.pt\/por\/367410592786\/"}]}},"_links":{"self":[{"href":"https:\/\/portaltela.pt\/api\/wp\/v2\/posts\/180967","targetHints":{"allow":["GET"]}}],"collection":[{"href":"https:\/\/portaltela.pt\/api\/wp\/v2\/posts"}],"about":[{"href":"https:\/\/portaltela.pt\/api\/wp\/v2\/types\/post"}],"author":[{"embeddable":true,"href":"https:\/\/portaltela.pt\/api\/wp\/v2\/users\/2"}],"replies":[{"embeddable":true,"href":"https:\/\/portaltela.pt\/api\/wp\/v2\/comments?post=180967"}],"version-history":[{"count":0,"href":"https:\/\/portaltela.pt\/api\/wp\/v2\/posts\/180967\/revisions"}],"wp:featuredmedia":[{"embeddable":true,"href":"https:\/\/portaltela.pt\/api\/wp\/v2\/media\/180972"}],"wp:attachment":[{"href":"https:\/\/portaltela.pt\/api\/wp\/v2\/media?parent=180967"}],"wp:term":[{"taxonomy":"category","embeddable":true,"href":"https:\/\/portaltela.pt\/api\/wp\/v2\/categories?post=180967"},{"taxonomy":"post_tag","embeddable":true,"href":"https:\/\/portaltela.pt\/api\/wp\/v2\/tags?post=180967"}],"curies":[{"name":"wp","href":"https:\/\/api.w.org\/{rel}","templated":true}]}}