{"id":180951,"date":"2026-01-29T08:54:07","date_gmt":"2026-01-29T11:54:07","guid":{"rendered":"https:\/\/portaltela.pt\/noticias\/2026\/01\/29\/portalegre-varias-estradas-interditadas-ou-condicionadas-pelo-mau-tempo\/"},"modified":"2026-01-29T08:54:07","modified_gmt":"2026-01-29T11:54:07","slug":"portalegre-varias-estradas-interditadas-ou-condicionadas-pelo-mau-tempo","status":"publish","type":"post","link":"https:\/\/portaltela.pt\/noticias\/2026\/01\/29\/portalegre-varias-estradas-interditadas-ou-condicionadas-pelo-mau-tempo\/","title":{"rendered":"Portalegre: v\u00e1rias estradas interditadas ou condicionadas pelo mau tempo"},"content":{"rendered":"<p>O Comando Territorial de Portalegre da GNR informou hoje, nas redes sociais, que v\u00e1rias estradas do distrito est\u00e3o interditas ou com tr\u00e2nsito condicionado devido ao mau tempo. Os distritos abrangidos v\u00e3o de Marv\u00e3o a Campo Maior, passando por Alter do Ch\u00e3o, Avis e Elvas. A situa\u00e7\u00e3o foi comunicada na quinta-feira, 29 de fevereiro, conforme o organismo.<\/p>\n<p>Segundo a GNR, as circunst\u00e2ncias climat\u00e9ricas adversas justificaram a restri\u00e7\u00e3o de circula\u00e7\u00e3o em v\u00e1rias vias, com o objetivo de milhares de condutores e pe\u00f5es manterem a seguran\u00e7a. N\u00e3o foram divulgadas informa\u00e7\u00f5es sobre feridos ou incidentes graves at\u00e9 ao momento.<\/p>\n<h3>Vias afetadas<\/h3>\n<ul>\n<li>EN 246-1 Alameda dos Freixos \u2013 Marv\u00e3o<\/li>\n<li>EM 1040 Reveladas \u2013 Marv\u00e3o<\/li>\n<li>EM 1074 Ponte da Ribeira de Seda (Vale Barqueiros) \u2013 Alter do Ch\u00e3o<\/li>\n<li>EM 538 Figueira e Barros\/Sousel \u2013 Avis<\/li>\n<li>EM 1166-1 \u2013 Avis<\/li>\n<li>EM 1093 \u2013 Sousel<\/li>\n<li>Ponte da Ordem \u2013 Avis<\/li>\n<li>CM 1116 \u2013 Elvas<\/li>\n<li>CM 1109 \u2013 Elvas<\/li>\n<li>EM 1132 \u2013 Elvas<\/li>\n<li>EM 1124-1 Campo Maior<\/li>\n<li>Estrada da Figueira \u2013 Campo Maior<\/li>\n<\/ul>\n","protected":false},"excerpt":{"rendered":"<ul>\n<li>O Comando Territorial de Portalegre da Guarda Nacional Republicana (GNR) informou, via redes sociais, que v\u00e1rias estradas do distrito est\u00e3o interditadas ou condicionadas ao tr\u00e2nsito na quinta-feira, 29, devido ao mau tempo.<\/li>\n<li>Entre as vias afetadas constam os tro\u00e7os: EN 246-1 Alameda dos Freixos \u2013 Marv\u00e3o; EM 1040 Reveladas \u2013 Marv\u00e3o; EM 1074 Ponte da Ribeira de Seda (Vale Barqueiros) \u2013 Alter do Ch\u00e3o; EM 538 Figueira e Barros\/Sousel \u2013 Avis; EM 1166-1 \u2013 Avis; EM 1093 \u2013 Sousel; Ponte da Ordem \u2013 Avis; CM 1116 \u2013 Elvas; CM 1109 \u2013 Elvas; EM 1132 \u2013 Elvas; EM 1124-1 Campo Maior; Estrada da Figueira \u2013 Campo Maior.<\/li>\n<li>Concelhos afectados: Marv\u00e3o, Alter do Ch\u00e3o, Avis, Sousel, Elvas e Campo Maior.<\/li>\n<li>A informa\u00e7\u00e3o foi divulgada pelo Comando Territorial de Portalegre da GNR atrav\u00e9s das redes sociais.<\/li>\n<\/ul>\n","protected":false},"author":2,"featured_media":180981,"comment_status":"closed","ping_status":"closed","sticky":false,"template":"","format":"standard","meta":{"footnotes":""},"categories":[1],"tags":[2897,3346,4216,1089,1083,1075],"class_list":["post-180951","post","type-post","status-publish","format-standard","has-post-thumbnail","hentry","category-noticias","tag-avis","tag-campo-maior","tag-condicoes-de-transito","tag-elvas","tag-estradas","tag-portalegre"],"yoast_head":"<!-- This site is optimized with the Yoast SEO plugin v27.2 - https:\/\/yoast.com\/product\/yoast-seo-wordpress\/ -->\n<title>Portalegre: v\u00e1rias estradas interditadas ou condicionadas pelo mau tempo - Portal Tela Portugal<\/title>\n<meta name=\"robots\" content=\"index, follow, max-snippet:-1, max-image-preview:large, max-video-preview:-1\" \/>\n<meta property=\"og:locale\" content=\"pt_PT\" \/>\n<meta property=\"og:type\" content=\"article\" \/>\n<meta property=\"og:title\" content=\"Portalegre: v\u00e1rias estradas interditadas ou condicionadas pelo mau tempo - Portal Tela Portugal\" \/>\n<meta property=\"og:description\" content=\"O Comando Territorial de Portalegre da Guarda Nacional Republicana (GNR) informou, via redes sociais, que v\u00e1rias estradas do distrito est\u00e3o interditadas ou condicionadas ao tr\u00e2nsito na quinta-feira, 29, devido ao mau tempo. Entre as vias afetadas constam os tro\u00e7os: EN 246-1 Alameda dos Freixos \u2013 Marv\u00e3o; EM 1040 Reveladas \u2013 Marv\u00e3o; EM 1074 Ponte da Ribeira de Seda (Vale Barqueiros) \u2013 Alter do Ch\u00e3o; EM 538 Figueira e Barros\/Sousel \u2013 Avis; EM 1166-1 \u2013 Avis; EM 1093 \u2013 Sousel; Ponte da Ordem \u2013 Avis; CM 1116 \u2013 Elvas; CM 1109 \u2013 Elvas; EM 1132 \u2013 Elvas; EM 1124-1 Campo Maior; Estrada da Figueira \u2013 Campo Maior. Concelhos afectados: Marv\u00e3o, Alter do Ch\u00e3o, Avis, Sousel, Elvas e Campo Maior. A informa\u00e7\u00e3o foi divulgada pelo Comando Territorial de Portalegre da GNR atrav\u00e9s das redes sociais.\" \/>\n<meta property=\"og:url\" content=\"https:\/\/portaltela.pt\/noticias\/2026\/01\/29\/portalegre-varias-estradas-interditadas-ou-condicionadas-pelo-mau-tempo\/\" \/>\n<meta property=\"og:site_name\" content=\"Portal Tela Portugal\" \/>\n<meta property=\"article:published_time\" content=\"2026-01-29T11:54:07+00:00\" \/>\n<meta name=\"author\" content=\"Telinha\" \/>\n<meta name=\"twitter:card\" content=\"summary_large_image\" \/>\n<meta name=\"twitter:label1\" content=\"Escrito por\" \/>\n\t<meta name=\"twitter:data1\" content=\"Telinha\" \/>\n\t<meta name=\"twitter:label2\" content=\"Tempo estimado de leitura\" \/>\n\t<meta name=\"twitter:data2\" content=\"1 minuto\" \/>\n<script type=\"application\/ld+json\" class=\"yoast-schema-graph\">{\"@context\":\"https:\/\/schema.org\",\"@graph\":[{\"@type\":\"Article\",\"@id\":\"https:\/\/portaltela.pt\/noticias\/2026\/01\/29\/portalegre-varias-estradas-interditadas-ou-condicionadas-pelo-mau-tempo\/#article\",\"isPartOf\":{\"@id\":\"https:\/\/portaltela.pt\/noticias\/2026\/01\/29\/portalegre-varias-estradas-interditadas-ou-condicionadas-pelo-mau-tempo\/\"},\"author\":{\"name\":\"Telinha\",\"@id\":\"https:\/\/portaltela.pt\/#\/schema\/person\/c4278d4a6028830caff9ee44b42d32ed\"},\"headline\":\"Portalegre: v\u00e1rias estradas interditadas ou condicionadas pelo mau tempo\",\"datePublished\":\"2026-01-29T11:54:07+00:00\",\"mainEntityOfPage\":{\"@id\":\"https:\/\/portaltela.pt\/noticias\/2026\/01\/29\/portalegre-varias-estradas-interditadas-ou-condicionadas-pelo-mau-tempo\/\"},\"wordCount\":175,\"image\":{\"@id\":\"https:\/\/portaltela.pt\/noticias\/2026\/01\/29\/portalegre-varias-estradas-interditadas-ou-condicionadas-pelo-mau-tempo\/#primaryimage\"},\"thumbnailUrl\":\"https:\/\/portaltela.pt\/s.01k8rhncp4jt1\/2026\/01\/unnamed-file-5778.jpg\",\"keywords\":[\"Avis\",\"Campo Maior\",\"condi\u00e7\u00f5es de tr\u00e2nsito\",\"Elvas\",\"estradas\",\"Portalegre\"],\"articleSection\":[\"Not\u00edcias\"],\"inLanguage\":\"pt-PT\"},{\"@type\":\"WebPage\",\"@id\":\"https:\/\/portaltela.pt\/noticias\/2026\/01\/29\/portalegre-varias-estradas-interditadas-ou-condicionadas-pelo-mau-tempo\/\",\"url\":\"https:\/\/portaltela.pt\/noticias\/2026\/01\/29\/portalegre-varias-estradas-interditadas-ou-condicionadas-pelo-mau-tempo\/\",\"name\":\"Portalegre: v\u00e1rias estradas interditadas ou condicionadas pelo mau tempo - Portal Tela Portugal\",\"isPartOf\":{\"@id\":\"https:\/\/portaltela.pt\/#website\"},\"primaryImageOfPage\":{\"@id\":\"https:\/\/portaltela.pt\/noticias\/2026\/01\/29\/portalegre-varias-estradas-interditadas-ou-condicionadas-pelo-mau-tempo\/#primaryimage\"},\"image\":{\"@id\":\"https:\/\/portaltela.pt\/noticias\/2026\/01\/29\/portalegre-varias-estradas-interditadas-ou-condicionadas-pelo-mau-tempo\/#primaryimage\"},\"thumbnailUrl\":\"https:\/\/portaltela.pt\/s.01k8rhncp4jt1\/2026\/01\/unnamed-file-5778.jpg\",\"datePublished\":\"2026-01-29T11:54:07+00:00\",\"author\":{\"@id\":\"https:\/\/portaltela.pt\/#\/schema\/person\/c4278d4a6028830caff9ee44b42d32ed\"},\"breadcrumb\":{\"@id\":\"https:\/\/portaltela.pt\/noticias\/2026\/01\/29\/portalegre-varias-estradas-interditadas-ou-condicionadas-pelo-mau-tempo\/#breadcrumb\"},\"inLanguage\":\"pt-PT\",\"potentialAction\":[{\"@type\":\"ReadAction\",\"target\":[\"https:\/\/portaltela.pt\/noticias\/2026\/01\/29\/portalegre-varias-estradas-interditadas-ou-condicionadas-pelo-mau-tempo\/\"]}]},{\"@type\":\"ImageObject\",\"inLanguage\":\"pt-PT\",\"@id\":\"https:\/\/portaltela.pt\/noticias\/2026\/01\/29\/portalegre-varias-estradas-interditadas-ou-condicionadas-pelo-mau-tempo\/#primaryimage\",\"url\":\"https:\/\/portaltela.pt\/s.01k8rhncp4jt1\/2026\/01\/unnamed-file-5778.jpg\",\"contentUrl\":\"https:\/\/portaltela.pt\/s.01k8rhncp4jt1\/2026\/01\/unnamed-file-5778.jpg\",\"width\":796,\"height\":448,\"caption\":\"V\u00e1rias estradas interditas ou condicionadas no distrito de Portalegre devido ao mau tempo\"},{\"@type\":\"BreadcrumbList\",\"@id\":\"https:\/\/portaltela.pt\/noticias\/2026\/01\/29\/portalegre-varias-estradas-interditadas-ou-condicionadas-pelo-mau-tempo\/#breadcrumb\",\"itemListElement\":[{\"@type\":\"ListItem\",\"position\":1,\"name\":\"In\u00edcio\",\"item\":\"https:\/\/portaltela.pt\/\"},{\"@type\":\"ListItem\",\"position\":2,\"name\":\"Portalegre: v\u00e1rias estradas interditadas ou condicionadas pelo mau tempo\"}]},{\"@type\":\"WebSite\",\"@id\":\"https:\/\/portaltela.pt\/#website\",\"url\":\"https:\/\/portaltela.pt\/\",\"name\":\"Portal Tela Portugal\",\"description\":\"\",\"potentialAction\":[{\"@type\":\"SearchAction\",\"target\":{\"@type\":\"EntryPoint\",\"urlTemplate\":\"https:\/\/portaltela.pt\/?s={search_term_string}\"},\"query-input\":{\"@type\":\"PropertyValueSpecification\",\"valueRequired\":true,\"valueName\":\"search_term_string\"}}],\"inLanguage\":\"pt-PT\"},{\"@type\":\"Person\",\"@id\":\"https:\/\/portaltela.pt\/#\/schema\/person\/c4278d4a6028830caff9ee44b42d32ed\",\"name\":\"Telinha\",\"image\":{\"@type\":\"ImageObject\",\"inLanguage\":\"pt-PT\",\"@id\":\"https:\/\/portaltela.pt\/s.01k8rhncp4jt1\/2025\/11\/talking-bot-125x125.png\",\"url\":\"https:\/\/portaltela.pt\/s.01k8rhncp4jt1\/2025\/11\/talking-bot-125x125.png\",\"contentUrl\":\"https:\/\/portaltela.pt\/s.01k8rhncp4jt1\/2025\/11\/talking-bot-125x125.png\",\"caption\":\"Telinha\"},\"sameAs\":[\"https:\/\/portaltela.pt\/\"],\"url\":\"https:\/\/portaltela.pt\/por\/367410592786\/\"}]}<\/script>\n<!-- \/ Yoast SEO plugin. -->","yoast_head_json":{"title":"Portalegre: v\u00e1rias estradas interditadas ou condicionadas pelo mau tempo - Portal Tela Portugal","robots":{"index":"index","follow":"follow","max-snippet":"max-snippet:-1","max-image-preview":"max-image-preview:large","max-video-preview":"max-video-preview:-1"},"og_locale":"pt_PT","og_type":"article","og_title":"Portalegre: v\u00e1rias estradas interditadas ou condicionadas pelo mau tempo - Portal Tela Portugal","og_description":"O Comando Territorial de Portalegre da Guarda Nacional Republicana (GNR) informou, via redes sociais, que v\u00e1rias estradas do distrito est\u00e3o interditadas ou condicionadas ao tr\u00e2nsito na quinta-feira, 29, devido ao mau tempo. Entre as vias afetadas constam os tro\u00e7os: EN 246-1 Alameda dos Freixos \u2013 Marv\u00e3o; EM 1040 Reveladas \u2013 Marv\u00e3o; EM 1074 Ponte da Ribeira de Seda (Vale Barqueiros) \u2013 Alter do Ch\u00e3o; EM 538 Figueira e Barros\/Sousel \u2013 Avis; EM 1166-1 \u2013 Avis; EM 1093 \u2013 Sousel; Ponte da Ordem \u2013 Avis; CM 1116 \u2013 Elvas; CM 1109 \u2013 Elvas; EM 1132 \u2013 Elvas; EM 1124-1 Campo Maior; Estrada da Figueira \u2013 Campo Maior. Concelhos afectados: Marv\u00e3o, Alter do Ch\u00e3o, Avis, Sousel, Elvas e Campo Maior. A informa\u00e7\u00e3o foi divulgada pelo Comando Territorial de Portalegre da GNR atrav\u00e9s das redes sociais.","og_url":"https:\/\/portaltela.pt\/noticias\/2026\/01\/29\/portalegre-varias-estradas-interditadas-ou-condicionadas-pelo-mau-tempo\/","og_site_name":"Portal Tela Portugal","article_published_time":"2026-01-29T11:54:07+00:00","author":"Telinha","twitter_card":"summary_large_image","twitter_misc":{"Escrito por":"Telinha","Tempo estimado de leitura":"1 minuto"},"schema":{"@context":"https:\/\/schema.org","@graph":[{"@type":"Article","@id":"https:\/\/portaltela.pt\/noticias\/2026\/01\/29\/portalegre-varias-estradas-interditadas-ou-condicionadas-pelo-mau-tempo\/#article","isPartOf":{"@id":"https:\/\/portaltela.pt\/noticias\/2026\/01\/29\/portalegre-varias-estradas-interditadas-ou-condicionadas-pelo-mau-tempo\/"},"author":{"name":"Telinha","@id":"https:\/\/portaltela.pt\/#\/schema\/person\/c4278d4a6028830caff9ee44b42d32ed"},"headline":"Portalegre: v\u00e1rias estradas interditadas ou condicionadas pelo mau tempo","datePublished":"2026-01-29T11:54:07+00:00","mainEntityOfPage":{"@id":"https:\/\/portaltela.pt\/noticias\/2026\/01\/29\/portalegre-varias-estradas-interditadas-ou-condicionadas-pelo-mau-tempo\/"},"wordCount":175,"image":{"@id":"https:\/\/portaltela.pt\/noticias\/2026\/01\/29\/portalegre-varias-estradas-interditadas-ou-condicionadas-pelo-mau-tempo\/#primaryimage"},"thumbnailUrl":"https:\/\/portaltela.pt\/s.01k8rhncp4jt1\/2026\/01\/unnamed-file-5778.jpg","keywords":["Avis","Campo Maior","condi\u00e7\u00f5es de tr\u00e2nsito","Elvas","estradas","Portalegre"],"articleSection":["Not\u00edcias"],"inLanguage":"pt-PT"},{"@type":"WebPage","@id":"https:\/\/portaltela.pt\/noticias\/2026\/01\/29\/portalegre-varias-estradas-interditadas-ou-condicionadas-pelo-mau-tempo\/","url":"https:\/\/portaltela.pt\/noticias\/2026\/01\/29\/portalegre-varias-estradas-interditadas-ou-condicionadas-pelo-mau-tempo\/","name":"Portalegre: v\u00e1rias estradas interditadas ou condicionadas pelo mau tempo - Portal Tela Portugal","isPartOf":{"@id":"https:\/\/portaltela.pt\/#website"},"primaryImageOfPage":{"@id":"https:\/\/portaltela.pt\/noticias\/2026\/01\/29\/portalegre-varias-estradas-interditadas-ou-condicionadas-pelo-mau-tempo\/#primaryimage"},"image":{"@id":"https:\/\/portaltela.pt\/noticias\/2026\/01\/29\/portalegre-varias-estradas-interditadas-ou-condicionadas-pelo-mau-tempo\/#primaryimage"},"thumbnailUrl":"https:\/\/portaltela.pt\/s.01k8rhncp4jt1\/2026\/01\/unnamed-file-5778.jpg","datePublished":"2026-01-29T11:54:07+00:00","author":{"@id":"https:\/\/portaltela.pt\/#\/schema\/person\/c4278d4a6028830caff9ee44b42d32ed"},"breadcrumb":{"@id":"https:\/\/portaltela.pt\/noticias\/2026\/01\/29\/portalegre-varias-estradas-interditadas-ou-condicionadas-pelo-mau-tempo\/#breadcrumb"},"inLanguage":"pt-PT","potentialAction":[{"@type":"ReadAction","target":["https:\/\/portaltela.pt\/noticias\/2026\/01\/29\/portalegre-varias-estradas-interditadas-ou-condicionadas-pelo-mau-tempo\/"]}]},{"@type":"ImageObject","inLanguage":"pt-PT","@id":"https:\/\/portaltela.pt\/noticias\/2026\/01\/29\/portalegre-varias-estradas-interditadas-ou-condicionadas-pelo-mau-tempo\/#primaryimage","url":"https:\/\/portaltela.pt\/s.01k8rhncp4jt1\/2026\/01\/unnamed-file-5778.jpg","contentUrl":"https:\/\/portaltela.pt\/s.01k8rhncp4jt1\/2026\/01\/unnamed-file-5778.jpg","width":796,"height":448,"caption":"V\u00e1rias estradas interditas ou condicionadas no distrito de Portalegre devido ao mau tempo"},{"@type":"BreadcrumbList","@id":"https:\/\/portaltela.pt\/noticias\/2026\/01\/29\/portalegre-varias-estradas-interditadas-ou-condicionadas-pelo-mau-tempo\/#breadcrumb","itemListElement":[{"@type":"ListItem","position":1,"name":"In\u00edcio","item":"https:\/\/portaltela.pt\/"},{"@type":"ListItem","position":2,"name":"Portalegre: v\u00e1rias estradas interditadas ou condicionadas pelo mau tempo"}]},{"@type":"WebSite","@id":"https:\/\/portaltela.pt\/#website","url":"https:\/\/portaltela.pt\/","name":"Portal Tela Portugal","description":"","potentialAction":[{"@type":"SearchAction","target":{"@type":"EntryPoint","urlTemplate":"https:\/\/portaltela.pt\/?s={search_term_string}"},"query-input":{"@type":"PropertyValueSpecification","valueRequired":true,"valueName":"search_term_string"}}],"inLanguage":"pt-PT"},{"@type":"Person","@id":"https:\/\/portaltela.pt\/#\/schema\/person\/c4278d4a6028830caff9ee44b42d32ed","name":"Telinha","image":{"@type":"ImageObject","inLanguage":"pt-PT","@id":"https:\/\/portaltela.pt\/s.01k8rhncp4jt1\/2025\/11\/talking-bot-125x125.png","url":"https:\/\/portaltela.pt\/s.01k8rhncp4jt1\/2025\/11\/talking-bot-125x125.png","contentUrl":"https:\/\/portaltela.pt\/s.01k8rhncp4jt1\/2025\/11\/talking-bot-125x125.png","caption":"Telinha"},"sameAs":["https:\/\/portaltela.pt\/"],"url":"https:\/\/portaltela.pt\/por\/367410592786\/"}]}},"_links":{"self":[{"href":"https:\/\/portaltela.pt\/api\/wp\/v2\/posts\/180951","targetHints":{"allow":["GET"]}}],"collection":[{"href":"https:\/\/portaltela.pt\/api\/wp\/v2\/posts"}],"about":[{"href":"https:\/\/portaltela.pt\/api\/wp\/v2\/types\/post"}],"author":[{"embeddable":true,"href":"https:\/\/portaltela.pt\/api\/wp\/v2\/users\/2"}],"replies":[{"embeddable":true,"href":"https:\/\/portaltela.pt\/api\/wp\/v2\/comments?post=180951"}],"version-history":[{"count":0,"href":"https:\/\/portaltela.pt\/api\/wp\/v2\/posts\/180951\/revisions"}],"wp:featuredmedia":[{"embeddable":true,"href":"https:\/\/portaltela.pt\/api\/wp\/v2\/media\/180981"}],"wp:attachment":[{"href":"https:\/\/portaltela.pt\/api\/wp\/v2\/media?parent=180951"}],"wp:term":[{"taxonomy":"category","embeddable":true,"href":"https:\/\/portaltela.pt\/api\/wp\/v2\/categories?post=180951"},{"taxonomy":"post_tag","embeddable":true,"href":"https:\/\/portaltela.pt\/api\/wp\/v2\/tags?post=180951"}],"curies":[{"name":"wp","href":"https:\/\/api.w.org\/{rel}","templated":true}]}}