{"id":180943,"date":"2026-01-29T09:02:21","date_gmt":"2026-01-29T12:02:21","guid":{"rendered":"https:\/\/portaltela.pt\/noticias\/2026\/01\/29\/romario-cunha-eleito-jovem-atleta-do-ano-na-gala-legiao-de-ouro-2026\/"},"modified":"2026-01-29T09:02:21","modified_gmt":"2026-01-29T12:02:21","slug":"romario-cunha-eleito-jovem-atleta-do-ano-na-gala-legiao-de-ouro-2026","status":"publish","type":"post","link":"https:\/\/portaltela.pt\/desporto\/futebol\/2026\/01\/29\/romario-cunha-eleito-jovem-atleta-do-ano-na-gala-legiao-de-ouro-2026\/","title":{"rendered":"Rom\u00e1rio Cunha eleito Jovem Atleta do Ano na Gala Legi\u00e3o de Ouro 2026"},"content":{"rendered":"<p>Rom\u00e1rio Cunha, guarda-redes de 17 anos do SC Braga, foi eleito Jovem Atleta do Ano na Gala Legi\u00e3o de Ouro 2026, realizada a 26 de janeiro, em Braga, numa cerim\u00f3nia ligada \u00e0s comemora\u00e7\u00f5es do 105.\u00ba anivers\u00e1rio do clube.<\/p>\n<p>O jovem jogador teve um ano de 2025 hist\u00f3rico, ao conquistar o Campeonato Europeu Sub-17 e o Campeonato do Mundo Sub-17, al\u00e9m de receber a Luva de Ouro no Mundial da categoria. Foi ainda distinguido com a Medalha da Ordem do M\u00e9rito, atribu\u00edda pelo Presidente da Rep\u00fablica.<\/p>\n<p>A distin\u00e7\u00e3o reconhece o talento de Cunha, a sua maturidade competitiva e o potencial de evolu\u00e7\u00e3o, representando orgulho para o SC Braga, para o concelho de Ribeira de Pena e para o futebol portugu\u00eas.<\/p>\n<h3>Reconhecimento ao jovem guardi\u00e3o<\/h3>\n<p>A Gala Legi\u00e3o de Ouro 2026 premiou ainda personalidades e atletas que se destacaram no universo do clube e da regi\u00e3o, refor\u00e7ando a import\u00e2ncia da forma\u00e7\u00e3o e do rendimento desportivo no panorama nacional.<\/p>\n","protected":false},"excerpt":{"rendered":"<ul>\n<li>Rom\u00e1rio Cunha, guarda-redes de 17 anos do SC Braga, foi eleito Jovem Atleta do Ano na Gala Legi\u00e3o de Ouro 2026.<\/li>\n<li>A cerim\u00f3nia decorreu a 26 de janeiro, em Braga, integrada nas comemora\u00e7\u00f5es do 105.\u00ba anivers\u00e1rio do Sporting Clube de Braga.<\/li>\n<li>O jovem natural de Ribeira de Pena destacou-se num ano de 2025 hist\u00f3rico, com t\u00edtulos europeu e mundial sub-17.<\/li>\n<li>Cunha recebeu ainda a Luva de Ouro no Mundial de sub-17 e a Medalha da Ordem do M\u00e9rito atribu\u00edda pelo Presidente da Rep\u00fablica.<\/li>\n<li>A distin\u00e7\u00e3o reconhece o talento, a maturidade competitiva e a proje\u00e7\u00e3o futura do atleta para o futebol portugu\u00eas.<\/li>\n<\/ul>\n","protected":false},"author":2,"featured_media":180983,"comment_status":"closed","ping_status":"closed","sticky":false,"template":"","format":"standard","meta":{"footnotes":""},"categories":[21,24],"tags":[1207,1290,32,242,2844,2056],"class_list":["post-180943","post","type-post","status-publish","format-standard","has-post-thumbnail","hentry","category-desporto","category-futebol","tag-braga","tag-formacao","tag-futebol","tag-jogadores","tag-jovens","tag-sc-braga"],"yoast_head":"<!-- This site is optimized with the Yoast SEO plugin v27.2 - https:\/\/yoast.com\/product\/yoast-seo-wordpress\/ -->\n<title>Rom\u00e1rio Cunha eleito Jovem Atleta do Ano na Gala Legi\u00e3o de Ouro 2026 - Portal Tela Portugal<\/title>\n<meta name=\"robots\" content=\"index, follow, max-snippet:-1, max-image-preview:large, max-video-preview:-1\" \/>\n<meta property=\"og:locale\" content=\"pt_PT\" \/>\n<meta property=\"og:type\" content=\"article\" \/>\n<meta property=\"og:title\" content=\"Rom\u00e1rio Cunha eleito Jovem Atleta do Ano na Gala Legi\u00e3o de Ouro 2026 - Portal Tela Portugal\" \/>\n<meta property=\"og:description\" content=\"Rom\u00e1rio Cunha, guarda-redes de 17 anos do SC Braga, foi eleito Jovem Atleta do Ano na Gala Legi\u00e3o de Ouro 2026. A cerim\u00f3nia decorreu a 26 de janeiro, em Braga, integrada nas comemora\u00e7\u00f5es do 105.\u00ba anivers\u00e1rio do Sporting Clube de Braga. O jovem natural de Ribeira de Pena destacou-se num ano de 2025 hist\u00f3rico, com t\u00edtulos europeu e mundial sub-17. Cunha recebeu ainda a Luva de Ouro no Mundial de sub-17 e a Medalha da Ordem do M\u00e9rito atribu\u00edda pelo Presidente da Rep\u00fablica. A distin\u00e7\u00e3o reconhece o talento, a maturidade competitiva e a proje\u00e7\u00e3o futura do atleta para o futebol portugu\u00eas.\" \/>\n<meta property=\"og:url\" content=\"https:\/\/portaltela.pt\/noticias\/2026\/01\/29\/romario-cunha-eleito-jovem-atleta-do-ano-na-gala-legiao-de-ouro-2026\/\" \/>\n<meta property=\"og:site_name\" content=\"Portal Tela Portugal\" \/>\n<meta property=\"article:published_time\" content=\"2026-01-29T12:02:21+00:00\" \/>\n<meta name=\"author\" content=\"Telinha\" \/>\n<meta name=\"twitter:card\" content=\"summary_large_image\" \/>\n<meta name=\"twitter:label1\" content=\"Escrito por\" \/>\n\t<meta name=\"twitter:data1\" content=\"Telinha\" \/>\n\t<meta name=\"twitter:label2\" content=\"Tempo estimado de leitura\" \/>\n\t<meta name=\"twitter:data2\" content=\"1 minuto\" \/>\n<script type=\"application\/ld+json\" class=\"yoast-schema-graph\">{\"@context\":\"https:\/\/schema.org\",\"@graph\":[{\"@type\":\"Article\",\"@id\":\"https:\/\/portaltela.pt\/noticias\/2026\/01\/29\/romario-cunha-eleito-jovem-atleta-do-ano-na-gala-legiao-de-ouro-2026\/#article\",\"isPartOf\":{\"@id\":\"https:\/\/portaltela.pt\/noticias\/2026\/01\/29\/romario-cunha-eleito-jovem-atleta-do-ano-na-gala-legiao-de-ouro-2026\/\"},\"author\":{\"name\":\"Telinha\",\"@id\":\"https:\/\/portaltela.pt\/#\/schema\/person\/c4278d4a6028830caff9ee44b42d32ed\"},\"headline\":\"Rom\u00e1rio Cunha eleito Jovem Atleta do Ano na Gala Legi\u00e3o de Ouro 2026\",\"datePublished\":\"2026-01-29T12:02:21+00:00\",\"mainEntityOfPage\":{\"@id\":\"https:\/\/portaltela.pt\/noticias\/2026\/01\/29\/romario-cunha-eleito-jovem-atleta-do-ano-na-gala-legiao-de-ouro-2026\/\"},\"wordCount\":183,\"image\":{\"@id\":\"https:\/\/portaltela.pt\/noticias\/2026\/01\/29\/romario-cunha-eleito-jovem-atleta-do-ano-na-gala-legiao-de-ouro-2026\/#primaryimage\"},\"thumbnailUrl\":\"https:\/\/portaltela.pt\/s.01k8rhncp4jt1\/2026\/01\/unnamed-file-5778.jpg\",\"keywords\":[\"Braga\",\"forma\u00e7\u00e3o\",\"futebol\",\"jogadores\",\"jovens\",\"SC Braga\"],\"articleSection\":[\"Desporto\",\"Futebol\"],\"inLanguage\":\"pt-PT\"},{\"@type\":\"WebPage\",\"@id\":\"https:\/\/portaltela.pt\/noticias\/2026\/01\/29\/romario-cunha-eleito-jovem-atleta-do-ano-na-gala-legiao-de-ouro-2026\/\",\"url\":\"https:\/\/portaltela.pt\/noticias\/2026\/01\/29\/romario-cunha-eleito-jovem-atleta-do-ano-na-gala-legiao-de-ouro-2026\/\",\"name\":\"Rom\u00e1rio Cunha eleito Jovem Atleta do Ano na Gala Legi\u00e3o de Ouro 2026 - Portal Tela Portugal\",\"isPartOf\":{\"@id\":\"https:\/\/portaltela.pt\/#website\"},\"primaryImageOfPage\":{\"@id\":\"https:\/\/portaltela.pt\/noticias\/2026\/01\/29\/romario-cunha-eleito-jovem-atleta-do-ano-na-gala-legiao-de-ouro-2026\/#primaryimage\"},\"image\":{\"@id\":\"https:\/\/portaltela.pt\/noticias\/2026\/01\/29\/romario-cunha-eleito-jovem-atleta-do-ano-na-gala-legiao-de-ouro-2026\/#primaryimage\"},\"thumbnailUrl\":\"https:\/\/portaltela.pt\/s.01k8rhncp4jt1\/2026\/01\/unnamed-file-5778.jpg\",\"datePublished\":\"2026-01-29T12:02:21+00:00\",\"author\":{\"@id\":\"https:\/\/portaltela.pt\/#\/schema\/person\/c4278d4a6028830caff9ee44b42d32ed\"},\"breadcrumb\":{\"@id\":\"https:\/\/portaltela.pt\/noticias\/2026\/01\/29\/romario-cunha-eleito-jovem-atleta-do-ano-na-gala-legiao-de-ouro-2026\/#breadcrumb\"},\"inLanguage\":\"pt-PT\",\"potentialAction\":[{\"@type\":\"ReadAction\",\"target\":[\"https:\/\/portaltela.pt\/noticias\/2026\/01\/29\/romario-cunha-eleito-jovem-atleta-do-ano-na-gala-legiao-de-ouro-2026\/\"]}]},{\"@type\":\"ImageObject\",\"inLanguage\":\"pt-PT\",\"@id\":\"https:\/\/portaltela.pt\/noticias\/2026\/01\/29\/romario-cunha-eleito-jovem-atleta-do-ano-na-gala-legiao-de-ouro-2026\/#primaryimage\",\"url\":\"https:\/\/portaltela.pt\/s.01k8rhncp4jt1\/2026\/01\/unnamed-file-5778.jpg\",\"contentUrl\":\"https:\/\/portaltela.pt\/s.01k8rhncp4jt1\/2026\/01\/unnamed-file-5778.jpg\",\"width\":796,\"height\":448,\"caption\":\"Rom\u00e1rio Cunha eleito Jovem Atleta do Ano na Gala Legi\u00e3o de Ouro 2026\"},{\"@type\":\"BreadcrumbList\",\"@id\":\"https:\/\/portaltela.pt\/noticias\/2026\/01\/29\/romario-cunha-eleito-jovem-atleta-do-ano-na-gala-legiao-de-ouro-2026\/#breadcrumb\",\"itemListElement\":[{\"@type\":\"ListItem\",\"position\":1,\"name\":\"In\u00edcio\",\"item\":\"https:\/\/portaltela.pt\/\"},{\"@type\":\"ListItem\",\"position\":2,\"name\":\"Rom\u00e1rio Cunha eleito Jovem Atleta do Ano na Gala Legi\u00e3o de Ouro 2026\"}]},{\"@type\":\"WebSite\",\"@id\":\"https:\/\/portaltela.pt\/#website\",\"url\":\"https:\/\/portaltela.pt\/\",\"name\":\"Portal Tela Portugal\",\"description\":\"\",\"potentialAction\":[{\"@type\":\"SearchAction\",\"target\":{\"@type\":\"EntryPoint\",\"urlTemplate\":\"https:\/\/portaltela.pt\/?s={search_term_string}\"},\"query-input\":{\"@type\":\"PropertyValueSpecification\",\"valueRequired\":true,\"valueName\":\"search_term_string\"}}],\"inLanguage\":\"pt-PT\"},{\"@type\":\"Person\",\"@id\":\"https:\/\/portaltela.pt\/#\/schema\/person\/c4278d4a6028830caff9ee44b42d32ed\",\"name\":\"Telinha\",\"image\":{\"@type\":\"ImageObject\",\"inLanguage\":\"pt-PT\",\"@id\":\"https:\/\/portaltela.pt\/s.01k8rhncp4jt1\/2025\/11\/talking-bot-125x125.png\",\"url\":\"https:\/\/portaltela.pt\/s.01k8rhncp4jt1\/2025\/11\/talking-bot-125x125.png\",\"contentUrl\":\"https:\/\/portaltela.pt\/s.01k8rhncp4jt1\/2025\/11\/talking-bot-125x125.png\",\"caption\":\"Telinha\"},\"sameAs\":[\"https:\/\/portaltela.pt\/\"],\"url\":\"https:\/\/portaltela.pt\/por\/367410592786\/\"}]}<\/script>\n<!-- \/ Yoast SEO plugin. -->","yoast_head_json":{"title":"Rom\u00e1rio Cunha eleito Jovem Atleta do Ano na Gala Legi\u00e3o de Ouro 2026 - Portal Tela Portugal","robots":{"index":"index","follow":"follow","max-snippet":"max-snippet:-1","max-image-preview":"max-image-preview:large","max-video-preview":"max-video-preview:-1"},"og_locale":"pt_PT","og_type":"article","og_title":"Rom\u00e1rio Cunha eleito Jovem Atleta do Ano na Gala Legi\u00e3o de Ouro 2026 - Portal Tela Portugal","og_description":"Rom\u00e1rio Cunha, guarda-redes de 17 anos do SC Braga, foi eleito Jovem Atleta do Ano na Gala Legi\u00e3o de Ouro 2026. A cerim\u00f3nia decorreu a 26 de janeiro, em Braga, integrada nas comemora\u00e7\u00f5es do 105.\u00ba anivers\u00e1rio do Sporting Clube de Braga. O jovem natural de Ribeira de Pena destacou-se num ano de 2025 hist\u00f3rico, com t\u00edtulos europeu e mundial sub-17. Cunha recebeu ainda a Luva de Ouro no Mundial de sub-17 e a Medalha da Ordem do M\u00e9rito atribu\u00edda pelo Presidente da Rep\u00fablica. A distin\u00e7\u00e3o reconhece o talento, a maturidade competitiva e a proje\u00e7\u00e3o futura do atleta para o futebol portugu\u00eas.","og_url":"https:\/\/portaltela.pt\/noticias\/2026\/01\/29\/romario-cunha-eleito-jovem-atleta-do-ano-na-gala-legiao-de-ouro-2026\/","og_site_name":"Portal Tela Portugal","article_published_time":"2026-01-29T12:02:21+00:00","author":"Telinha","twitter_card":"summary_large_image","twitter_misc":{"Escrito por":"Telinha","Tempo estimado de leitura":"1 minuto"},"schema":{"@context":"https:\/\/schema.org","@graph":[{"@type":"Article","@id":"https:\/\/portaltela.pt\/noticias\/2026\/01\/29\/romario-cunha-eleito-jovem-atleta-do-ano-na-gala-legiao-de-ouro-2026\/#article","isPartOf":{"@id":"https:\/\/portaltela.pt\/noticias\/2026\/01\/29\/romario-cunha-eleito-jovem-atleta-do-ano-na-gala-legiao-de-ouro-2026\/"},"author":{"name":"Telinha","@id":"https:\/\/portaltela.pt\/#\/schema\/person\/c4278d4a6028830caff9ee44b42d32ed"},"headline":"Rom\u00e1rio Cunha eleito Jovem Atleta do Ano na Gala Legi\u00e3o de Ouro 2026","datePublished":"2026-01-29T12:02:21+00:00","mainEntityOfPage":{"@id":"https:\/\/portaltela.pt\/noticias\/2026\/01\/29\/romario-cunha-eleito-jovem-atleta-do-ano-na-gala-legiao-de-ouro-2026\/"},"wordCount":183,"image":{"@id":"https:\/\/portaltela.pt\/noticias\/2026\/01\/29\/romario-cunha-eleito-jovem-atleta-do-ano-na-gala-legiao-de-ouro-2026\/#primaryimage"},"thumbnailUrl":"https:\/\/portaltela.pt\/s.01k8rhncp4jt1\/2026\/01\/unnamed-file-5778.jpg","keywords":["Braga","forma\u00e7\u00e3o","futebol","jogadores","jovens","SC Braga"],"articleSection":["Desporto","Futebol"],"inLanguage":"pt-PT"},{"@type":"WebPage","@id":"https:\/\/portaltela.pt\/noticias\/2026\/01\/29\/romario-cunha-eleito-jovem-atleta-do-ano-na-gala-legiao-de-ouro-2026\/","url":"https:\/\/portaltela.pt\/noticias\/2026\/01\/29\/romario-cunha-eleito-jovem-atleta-do-ano-na-gala-legiao-de-ouro-2026\/","name":"Rom\u00e1rio Cunha eleito Jovem Atleta do Ano na Gala Legi\u00e3o de Ouro 2026 - Portal Tela Portugal","isPartOf":{"@id":"https:\/\/portaltela.pt\/#website"},"primaryImageOfPage":{"@id":"https:\/\/portaltela.pt\/noticias\/2026\/01\/29\/romario-cunha-eleito-jovem-atleta-do-ano-na-gala-legiao-de-ouro-2026\/#primaryimage"},"image":{"@id":"https:\/\/portaltela.pt\/noticias\/2026\/01\/29\/romario-cunha-eleito-jovem-atleta-do-ano-na-gala-legiao-de-ouro-2026\/#primaryimage"},"thumbnailUrl":"https:\/\/portaltela.pt\/s.01k8rhncp4jt1\/2026\/01\/unnamed-file-5778.jpg","datePublished":"2026-01-29T12:02:21+00:00","author":{"@id":"https:\/\/portaltela.pt\/#\/schema\/person\/c4278d4a6028830caff9ee44b42d32ed"},"breadcrumb":{"@id":"https:\/\/portaltela.pt\/noticias\/2026\/01\/29\/romario-cunha-eleito-jovem-atleta-do-ano-na-gala-legiao-de-ouro-2026\/#breadcrumb"},"inLanguage":"pt-PT","potentialAction":[{"@type":"ReadAction","target":["https:\/\/portaltela.pt\/noticias\/2026\/01\/29\/romario-cunha-eleito-jovem-atleta-do-ano-na-gala-legiao-de-ouro-2026\/"]}]},{"@type":"ImageObject","inLanguage":"pt-PT","@id":"https:\/\/portaltela.pt\/noticias\/2026\/01\/29\/romario-cunha-eleito-jovem-atleta-do-ano-na-gala-legiao-de-ouro-2026\/#primaryimage","url":"https:\/\/portaltela.pt\/s.01k8rhncp4jt1\/2026\/01\/unnamed-file-5778.jpg","contentUrl":"https:\/\/portaltela.pt\/s.01k8rhncp4jt1\/2026\/01\/unnamed-file-5778.jpg","width":796,"height":448,"caption":"Rom\u00e1rio Cunha eleito Jovem Atleta do Ano na Gala Legi\u00e3o de Ouro 2026"},{"@type":"BreadcrumbList","@id":"https:\/\/portaltela.pt\/noticias\/2026\/01\/29\/romario-cunha-eleito-jovem-atleta-do-ano-na-gala-legiao-de-ouro-2026\/#breadcrumb","itemListElement":[{"@type":"ListItem","position":1,"name":"In\u00edcio","item":"https:\/\/portaltela.pt\/"},{"@type":"ListItem","position":2,"name":"Rom\u00e1rio Cunha eleito Jovem Atleta do Ano na Gala Legi\u00e3o de Ouro 2026"}]},{"@type":"WebSite","@id":"https:\/\/portaltela.pt\/#website","url":"https:\/\/portaltela.pt\/","name":"Portal Tela Portugal","description":"","potentialAction":[{"@type":"SearchAction","target":{"@type":"EntryPoint","urlTemplate":"https:\/\/portaltela.pt\/?s={search_term_string}"},"query-input":{"@type":"PropertyValueSpecification","valueRequired":true,"valueName":"search_term_string"}}],"inLanguage":"pt-PT"},{"@type":"Person","@id":"https:\/\/portaltela.pt\/#\/schema\/person\/c4278d4a6028830caff9ee44b42d32ed","name":"Telinha","image":{"@type":"ImageObject","inLanguage":"pt-PT","@id":"https:\/\/portaltela.pt\/s.01k8rhncp4jt1\/2025\/11\/talking-bot-125x125.png","url":"https:\/\/portaltela.pt\/s.01k8rhncp4jt1\/2025\/11\/talking-bot-125x125.png","contentUrl":"https:\/\/portaltela.pt\/s.01k8rhncp4jt1\/2025\/11\/talking-bot-125x125.png","caption":"Telinha"},"sameAs":["https:\/\/portaltela.pt\/"],"url":"https:\/\/portaltela.pt\/por\/367410592786\/"}]}},"_links":{"self":[{"href":"https:\/\/portaltela.pt\/api\/wp\/v2\/posts\/180943","targetHints":{"allow":["GET"]}}],"collection":[{"href":"https:\/\/portaltela.pt\/api\/wp\/v2\/posts"}],"about":[{"href":"https:\/\/portaltela.pt\/api\/wp\/v2\/types\/post"}],"author":[{"embeddable":true,"href":"https:\/\/portaltela.pt\/api\/wp\/v2\/users\/2"}],"replies":[{"embeddable":true,"href":"https:\/\/portaltela.pt\/api\/wp\/v2\/comments?post=180943"}],"version-history":[{"count":0,"href":"https:\/\/portaltela.pt\/api\/wp\/v2\/posts\/180943\/revisions"}],"wp:featuredmedia":[{"embeddable":true,"href":"https:\/\/portaltela.pt\/api\/wp\/v2\/media\/180983"}],"wp:attachment":[{"href":"https:\/\/portaltela.pt\/api\/wp\/v2\/media?parent=180943"}],"wp:term":[{"taxonomy":"category","embeddable":true,"href":"https:\/\/portaltela.pt\/api\/wp\/v2\/categories?post=180943"},{"taxonomy":"post_tag","embeddable":true,"href":"https:\/\/portaltela.pt\/api\/wp\/v2\/tags?post=180943"}],"curies":[{"name":"wp","href":"https:\/\/api.w.org\/{rel}","templated":true}]}}