{"id":180909,"date":"2026-01-29T08:44:00","date_gmt":"2026-01-29T11:44:00","guid":{"rendered":"https:\/\/portaltela.pt\/noticias\/2026\/01\/29\/nisa-pulseira-eletronica-para-suspeito-de-violencia-contra-companheira\/"},"modified":"2026-01-29T08:44:00","modified_gmt":"2026-01-29T11:44:00","slug":"nisa-pulseira-eletronica-para-suspeito-de-violencia-contra-companheira","status":"publish","type":"post","link":"https:\/\/portaltela.pt\/noticias\/2026\/01\/29\/nisa-pulseira-eletronica-para-suspeito-de-violencia-contra-companheira\/","title":{"rendered":"Nisa: Pulseira eletr\u00f3nica para suspeito de viol\u00eancia contra companheira"},"content":{"rendered":"<p>Um homem de 45 anos ficou sob pulseira eletr\u00f3nica depois de ser detido pela GNR, no concelho de Nisa, na segunda-feira, dia 21. O alegado crime envolve viol\u00eancia f\u00edsica e psicol\u00f3gica contra a companheira, de 39 anos, segundo o Comando Territorial de Portalegre.<\/p>\n<p>De acordo com a GNR, no \u00e2mbito de uma investiga\u00e7\u00e3o por viol\u00eancia dom\u00e9stica, o agressor era acusado de praticar viol\u00eancia contra a v\u00edtima. As dilig\u00eancias policiais levaram ao cumprimento de um mandado de deten\u00e7\u00e3o.<\/p>\n<p>O detido foi encaminhado ao Tribunal Judicial de Nisa, onde lhe foram aplicadas medidas de coac\u00e7\u00e3o. Entre elas est\u00e1 a proibi\u00e7\u00e3o de contacto com a v\u00edtima, direta ou indirectamente, por qualquer meio de comunica\u00e7\u00e3o.<\/p>\n<h3>Medidas de coa\u00e7\u00e3o e monitoriza\u00e7\u00e3o<\/h3>\n<p>Proibi\u00e7\u00e3o de permanecer ou aproximar-se da resid\u00eancia da v\u00edtima, bem como das imedia\u00e7\u00f5es, num raio m\u00ednimo de 400 metros, com fiscaliza\u00e7\u00e3o por meios t\u00e9cnicos de controlo \u00e0 dist\u00e2ncia. Tamb\u00e9m fica proibido de permanecer ou frequentar locais habitualmente frequentados pela v\u00edtima, como o local de trabalho, dentro do mesmo raio de 400 metros.<\/p>\n","protected":false},"excerpt":{"rendered":"<ul>\n<li>GNR deteve, no concelho de Nisa, um homem de 45 anos por suspeitas de viol\u00eancia f\u00edsica e psicol\u00f3gica contra a sua companheira, de 39 anos.<\/li>\n<li>A deten\u00e7\u00e3o ocorreu na segunda-feira, dia 21, pelo N\u00facleo de Investiga\u00e7\u00e3o e de Apoio a V\u00edtimas Espec\u00edficas (NIAVE).<\/li>\n<li>A investiga\u00e7\u00e3o confirmou viol\u00eancia f\u00edsica e psicol\u00f3gica contra a v\u00edtima.<\/li>\n<li>No Tribunal Judicial de Nisa, foram aplicadas medidas de coac\u00e7\u00e3o: proibi\u00e7\u00e3o de contacto com a v\u00edtima, direta ou indirectamente, e proibi\u00e7\u00e3o de permanecer ou aproximar-se da resid\u00eancia da v\u00edtima, com fiscaliza\u00e7\u00e3o \u00e0 dist\u00e2ncia, num raio de 400 metros.<\/li>\n<li>O agressor fica ainda proibido de permanecer ou frequentar locais habitualmente frequentados pela v\u00edtima, incluindo o local de trabalho, dentro do mesmo raio de 400 metros, tamb\u00e9m com fiscaliza\u00e7\u00e3o \u00e0 dist\u00e2ncia, e fica sujeito a pulseira electr\u00f3nica.<\/li>\n<\/ul>\n","protected":false},"author":2,"featured_media":180926,"comment_status":"closed","ping_status":"closed","sticky":false,"template":"","format":"standard","meta":{"footnotes":""},"categories":[1],"tags":[1542,3854,1075,3315,214],"class_list":["post-180909","post","type-post","status-publish","format-standard","has-post-thumbnail","hentry","category-noticias","tag-coacao","tag-nisa","tag-portalegre","tag-pulseira-eletronica","tag-violencia-domestica"],"yoast_head":"<!-- This site is optimized with the Yoast SEO plugin v27.2 - https:\/\/yoast.com\/product\/yoast-seo-wordpress\/ -->\n<title>Nisa: Pulseira eletr\u00f3nica para suspeito de viol\u00eancia contra companheira - Portal Tela Portugal<\/title>\n<meta name=\"robots\" content=\"index, follow, max-snippet:-1, max-image-preview:large, max-video-preview:-1\" \/>\n<meta property=\"og:locale\" content=\"pt_PT\" \/>\n<meta property=\"og:type\" content=\"article\" \/>\n<meta property=\"og:title\" content=\"Nisa: Pulseira eletr\u00f3nica para suspeito de viol\u00eancia contra companheira - Portal Tela Portugal\" \/>\n<meta property=\"og:description\" content=\"GNR deteve, no concelho de Nisa, um homem de 45 anos por suspeitas de viol\u00eancia f\u00edsica e psicol\u00f3gica contra a sua companheira, de 39 anos. A deten\u00e7\u00e3o ocorreu na segunda-feira, dia 21, pelo N\u00facleo de Investiga\u00e7\u00e3o e de Apoio a V\u00edtimas Espec\u00edficas (NIAVE). A investiga\u00e7\u00e3o confirmou viol\u00eancia f\u00edsica e psicol\u00f3gica contra a v\u00edtima. No Tribunal Judicial de Nisa, foram aplicadas medidas de coac\u00e7\u00e3o: proibi\u00e7\u00e3o de contacto com a v\u00edtima, direta ou indirectamente, e proibi\u00e7\u00e3o de permanecer ou aproximar-se da resid\u00eancia da v\u00edtima, com fiscaliza\u00e7\u00e3o \u00e0 dist\u00e2ncia, num raio de 400 metros. O agressor fica ainda proibido de permanecer ou frequentar locais habitualmente frequentados pela v\u00edtima, incluindo o local de trabalho, dentro do mesmo raio de 400 metros, tamb\u00e9m com fiscaliza\u00e7\u00e3o \u00e0 dist\u00e2ncia, e fica sujeito a pulseira electr\u00f3nica.\" \/>\n<meta property=\"og:url\" content=\"https:\/\/portaltela.pt\/noticias\/2026\/01\/29\/nisa-pulseira-eletronica-para-suspeito-de-violencia-contra-companheira\/\" \/>\n<meta property=\"og:site_name\" content=\"Portal Tela Portugal\" \/>\n<meta property=\"article:published_time\" content=\"2026-01-29T11:44:00+00:00\" \/>\n<meta name=\"author\" content=\"Telinha\" \/>\n<meta name=\"twitter:card\" content=\"summary_large_image\" \/>\n<meta name=\"twitter:label1\" content=\"Escrito por\" \/>\n\t<meta name=\"twitter:data1\" content=\"Telinha\" \/>\n\t<meta name=\"twitter:label2\" content=\"Tempo estimado de leitura\" \/>\n\t<meta name=\"twitter:data2\" content=\"1 minuto\" \/>\n<script type=\"application\/ld+json\" class=\"yoast-schema-graph\">{\"@context\":\"https:\/\/schema.org\",\"@graph\":[{\"@type\":\"Article\",\"@id\":\"https:\/\/portaltela.pt\/noticias\/2026\/01\/29\/nisa-pulseira-eletronica-para-suspeito-de-violencia-contra-companheira\/#article\",\"isPartOf\":{\"@id\":\"https:\/\/portaltela.pt\/noticias\/2026\/01\/29\/nisa-pulseira-eletronica-para-suspeito-de-violencia-contra-companheira\/\"},\"author\":{\"name\":\"Telinha\",\"@id\":\"https:\/\/portaltela.pt\/#\/schema\/person\/c4278d4a6028830caff9ee44b42d32ed\"},\"headline\":\"Nisa: Pulseira eletr\u00f3nica para suspeito de viol\u00eancia contra companheira\",\"datePublished\":\"2026-01-29T11:44:00+00:00\",\"mainEntityOfPage\":{\"@id\":\"https:\/\/portaltela.pt\/noticias\/2026\/01\/29\/nisa-pulseira-eletronica-para-suspeito-de-violencia-contra-companheira\/\"},\"wordCount\":200,\"image\":{\"@id\":\"https:\/\/portaltela.pt\/noticias\/2026\/01\/29\/nisa-pulseira-eletronica-para-suspeito-de-violencia-contra-companheira\/#primaryimage\"},\"thumbnailUrl\":\"https:\/\/portaltela.pt\/s.01k8rhncp4jt1\/2026\/01\/unnamed-file-5770.jpg\",\"keywords\":[\"coa\u00e7\u00e3o\",\"Nisa\",\"Portalegre\",\"pulseira eletr\u00f3nica\",\"viol\u00eancia dom\u00e9stica\"],\"articleSection\":[\"Not\u00edcias\"],\"inLanguage\":\"pt-PT\"},{\"@type\":\"WebPage\",\"@id\":\"https:\/\/portaltela.pt\/noticias\/2026\/01\/29\/nisa-pulseira-eletronica-para-suspeito-de-violencia-contra-companheira\/\",\"url\":\"https:\/\/portaltela.pt\/noticias\/2026\/01\/29\/nisa-pulseira-eletronica-para-suspeito-de-violencia-contra-companheira\/\",\"name\":\"Nisa: Pulseira eletr\u00f3nica para suspeito de viol\u00eancia contra companheira - Portal Tela Portugal\",\"isPartOf\":{\"@id\":\"https:\/\/portaltela.pt\/#website\"},\"primaryImageOfPage\":{\"@id\":\"https:\/\/portaltela.pt\/noticias\/2026\/01\/29\/nisa-pulseira-eletronica-para-suspeito-de-violencia-contra-companheira\/#primaryimage\"},\"image\":{\"@id\":\"https:\/\/portaltela.pt\/noticias\/2026\/01\/29\/nisa-pulseira-eletronica-para-suspeito-de-violencia-contra-companheira\/#primaryimage\"},\"thumbnailUrl\":\"https:\/\/portaltela.pt\/s.01k8rhncp4jt1\/2026\/01\/unnamed-file-5770.jpg\",\"datePublished\":\"2026-01-29T11:44:00+00:00\",\"author\":{\"@id\":\"https:\/\/portaltela.pt\/#\/schema\/person\/c4278d4a6028830caff9ee44b42d32ed\"},\"breadcrumb\":{\"@id\":\"https:\/\/portaltela.pt\/noticias\/2026\/01\/29\/nisa-pulseira-eletronica-para-suspeito-de-violencia-contra-companheira\/#breadcrumb\"},\"inLanguage\":\"pt-PT\",\"potentialAction\":[{\"@type\":\"ReadAction\",\"target\":[\"https:\/\/portaltela.pt\/noticias\/2026\/01\/29\/nisa-pulseira-eletronica-para-suspeito-de-violencia-contra-companheira\/\"]}]},{\"@type\":\"ImageObject\",\"inLanguage\":\"pt-PT\",\"@id\":\"https:\/\/portaltela.pt\/noticias\/2026\/01\/29\/nisa-pulseira-eletronica-para-suspeito-de-violencia-contra-companheira\/#primaryimage\",\"url\":\"https:\/\/portaltela.pt\/s.01k8rhncp4jt1\/2026\/01\/unnamed-file-5770.jpg\",\"contentUrl\":\"https:\/\/portaltela.pt\/s.01k8rhncp4jt1\/2026\/01\/unnamed-file-5770.jpg\",\"width\":796,\"height\":448,\"caption\":\"Marv\u00e3o: Homem detido por viol\u00eancia f\u00edsica e psicol\u00f3gica contra ex-companheira\"},{\"@type\":\"BreadcrumbList\",\"@id\":\"https:\/\/portaltela.pt\/noticias\/2026\/01\/29\/nisa-pulseira-eletronica-para-suspeito-de-violencia-contra-companheira\/#breadcrumb\",\"itemListElement\":[{\"@type\":\"ListItem\",\"position\":1,\"name\":\"In\u00edcio\",\"item\":\"https:\/\/portaltela.pt\/\"},{\"@type\":\"ListItem\",\"position\":2,\"name\":\"Nisa: Pulseira eletr\u00f3nica para suspeito de viol\u00eancia contra companheira\"}]},{\"@type\":\"WebSite\",\"@id\":\"https:\/\/portaltela.pt\/#website\",\"url\":\"https:\/\/portaltela.pt\/\",\"name\":\"Portal Tela Portugal\",\"description\":\"\",\"potentialAction\":[{\"@type\":\"SearchAction\",\"target\":{\"@type\":\"EntryPoint\",\"urlTemplate\":\"https:\/\/portaltela.pt\/?s={search_term_string}\"},\"query-input\":{\"@type\":\"PropertyValueSpecification\",\"valueRequired\":true,\"valueName\":\"search_term_string\"}}],\"inLanguage\":\"pt-PT\"},{\"@type\":\"Person\",\"@id\":\"https:\/\/portaltela.pt\/#\/schema\/person\/c4278d4a6028830caff9ee44b42d32ed\",\"name\":\"Telinha\",\"image\":{\"@type\":\"ImageObject\",\"inLanguage\":\"pt-PT\",\"@id\":\"https:\/\/portaltela.pt\/s.01k8rhncp4jt1\/2025\/11\/talking-bot-125x125.png\",\"url\":\"https:\/\/portaltela.pt\/s.01k8rhncp4jt1\/2025\/11\/talking-bot-125x125.png\",\"contentUrl\":\"https:\/\/portaltela.pt\/s.01k8rhncp4jt1\/2025\/11\/talking-bot-125x125.png\",\"caption\":\"Telinha\"},\"sameAs\":[\"https:\/\/portaltela.pt\/\"],\"url\":\"https:\/\/portaltela.pt\/por\/367410592786\/\"}]}<\/script>\n<!-- \/ Yoast SEO plugin. -->","yoast_head_json":{"title":"Nisa: Pulseira eletr\u00f3nica para suspeito de viol\u00eancia contra companheira - Portal Tela Portugal","robots":{"index":"index","follow":"follow","max-snippet":"max-snippet:-1","max-image-preview":"max-image-preview:large","max-video-preview":"max-video-preview:-1"},"og_locale":"pt_PT","og_type":"article","og_title":"Nisa: Pulseira eletr\u00f3nica para suspeito de viol\u00eancia contra companheira - Portal Tela Portugal","og_description":"GNR deteve, no concelho de Nisa, um homem de 45 anos por suspeitas de viol\u00eancia f\u00edsica e psicol\u00f3gica contra a sua companheira, de 39 anos. A deten\u00e7\u00e3o ocorreu na segunda-feira, dia 21, pelo N\u00facleo de Investiga\u00e7\u00e3o e de Apoio a V\u00edtimas Espec\u00edficas (NIAVE). A investiga\u00e7\u00e3o confirmou viol\u00eancia f\u00edsica e psicol\u00f3gica contra a v\u00edtima. No Tribunal Judicial de Nisa, foram aplicadas medidas de coac\u00e7\u00e3o: proibi\u00e7\u00e3o de contacto com a v\u00edtima, direta ou indirectamente, e proibi\u00e7\u00e3o de permanecer ou aproximar-se da resid\u00eancia da v\u00edtima, com fiscaliza\u00e7\u00e3o \u00e0 dist\u00e2ncia, num raio de 400 metros. O agressor fica ainda proibido de permanecer ou frequentar locais habitualmente frequentados pela v\u00edtima, incluindo o local de trabalho, dentro do mesmo raio de 400 metros, tamb\u00e9m com fiscaliza\u00e7\u00e3o \u00e0 dist\u00e2ncia, e fica sujeito a pulseira electr\u00f3nica.","og_url":"https:\/\/portaltela.pt\/noticias\/2026\/01\/29\/nisa-pulseira-eletronica-para-suspeito-de-violencia-contra-companheira\/","og_site_name":"Portal Tela Portugal","article_published_time":"2026-01-29T11:44:00+00:00","author":"Telinha","twitter_card":"summary_large_image","twitter_misc":{"Escrito por":"Telinha","Tempo estimado de leitura":"1 minuto"},"schema":{"@context":"https:\/\/schema.org","@graph":[{"@type":"Article","@id":"https:\/\/portaltela.pt\/noticias\/2026\/01\/29\/nisa-pulseira-eletronica-para-suspeito-de-violencia-contra-companheira\/#article","isPartOf":{"@id":"https:\/\/portaltela.pt\/noticias\/2026\/01\/29\/nisa-pulseira-eletronica-para-suspeito-de-violencia-contra-companheira\/"},"author":{"name":"Telinha","@id":"https:\/\/portaltela.pt\/#\/schema\/person\/c4278d4a6028830caff9ee44b42d32ed"},"headline":"Nisa: Pulseira eletr\u00f3nica para suspeito de viol\u00eancia contra companheira","datePublished":"2026-01-29T11:44:00+00:00","mainEntityOfPage":{"@id":"https:\/\/portaltela.pt\/noticias\/2026\/01\/29\/nisa-pulseira-eletronica-para-suspeito-de-violencia-contra-companheira\/"},"wordCount":200,"image":{"@id":"https:\/\/portaltela.pt\/noticias\/2026\/01\/29\/nisa-pulseira-eletronica-para-suspeito-de-violencia-contra-companheira\/#primaryimage"},"thumbnailUrl":"https:\/\/portaltela.pt\/s.01k8rhncp4jt1\/2026\/01\/unnamed-file-5770.jpg","keywords":["coa\u00e7\u00e3o","Nisa","Portalegre","pulseira eletr\u00f3nica","viol\u00eancia dom\u00e9stica"],"articleSection":["Not\u00edcias"],"inLanguage":"pt-PT"},{"@type":"WebPage","@id":"https:\/\/portaltela.pt\/noticias\/2026\/01\/29\/nisa-pulseira-eletronica-para-suspeito-de-violencia-contra-companheira\/","url":"https:\/\/portaltela.pt\/noticias\/2026\/01\/29\/nisa-pulseira-eletronica-para-suspeito-de-violencia-contra-companheira\/","name":"Nisa: Pulseira eletr\u00f3nica para suspeito de viol\u00eancia contra companheira - Portal Tela Portugal","isPartOf":{"@id":"https:\/\/portaltela.pt\/#website"},"primaryImageOfPage":{"@id":"https:\/\/portaltela.pt\/noticias\/2026\/01\/29\/nisa-pulseira-eletronica-para-suspeito-de-violencia-contra-companheira\/#primaryimage"},"image":{"@id":"https:\/\/portaltela.pt\/noticias\/2026\/01\/29\/nisa-pulseira-eletronica-para-suspeito-de-violencia-contra-companheira\/#primaryimage"},"thumbnailUrl":"https:\/\/portaltela.pt\/s.01k8rhncp4jt1\/2026\/01\/unnamed-file-5770.jpg","datePublished":"2026-01-29T11:44:00+00:00","author":{"@id":"https:\/\/portaltela.pt\/#\/schema\/person\/c4278d4a6028830caff9ee44b42d32ed"},"breadcrumb":{"@id":"https:\/\/portaltela.pt\/noticias\/2026\/01\/29\/nisa-pulseira-eletronica-para-suspeito-de-violencia-contra-companheira\/#breadcrumb"},"inLanguage":"pt-PT","potentialAction":[{"@type":"ReadAction","target":["https:\/\/portaltela.pt\/noticias\/2026\/01\/29\/nisa-pulseira-eletronica-para-suspeito-de-violencia-contra-companheira\/"]}]},{"@type":"ImageObject","inLanguage":"pt-PT","@id":"https:\/\/portaltela.pt\/noticias\/2026\/01\/29\/nisa-pulseira-eletronica-para-suspeito-de-violencia-contra-companheira\/#primaryimage","url":"https:\/\/portaltela.pt\/s.01k8rhncp4jt1\/2026\/01\/unnamed-file-5770.jpg","contentUrl":"https:\/\/portaltela.pt\/s.01k8rhncp4jt1\/2026\/01\/unnamed-file-5770.jpg","width":796,"height":448,"caption":"Marv\u00e3o: Homem detido por viol\u00eancia f\u00edsica e psicol\u00f3gica contra ex-companheira"},{"@type":"BreadcrumbList","@id":"https:\/\/portaltela.pt\/noticias\/2026\/01\/29\/nisa-pulseira-eletronica-para-suspeito-de-violencia-contra-companheira\/#breadcrumb","itemListElement":[{"@type":"ListItem","position":1,"name":"In\u00edcio","item":"https:\/\/portaltela.pt\/"},{"@type":"ListItem","position":2,"name":"Nisa: Pulseira eletr\u00f3nica para suspeito de viol\u00eancia contra companheira"}]},{"@type":"WebSite","@id":"https:\/\/portaltela.pt\/#website","url":"https:\/\/portaltela.pt\/","name":"Portal Tela Portugal","description":"","potentialAction":[{"@type":"SearchAction","target":{"@type":"EntryPoint","urlTemplate":"https:\/\/portaltela.pt\/?s={search_term_string}"},"query-input":{"@type":"PropertyValueSpecification","valueRequired":true,"valueName":"search_term_string"}}],"inLanguage":"pt-PT"},{"@type":"Person","@id":"https:\/\/portaltela.pt\/#\/schema\/person\/c4278d4a6028830caff9ee44b42d32ed","name":"Telinha","image":{"@type":"ImageObject","inLanguage":"pt-PT","@id":"https:\/\/portaltela.pt\/s.01k8rhncp4jt1\/2025\/11\/talking-bot-125x125.png","url":"https:\/\/portaltela.pt\/s.01k8rhncp4jt1\/2025\/11\/talking-bot-125x125.png","contentUrl":"https:\/\/portaltela.pt\/s.01k8rhncp4jt1\/2025\/11\/talking-bot-125x125.png","caption":"Telinha"},"sameAs":["https:\/\/portaltela.pt\/"],"url":"https:\/\/portaltela.pt\/por\/367410592786\/"}]}},"_links":{"self":[{"href":"https:\/\/portaltela.pt\/api\/wp\/v2\/posts\/180909","targetHints":{"allow":["GET"]}}],"collection":[{"href":"https:\/\/portaltela.pt\/api\/wp\/v2\/posts"}],"about":[{"href":"https:\/\/portaltela.pt\/api\/wp\/v2\/types\/post"}],"author":[{"embeddable":true,"href":"https:\/\/portaltela.pt\/api\/wp\/v2\/users\/2"}],"replies":[{"embeddable":true,"href":"https:\/\/portaltela.pt\/api\/wp\/v2\/comments?post=180909"}],"version-history":[{"count":0,"href":"https:\/\/portaltela.pt\/api\/wp\/v2\/posts\/180909\/revisions"}],"wp:featuredmedia":[{"embeddable":true,"href":"https:\/\/portaltela.pt\/api\/wp\/v2\/media\/180926"}],"wp:attachment":[{"href":"https:\/\/portaltela.pt\/api\/wp\/v2\/media?parent=180909"}],"wp:term":[{"taxonomy":"category","embeddable":true,"href":"https:\/\/portaltela.pt\/api\/wp\/v2\/categories?post=180909"},{"taxonomy":"post_tag","embeddable":true,"href":"https:\/\/portaltela.pt\/api\/wp\/v2\/tags?post=180909"}],"curies":[{"name":"wp","href":"https:\/\/api.w.org\/{rel}","templated":true}]}}