{"id":180882,"date":"2026-01-29T08:27:00","date_gmt":"2026-01-29T11:27:00","guid":{"rendered":"https:\/\/portaltela.pt\/noticias\/2026\/01\/29\/sete-anos-depois-alguem-pode-responder-pelo-crime-ambiental-de-brumadinho\/"},"modified":"2026-01-29T08:27:00","modified_gmt":"2026-01-29T11:27:00","slug":"sete-anos-depois-alguem-pode-responder-pelo-crime-ambiental-de-brumadinho","status":"publish","type":"post","link":"https:\/\/portaltela.pt\/noticias\/2026\/01\/29\/sete-anos-depois-alguem-pode-responder-pelo-crime-ambiental-de-brumadinho\/","title":{"rendered":"Sete anos depois, algu\u00e9m pode responder pelo crime ambiental de Brumadinho"},"content":{"rendered":"<p>Sete anos depois, no Brasil, surge a possibilidade de responsabiliza\u00e7\u00e3o criminal pelo acidente que devastou Brumadinho. A 23 de Fevereiro arrancam as audi\u00eancias de instru\u00e7\u00e3o na 2\u00aa Vara Federal Criminal de Belo Horizonte. O caso envolve o rompimento de uma barragem de rejeitos da Vale, em 25 de Janeiro de 2019, que ceifou v\u00e1rias dezenas de vidas e contaminou o rio Paraopeba.<\/p>\n<p>O desastre, classificado por fam\u00edlias das v\u00edtimas como trag\u00e9dia-crime, matou 272 pessoas. At\u00e9 maio de 2027, s\u00e3o aguardadas entrevistas a v\u00edtimas n\u00e3o letais, testemunhas e consequ\u00eancias processuais com destaque para a eventual pron\u00fancia de julgamento popular. O principal grupo de r\u00e9us s\u00e3o antigos diretores, gerentes e engenheiros da Vale, al\u00e9m de quatro funcion\u00e1rios da T\u00dcV S\u00dcD, respons\u00e1vel pela verifica\u00e7\u00e3o de seguran\u00e7a.<\/p>\n<h3>Envolvidos e prazos<\/h3>\n<p>Ao todo, 15 pessoas podem responder pelo acidente. Onze s\u00e3o antigos gestores da Vale, com quatro engenheiros da T\u00dcV S\u00dcD entre os potenciais r\u00e9us. A advogada Cristina Serra destaca a rela\u00e7\u00e3o entre Brumadinho, Mariana e outros desastres no Brasil, ligados a operadorias de minera\u00e7\u00e3o e fiscaliza\u00e7\u00e3o p\u00fablica muitas vezes subaprovada.<\/p>\n<h3>Empresas e a\u00e7\u00f5es de repara\u00e7\u00e3o<\/h3>\n<p>A Vale afirma estar a avan\u00e7ar com a repara\u00e7\u00e3o na regi\u00e3o, destacando que 81% do Acordo Judicial de Repara\u00e7\u00e3o Integral j\u00e1 foi executado at\u00e9 Dezembro de 2025 e que investe em recupera\u00e7\u00e3o socioambiental, abastecimento h\u00eddrico e diversifica\u00e7\u00e3o econ\u00f3mica. Empresas vizinhas repetem compromissos de repara\u00e7\u00e3o, sem comentar o processo jur\u00eddico espec\u00edfico.<\/p>\n<p>A T\u00dcV S\u00dcD sublinha que n\u00e3o assume responsabilidade legal pelo rompimento, reconhecendo apenas que a barragem estava est\u00e1vel no momento das declara\u00e7\u00f5es de estabilidade. A Samarco, respons\u00e1vel pela barragem de Mariana, afirma cumprir o Novo Acordo do Rio Doce e prosseguir com a repara\u00e7\u00e3o, indicando v\u00e1rias indemniza\u00e7\u00f5es e a\u00e7\u00f5es ambientais em curso. As declara\u00e7\u00f5es oficiais n\u00e3o cont\u00eam ju\u00edzos de culpa, limitando-se a descrever a\u00e7\u00f5es de repara\u00e7\u00e3o e o compromisso com as comunidades afetadas.<\/p>\n<h3>Contexto e fiscaliza\u00e7\u00e3o<\/h3>\n<p>Analistas lembram que este caso se insere numa sequ\u00eancia de desastres ligados \u00e0 minera\u00e7\u00e3o no Brasil. Cuidados de fiscaliza\u00e7\u00e3o p\u00fablica, em v\u00e1rios n\u00edveis, s\u00e3o apontados como essenciais para melhorar a atua\u00e7\u00e3o regulat\u00f3ria e reduzir riscos. Entre os apontamentos, as auditorias e licenciamento aparecem como processos complexos que, por vezes, dependem de documenta\u00e7\u00e3o que pode n\u00e3o refletir a realidade operativa.<\/p>\n<p>P\u00fablico\/Ag\u00eancia Brasil<\/p>\n","protected":false},"excerpt":{"rendered":"<ul>\n<li>Audi\u00eancias de instru\u00e7\u00e3o come\u00e7am a 23 de Fevereiro na 2\u00aa Vara Federal Criminal de Belo Horizonte, com poss\u00edvel responsabiliza\u00e7\u00e3o de 15 pessoas, 11 ex-diretores\/gerentes\/engenheiros da Vale e 4 funcion\u00e1rios da T\u00dcV S\u00dcD.<\/li>\n<li>O rompimento da barragem de rejeitos da Mina C\u00f3rrego do Feij\u00e3o, Brumadinho, ocorreu por volta de 12h30 de 25 de janeiro de 2019, resultando em 272 mortes; at\u00e9 ahora ningu\u00e9m foi responsabilizado criminalmente.<\/li>\n<li>Ao fim das audi\u00eancias, a ju\u00edza pode decidir levar o caso a j\u00fari popular.<\/li>\n<li>Direitos de v\u00edtimas e cr\u00edticas apontam que casos semelhantes, como Mariana e Macei\u00f3, ainda n\u00e3o tiveram respons\u00e1veis criminalmente punidos; destacam falhas de fiscaliza\u00e7\u00e3o e foco em lucro empresarial.<\/li>\n<li>Em resposta, a Vale afirma progressos na repara\u00e7\u00e3o e investimento em seguran\u00e7a; a Samarco destaca cumprimento do Novo Acordo do Rio Doce; a T\u00dcV S\u00dcD alega n\u00e3o ter responsabilidade legal e que a barragem estava est\u00e1vel.<\/li>\n<\/ul>\n","protected":false},"author":2,"featured_media":180894,"comment_status":"closed","ping_status":"closed","sticky":false,"template":"","format":"standard","meta":{"footnotes":""},"categories":[1],"tags":[167,2547,147,646,2745,217],"class_list":["post-180882","post","type-post","status-publish","format-standard","has-post-thumbnail","hentry","category-noticias","tag-ambiente","tag-brasil","tag-crime","tag-fiscalizacao-ambiental","tag-indenizacoes","tag-investigacao-criminal"],"yoast_head":"<!-- This site is optimized with the Yoast SEO plugin v27.2 - https:\/\/yoast.com\/product\/yoast-seo-wordpress\/ -->\n<title>Sete anos depois, algu\u00e9m pode responder pelo crime ambiental de Brumadinho - Portal Tela Portugal<\/title>\n<meta name=\"robots\" content=\"index, follow, max-snippet:-1, max-image-preview:large, max-video-preview:-1\" \/>\n<meta property=\"og:locale\" content=\"pt_PT\" \/>\n<meta property=\"og:type\" content=\"article\" \/>\n<meta property=\"og:title\" content=\"Sete anos depois, algu\u00e9m pode responder pelo crime ambiental de Brumadinho - Portal Tela Portugal\" \/>\n<meta property=\"og:description\" content=\"Audi\u00eancias de instru\u00e7\u00e3o come\u00e7am a 23 de Fevereiro na 2\u00aa Vara Federal Criminal de Belo Horizonte, com poss\u00edvel responsabiliza\u00e7\u00e3o de 15 pessoas, 11 ex-diretores\/gerentes\/engenheiros da Vale e 4 funcion\u00e1rios da T\u00dcV S\u00dcD. O rompimento da barragem de rejeitos da Mina C\u00f3rrego do Feij\u00e3o, Brumadinho, ocorreu por volta de 12h30 de 25 de janeiro de 2019, resultando em 272 mortes; at\u00e9 ahora ningu\u00e9m foi responsabilizado criminalmente. Ao fim das audi\u00eancias, a ju\u00edza pode decidir levar o caso a j\u00fari popular. Direitos de v\u00edtimas e cr\u00edticas apontam que casos semelhantes, como Mariana e Macei\u00f3, ainda n\u00e3o tiveram respons\u00e1veis criminalmente punidos; destacam falhas de fiscaliza\u00e7\u00e3o e foco em lucro empresarial. Em resposta, a Vale afirma progressos na repara\u00e7\u00e3o e investimento em seguran\u00e7a; a Samarco destaca cumprimento do Novo Acordo do Rio Doce; a T\u00dcV S\u00dcD alega n\u00e3o ter responsabilidade legal e que a barragem estava est\u00e1vel.\" \/>\n<meta property=\"og:url\" content=\"https:\/\/portaltela.pt\/noticias\/2026\/01\/29\/sete-anos-depois-alguem-pode-responder-pelo-crime-ambiental-de-brumadinho\/\" \/>\n<meta property=\"og:site_name\" content=\"Portal Tela Portugal\" \/>\n<meta property=\"article:published_time\" content=\"2026-01-29T11:27:00+00:00\" \/>\n<meta name=\"author\" content=\"Telinha\" \/>\n<meta name=\"twitter:card\" content=\"summary_large_image\" \/>\n<meta name=\"twitter:label1\" content=\"Escrito por\" \/>\n\t<meta name=\"twitter:data1\" content=\"Telinha\" \/>\n\t<meta name=\"twitter:label2\" content=\"Tempo estimado de leitura\" \/>\n\t<meta name=\"twitter:data2\" content=\"2 minutos\" \/>\n<script type=\"application\/ld+json\" class=\"yoast-schema-graph\">{\"@context\":\"https:\/\/schema.org\",\"@graph\":[{\"@type\":\"Article\",\"@id\":\"https:\/\/portaltela.pt\/noticias\/2026\/01\/29\/sete-anos-depois-alguem-pode-responder-pelo-crime-ambiental-de-brumadinho\/#article\",\"isPartOf\":{\"@id\":\"https:\/\/portaltela.pt\/noticias\/2026\/01\/29\/sete-anos-depois-alguem-pode-responder-pelo-crime-ambiental-de-brumadinho\/\"},\"author\":{\"name\":\"Telinha\",\"@id\":\"https:\/\/portaltela.pt\/#\/schema\/person\/c4278d4a6028830caff9ee44b42d32ed\"},\"headline\":\"Sete anos depois, algu\u00e9m pode responder pelo crime ambiental de Brumadinho\",\"datePublished\":\"2026-01-29T11:27:00+00:00\",\"mainEntityOfPage\":{\"@id\":\"https:\/\/portaltela.pt\/noticias\/2026\/01\/29\/sete-anos-depois-alguem-pode-responder-pelo-crime-ambiental-de-brumadinho\/\"},\"wordCount\":443,\"image\":{\"@id\":\"https:\/\/portaltela.pt\/noticias\/2026\/01\/29\/sete-anos-depois-alguem-pode-responder-pelo-crime-ambiental-de-brumadinho\/#primaryimage\"},\"thumbnailUrl\":\"https:\/\/portaltela.pt\/s.01k8rhncp4jt1\/2026\/01\/2162757.jpg\",\"keywords\":[\"ambiente\",\"Brasil\",\"crime\",\"fiscaliza\u00e7\u00e3o ambiental\",\"indeniza\u00e7\u00f5es\",\"investiga\u00e7\u00e3o criminal\"],\"articleSection\":[\"Not\u00edcias\"],\"inLanguage\":\"pt-PT\"},{\"@type\":\"WebPage\",\"@id\":\"https:\/\/portaltela.pt\/noticias\/2026\/01\/29\/sete-anos-depois-alguem-pode-responder-pelo-crime-ambiental-de-brumadinho\/\",\"url\":\"https:\/\/portaltela.pt\/noticias\/2026\/01\/29\/sete-anos-depois-alguem-pode-responder-pelo-crime-ambiental-de-brumadinho\/\",\"name\":\"Sete anos depois, algu\u00e9m pode responder pelo crime ambiental de Brumadinho - Portal Tela Portugal\",\"isPartOf\":{\"@id\":\"https:\/\/portaltela.pt\/#website\"},\"primaryImageOfPage\":{\"@id\":\"https:\/\/portaltela.pt\/noticias\/2026\/01\/29\/sete-anos-depois-alguem-pode-responder-pelo-crime-ambiental-de-brumadinho\/#primaryimage\"},\"image\":{\"@id\":\"https:\/\/portaltela.pt\/noticias\/2026\/01\/29\/sete-anos-depois-alguem-pode-responder-pelo-crime-ambiental-de-brumadinho\/#primaryimage\"},\"thumbnailUrl\":\"https:\/\/portaltela.pt\/s.01k8rhncp4jt1\/2026\/01\/2162757.jpg\",\"datePublished\":\"2026-01-29T11:27:00+00:00\",\"author\":{\"@id\":\"https:\/\/portaltela.pt\/#\/schema\/person\/c4278d4a6028830caff9ee44b42d32ed\"},\"breadcrumb\":{\"@id\":\"https:\/\/portaltela.pt\/noticias\/2026\/01\/29\/sete-anos-depois-alguem-pode-responder-pelo-crime-ambiental-de-brumadinho\/#breadcrumb\"},\"inLanguage\":\"pt-PT\",\"potentialAction\":[{\"@type\":\"ReadAction\",\"target\":[\"https:\/\/portaltela.pt\/noticias\/2026\/01\/29\/sete-anos-depois-alguem-pode-responder-pelo-crime-ambiental-de-brumadinho\/\"]}]},{\"@type\":\"ImageObject\",\"inLanguage\":\"pt-PT\",\"@id\":\"https:\/\/portaltela.pt\/noticias\/2026\/01\/29\/sete-anos-depois-alguem-pode-responder-pelo-crime-ambiental-de-brumadinho\/#primaryimage\",\"url\":\"https:\/\/portaltela.pt\/s.01k8rhncp4jt1\/2026\/01\/2162757.jpg\",\"contentUrl\":\"https:\/\/portaltela.pt\/s.01k8rhncp4jt1\/2026\/01\/2162757.jpg\",\"width\":796,\"height\":448,\"caption\":\"Photo\"},{\"@type\":\"BreadcrumbList\",\"@id\":\"https:\/\/portaltela.pt\/noticias\/2026\/01\/29\/sete-anos-depois-alguem-pode-responder-pelo-crime-ambiental-de-brumadinho\/#breadcrumb\",\"itemListElement\":[{\"@type\":\"ListItem\",\"position\":1,\"name\":\"In\u00edcio\",\"item\":\"https:\/\/portaltela.pt\/\"},{\"@type\":\"ListItem\",\"position\":2,\"name\":\"Sete anos depois, algu\u00e9m pode responder pelo crime ambiental de Brumadinho\"}]},{\"@type\":\"WebSite\",\"@id\":\"https:\/\/portaltela.pt\/#website\",\"url\":\"https:\/\/portaltela.pt\/\",\"name\":\"Portal Tela Portugal\",\"description\":\"\",\"potentialAction\":[{\"@type\":\"SearchAction\",\"target\":{\"@type\":\"EntryPoint\",\"urlTemplate\":\"https:\/\/portaltela.pt\/?s={search_term_string}\"},\"query-input\":{\"@type\":\"PropertyValueSpecification\",\"valueRequired\":true,\"valueName\":\"search_term_string\"}}],\"inLanguage\":\"pt-PT\"},{\"@type\":\"Person\",\"@id\":\"https:\/\/portaltela.pt\/#\/schema\/person\/c4278d4a6028830caff9ee44b42d32ed\",\"name\":\"Telinha\",\"image\":{\"@type\":\"ImageObject\",\"inLanguage\":\"pt-PT\",\"@id\":\"https:\/\/portaltela.pt\/s.01k8rhncp4jt1\/2025\/11\/talking-bot-125x125.png\",\"url\":\"https:\/\/portaltela.pt\/s.01k8rhncp4jt1\/2025\/11\/talking-bot-125x125.png\",\"contentUrl\":\"https:\/\/portaltela.pt\/s.01k8rhncp4jt1\/2025\/11\/talking-bot-125x125.png\",\"caption\":\"Telinha\"},\"sameAs\":[\"https:\/\/portaltela.pt\/\"],\"url\":\"https:\/\/portaltela.pt\/por\/367410592786\/\"}]}<\/script>\n<!-- \/ Yoast SEO plugin. -->","yoast_head_json":{"title":"Sete anos depois, algu\u00e9m pode responder pelo crime ambiental de Brumadinho - Portal Tela Portugal","robots":{"index":"index","follow":"follow","max-snippet":"max-snippet:-1","max-image-preview":"max-image-preview:large","max-video-preview":"max-video-preview:-1"},"og_locale":"pt_PT","og_type":"article","og_title":"Sete anos depois, algu\u00e9m pode responder pelo crime ambiental de Brumadinho - Portal Tela Portugal","og_description":"Audi\u00eancias de instru\u00e7\u00e3o come\u00e7am a 23 de Fevereiro na 2\u00aa Vara Federal Criminal de Belo Horizonte, com poss\u00edvel responsabiliza\u00e7\u00e3o de 15 pessoas, 11 ex-diretores\/gerentes\/engenheiros da Vale e 4 funcion\u00e1rios da T\u00dcV S\u00dcD. O rompimento da barragem de rejeitos da Mina C\u00f3rrego do Feij\u00e3o, Brumadinho, ocorreu por volta de 12h30 de 25 de janeiro de 2019, resultando em 272 mortes; at\u00e9 ahora ningu\u00e9m foi responsabilizado criminalmente. Ao fim das audi\u00eancias, a ju\u00edza pode decidir levar o caso a j\u00fari popular. Direitos de v\u00edtimas e cr\u00edticas apontam que casos semelhantes, como Mariana e Macei\u00f3, ainda n\u00e3o tiveram respons\u00e1veis criminalmente punidos; destacam falhas de fiscaliza\u00e7\u00e3o e foco em lucro empresarial. Em resposta, a Vale afirma progressos na repara\u00e7\u00e3o e investimento em seguran\u00e7a; a Samarco destaca cumprimento do Novo Acordo do Rio Doce; a T\u00dcV S\u00dcD alega n\u00e3o ter responsabilidade legal e que a barragem estava est\u00e1vel.","og_url":"https:\/\/portaltela.pt\/noticias\/2026\/01\/29\/sete-anos-depois-alguem-pode-responder-pelo-crime-ambiental-de-brumadinho\/","og_site_name":"Portal Tela Portugal","article_published_time":"2026-01-29T11:27:00+00:00","author":"Telinha","twitter_card":"summary_large_image","twitter_misc":{"Escrito por":"Telinha","Tempo estimado de leitura":"2 minutos"},"schema":{"@context":"https:\/\/schema.org","@graph":[{"@type":"Article","@id":"https:\/\/portaltela.pt\/noticias\/2026\/01\/29\/sete-anos-depois-alguem-pode-responder-pelo-crime-ambiental-de-brumadinho\/#article","isPartOf":{"@id":"https:\/\/portaltela.pt\/noticias\/2026\/01\/29\/sete-anos-depois-alguem-pode-responder-pelo-crime-ambiental-de-brumadinho\/"},"author":{"name":"Telinha","@id":"https:\/\/portaltela.pt\/#\/schema\/person\/c4278d4a6028830caff9ee44b42d32ed"},"headline":"Sete anos depois, algu\u00e9m pode responder pelo crime ambiental de Brumadinho","datePublished":"2026-01-29T11:27:00+00:00","mainEntityOfPage":{"@id":"https:\/\/portaltela.pt\/noticias\/2026\/01\/29\/sete-anos-depois-alguem-pode-responder-pelo-crime-ambiental-de-brumadinho\/"},"wordCount":443,"image":{"@id":"https:\/\/portaltela.pt\/noticias\/2026\/01\/29\/sete-anos-depois-alguem-pode-responder-pelo-crime-ambiental-de-brumadinho\/#primaryimage"},"thumbnailUrl":"https:\/\/portaltela.pt\/s.01k8rhncp4jt1\/2026\/01\/2162757.jpg","keywords":["ambiente","Brasil","crime","fiscaliza\u00e7\u00e3o ambiental","indeniza\u00e7\u00f5es","investiga\u00e7\u00e3o criminal"],"articleSection":["Not\u00edcias"],"inLanguage":"pt-PT"},{"@type":"WebPage","@id":"https:\/\/portaltela.pt\/noticias\/2026\/01\/29\/sete-anos-depois-alguem-pode-responder-pelo-crime-ambiental-de-brumadinho\/","url":"https:\/\/portaltela.pt\/noticias\/2026\/01\/29\/sete-anos-depois-alguem-pode-responder-pelo-crime-ambiental-de-brumadinho\/","name":"Sete anos depois, algu\u00e9m pode responder pelo crime ambiental de Brumadinho - Portal Tela Portugal","isPartOf":{"@id":"https:\/\/portaltela.pt\/#website"},"primaryImageOfPage":{"@id":"https:\/\/portaltela.pt\/noticias\/2026\/01\/29\/sete-anos-depois-alguem-pode-responder-pelo-crime-ambiental-de-brumadinho\/#primaryimage"},"image":{"@id":"https:\/\/portaltela.pt\/noticias\/2026\/01\/29\/sete-anos-depois-alguem-pode-responder-pelo-crime-ambiental-de-brumadinho\/#primaryimage"},"thumbnailUrl":"https:\/\/portaltela.pt\/s.01k8rhncp4jt1\/2026\/01\/2162757.jpg","datePublished":"2026-01-29T11:27:00+00:00","author":{"@id":"https:\/\/portaltela.pt\/#\/schema\/person\/c4278d4a6028830caff9ee44b42d32ed"},"breadcrumb":{"@id":"https:\/\/portaltela.pt\/noticias\/2026\/01\/29\/sete-anos-depois-alguem-pode-responder-pelo-crime-ambiental-de-brumadinho\/#breadcrumb"},"inLanguage":"pt-PT","potentialAction":[{"@type":"ReadAction","target":["https:\/\/portaltela.pt\/noticias\/2026\/01\/29\/sete-anos-depois-alguem-pode-responder-pelo-crime-ambiental-de-brumadinho\/"]}]},{"@type":"ImageObject","inLanguage":"pt-PT","@id":"https:\/\/portaltela.pt\/noticias\/2026\/01\/29\/sete-anos-depois-alguem-pode-responder-pelo-crime-ambiental-de-brumadinho\/#primaryimage","url":"https:\/\/portaltela.pt\/s.01k8rhncp4jt1\/2026\/01\/2162757.jpg","contentUrl":"https:\/\/portaltela.pt\/s.01k8rhncp4jt1\/2026\/01\/2162757.jpg","width":796,"height":448,"caption":"Photo"},{"@type":"BreadcrumbList","@id":"https:\/\/portaltela.pt\/noticias\/2026\/01\/29\/sete-anos-depois-alguem-pode-responder-pelo-crime-ambiental-de-brumadinho\/#breadcrumb","itemListElement":[{"@type":"ListItem","position":1,"name":"In\u00edcio","item":"https:\/\/portaltela.pt\/"},{"@type":"ListItem","position":2,"name":"Sete anos depois, algu\u00e9m pode responder pelo crime ambiental de Brumadinho"}]},{"@type":"WebSite","@id":"https:\/\/portaltela.pt\/#website","url":"https:\/\/portaltela.pt\/","name":"Portal Tela Portugal","description":"","potentialAction":[{"@type":"SearchAction","target":{"@type":"EntryPoint","urlTemplate":"https:\/\/portaltela.pt\/?s={search_term_string}"},"query-input":{"@type":"PropertyValueSpecification","valueRequired":true,"valueName":"search_term_string"}}],"inLanguage":"pt-PT"},{"@type":"Person","@id":"https:\/\/portaltela.pt\/#\/schema\/person\/c4278d4a6028830caff9ee44b42d32ed","name":"Telinha","image":{"@type":"ImageObject","inLanguage":"pt-PT","@id":"https:\/\/portaltela.pt\/s.01k8rhncp4jt1\/2025\/11\/talking-bot-125x125.png","url":"https:\/\/portaltela.pt\/s.01k8rhncp4jt1\/2025\/11\/talking-bot-125x125.png","contentUrl":"https:\/\/portaltela.pt\/s.01k8rhncp4jt1\/2025\/11\/talking-bot-125x125.png","caption":"Telinha"},"sameAs":["https:\/\/portaltela.pt\/"],"url":"https:\/\/portaltela.pt\/por\/367410592786\/"}]}},"_links":{"self":[{"href":"https:\/\/portaltela.pt\/api\/wp\/v2\/posts\/180882","targetHints":{"allow":["GET"]}}],"collection":[{"href":"https:\/\/portaltela.pt\/api\/wp\/v2\/posts"}],"about":[{"href":"https:\/\/portaltela.pt\/api\/wp\/v2\/types\/post"}],"author":[{"embeddable":true,"href":"https:\/\/portaltela.pt\/api\/wp\/v2\/users\/2"}],"replies":[{"embeddable":true,"href":"https:\/\/portaltela.pt\/api\/wp\/v2\/comments?post=180882"}],"version-history":[{"count":0,"href":"https:\/\/portaltela.pt\/api\/wp\/v2\/posts\/180882\/revisions"}],"wp:featuredmedia":[{"embeddable":true,"href":"https:\/\/portaltela.pt\/api\/wp\/v2\/media\/180894"}],"wp:attachment":[{"href":"https:\/\/portaltela.pt\/api\/wp\/v2\/media?parent=180882"}],"wp:term":[{"taxonomy":"category","embeddable":true,"href":"https:\/\/portaltela.pt\/api\/wp\/v2\/categories?post=180882"},{"taxonomy":"post_tag","embeddable":true,"href":"https:\/\/portaltela.pt\/api\/wp\/v2\/tags?post=180882"}],"curies":[{"name":"wp","href":"https:\/\/api.w.org\/{rel}","templated":true}]}}