{"id":180881,"date":"2026-01-29T08:26:48","date_gmt":"2026-01-29T11:26:48","guid":{"rendered":"https:\/\/portaltela.pt\/noticias\/2026\/01\/29\/cinfaes-aprova-orcamento-de-402-milhoes-para-2026-com-foco-em-habitacao\/"},"modified":"2026-01-29T08:26:48","modified_gmt":"2026-01-29T11:26:48","slug":"cinfaes-aprova-orcamento-de-402-milhoes-para-2026-com-foco-em-habitacao","status":"publish","type":"post","link":"https:\/\/portaltela.pt\/noticias\/politica\/2026\/01\/29\/cinfaes-aprova-orcamento-de-402-milhoes-para-2026-com-foco-em-habitacao\/","title":{"rendered":"Cinf\u00e3es aprova or\u00e7amento de 40,2 milh\u00f5es para 2026 com foco em habita\u00e7\u00e3o"},"content":{"rendered":"<p>A C\u00e2mara Municipal de Cinf\u00e3es aprovou o Or\u00e7amento e Grandes Op\u00e7\u00f5es do Plano (GOP) para 2026, num total de 40,2 milh\u00f5es de euros. O documento foi aprovado por maioria na Assembleia Municipal, sem detalhar a compara\u00e7\u00e3o com o or\u00e7amento de 2025. A op\u00e7\u00e3o or\u00e7amental mostra um foco claro na habita\u00e7\u00e3o social, educa\u00e7\u00e3o, juventude e cria\u00e7\u00e3o de emprego.<\/p>\n<p>A autarquia aponta a capta\u00e7\u00e3o de fundos comunit\u00e1rios como essencial para executar as pol\u00edticas. O valor maior do que em anos anteriores \u00e9 apresentado como sinal de ambi\u00e7\u00e3o e responsabilidade, orientada para o desenvolvimento do concelho com cerca de 20 mil habitantes.<\/p>\n<h3>Prioridades e medidas<\/h3>\n<p>Entre as a\u00e7\u00f5es previstas est\u00e1 o refor\u00e7o do parque de habita\u00e7\u00e3o social e a implementa\u00e7\u00e3o do projeto \u201cVilas Jovens\u201d, cujo conte\u00fado operativo n\u00e3o foi detalhado. A requalifica\u00e7\u00e3o de edif\u00edcios escolares tamb\u00e9m faz parte do pacote de investimentos.<\/p>\n<p>No cap\u00edtulo econ\u00f3mico, o GOP prev\u00ea a cria\u00e7\u00e3o de zonas de acolhimento empresarial para atrair investimento externo. No plano fiscal, n\u00e3o haver\u00e1 aumento de impostos em 2026. O IMI manter-se-\u00e1 no m\u00ednimo legal de 0,3%, com descontos para fam\u00edlias com filhos e sem Derrama para empresas.<\/p>\n<h3>Infraestruturas e gest\u00e3o<\/h3>\n<p>A autarquia aponta investimentos na rede de \u00e1gua e saneamento, na melhoria da rede vi\u00e1ria e na requalifica\u00e7\u00e3o de equipamentos desportivos. O refor\u00e7o dos meios de prote\u00e7\u00e3o civil e a regenera\u00e7\u00e3o urbana aparecem como eixos estrat\u00e9gicos do or\u00e7amento.<\/p>\n<p>A autarquia descreve o documento como \u201cambicioso, respons\u00e1vel e orientado para o futuro\u201d, apontando-o como um compromisso com o desenvolvimento do concelho. A capacidade de capta\u00e7\u00e3o de fundos europeus ser\u00e1 determinante para medir o impacto pr\u00e1tico na economia local e na qualidade de vida. A oposi\u00e7\u00e3o local ainda n\u00e3o se pronunciou publicamente.<\/p>\n","protected":false},"excerpt":{"rendered":"<ul>\n<li>O munic\u00edpio de Cinf\u00e3es aprovou o Or\u00e7amento e Grandes Op\u00e7\u00f5es do Plano para 2026 no valor de 40,2 milh\u00f5es de euros, o maior j\u00e1 gerido pelo concelho.<\/li>\n<li>As prioridades s\u00e3o habita\u00e7\u00e3o (social), educa\u00e7\u00e3o, juventude e cria\u00e7\u00e3o de emprego, com execu\u00e7\u00e3o dependente de fundos do Plano de Recupera\u00e7\u00e3o e Resili\u00eancia e do Portugal 2030.<\/li>\n<li>Medidas anunciadas incluem refor\u00e7o da habita\u00e7\u00e3o social, o projeto Vilas Jovens e a requalifica\u00e7\u00e3o de edif\u00edcios escolares, al\u00e9m de criar zonas de acolhimento empresarial para atrair investimento externo.<\/li>\n<li>Fiscalmente, o executivo adianta que n\u00e3o haver\u00e1 aumento de impostos em 2026; o IMI fica no m\u00ednimo legal de 0,3%, mant\u00eam-se descontos no IMI Familiar para fam\u00edlias com filhos e n\u00e3o \u00e9 cobrada Derrama \u00e0s empresas.<\/li>\n<li>O or\u00e7amento prev\u00ea ainda investimentos em \u00e1gua e saneamento, rede vi\u00e1ria, equipamentos desportivos, prote\u00e7\u00e3o civil e regenera\u00e7\u00e3o urbana, dependendo da capta\u00e7\u00e3o de fundos europeus; a oposi\u00e7\u00e3o n\u00e3o se pronunciou.<\/li>\n<\/ul>\n","protected":false},"author":2,"featured_media":180902,"comment_status":"closed","ping_status":"closed","sticky":false,"template":"","format":"standard","meta":{"footnotes":""},"categories":[1,5],"tags":[3724,163,1006,1167,1769,1563],"class_list":["post-180881","post","type-post","status-publish","format-standard","has-post-thumbnail","hentry","category-noticias","category-politica","tag-desenvolvimento-urbano-sustentavel","tag-educacao","tag-emprego","tag-habitacao-social","tag-orcamento-territorio","tag-regeneracao-urbana"],"yoast_head":"<!-- This site is optimized with the Yoast SEO plugin v27.2 - https:\/\/yoast.com\/product\/yoast-seo-wordpress\/ -->\n<title>Cinf\u00e3es aprova or\u00e7amento de 40,2 milh\u00f5es para 2026 com foco em habita\u00e7\u00e3o - Portal Tela Portugal<\/title>\n<meta name=\"robots\" content=\"index, follow, max-snippet:-1, max-image-preview:large, max-video-preview:-1\" \/>\n<meta property=\"og:locale\" content=\"pt_PT\" \/>\n<meta property=\"og:type\" content=\"article\" \/>\n<meta property=\"og:title\" content=\"Cinf\u00e3es aprova or\u00e7amento de 40,2 milh\u00f5es para 2026 com foco em habita\u00e7\u00e3o - Portal Tela Portugal\" \/>\n<meta property=\"og:description\" content=\"O munic\u00edpio de Cinf\u00e3es aprovou o Or\u00e7amento e Grandes Op\u00e7\u00f5es do Plano para 2026 no valor de 40,2 milh\u00f5es de euros, o maior j\u00e1 gerido pelo concelho. As prioridades s\u00e3o habita\u00e7\u00e3o (social), educa\u00e7\u00e3o, juventude e cria\u00e7\u00e3o de emprego, com execu\u00e7\u00e3o dependente de fundos do Plano de Recupera\u00e7\u00e3o e Resili\u00eancia e do Portugal 2030. Medidas anunciadas incluem refor\u00e7o da habita\u00e7\u00e3o social, o projeto Vilas Jovens e a requalifica\u00e7\u00e3o de edif\u00edcios escolares, al\u00e9m de criar zonas de acolhimento empresarial para atrair investimento externo. Fiscalmente, o executivo adianta que n\u00e3o haver\u00e1 aumento de impostos em 2026; o IMI fica no m\u00ednimo legal de 0,3%, mant\u00eam-se descontos no IMI Familiar para fam\u00edlias com filhos e n\u00e3o \u00e9 cobrada Derrama \u00e0s empresas. O or\u00e7amento prev\u00ea ainda investimentos em \u00e1gua e saneamento, rede vi\u00e1ria, equipamentos desportivos, prote\u00e7\u00e3o civil e regenera\u00e7\u00e3o urbana, dependendo da capta\u00e7\u00e3o de fundos europeus; a oposi\u00e7\u00e3o n\u00e3o se pronunciou.\" \/>\n<meta property=\"og:url\" content=\"https:\/\/portaltela.pt\/noticias\/2026\/01\/29\/cinfaes-aprova-orcamento-de-402-milhoes-para-2026-com-foco-em-habitacao\/\" \/>\n<meta property=\"og:site_name\" content=\"Portal Tela Portugal\" \/>\n<meta property=\"article:published_time\" content=\"2026-01-29T11:26:48+00:00\" \/>\n<meta name=\"author\" content=\"Telinha\" \/>\n<meta name=\"twitter:card\" content=\"summary_large_image\" \/>\n<meta name=\"twitter:label1\" content=\"Escrito por\" \/>\n\t<meta name=\"twitter:data1\" content=\"Telinha\" \/>\n\t<meta name=\"twitter:label2\" content=\"Tempo estimado de leitura\" \/>\n\t<meta name=\"twitter:data2\" content=\"2 minutos\" \/>\n<script type=\"application\/ld+json\" class=\"yoast-schema-graph\">{\"@context\":\"https:\/\/schema.org\",\"@graph\":[{\"@type\":\"Article\",\"@id\":\"https:\/\/portaltela.pt\/noticias\/2026\/01\/29\/cinfaes-aprova-orcamento-de-402-milhoes-para-2026-com-foco-em-habitacao\/#article\",\"isPartOf\":{\"@id\":\"https:\/\/portaltela.pt\/noticias\/2026\/01\/29\/cinfaes-aprova-orcamento-de-402-milhoes-para-2026-com-foco-em-habitacao\/\"},\"author\":{\"name\":\"Telinha\",\"@id\":\"https:\/\/portaltela.pt\/#\/schema\/person\/c4278d4a6028830caff9ee44b42d32ed\"},\"headline\":\"Cinf\u00e3es aprova or\u00e7amento de 40,2 milh\u00f5es para 2026 com foco em habita\u00e7\u00e3o\",\"datePublished\":\"2026-01-29T11:26:48+00:00\",\"mainEntityOfPage\":{\"@id\":\"https:\/\/portaltela.pt\/noticias\/2026\/01\/29\/cinfaes-aprova-orcamento-de-402-milhoes-para-2026-com-foco-em-habitacao\/\"},\"wordCount\":329,\"image\":{\"@id\":\"https:\/\/portaltela.pt\/noticias\/2026\/01\/29\/cinfaes-aprova-orcamento-de-402-milhoes-para-2026-com-foco-em-habitacao\/#primaryimage\"},\"thumbnailUrl\":\"https:\/\/portaltela.pt\/s.01k8rhncp4jt1\/2026\/01\/unnamed-file-5768.jpg\",\"keywords\":[\"desenvolvimento urbano sustent\u00e1vel\",\"educa\u00e7\u00e3o\",\"emprego\",\"habita\u00e7\u00e3o social\",\"Or\u00e7amento\/Territ\u00f3rio\",\"Regenera\u00e7\u00e3o Urbana\"],\"articleSection\":[\"Not\u00edcias\",\"Pol\u00edtica\"],\"inLanguage\":\"pt-PT\"},{\"@type\":\"WebPage\",\"@id\":\"https:\/\/portaltela.pt\/noticias\/2026\/01\/29\/cinfaes-aprova-orcamento-de-402-milhoes-para-2026-com-foco-em-habitacao\/\",\"url\":\"https:\/\/portaltela.pt\/noticias\/2026\/01\/29\/cinfaes-aprova-orcamento-de-402-milhoes-para-2026-com-foco-em-habitacao\/\",\"name\":\"Cinf\u00e3es aprova or\u00e7amento de 40,2 milh\u00f5es para 2026 com foco em habita\u00e7\u00e3o - Portal Tela Portugal\",\"isPartOf\":{\"@id\":\"https:\/\/portaltela.pt\/#website\"},\"primaryImageOfPage\":{\"@id\":\"https:\/\/portaltela.pt\/noticias\/2026\/01\/29\/cinfaes-aprova-orcamento-de-402-milhoes-para-2026-com-foco-em-habitacao\/#primaryimage\"},\"image\":{\"@id\":\"https:\/\/portaltela.pt\/noticias\/2026\/01\/29\/cinfaes-aprova-orcamento-de-402-milhoes-para-2026-com-foco-em-habitacao\/#primaryimage\"},\"thumbnailUrl\":\"https:\/\/portaltela.pt\/s.01k8rhncp4jt1\/2026\/01\/unnamed-file-5768.jpg\",\"datePublished\":\"2026-01-29T11:26:48+00:00\",\"author\":{\"@id\":\"https:\/\/portaltela.pt\/#\/schema\/person\/c4278d4a6028830caff9ee44b42d32ed\"},\"breadcrumb\":{\"@id\":\"https:\/\/portaltela.pt\/noticias\/2026\/01\/29\/cinfaes-aprova-orcamento-de-402-milhoes-para-2026-com-foco-em-habitacao\/#breadcrumb\"},\"inLanguage\":\"pt-PT\",\"potentialAction\":[{\"@type\":\"ReadAction\",\"target\":[\"https:\/\/portaltela.pt\/noticias\/2026\/01\/29\/cinfaes-aprova-orcamento-de-402-milhoes-para-2026-com-foco-em-habitacao\/\"]}]},{\"@type\":\"ImageObject\",\"inLanguage\":\"pt-PT\",\"@id\":\"https:\/\/portaltela.pt\/noticias\/2026\/01\/29\/cinfaes-aprova-orcamento-de-402-milhoes-para-2026-com-foco-em-habitacao\/#primaryimage\",\"url\":\"https:\/\/portaltela.pt\/s.01k8rhncp4jt1\/2026\/01\/unnamed-file-5768.jpg\",\"contentUrl\":\"https:\/\/portaltela.pt\/s.01k8rhncp4jt1\/2026\/01\/unnamed-file-5768.jpg\",\"width\":796,\"height\":448,\"caption\":\"Cinf\u00e3es aprova maior or\u00e7amento de sempre com 40,2 milh\u00f5es para 2026 focados em habita\u00e7\u00e3o e juventude\"},{\"@type\":\"BreadcrumbList\",\"@id\":\"https:\/\/portaltela.pt\/noticias\/2026\/01\/29\/cinfaes-aprova-orcamento-de-402-milhoes-para-2026-com-foco-em-habitacao\/#breadcrumb\",\"itemListElement\":[{\"@type\":\"ListItem\",\"position\":1,\"name\":\"In\u00edcio\",\"item\":\"https:\/\/portaltela.pt\/\"},{\"@type\":\"ListItem\",\"position\":2,\"name\":\"Cinf\u00e3es aprova or\u00e7amento de 40,2 milh\u00f5es para 2026 com foco em habita\u00e7\u00e3o\"}]},{\"@type\":\"WebSite\",\"@id\":\"https:\/\/portaltela.pt\/#website\",\"url\":\"https:\/\/portaltela.pt\/\",\"name\":\"Portal Tela Portugal\",\"description\":\"\",\"potentialAction\":[{\"@type\":\"SearchAction\",\"target\":{\"@type\":\"EntryPoint\",\"urlTemplate\":\"https:\/\/portaltela.pt\/?s={search_term_string}\"},\"query-input\":{\"@type\":\"PropertyValueSpecification\",\"valueRequired\":true,\"valueName\":\"search_term_string\"}}],\"inLanguage\":\"pt-PT\"},{\"@type\":\"Person\",\"@id\":\"https:\/\/portaltela.pt\/#\/schema\/person\/c4278d4a6028830caff9ee44b42d32ed\",\"name\":\"Telinha\",\"image\":{\"@type\":\"ImageObject\",\"inLanguage\":\"pt-PT\",\"@id\":\"https:\/\/portaltela.pt\/s.01k8rhncp4jt1\/2025\/11\/talking-bot-125x125.png\",\"url\":\"https:\/\/portaltela.pt\/s.01k8rhncp4jt1\/2025\/11\/talking-bot-125x125.png\",\"contentUrl\":\"https:\/\/portaltela.pt\/s.01k8rhncp4jt1\/2025\/11\/talking-bot-125x125.png\",\"caption\":\"Telinha\"},\"sameAs\":[\"https:\/\/portaltela.pt\/\"],\"url\":\"https:\/\/portaltela.pt\/por\/367410592786\/\"}]}<\/script>\n<!-- \/ Yoast SEO plugin. -->","yoast_head_json":{"title":"Cinf\u00e3es aprova or\u00e7amento de 40,2 milh\u00f5es para 2026 com foco em habita\u00e7\u00e3o - Portal Tela Portugal","robots":{"index":"index","follow":"follow","max-snippet":"max-snippet:-1","max-image-preview":"max-image-preview:large","max-video-preview":"max-video-preview:-1"},"og_locale":"pt_PT","og_type":"article","og_title":"Cinf\u00e3es aprova or\u00e7amento de 40,2 milh\u00f5es para 2026 com foco em habita\u00e7\u00e3o - Portal Tela Portugal","og_description":"O munic\u00edpio de Cinf\u00e3es aprovou o Or\u00e7amento e Grandes Op\u00e7\u00f5es do Plano para 2026 no valor de 40,2 milh\u00f5es de euros, o maior j\u00e1 gerido pelo concelho. As prioridades s\u00e3o habita\u00e7\u00e3o (social), educa\u00e7\u00e3o, juventude e cria\u00e7\u00e3o de emprego, com execu\u00e7\u00e3o dependente de fundos do Plano de Recupera\u00e7\u00e3o e Resili\u00eancia e do Portugal 2030. Medidas anunciadas incluem refor\u00e7o da habita\u00e7\u00e3o social, o projeto Vilas Jovens e a requalifica\u00e7\u00e3o de edif\u00edcios escolares, al\u00e9m de criar zonas de acolhimento empresarial para atrair investimento externo. Fiscalmente, o executivo adianta que n\u00e3o haver\u00e1 aumento de impostos em 2026; o IMI fica no m\u00ednimo legal de 0,3%, mant\u00eam-se descontos no IMI Familiar para fam\u00edlias com filhos e n\u00e3o \u00e9 cobrada Derrama \u00e0s empresas. O or\u00e7amento prev\u00ea ainda investimentos em \u00e1gua e saneamento, rede vi\u00e1ria, equipamentos desportivos, prote\u00e7\u00e3o civil e regenera\u00e7\u00e3o urbana, dependendo da capta\u00e7\u00e3o de fundos europeus; a oposi\u00e7\u00e3o n\u00e3o se pronunciou.","og_url":"https:\/\/portaltela.pt\/noticias\/2026\/01\/29\/cinfaes-aprova-orcamento-de-402-milhoes-para-2026-com-foco-em-habitacao\/","og_site_name":"Portal Tela Portugal","article_published_time":"2026-01-29T11:26:48+00:00","author":"Telinha","twitter_card":"summary_large_image","twitter_misc":{"Escrito por":"Telinha","Tempo estimado de leitura":"2 minutos"},"schema":{"@context":"https:\/\/schema.org","@graph":[{"@type":"Article","@id":"https:\/\/portaltela.pt\/noticias\/2026\/01\/29\/cinfaes-aprova-orcamento-de-402-milhoes-para-2026-com-foco-em-habitacao\/#article","isPartOf":{"@id":"https:\/\/portaltela.pt\/noticias\/2026\/01\/29\/cinfaes-aprova-orcamento-de-402-milhoes-para-2026-com-foco-em-habitacao\/"},"author":{"name":"Telinha","@id":"https:\/\/portaltela.pt\/#\/schema\/person\/c4278d4a6028830caff9ee44b42d32ed"},"headline":"Cinf\u00e3es aprova or\u00e7amento de 40,2 milh\u00f5es para 2026 com foco em habita\u00e7\u00e3o","datePublished":"2026-01-29T11:26:48+00:00","mainEntityOfPage":{"@id":"https:\/\/portaltela.pt\/noticias\/2026\/01\/29\/cinfaes-aprova-orcamento-de-402-milhoes-para-2026-com-foco-em-habitacao\/"},"wordCount":329,"image":{"@id":"https:\/\/portaltela.pt\/noticias\/2026\/01\/29\/cinfaes-aprova-orcamento-de-402-milhoes-para-2026-com-foco-em-habitacao\/#primaryimage"},"thumbnailUrl":"https:\/\/portaltela.pt\/s.01k8rhncp4jt1\/2026\/01\/unnamed-file-5768.jpg","keywords":["desenvolvimento urbano sustent\u00e1vel","educa\u00e7\u00e3o","emprego","habita\u00e7\u00e3o social","Or\u00e7amento\/Territ\u00f3rio","Regenera\u00e7\u00e3o Urbana"],"articleSection":["Not\u00edcias","Pol\u00edtica"],"inLanguage":"pt-PT"},{"@type":"WebPage","@id":"https:\/\/portaltela.pt\/noticias\/2026\/01\/29\/cinfaes-aprova-orcamento-de-402-milhoes-para-2026-com-foco-em-habitacao\/","url":"https:\/\/portaltela.pt\/noticias\/2026\/01\/29\/cinfaes-aprova-orcamento-de-402-milhoes-para-2026-com-foco-em-habitacao\/","name":"Cinf\u00e3es aprova or\u00e7amento de 40,2 milh\u00f5es para 2026 com foco em habita\u00e7\u00e3o - Portal Tela Portugal","isPartOf":{"@id":"https:\/\/portaltela.pt\/#website"},"primaryImageOfPage":{"@id":"https:\/\/portaltela.pt\/noticias\/2026\/01\/29\/cinfaes-aprova-orcamento-de-402-milhoes-para-2026-com-foco-em-habitacao\/#primaryimage"},"image":{"@id":"https:\/\/portaltela.pt\/noticias\/2026\/01\/29\/cinfaes-aprova-orcamento-de-402-milhoes-para-2026-com-foco-em-habitacao\/#primaryimage"},"thumbnailUrl":"https:\/\/portaltela.pt\/s.01k8rhncp4jt1\/2026\/01\/unnamed-file-5768.jpg","datePublished":"2026-01-29T11:26:48+00:00","author":{"@id":"https:\/\/portaltela.pt\/#\/schema\/person\/c4278d4a6028830caff9ee44b42d32ed"},"breadcrumb":{"@id":"https:\/\/portaltela.pt\/noticias\/2026\/01\/29\/cinfaes-aprova-orcamento-de-402-milhoes-para-2026-com-foco-em-habitacao\/#breadcrumb"},"inLanguage":"pt-PT","potentialAction":[{"@type":"ReadAction","target":["https:\/\/portaltela.pt\/noticias\/2026\/01\/29\/cinfaes-aprova-orcamento-de-402-milhoes-para-2026-com-foco-em-habitacao\/"]}]},{"@type":"ImageObject","inLanguage":"pt-PT","@id":"https:\/\/portaltela.pt\/noticias\/2026\/01\/29\/cinfaes-aprova-orcamento-de-402-milhoes-para-2026-com-foco-em-habitacao\/#primaryimage","url":"https:\/\/portaltela.pt\/s.01k8rhncp4jt1\/2026\/01\/unnamed-file-5768.jpg","contentUrl":"https:\/\/portaltela.pt\/s.01k8rhncp4jt1\/2026\/01\/unnamed-file-5768.jpg","width":796,"height":448,"caption":"Cinf\u00e3es aprova maior or\u00e7amento de sempre com 40,2 milh\u00f5es para 2026 focados em habita\u00e7\u00e3o e juventude"},{"@type":"BreadcrumbList","@id":"https:\/\/portaltela.pt\/noticias\/2026\/01\/29\/cinfaes-aprova-orcamento-de-402-milhoes-para-2026-com-foco-em-habitacao\/#breadcrumb","itemListElement":[{"@type":"ListItem","position":1,"name":"In\u00edcio","item":"https:\/\/portaltela.pt\/"},{"@type":"ListItem","position":2,"name":"Cinf\u00e3es aprova or\u00e7amento de 40,2 milh\u00f5es para 2026 com foco em habita\u00e7\u00e3o"}]},{"@type":"WebSite","@id":"https:\/\/portaltela.pt\/#website","url":"https:\/\/portaltela.pt\/","name":"Portal Tela Portugal","description":"","potentialAction":[{"@type":"SearchAction","target":{"@type":"EntryPoint","urlTemplate":"https:\/\/portaltela.pt\/?s={search_term_string}"},"query-input":{"@type":"PropertyValueSpecification","valueRequired":true,"valueName":"search_term_string"}}],"inLanguage":"pt-PT"},{"@type":"Person","@id":"https:\/\/portaltela.pt\/#\/schema\/person\/c4278d4a6028830caff9ee44b42d32ed","name":"Telinha","image":{"@type":"ImageObject","inLanguage":"pt-PT","@id":"https:\/\/portaltela.pt\/s.01k8rhncp4jt1\/2025\/11\/talking-bot-125x125.png","url":"https:\/\/portaltela.pt\/s.01k8rhncp4jt1\/2025\/11\/talking-bot-125x125.png","contentUrl":"https:\/\/portaltela.pt\/s.01k8rhncp4jt1\/2025\/11\/talking-bot-125x125.png","caption":"Telinha"},"sameAs":["https:\/\/portaltela.pt\/"],"url":"https:\/\/portaltela.pt\/por\/367410592786\/"}]}},"_links":{"self":[{"href":"https:\/\/portaltela.pt\/api\/wp\/v2\/posts\/180881","targetHints":{"allow":["GET"]}}],"collection":[{"href":"https:\/\/portaltela.pt\/api\/wp\/v2\/posts"}],"about":[{"href":"https:\/\/portaltela.pt\/api\/wp\/v2\/types\/post"}],"author":[{"embeddable":true,"href":"https:\/\/portaltela.pt\/api\/wp\/v2\/users\/2"}],"replies":[{"embeddable":true,"href":"https:\/\/portaltela.pt\/api\/wp\/v2\/comments?post=180881"}],"version-history":[{"count":0,"href":"https:\/\/portaltela.pt\/api\/wp\/v2\/posts\/180881\/revisions"}],"wp:featuredmedia":[{"embeddable":true,"href":"https:\/\/portaltela.pt\/api\/wp\/v2\/media\/180902"}],"wp:attachment":[{"href":"https:\/\/portaltela.pt\/api\/wp\/v2\/media?parent=180881"}],"wp:term":[{"taxonomy":"category","embeddable":true,"href":"https:\/\/portaltela.pt\/api\/wp\/v2\/categories?post=180881"},{"taxonomy":"post_tag","embeddable":true,"href":"https:\/\/portaltela.pt\/api\/wp\/v2\/tags?post=180881"}],"curies":[{"name":"wp","href":"https:\/\/api.w.org\/{rel}","templated":true}]}}