{"id":180873,"date":"2026-01-29T08:32:00","date_gmt":"2026-01-29T11:32:00","guid":{"rendered":"https:\/\/portaltela.pt\/noticias\/2026\/01\/29\/retorno-voluntario-de-migrantes-ilegais-quadruplicou-em-2025\/"},"modified":"2026-01-29T08:32:00","modified_gmt":"2026-01-29T11:32:00","slug":"retorno-voluntario-de-migrantes-ilegais-quadruplicou-em-2025","status":"publish","type":"post","link":"https:\/\/portaltela.pt\/noticias\/2026\/01\/29\/retorno-voluntario-de-migrantes-ilegais-quadruplicou-em-2025\/","title":{"rendered":"Retorno volunt\u00e1rio de migrantes ilegais quadruplicou em 2025"},"content":{"rendered":"<p>A PSP informou que 758 imigrantes em situa\u00e7\u00e3o irregular regressaram voluntariamente aos seus pa\u00edses de origem em 2025, um crescimento de 283% face a 2024, quando foram registados 198 retornos volunt\u00e1rios. O relat\u00f3rio foi enviado \u00e0 comunica\u00e7\u00e3o social pela institui\u00e7\u00e3o.<\/p>\n<p>O processo de retorno volunt\u00e1rio \u00e9 promovido pela PSP, que privilegia a sa\u00edda assistida e humanit\u00e1ria em vez de medidas de afastamento for\u00e7ado. O objetivo \u00e9 facilitar o regresso seguro de quem n\u00e3o disp\u00f5e de meios para retornar por meios pr\u00f3prios.<\/p>\n<p>Segundo a PSP, o refor\u00e7o de especialistas de retorno, apoiados pelo acordo com a Frontex, permitiu prestar apoio a mais de 750 pessoas, com colabora\u00e7\u00e3o das autoridades portuguesas e europeias. A norma tem como foco quem reside em Portugal e quer regressar sem dificuldade.<\/p>\n<p>No conjunto de a\u00e7\u00f5es de 2025, a PSP realizou 276 processos de afastamento de imigrantes, mais 101 que em 2024 (aumento de 58%). Entre estes, 161 foram expuls\u00f5es judiciais, 69 afastamentos coercivos, 21 condu\u00e7\u00f5es \u00e0 fronteira e 21 casos considerados inadmiss\u00edveis.<\/p>\n<p>A pol\u00edcia destaca que o retorno volunt\u00e1rio continua aberto a todos os cidad\u00e3os e fam\u00edlias que, vivendo em Portugal, desejem regressar aos seus pa\u00edses de origem fora da Uni\u00e3o Europeia e n\u00e3o disp\u00f5em de meios para faz\u00ea-lo condignamente.<\/p>\n<p>Al\u00e9m do papel da PSP na fiscaliza\u00e7\u00e3o, a UNEF passou a tratar de opera\u00e7\u00f5es de afastamento, readmiss\u00e3o e retorno de pessoas em situa\u00e7\u00e3o irregular, seguidas das altera\u00e7\u00f5es de compet\u00eancias ap\u00f3s a extin\u00e7\u00e3o do SEF.<\/p>\n","protected":false},"excerpt":{"rendered":"<ul>\n<li>Em 2025, 758 imigrantes em situa\u00e7\u00e3o irregular regressaram voluntariamente ao pa\u00eds de origem, um aumento de 283% face a 2024 (198 retornos volunt\u00e1rios).<\/li>\n<li>A PSP afirma que, desde que passou a responsabilidade pela \u00e1rea de retorno, prioriza a sa\u00edda volunt\u00e1ria, que \u00e9 assistida e humanit\u00e1ria.<\/li>\n<li>No ano passado, foram realizados 276 processos de afastamento de imigrantes, com 161 expuls\u00f5es judiciais, 69 afastamentos coercivos, 21 condu\u00e7\u00f5es \u00e0 fronteira e 21 casos inadmiss\u00edveis.<\/li>\n<li>Mais de metade dos processos de expuls\u00e3o em 2024 e 2025 envolveram cidad\u00e3os brasileiros.<\/li>\n<li>Com a extin\u00e7\u00e3o do Servi\u00e7o de Estrangeiros e Fronteiras, a PSP passou a ter compet\u00eancias de fronteira e criou a Unidade Nacional de Estrangeiros e Fronteiras (UNEF), que desde 21 de agosto do ano passado coordena opera\u00e7\u00f5es de afastamento, readmiss\u00e3o e retorno.<\/li>\n<\/ul>\n","protected":false},"author":2,"featured_media":180892,"comment_status":"closed","ping_status":"closed","sticky":false,"template":"","format":"standard","meta":{"footnotes":""},"categories":[1],"tags":[4657,256,712,1921,3418,250],"class_list":["post-180873","post","type-post","status-publish","format-standard","has-post-thumbnail","hentry","category-noticias","tag-afastamentos","tag-cooperacao-internacional","tag-imigracao","tag-imigrantes","tag-policia-de-seguranca-publica","tag-seguranca-publica"],"yoast_head":"<!-- This site is optimized with the Yoast SEO plugin v27.2 - https:\/\/yoast.com\/product\/yoast-seo-wordpress\/ -->\n<title>Retorno volunt\u00e1rio de migrantes ilegais quadruplicou em 2025 - Portal Tela Portugal<\/title>\n<meta name=\"robots\" content=\"index, follow, max-snippet:-1, max-image-preview:large, max-video-preview:-1\" \/>\n<meta property=\"og:locale\" content=\"pt_PT\" \/>\n<meta property=\"og:type\" content=\"article\" \/>\n<meta property=\"og:title\" content=\"Retorno volunt\u00e1rio de migrantes ilegais quadruplicou em 2025 - Portal Tela Portugal\" \/>\n<meta property=\"og:description\" content=\"Em 2025, 758 imigrantes em situa\u00e7\u00e3o irregular regressaram voluntariamente ao pa\u00eds de origem, um aumento de 283% face a 2024 (198 retornos volunt\u00e1rios). A PSP afirma que, desde que passou a responsabilidade pela \u00e1rea de retorno, prioriza a sa\u00edda volunt\u00e1ria, que \u00e9 assistida e humanit\u00e1ria. No ano passado, foram realizados 276 processos de afastamento de imigrantes, com 161 expuls\u00f5es judiciais, 69 afastamentos coercivos, 21 condu\u00e7\u00f5es \u00e0 fronteira e 21 casos inadmiss\u00edveis. Mais de metade dos processos de expuls\u00e3o em 2024 e 2025 envolveram cidad\u00e3os brasileiros. Com a extin\u00e7\u00e3o do Servi\u00e7o de Estrangeiros e Fronteiras, a PSP passou a ter compet\u00eancias de fronteira e criou a Unidade Nacional de Estrangeiros e Fronteiras (UNEF), que desde 21 de agosto do ano passado coordena opera\u00e7\u00f5es de afastamento, readmiss\u00e3o e retorno.\" \/>\n<meta property=\"og:url\" content=\"https:\/\/portaltela.pt\/noticias\/2026\/01\/29\/retorno-voluntario-de-migrantes-ilegais-quadruplicou-em-2025\/\" \/>\n<meta property=\"og:site_name\" content=\"Portal Tela Portugal\" \/>\n<meta property=\"article:published_time\" content=\"2026-01-29T11:32:00+00:00\" \/>\n<meta name=\"author\" content=\"Telinha\" \/>\n<meta name=\"twitter:card\" content=\"summary_large_image\" \/>\n<meta name=\"twitter:label1\" content=\"Escrito por\" \/>\n\t<meta name=\"twitter:data1\" content=\"Telinha\" \/>\n\t<meta name=\"twitter:label2\" content=\"Tempo estimado de leitura\" \/>\n\t<meta name=\"twitter:data2\" content=\"1 minuto\" \/>\n<script type=\"application\/ld+json\" class=\"yoast-schema-graph\">{\"@context\":\"https:\/\/schema.org\",\"@graph\":[{\"@type\":\"Article\",\"@id\":\"https:\/\/portaltela.pt\/noticias\/2026\/01\/29\/retorno-voluntario-de-migrantes-ilegais-quadruplicou-em-2025\/#article\",\"isPartOf\":{\"@id\":\"https:\/\/portaltela.pt\/noticias\/2026\/01\/29\/retorno-voluntario-de-migrantes-ilegais-quadruplicou-em-2025\/\"},\"author\":{\"name\":\"Telinha\",\"@id\":\"https:\/\/portaltela.pt\/#\/schema\/person\/c4278d4a6028830caff9ee44b42d32ed\"},\"headline\":\"Retorno volunt\u00e1rio de migrantes ilegais quadruplicou em 2025\",\"datePublished\":\"2026-01-29T11:32:00+00:00\",\"mainEntityOfPage\":{\"@id\":\"https:\/\/portaltela.pt\/noticias\/2026\/01\/29\/retorno-voluntario-de-migrantes-ilegais-quadruplicou-em-2025\/\"},\"wordCount\":264,\"image\":{\"@id\":\"https:\/\/portaltela.pt\/noticias\/2026\/01\/29\/retorno-voluntario-de-migrantes-ilegais-quadruplicou-em-2025\/#primaryimage\"},\"thumbnailUrl\":\"https:\/\/portaltela.pt\/s.01k8rhncp4jt1\/2026\/01\/2062711.jpg\",\"keywords\":[\"afastamentos\",\"coopera\u00e7\u00e3o internacional\",\"imigra\u00e7\u00e3o\",\"imigrantes\",\"Pol\u00edcia de Seguran\u00e7a P\u00fablica\",\"seguran\u00e7a p\u00fablica\"],\"articleSection\":[\"Not\u00edcias\"],\"inLanguage\":\"pt-PT\"},{\"@type\":\"WebPage\",\"@id\":\"https:\/\/portaltela.pt\/noticias\/2026\/01\/29\/retorno-voluntario-de-migrantes-ilegais-quadruplicou-em-2025\/\",\"url\":\"https:\/\/portaltela.pt\/noticias\/2026\/01\/29\/retorno-voluntario-de-migrantes-ilegais-quadruplicou-em-2025\/\",\"name\":\"Retorno volunt\u00e1rio de migrantes ilegais quadruplicou em 2025 - Portal Tela Portugal\",\"isPartOf\":{\"@id\":\"https:\/\/portaltela.pt\/#website\"},\"primaryImageOfPage\":{\"@id\":\"https:\/\/portaltela.pt\/noticias\/2026\/01\/29\/retorno-voluntario-de-migrantes-ilegais-quadruplicou-em-2025\/#primaryimage\"},\"image\":{\"@id\":\"https:\/\/portaltela.pt\/noticias\/2026\/01\/29\/retorno-voluntario-de-migrantes-ilegais-quadruplicou-em-2025\/#primaryimage\"},\"thumbnailUrl\":\"https:\/\/portaltela.pt\/s.01k8rhncp4jt1\/2026\/01\/2062711.jpg\",\"datePublished\":\"2026-01-29T11:32:00+00:00\",\"author\":{\"@id\":\"https:\/\/portaltela.pt\/#\/schema\/person\/c4278d4a6028830caff9ee44b42d32ed\"},\"breadcrumb\":{\"@id\":\"https:\/\/portaltela.pt\/noticias\/2026\/01\/29\/retorno-voluntario-de-migrantes-ilegais-quadruplicou-em-2025\/#breadcrumb\"},\"inLanguage\":\"pt-PT\",\"potentialAction\":[{\"@type\":\"ReadAction\",\"target\":[\"https:\/\/portaltela.pt\/noticias\/2026\/01\/29\/retorno-voluntario-de-migrantes-ilegais-quadruplicou-em-2025\/\"]}]},{\"@type\":\"ImageObject\",\"inLanguage\":\"pt-PT\",\"@id\":\"https:\/\/portaltela.pt\/noticias\/2026\/01\/29\/retorno-voluntario-de-migrantes-ilegais-quadruplicou-em-2025\/#primaryimage\",\"url\":\"https:\/\/portaltela.pt\/s.01k8rhncp4jt1\/2026\/01\/2062711.jpg\",\"contentUrl\":\"https:\/\/portaltela.pt\/s.01k8rhncp4jt1\/2026\/01\/2062711.jpg\",\"width\":796,\"height\":448,\"caption\":\"Controlo das fronteiras a\u00e9reas passou para a esfera da PSP\"},{\"@type\":\"BreadcrumbList\",\"@id\":\"https:\/\/portaltela.pt\/noticias\/2026\/01\/29\/retorno-voluntario-de-migrantes-ilegais-quadruplicou-em-2025\/#breadcrumb\",\"itemListElement\":[{\"@type\":\"ListItem\",\"position\":1,\"name\":\"In\u00edcio\",\"item\":\"https:\/\/portaltela.pt\/\"},{\"@type\":\"ListItem\",\"position\":2,\"name\":\"Retorno volunt\u00e1rio de migrantes ilegais quadruplicou em 2025\"}]},{\"@type\":\"WebSite\",\"@id\":\"https:\/\/portaltela.pt\/#website\",\"url\":\"https:\/\/portaltela.pt\/\",\"name\":\"Portal Tela Portugal\",\"description\":\"\",\"potentialAction\":[{\"@type\":\"SearchAction\",\"target\":{\"@type\":\"EntryPoint\",\"urlTemplate\":\"https:\/\/portaltela.pt\/?s={search_term_string}\"},\"query-input\":{\"@type\":\"PropertyValueSpecification\",\"valueRequired\":true,\"valueName\":\"search_term_string\"}}],\"inLanguage\":\"pt-PT\"},{\"@type\":\"Person\",\"@id\":\"https:\/\/portaltela.pt\/#\/schema\/person\/c4278d4a6028830caff9ee44b42d32ed\",\"name\":\"Telinha\",\"image\":{\"@type\":\"ImageObject\",\"inLanguage\":\"pt-PT\",\"@id\":\"https:\/\/portaltela.pt\/s.01k8rhncp4jt1\/2025\/11\/talking-bot-125x125.png\",\"url\":\"https:\/\/portaltela.pt\/s.01k8rhncp4jt1\/2025\/11\/talking-bot-125x125.png\",\"contentUrl\":\"https:\/\/portaltela.pt\/s.01k8rhncp4jt1\/2025\/11\/talking-bot-125x125.png\",\"caption\":\"Telinha\"},\"sameAs\":[\"https:\/\/portaltela.pt\/\"],\"url\":\"https:\/\/portaltela.pt\/por\/367410592786\/\"}]}<\/script>\n<!-- \/ Yoast SEO plugin. -->","yoast_head_json":{"title":"Retorno volunt\u00e1rio de migrantes ilegais quadruplicou em 2025 - Portal Tela Portugal","robots":{"index":"index","follow":"follow","max-snippet":"max-snippet:-1","max-image-preview":"max-image-preview:large","max-video-preview":"max-video-preview:-1"},"og_locale":"pt_PT","og_type":"article","og_title":"Retorno volunt\u00e1rio de migrantes ilegais quadruplicou em 2025 - Portal Tela Portugal","og_description":"Em 2025, 758 imigrantes em situa\u00e7\u00e3o irregular regressaram voluntariamente ao pa\u00eds de origem, um aumento de 283% face a 2024 (198 retornos volunt\u00e1rios). A PSP afirma que, desde que passou a responsabilidade pela \u00e1rea de retorno, prioriza a sa\u00edda volunt\u00e1ria, que \u00e9 assistida e humanit\u00e1ria. No ano passado, foram realizados 276 processos de afastamento de imigrantes, com 161 expuls\u00f5es judiciais, 69 afastamentos coercivos, 21 condu\u00e7\u00f5es \u00e0 fronteira e 21 casos inadmiss\u00edveis. Mais de metade dos processos de expuls\u00e3o em 2024 e 2025 envolveram cidad\u00e3os brasileiros. Com a extin\u00e7\u00e3o do Servi\u00e7o de Estrangeiros e Fronteiras, a PSP passou a ter compet\u00eancias de fronteira e criou a Unidade Nacional de Estrangeiros e Fronteiras (UNEF), que desde 21 de agosto do ano passado coordena opera\u00e7\u00f5es de afastamento, readmiss\u00e3o e retorno.","og_url":"https:\/\/portaltela.pt\/noticias\/2026\/01\/29\/retorno-voluntario-de-migrantes-ilegais-quadruplicou-em-2025\/","og_site_name":"Portal Tela Portugal","article_published_time":"2026-01-29T11:32:00+00:00","author":"Telinha","twitter_card":"summary_large_image","twitter_misc":{"Escrito por":"Telinha","Tempo estimado de leitura":"1 minuto"},"schema":{"@context":"https:\/\/schema.org","@graph":[{"@type":"Article","@id":"https:\/\/portaltela.pt\/noticias\/2026\/01\/29\/retorno-voluntario-de-migrantes-ilegais-quadruplicou-em-2025\/#article","isPartOf":{"@id":"https:\/\/portaltela.pt\/noticias\/2026\/01\/29\/retorno-voluntario-de-migrantes-ilegais-quadruplicou-em-2025\/"},"author":{"name":"Telinha","@id":"https:\/\/portaltela.pt\/#\/schema\/person\/c4278d4a6028830caff9ee44b42d32ed"},"headline":"Retorno volunt\u00e1rio de migrantes ilegais quadruplicou em 2025","datePublished":"2026-01-29T11:32:00+00:00","mainEntityOfPage":{"@id":"https:\/\/portaltela.pt\/noticias\/2026\/01\/29\/retorno-voluntario-de-migrantes-ilegais-quadruplicou-em-2025\/"},"wordCount":264,"image":{"@id":"https:\/\/portaltela.pt\/noticias\/2026\/01\/29\/retorno-voluntario-de-migrantes-ilegais-quadruplicou-em-2025\/#primaryimage"},"thumbnailUrl":"https:\/\/portaltela.pt\/s.01k8rhncp4jt1\/2026\/01\/2062711.jpg","keywords":["afastamentos","coopera\u00e7\u00e3o internacional","imigra\u00e7\u00e3o","imigrantes","Pol\u00edcia de Seguran\u00e7a P\u00fablica","seguran\u00e7a p\u00fablica"],"articleSection":["Not\u00edcias"],"inLanguage":"pt-PT"},{"@type":"WebPage","@id":"https:\/\/portaltela.pt\/noticias\/2026\/01\/29\/retorno-voluntario-de-migrantes-ilegais-quadruplicou-em-2025\/","url":"https:\/\/portaltela.pt\/noticias\/2026\/01\/29\/retorno-voluntario-de-migrantes-ilegais-quadruplicou-em-2025\/","name":"Retorno volunt\u00e1rio de migrantes ilegais quadruplicou em 2025 - Portal Tela Portugal","isPartOf":{"@id":"https:\/\/portaltela.pt\/#website"},"primaryImageOfPage":{"@id":"https:\/\/portaltela.pt\/noticias\/2026\/01\/29\/retorno-voluntario-de-migrantes-ilegais-quadruplicou-em-2025\/#primaryimage"},"image":{"@id":"https:\/\/portaltela.pt\/noticias\/2026\/01\/29\/retorno-voluntario-de-migrantes-ilegais-quadruplicou-em-2025\/#primaryimage"},"thumbnailUrl":"https:\/\/portaltela.pt\/s.01k8rhncp4jt1\/2026\/01\/2062711.jpg","datePublished":"2026-01-29T11:32:00+00:00","author":{"@id":"https:\/\/portaltela.pt\/#\/schema\/person\/c4278d4a6028830caff9ee44b42d32ed"},"breadcrumb":{"@id":"https:\/\/portaltela.pt\/noticias\/2026\/01\/29\/retorno-voluntario-de-migrantes-ilegais-quadruplicou-em-2025\/#breadcrumb"},"inLanguage":"pt-PT","potentialAction":[{"@type":"ReadAction","target":["https:\/\/portaltela.pt\/noticias\/2026\/01\/29\/retorno-voluntario-de-migrantes-ilegais-quadruplicou-em-2025\/"]}]},{"@type":"ImageObject","inLanguage":"pt-PT","@id":"https:\/\/portaltela.pt\/noticias\/2026\/01\/29\/retorno-voluntario-de-migrantes-ilegais-quadruplicou-em-2025\/#primaryimage","url":"https:\/\/portaltela.pt\/s.01k8rhncp4jt1\/2026\/01\/2062711.jpg","contentUrl":"https:\/\/portaltela.pt\/s.01k8rhncp4jt1\/2026\/01\/2062711.jpg","width":796,"height":448,"caption":"Controlo das fronteiras a\u00e9reas passou para a esfera da PSP"},{"@type":"BreadcrumbList","@id":"https:\/\/portaltela.pt\/noticias\/2026\/01\/29\/retorno-voluntario-de-migrantes-ilegais-quadruplicou-em-2025\/#breadcrumb","itemListElement":[{"@type":"ListItem","position":1,"name":"In\u00edcio","item":"https:\/\/portaltela.pt\/"},{"@type":"ListItem","position":2,"name":"Retorno volunt\u00e1rio de migrantes ilegais quadruplicou em 2025"}]},{"@type":"WebSite","@id":"https:\/\/portaltela.pt\/#website","url":"https:\/\/portaltela.pt\/","name":"Portal Tela Portugal","description":"","potentialAction":[{"@type":"SearchAction","target":{"@type":"EntryPoint","urlTemplate":"https:\/\/portaltela.pt\/?s={search_term_string}"},"query-input":{"@type":"PropertyValueSpecification","valueRequired":true,"valueName":"search_term_string"}}],"inLanguage":"pt-PT"},{"@type":"Person","@id":"https:\/\/portaltela.pt\/#\/schema\/person\/c4278d4a6028830caff9ee44b42d32ed","name":"Telinha","image":{"@type":"ImageObject","inLanguage":"pt-PT","@id":"https:\/\/portaltela.pt\/s.01k8rhncp4jt1\/2025\/11\/talking-bot-125x125.png","url":"https:\/\/portaltela.pt\/s.01k8rhncp4jt1\/2025\/11\/talking-bot-125x125.png","contentUrl":"https:\/\/portaltela.pt\/s.01k8rhncp4jt1\/2025\/11\/talking-bot-125x125.png","caption":"Telinha"},"sameAs":["https:\/\/portaltela.pt\/"],"url":"https:\/\/portaltela.pt\/por\/367410592786\/"}]}},"_links":{"self":[{"href":"https:\/\/portaltela.pt\/api\/wp\/v2\/posts\/180873","targetHints":{"allow":["GET"]}}],"collection":[{"href":"https:\/\/portaltela.pt\/api\/wp\/v2\/posts"}],"about":[{"href":"https:\/\/portaltela.pt\/api\/wp\/v2\/types\/post"}],"author":[{"embeddable":true,"href":"https:\/\/portaltela.pt\/api\/wp\/v2\/users\/2"}],"replies":[{"embeddable":true,"href":"https:\/\/portaltela.pt\/api\/wp\/v2\/comments?post=180873"}],"version-history":[{"count":0,"href":"https:\/\/portaltela.pt\/api\/wp\/v2\/posts\/180873\/revisions"}],"wp:featuredmedia":[{"embeddable":true,"href":"https:\/\/portaltela.pt\/api\/wp\/v2\/media\/180892"}],"wp:attachment":[{"href":"https:\/\/portaltela.pt\/api\/wp\/v2\/media?parent=180873"}],"wp:term":[{"taxonomy":"category","embeddable":true,"href":"https:\/\/portaltela.pt\/api\/wp\/v2\/categories?post=180873"},{"taxonomy":"post_tag","embeddable":true,"href":"https:\/\/portaltela.pt\/api\/wp\/v2\/tags?post=180873"}],"curies":[{"name":"wp","href":"https:\/\/api.w.org\/{rel}","templated":true}]}}