{"id":180869,"date":"2026-01-29T08:33:00","date_gmt":"2026-01-29T11:33:00","guid":{"rendered":"https:\/\/portaltela.pt\/noticias\/2026\/01\/29\/guine-bissau-vista-por-filipa-cesar-e-colegas-segundo-amilcar-cabral\/"},"modified":"2026-01-29T08:33:00","modified_gmt":"2026-01-29T11:33:00","slug":"guine-bissau-vista-por-filipa-cesar-e-colegas-segundo-amilcar-cabral","status":"publish","type":"post","link":"https:\/\/portaltela.pt\/noticias\/2026\/01\/29\/guine-bissau-vista-por-filipa-cesar-e-colegas-segundo-amilcar-cabral\/","title":{"rendered":"Guin\u00e9-Bissau vista por Filipa C\u00e9sar e colegas, segundo Am\u00edlcar Cabral"},"content":{"rendered":"<p>A exposi\u00e7\u00e3o Meteoriza\u00e7\u00f5es marca a primeira apresenta\u00e7\u00e3o antol\u00f3gica de Filipa C\u00e9sar e parceira(s) em Portugal, reunindo mais de 15 anos de investiga\u00e7\u00e3o entre cinema e artes visuais. A mostra est\u00e1 em Serralves e pode ser visitada at\u00e9 31 de Maio. O foco est\u00e1 na Guin\u00e9-Bissau vista pelos seus olhos.<\/p>\n<p>O conjunto de obras resulta da colabora\u00e7\u00e3o entre Filipa C\u00e9sar, outros artistas e investigadores, que exploram o cruzamento entre cinema, mem\u00f3ria hist\u00f3rica e processos de cria\u00e7\u00e3o. A curadoria re\u00fane filmes, instala\u00e7\u00f5es e documentos de arquivo.<\/p>\n<p>A apresenta\u00e7\u00e3o incide sobre a rela\u00e7\u00e3o entre imagem, luta de liberta\u00e7\u00e3o nacional e per\u00edodos seguintes, com \u00eanfase no contexto guineense. A mostra questiona como as representa\u00e7\u00f5es moldam a compreens\u00e3o de identidade e resist\u00eancia.<\/p>\n<h3>Contexto hist\u00f3rico<\/h3>\n<p>Em 1967, Am\u00edlcar Cabral enviou 25 estudantes para Cuba, para estudar cinema. O objetivo era documentar a luta pela independ\u00eancia contra o colonialismo portugu\u00eas e o per\u00edodo p\u00f3s-independ\u00eancia. Quatro desses estudantes destacaram-se por terem seguido cinema.<\/p>\n<p>Entre os nomes destacados est\u00e3o Sana Na N\u2019Hada, Josefina Crato, Flora Gomes e Jos\u00e9 Cobumba Bolama. A vertente educativa de Cabral visava ampliar a capacidade de preservar mem\u00f3rias e de partilhar narrativas sobre a luta.<\/p>\n","protected":false},"excerpt":{"rendered":"<ul>\n<li>Meteoriza\u00e7\u00f5es \u00e9 a primeira exposi\u00e7\u00e3o antol\u00f3gica da artista Filipa C\u00e9sar em Portugal, reunindo mais de quinze anos de investiga\u00e7\u00e3o, produ\u00e7\u00e3o e colabora\u00e7\u00f5es entre o cinema e as artes visuais.<\/li>\n<li>A mostra est\u00e1 presente no Centro de Arte Contempor\u00e2nea de Serralves at\u00e9 ao dia 31 de maio.<\/li>\n<li>A exposi\u00e7\u00e3o destaca a rela\u00e7\u00e3o entre o cinema, a mem\u00f3ria e a resist\u00eancia, explorando a perspetiva da Guin\u00e9-Bissau.<\/li>\n<li>Em 1967, Am\u00edlcar Cabral enviou vinte e cinco estudantes para Cuba; quatro deles estudaram cinema para documentar a luta pela independ\u00eancia contra a ocupa\u00e7\u00e3o portuguesa e o per\u00edodo p\u00f3s-independ\u00eancia.<\/li>\n<li>Os estudantes que seguiram cinema s\u00e3o Sana Na N\u2019Hada, Josefina Crato, Flora Gomes e Jos\u00e9 Cobumba Bolama.<\/li>\n<\/ul>\n","protected":false},"author":2,"featured_media":180876,"comment_status":"closed","ping_status":"closed","sticky":false,"template":"","format":"standard","meta":{"footnotes":""},"categories":[1],"tags":[4656,1868,4328,112,3514,299],"class_list":["post-180869","post","type-post","status-publish","format-standard","has-post-thumbnail","hentry","category-noticias","tag-amilcar-cabral","tag-arquivos","tag-artes-visuais","tag-cinema","tag-guine-conacri","tag-historia"],"yoast_head":"<!-- This site is optimized with the Yoast SEO plugin v27.2 - https:\/\/yoast.com\/product\/yoast-seo-wordpress\/ -->\n<title>Guin\u00e9-Bissau vista por Filipa C\u00e9sar e colegas, segundo Am\u00edlcar Cabral - Portal Tela Portugal<\/title>\n<meta name=\"robots\" content=\"index, follow, max-snippet:-1, max-image-preview:large, max-video-preview:-1\" \/>\n<meta property=\"og:locale\" content=\"pt_PT\" \/>\n<meta property=\"og:type\" content=\"article\" \/>\n<meta property=\"og:title\" content=\"Guin\u00e9-Bissau vista por Filipa C\u00e9sar e colegas, segundo Am\u00edlcar Cabral - Portal Tela Portugal\" \/>\n<meta property=\"og:description\" content=\"Meteoriza\u00e7\u00f5es \u00e9 a primeira exposi\u00e7\u00e3o antol\u00f3gica da artista Filipa C\u00e9sar em Portugal, reunindo mais de quinze anos de investiga\u00e7\u00e3o, produ\u00e7\u00e3o e colabora\u00e7\u00f5es entre o cinema e as artes visuais. A mostra est\u00e1 presente no Centro de Arte Contempor\u00e2nea de Serralves at\u00e9 ao dia 31 de maio. A exposi\u00e7\u00e3o destaca a rela\u00e7\u00e3o entre o cinema, a mem\u00f3ria e a resist\u00eancia, explorando a perspetiva da Guin\u00e9-Bissau. Em 1967, Am\u00edlcar Cabral enviou vinte e cinco estudantes para Cuba; quatro deles estudaram cinema para documentar a luta pela independ\u00eancia contra a ocupa\u00e7\u00e3o portuguesa e o per\u00edodo p\u00f3s-independ\u00eancia. Os estudantes que seguiram cinema s\u00e3o Sana Na N\u2019Hada, Josefina Crato, Flora Gomes e Jos\u00e9 Cobumba Bolama.\" \/>\n<meta property=\"og:url\" content=\"https:\/\/portaltela.pt\/noticias\/2026\/01\/29\/guine-bissau-vista-por-filipa-cesar-e-colegas-segundo-amilcar-cabral\/\" \/>\n<meta property=\"og:site_name\" content=\"Portal Tela Portugal\" \/>\n<meta property=\"article:published_time\" content=\"2026-01-29T11:33:00+00:00\" \/>\n<meta name=\"author\" content=\"Telinha\" \/>\n<meta name=\"twitter:card\" content=\"summary_large_image\" \/>\n<meta name=\"twitter:label1\" content=\"Escrito por\" \/>\n\t<meta name=\"twitter:data1\" content=\"Telinha\" \/>\n\t<meta name=\"twitter:label2\" content=\"Tempo estimado de leitura\" \/>\n\t<meta name=\"twitter:data2\" content=\"1 minuto\" \/>\n<script type=\"application\/ld+json\" class=\"yoast-schema-graph\">{\"@context\":\"https:\/\/schema.org\",\"@graph\":[{\"@type\":\"Article\",\"@id\":\"https:\/\/portaltela.pt\/noticias\/2026\/01\/29\/guine-bissau-vista-por-filipa-cesar-e-colegas-segundo-amilcar-cabral\/#article\",\"isPartOf\":{\"@id\":\"https:\/\/portaltela.pt\/noticias\/2026\/01\/29\/guine-bissau-vista-por-filipa-cesar-e-colegas-segundo-amilcar-cabral\/\"},\"author\":{\"name\":\"Telinha\",\"@id\":\"https:\/\/portaltela.pt\/#\/schema\/person\/c4278d4a6028830caff9ee44b42d32ed\"},\"headline\":\"Guin\u00e9-Bissau vista por Filipa C\u00e9sar e colegas, segundo Am\u00edlcar Cabral\",\"datePublished\":\"2026-01-29T11:33:00+00:00\",\"mainEntityOfPage\":{\"@id\":\"https:\/\/portaltela.pt\/noticias\/2026\/01\/29\/guine-bissau-vista-por-filipa-cesar-e-colegas-segundo-amilcar-cabral\/\"},\"wordCount\":231,\"image\":{\"@id\":\"https:\/\/portaltela.pt\/noticias\/2026\/01\/29\/guine-bissau-vista-por-filipa-cesar-e-colegas-segundo-amilcar-cabral\/#primaryimage\"},\"thumbnailUrl\":\"https:\/\/portaltela.pt\/s.01k8rhncp4jt1\/2026\/01\/2062434.jpg\",\"keywords\":[\"Am\u00edlcar Cabral\",\"arquivos\",\"Artes Visuais\",\"cinema\",\"Guin\u00e9 Conacri\",\"hist\u00f3ria\"],\"articleSection\":[\"Not\u00edcias\"],\"inLanguage\":\"pt-PT\"},{\"@type\":\"WebPage\",\"@id\":\"https:\/\/portaltela.pt\/noticias\/2026\/01\/29\/guine-bissau-vista-por-filipa-cesar-e-colegas-segundo-amilcar-cabral\/\",\"url\":\"https:\/\/portaltela.pt\/noticias\/2026\/01\/29\/guine-bissau-vista-por-filipa-cesar-e-colegas-segundo-amilcar-cabral\/\",\"name\":\"Guin\u00e9-Bissau vista por Filipa C\u00e9sar e colegas, segundo Am\u00edlcar Cabral - Portal Tela Portugal\",\"isPartOf\":{\"@id\":\"https:\/\/portaltela.pt\/#website\"},\"primaryImageOfPage\":{\"@id\":\"https:\/\/portaltela.pt\/noticias\/2026\/01\/29\/guine-bissau-vista-por-filipa-cesar-e-colegas-segundo-amilcar-cabral\/#primaryimage\"},\"image\":{\"@id\":\"https:\/\/portaltela.pt\/noticias\/2026\/01\/29\/guine-bissau-vista-por-filipa-cesar-e-colegas-segundo-amilcar-cabral\/#primaryimage\"},\"thumbnailUrl\":\"https:\/\/portaltela.pt\/s.01k8rhncp4jt1\/2026\/01\/2062434.jpg\",\"datePublished\":\"2026-01-29T11:33:00+00:00\",\"author\":{\"@id\":\"https:\/\/portaltela.pt\/#\/schema\/person\/c4278d4a6028830caff9ee44b42d32ed\"},\"breadcrumb\":{\"@id\":\"https:\/\/portaltela.pt\/noticias\/2026\/01\/29\/guine-bissau-vista-por-filipa-cesar-e-colegas-segundo-amilcar-cabral\/#breadcrumb\"},\"inLanguage\":\"pt-PT\",\"potentialAction\":[{\"@type\":\"ReadAction\",\"target\":[\"https:\/\/portaltela.pt\/noticias\/2026\/01\/29\/guine-bissau-vista-por-filipa-cesar-e-colegas-segundo-amilcar-cabral\/\"]}]},{\"@type\":\"ImageObject\",\"inLanguage\":\"pt-PT\",\"@id\":\"https:\/\/portaltela.pt\/noticias\/2026\/01\/29\/guine-bissau-vista-por-filipa-cesar-e-colegas-segundo-amilcar-cabral\/#primaryimage\",\"url\":\"https:\/\/portaltela.pt\/s.01k8rhncp4jt1\/2026\/01\/2062434.jpg\",\"contentUrl\":\"https:\/\/portaltela.pt\/s.01k8rhncp4jt1\/2026\/01\/2062434.jpg\",\"width\":796,\"height\":448,\"caption\":\"Um instante de *Quantum Creole* (2020), com Filipa C\u00e9sar\"},{\"@type\":\"BreadcrumbList\",\"@id\":\"https:\/\/portaltela.pt\/noticias\/2026\/01\/29\/guine-bissau-vista-por-filipa-cesar-e-colegas-segundo-amilcar-cabral\/#breadcrumb\",\"itemListElement\":[{\"@type\":\"ListItem\",\"position\":1,\"name\":\"In\u00edcio\",\"item\":\"https:\/\/portaltela.pt\/\"},{\"@type\":\"ListItem\",\"position\":2,\"name\":\"Guin\u00e9-Bissau vista por Filipa C\u00e9sar e colegas, segundo Am\u00edlcar Cabral\"}]},{\"@type\":\"WebSite\",\"@id\":\"https:\/\/portaltela.pt\/#website\",\"url\":\"https:\/\/portaltela.pt\/\",\"name\":\"Portal Tela Portugal\",\"description\":\"\",\"potentialAction\":[{\"@type\":\"SearchAction\",\"target\":{\"@type\":\"EntryPoint\",\"urlTemplate\":\"https:\/\/portaltela.pt\/?s={search_term_string}\"},\"query-input\":{\"@type\":\"PropertyValueSpecification\",\"valueRequired\":true,\"valueName\":\"search_term_string\"}}],\"inLanguage\":\"pt-PT\"},{\"@type\":\"Person\",\"@id\":\"https:\/\/portaltela.pt\/#\/schema\/person\/c4278d4a6028830caff9ee44b42d32ed\",\"name\":\"Telinha\",\"image\":{\"@type\":\"ImageObject\",\"inLanguage\":\"pt-PT\",\"@id\":\"https:\/\/portaltela.pt\/s.01k8rhncp4jt1\/2025\/11\/talking-bot-125x125.png\",\"url\":\"https:\/\/portaltela.pt\/s.01k8rhncp4jt1\/2025\/11\/talking-bot-125x125.png\",\"contentUrl\":\"https:\/\/portaltela.pt\/s.01k8rhncp4jt1\/2025\/11\/talking-bot-125x125.png\",\"caption\":\"Telinha\"},\"sameAs\":[\"https:\/\/portaltela.pt\/\"],\"url\":\"https:\/\/portaltela.pt\/por\/367410592786\/\"}]}<\/script>\n<!-- \/ Yoast SEO plugin. -->","yoast_head_json":{"title":"Guin\u00e9-Bissau vista por Filipa C\u00e9sar e colegas, segundo Am\u00edlcar Cabral - Portal Tela Portugal","robots":{"index":"index","follow":"follow","max-snippet":"max-snippet:-1","max-image-preview":"max-image-preview:large","max-video-preview":"max-video-preview:-1"},"og_locale":"pt_PT","og_type":"article","og_title":"Guin\u00e9-Bissau vista por Filipa C\u00e9sar e colegas, segundo Am\u00edlcar Cabral - Portal Tela Portugal","og_description":"Meteoriza\u00e7\u00f5es \u00e9 a primeira exposi\u00e7\u00e3o antol\u00f3gica da artista Filipa C\u00e9sar em Portugal, reunindo mais de quinze anos de investiga\u00e7\u00e3o, produ\u00e7\u00e3o e colabora\u00e7\u00f5es entre o cinema e as artes visuais. A mostra est\u00e1 presente no Centro de Arte Contempor\u00e2nea de Serralves at\u00e9 ao dia 31 de maio. A exposi\u00e7\u00e3o destaca a rela\u00e7\u00e3o entre o cinema, a mem\u00f3ria e a resist\u00eancia, explorando a perspetiva da Guin\u00e9-Bissau. Em 1967, Am\u00edlcar Cabral enviou vinte e cinco estudantes para Cuba; quatro deles estudaram cinema para documentar a luta pela independ\u00eancia contra a ocupa\u00e7\u00e3o portuguesa e o per\u00edodo p\u00f3s-independ\u00eancia. Os estudantes que seguiram cinema s\u00e3o Sana Na N\u2019Hada, Josefina Crato, Flora Gomes e Jos\u00e9 Cobumba Bolama.","og_url":"https:\/\/portaltela.pt\/noticias\/2026\/01\/29\/guine-bissau-vista-por-filipa-cesar-e-colegas-segundo-amilcar-cabral\/","og_site_name":"Portal Tela Portugal","article_published_time":"2026-01-29T11:33:00+00:00","author":"Telinha","twitter_card":"summary_large_image","twitter_misc":{"Escrito por":"Telinha","Tempo estimado de leitura":"1 minuto"},"schema":{"@context":"https:\/\/schema.org","@graph":[{"@type":"Article","@id":"https:\/\/portaltela.pt\/noticias\/2026\/01\/29\/guine-bissau-vista-por-filipa-cesar-e-colegas-segundo-amilcar-cabral\/#article","isPartOf":{"@id":"https:\/\/portaltela.pt\/noticias\/2026\/01\/29\/guine-bissau-vista-por-filipa-cesar-e-colegas-segundo-amilcar-cabral\/"},"author":{"name":"Telinha","@id":"https:\/\/portaltela.pt\/#\/schema\/person\/c4278d4a6028830caff9ee44b42d32ed"},"headline":"Guin\u00e9-Bissau vista por Filipa C\u00e9sar e colegas, segundo Am\u00edlcar Cabral","datePublished":"2026-01-29T11:33:00+00:00","mainEntityOfPage":{"@id":"https:\/\/portaltela.pt\/noticias\/2026\/01\/29\/guine-bissau-vista-por-filipa-cesar-e-colegas-segundo-amilcar-cabral\/"},"wordCount":231,"image":{"@id":"https:\/\/portaltela.pt\/noticias\/2026\/01\/29\/guine-bissau-vista-por-filipa-cesar-e-colegas-segundo-amilcar-cabral\/#primaryimage"},"thumbnailUrl":"https:\/\/portaltela.pt\/s.01k8rhncp4jt1\/2026\/01\/2062434.jpg","keywords":["Am\u00edlcar Cabral","arquivos","Artes Visuais","cinema","Guin\u00e9 Conacri","hist\u00f3ria"],"articleSection":["Not\u00edcias"],"inLanguage":"pt-PT"},{"@type":"WebPage","@id":"https:\/\/portaltela.pt\/noticias\/2026\/01\/29\/guine-bissau-vista-por-filipa-cesar-e-colegas-segundo-amilcar-cabral\/","url":"https:\/\/portaltela.pt\/noticias\/2026\/01\/29\/guine-bissau-vista-por-filipa-cesar-e-colegas-segundo-amilcar-cabral\/","name":"Guin\u00e9-Bissau vista por Filipa C\u00e9sar e colegas, segundo Am\u00edlcar Cabral - Portal Tela Portugal","isPartOf":{"@id":"https:\/\/portaltela.pt\/#website"},"primaryImageOfPage":{"@id":"https:\/\/portaltela.pt\/noticias\/2026\/01\/29\/guine-bissau-vista-por-filipa-cesar-e-colegas-segundo-amilcar-cabral\/#primaryimage"},"image":{"@id":"https:\/\/portaltela.pt\/noticias\/2026\/01\/29\/guine-bissau-vista-por-filipa-cesar-e-colegas-segundo-amilcar-cabral\/#primaryimage"},"thumbnailUrl":"https:\/\/portaltela.pt\/s.01k8rhncp4jt1\/2026\/01\/2062434.jpg","datePublished":"2026-01-29T11:33:00+00:00","author":{"@id":"https:\/\/portaltela.pt\/#\/schema\/person\/c4278d4a6028830caff9ee44b42d32ed"},"breadcrumb":{"@id":"https:\/\/portaltela.pt\/noticias\/2026\/01\/29\/guine-bissau-vista-por-filipa-cesar-e-colegas-segundo-amilcar-cabral\/#breadcrumb"},"inLanguage":"pt-PT","potentialAction":[{"@type":"ReadAction","target":["https:\/\/portaltela.pt\/noticias\/2026\/01\/29\/guine-bissau-vista-por-filipa-cesar-e-colegas-segundo-amilcar-cabral\/"]}]},{"@type":"ImageObject","inLanguage":"pt-PT","@id":"https:\/\/portaltela.pt\/noticias\/2026\/01\/29\/guine-bissau-vista-por-filipa-cesar-e-colegas-segundo-amilcar-cabral\/#primaryimage","url":"https:\/\/portaltela.pt\/s.01k8rhncp4jt1\/2026\/01\/2062434.jpg","contentUrl":"https:\/\/portaltela.pt\/s.01k8rhncp4jt1\/2026\/01\/2062434.jpg","width":796,"height":448,"caption":"Um instante de *Quantum Creole* (2020), com Filipa C\u00e9sar"},{"@type":"BreadcrumbList","@id":"https:\/\/portaltela.pt\/noticias\/2026\/01\/29\/guine-bissau-vista-por-filipa-cesar-e-colegas-segundo-amilcar-cabral\/#breadcrumb","itemListElement":[{"@type":"ListItem","position":1,"name":"In\u00edcio","item":"https:\/\/portaltela.pt\/"},{"@type":"ListItem","position":2,"name":"Guin\u00e9-Bissau vista por Filipa C\u00e9sar e colegas, segundo Am\u00edlcar Cabral"}]},{"@type":"WebSite","@id":"https:\/\/portaltela.pt\/#website","url":"https:\/\/portaltela.pt\/","name":"Portal Tela Portugal","description":"","potentialAction":[{"@type":"SearchAction","target":{"@type":"EntryPoint","urlTemplate":"https:\/\/portaltela.pt\/?s={search_term_string}"},"query-input":{"@type":"PropertyValueSpecification","valueRequired":true,"valueName":"search_term_string"}}],"inLanguage":"pt-PT"},{"@type":"Person","@id":"https:\/\/portaltela.pt\/#\/schema\/person\/c4278d4a6028830caff9ee44b42d32ed","name":"Telinha","image":{"@type":"ImageObject","inLanguage":"pt-PT","@id":"https:\/\/portaltela.pt\/s.01k8rhncp4jt1\/2025\/11\/talking-bot-125x125.png","url":"https:\/\/portaltela.pt\/s.01k8rhncp4jt1\/2025\/11\/talking-bot-125x125.png","contentUrl":"https:\/\/portaltela.pt\/s.01k8rhncp4jt1\/2025\/11\/talking-bot-125x125.png","caption":"Telinha"},"sameAs":["https:\/\/portaltela.pt\/"],"url":"https:\/\/portaltela.pt\/por\/367410592786\/"}]}},"_links":{"self":[{"href":"https:\/\/portaltela.pt\/api\/wp\/v2\/posts\/180869","targetHints":{"allow":["GET"]}}],"collection":[{"href":"https:\/\/portaltela.pt\/api\/wp\/v2\/posts"}],"about":[{"href":"https:\/\/portaltela.pt\/api\/wp\/v2\/types\/post"}],"author":[{"embeddable":true,"href":"https:\/\/portaltela.pt\/api\/wp\/v2\/users\/2"}],"replies":[{"embeddable":true,"href":"https:\/\/portaltela.pt\/api\/wp\/v2\/comments?post=180869"}],"version-history":[{"count":0,"href":"https:\/\/portaltela.pt\/api\/wp\/v2\/posts\/180869\/revisions"}],"wp:featuredmedia":[{"embeddable":true,"href":"https:\/\/portaltela.pt\/api\/wp\/v2\/media\/180876"}],"wp:attachment":[{"href":"https:\/\/portaltela.pt\/api\/wp\/v2\/media?parent=180869"}],"wp:term":[{"taxonomy":"category","embeddable":true,"href":"https:\/\/portaltela.pt\/api\/wp\/v2\/categories?post=180869"},{"taxonomy":"post_tag","embeddable":true,"href":"https:\/\/portaltela.pt\/api\/wp\/v2\/tags?post=180869"}],"curies":[{"name":"wp","href":"https:\/\/api.w.org\/{rel}","templated":true}]}}