{"id":180831,"date":"2026-01-29T08:14:58","date_gmt":"2026-01-29T11:14:58","guid":{"rendered":"https:\/\/portaltela.pt\/noticias\/2026\/01\/29\/homem-detido-em-gondomar-por-abuso-sexual-de-menor-e-pornografia-infantil\/"},"modified":"2026-01-29T08:14:58","modified_gmt":"2026-01-29T11:14:58","slug":"homem-detido-em-gondomar-por-abuso-sexual-de-menor-e-pornografia-infantil","status":"publish","type":"post","link":"https:\/\/portaltela.pt\/noticias\/2026\/01\/29\/homem-detido-em-gondomar-por-abuso-sexual-de-menor-e-pornografia-infantil\/","title":{"rendered":"Homem detido em Gondomar por abuso sexual de menor e pornografia infantil"},"content":{"rendered":"<p>O Minist\u00e9rio P\u00fablico anunciou a deten\u00e7\u00e3o de um homem de 33 anos pela Pol\u00edcia Judici\u00e1ria (PJ) do Norte, em Gondomar. A investiga\u00e7\u00e3o envolve crimes contra a liberdade e autodetermina\u00e7\u00e3o de uma menor de 13 anos, ocorridos no final de 2025. A den\u00fancia partiu da pr\u00f3pria v\u00edtima.<\/p>\n<p>A menina, filha da companheira do suspeito, revelou os factos \u00e0 psic\u00f3loga da escola que frequenta. A profissional notificou as autoridades competentes de imediato, iniciando a cadeia de acusa\u00e7\u00f5es.<\/p>\n<p>A PJ assumiu a investiga\u00e7\u00e3o por tratar-se de crimes da sua compet\u00eancia reservada. Foram realizadas dilig\u00eancias para recolher provas e confirmar os atos abusivos praticados contra a menor, reunindo fortes ind\u00edcios da autoria.<\/p>\n<p>O detido, sem antecedentes criminais, ser\u00e1 hoje apresentado \u00e0s autoridades judici\u00e1rias para o primeiro interrogat\u00f3rio. Segue-se a poss\u00edvel aplica\u00e7\u00e3o de medidas de coa\u00e7\u00e3o.<\/p>\n<h3>Investiga\u00e7\u00e3o e pr\u00f3ximo passo<\/h3>\n<p>As autoridades n\u00e3o detalham a dimens\u00e3o dos crimes nem a natureza das provas, mas confirmam que a investiga\u00e7\u00e3o continua em curso e que novas informa\u00e7\u00f5es poder\u00e3o ser tornadas p\u00fablicas conforme o andamento do processo.<\/p>\n","protected":false},"excerpt":{"rendered":"<ul>\n<li>A Pol\u00edcia Judici\u00e1ria deteve, em Gondomar, um homem de 33 anos, suspeito de crimes contra a liberdade e autodetermina\u00e7\u00e3o de uma menor de 13 anos, ocorridos no final de 2025.<\/li>\n<li>A den\u00fancia partiu da pr\u00f3pria v\u00edtima, filha da companheira do detido, feita \u00e0 psic\u00f3loga da escola, que notificou as autoridades.<\/li>\n<li>A investiga\u00e7\u00e3o, da compet\u00eancia da PJ \u2013 Diretoria do Norte, reuniu fortes ind\u00edcios de autoria e recolheu provas sobre os atos abusivos.<\/li>\n<li>O detido, sem antecedentes criminais, ser\u00e1 hoje apresentado \u00e0s autoridades judici\u00e1rias para o primeiro interrogat\u00f3rio e eventual aplica\u00e7\u00e3o de medidas de coa\u00e7\u00e3o.<\/li>\n<\/ul>\n","protected":false},"author":2,"featured_media":180864,"comment_status":"closed","ping_status":"closed","sticky":false,"template":"","format":"standard","meta":{"footnotes":""},"categories":[1],"tags":[817,3990,4139,217,1802,2510],"class_list":["post-180831","post","type-post","status-publish","format-standard","has-post-thumbnail","hentry","category-noticias","tag-abuso-de-menor-dependente-ou-em-situacao-vulneravel","tag-crimes-sexuais","tag-detencao","tag-investigacao-criminal","tag-policia-judiciaria","tag-pornografia-de-menor-dependente"],"yoast_head":"<!-- This site is optimized with the Yoast SEO plugin v27.2 - https:\/\/yoast.com\/product\/yoast-seo-wordpress\/ -->\n<title>Homem detido em Gondomar por abuso sexual de menor e pornografia infantil - Portal Tela Portugal<\/title>\n<meta name=\"robots\" content=\"index, follow, max-snippet:-1, max-image-preview:large, max-video-preview:-1\" \/>\n<meta property=\"og:locale\" content=\"pt_PT\" \/>\n<meta property=\"og:type\" content=\"article\" \/>\n<meta property=\"og:title\" content=\"Homem detido em Gondomar por abuso sexual de menor e pornografia infantil - Portal Tela Portugal\" \/>\n<meta property=\"og:description\" content=\"A Pol\u00edcia Judici\u00e1ria deteve, em Gondomar, um homem de 33 anos, suspeito de crimes contra a liberdade e autodetermina\u00e7\u00e3o de uma menor de 13 anos, ocorridos no final de 2025. A den\u00fancia partiu da pr\u00f3pria v\u00edtima, filha da companheira do detido, feita \u00e0 psic\u00f3loga da escola, que notificou as autoridades. A investiga\u00e7\u00e3o, da compet\u00eancia da PJ \u2013 Diretoria do Norte, reuniu fortes ind\u00edcios de autoria e recolheu provas sobre os atos abusivos. O detido, sem antecedentes criminais, ser\u00e1 hoje apresentado \u00e0s autoridades judici\u00e1rias para o primeiro interrogat\u00f3rio e eventual aplica\u00e7\u00e3o de medidas de coa\u00e7\u00e3o.\" \/>\n<meta property=\"og:url\" content=\"https:\/\/portaltela.pt\/noticias\/2026\/01\/29\/homem-detido-em-gondomar-por-abuso-sexual-de-menor-e-pornografia-infantil\/\" \/>\n<meta property=\"og:site_name\" content=\"Portal Tela Portugal\" \/>\n<meta property=\"article:published_time\" content=\"2026-01-29T11:14:58+00:00\" \/>\n<meta name=\"author\" content=\"Telinha\" \/>\n<meta name=\"twitter:card\" content=\"summary_large_image\" \/>\n<meta name=\"twitter:label1\" content=\"Escrito por\" \/>\n\t<meta name=\"twitter:data1\" content=\"Telinha\" \/>\n\t<meta name=\"twitter:label2\" content=\"Tempo estimado de leitura\" \/>\n\t<meta name=\"twitter:data2\" content=\"1 minuto\" \/>\n<script type=\"application\/ld+json\" class=\"yoast-schema-graph\">{\"@context\":\"https:\/\/schema.org\",\"@graph\":[{\"@type\":\"Article\",\"@id\":\"https:\/\/portaltela.pt\/noticias\/2026\/01\/29\/homem-detido-em-gondomar-por-abuso-sexual-de-menor-e-pornografia-infantil\/#article\",\"isPartOf\":{\"@id\":\"https:\/\/portaltela.pt\/noticias\/2026\/01\/29\/homem-detido-em-gondomar-por-abuso-sexual-de-menor-e-pornografia-infantil\/\"},\"author\":{\"name\":\"Telinha\",\"@id\":\"https:\/\/portaltela.pt\/#\/schema\/person\/c4278d4a6028830caff9ee44b42d32ed\"},\"headline\":\"Homem detido em Gondomar por abuso sexual de menor e pornografia infantil\",\"datePublished\":\"2026-01-29T11:14:58+00:00\",\"mainEntityOfPage\":{\"@id\":\"https:\/\/portaltela.pt\/noticias\/2026\/01\/29\/homem-detido-em-gondomar-por-abuso-sexual-de-menor-e-pornografia-infantil\/\"},\"wordCount\":206,\"image\":{\"@id\":\"https:\/\/portaltela.pt\/noticias\/2026\/01\/29\/homem-detido-em-gondomar-por-abuso-sexual-de-menor-e-pornografia-infantil\/#primaryimage\"},\"thumbnailUrl\":\"https:\/\/portaltela.pt\/s.01k8rhncp4jt1\/2026\/01\/unnamed-file-5764.jpg\",\"keywords\":[\"abuso de menor dependente ou em situa\u00e7\u00e3o vulner\u00e1vel\",\"crimes sexuais\",\"deten\u00e7\u00e3o\",\"investiga\u00e7\u00e3o criminal\",\"Pol\u00edcia Judici\u00e1ria\",\"pornografia de menor dependente\"],\"articleSection\":[\"Not\u00edcias\"],\"inLanguage\":\"pt-PT\"},{\"@type\":\"WebPage\",\"@id\":\"https:\/\/portaltela.pt\/noticias\/2026\/01\/29\/homem-detido-em-gondomar-por-abuso-sexual-de-menor-e-pornografia-infantil\/\",\"url\":\"https:\/\/portaltela.pt\/noticias\/2026\/01\/29\/homem-detido-em-gondomar-por-abuso-sexual-de-menor-e-pornografia-infantil\/\",\"name\":\"Homem detido em Gondomar por abuso sexual de menor e pornografia infantil - Portal Tela Portugal\",\"isPartOf\":{\"@id\":\"https:\/\/portaltela.pt\/#website\"},\"primaryImageOfPage\":{\"@id\":\"https:\/\/portaltela.pt\/noticias\/2026\/01\/29\/homem-detido-em-gondomar-por-abuso-sexual-de-menor-e-pornografia-infantil\/#primaryimage\"},\"image\":{\"@id\":\"https:\/\/portaltela.pt\/noticias\/2026\/01\/29\/homem-detido-em-gondomar-por-abuso-sexual-de-menor-e-pornografia-infantil\/#primaryimage\"},\"thumbnailUrl\":\"https:\/\/portaltela.pt\/s.01k8rhncp4jt1\/2026\/01\/unnamed-file-5764.jpg\",\"datePublished\":\"2026-01-29T11:14:58+00:00\",\"author\":{\"@id\":\"https:\/\/portaltela.pt\/#\/schema\/person\/c4278d4a6028830caff9ee44b42d32ed\"},\"breadcrumb\":{\"@id\":\"https:\/\/portaltela.pt\/noticias\/2026\/01\/29\/homem-detido-em-gondomar-por-abuso-sexual-de-menor-e-pornografia-infantil\/#breadcrumb\"},\"inLanguage\":\"pt-PT\",\"potentialAction\":[{\"@type\":\"ReadAction\",\"target\":[\"https:\/\/portaltela.pt\/noticias\/2026\/01\/29\/homem-detido-em-gondomar-por-abuso-sexual-de-menor-e-pornografia-infantil\/\"]}]},{\"@type\":\"ImageObject\",\"inLanguage\":\"pt-PT\",\"@id\":\"https:\/\/portaltela.pt\/noticias\/2026\/01\/29\/homem-detido-em-gondomar-por-abuso-sexual-de-menor-e-pornografia-infantil\/#primaryimage\",\"url\":\"https:\/\/portaltela.pt\/s.01k8rhncp4jt1\/2026\/01\/unnamed-file-5764.jpg\",\"contentUrl\":\"https:\/\/portaltela.pt\/s.01k8rhncp4jt1\/2026\/01\/unnamed-file-5764.jpg\",\"width\":796,\"height\":448,\"caption\":\"Homem detido em Gondomar por abuso sexual de crian\u00e7a e pornografia de menores\"},{\"@type\":\"BreadcrumbList\",\"@id\":\"https:\/\/portaltela.pt\/noticias\/2026\/01\/29\/homem-detido-em-gondomar-por-abuso-sexual-de-menor-e-pornografia-infantil\/#breadcrumb\",\"itemListElement\":[{\"@type\":\"ListItem\",\"position\":1,\"name\":\"In\u00edcio\",\"item\":\"https:\/\/portaltela.pt\/\"},{\"@type\":\"ListItem\",\"position\":2,\"name\":\"Homem detido em Gondomar por abuso sexual de menor e pornografia infantil\"}]},{\"@type\":\"WebSite\",\"@id\":\"https:\/\/portaltela.pt\/#website\",\"url\":\"https:\/\/portaltela.pt\/\",\"name\":\"Portal Tela Portugal\",\"description\":\"\",\"potentialAction\":[{\"@type\":\"SearchAction\",\"target\":{\"@type\":\"EntryPoint\",\"urlTemplate\":\"https:\/\/portaltela.pt\/?s={search_term_string}\"},\"query-input\":{\"@type\":\"PropertyValueSpecification\",\"valueRequired\":true,\"valueName\":\"search_term_string\"}}],\"inLanguage\":\"pt-PT\"},{\"@type\":\"Person\",\"@id\":\"https:\/\/portaltela.pt\/#\/schema\/person\/c4278d4a6028830caff9ee44b42d32ed\",\"name\":\"Telinha\",\"image\":{\"@type\":\"ImageObject\",\"inLanguage\":\"pt-PT\",\"@id\":\"https:\/\/portaltela.pt\/s.01k8rhncp4jt1\/2025\/11\/talking-bot-125x125.png\",\"url\":\"https:\/\/portaltela.pt\/s.01k8rhncp4jt1\/2025\/11\/talking-bot-125x125.png\",\"contentUrl\":\"https:\/\/portaltela.pt\/s.01k8rhncp4jt1\/2025\/11\/talking-bot-125x125.png\",\"caption\":\"Telinha\"},\"sameAs\":[\"https:\/\/portaltela.pt\/\"],\"url\":\"https:\/\/portaltela.pt\/por\/367410592786\/\"}]}<\/script>\n<!-- \/ Yoast SEO plugin. -->","yoast_head_json":{"title":"Homem detido em Gondomar por abuso sexual de menor e pornografia infantil - Portal Tela Portugal","robots":{"index":"index","follow":"follow","max-snippet":"max-snippet:-1","max-image-preview":"max-image-preview:large","max-video-preview":"max-video-preview:-1"},"og_locale":"pt_PT","og_type":"article","og_title":"Homem detido em Gondomar por abuso sexual de menor e pornografia infantil - Portal Tela Portugal","og_description":"A Pol\u00edcia Judici\u00e1ria deteve, em Gondomar, um homem de 33 anos, suspeito de crimes contra a liberdade e autodetermina\u00e7\u00e3o de uma menor de 13 anos, ocorridos no final de 2025. A den\u00fancia partiu da pr\u00f3pria v\u00edtima, filha da companheira do detido, feita \u00e0 psic\u00f3loga da escola, que notificou as autoridades. A investiga\u00e7\u00e3o, da compet\u00eancia da PJ \u2013 Diretoria do Norte, reuniu fortes ind\u00edcios de autoria e recolheu provas sobre os atos abusivos. O detido, sem antecedentes criminais, ser\u00e1 hoje apresentado \u00e0s autoridades judici\u00e1rias para o primeiro interrogat\u00f3rio e eventual aplica\u00e7\u00e3o de medidas de coa\u00e7\u00e3o.","og_url":"https:\/\/portaltela.pt\/noticias\/2026\/01\/29\/homem-detido-em-gondomar-por-abuso-sexual-de-menor-e-pornografia-infantil\/","og_site_name":"Portal Tela Portugal","article_published_time":"2026-01-29T11:14:58+00:00","author":"Telinha","twitter_card":"summary_large_image","twitter_misc":{"Escrito por":"Telinha","Tempo estimado de leitura":"1 minuto"},"schema":{"@context":"https:\/\/schema.org","@graph":[{"@type":"Article","@id":"https:\/\/portaltela.pt\/noticias\/2026\/01\/29\/homem-detido-em-gondomar-por-abuso-sexual-de-menor-e-pornografia-infantil\/#article","isPartOf":{"@id":"https:\/\/portaltela.pt\/noticias\/2026\/01\/29\/homem-detido-em-gondomar-por-abuso-sexual-de-menor-e-pornografia-infantil\/"},"author":{"name":"Telinha","@id":"https:\/\/portaltela.pt\/#\/schema\/person\/c4278d4a6028830caff9ee44b42d32ed"},"headline":"Homem detido em Gondomar por abuso sexual de menor e pornografia infantil","datePublished":"2026-01-29T11:14:58+00:00","mainEntityOfPage":{"@id":"https:\/\/portaltela.pt\/noticias\/2026\/01\/29\/homem-detido-em-gondomar-por-abuso-sexual-de-menor-e-pornografia-infantil\/"},"wordCount":206,"image":{"@id":"https:\/\/portaltela.pt\/noticias\/2026\/01\/29\/homem-detido-em-gondomar-por-abuso-sexual-de-menor-e-pornografia-infantil\/#primaryimage"},"thumbnailUrl":"https:\/\/portaltela.pt\/s.01k8rhncp4jt1\/2026\/01\/unnamed-file-5764.jpg","keywords":["abuso de menor dependente ou em situa\u00e7\u00e3o vulner\u00e1vel","crimes sexuais","deten\u00e7\u00e3o","investiga\u00e7\u00e3o criminal","Pol\u00edcia Judici\u00e1ria","pornografia de menor dependente"],"articleSection":["Not\u00edcias"],"inLanguage":"pt-PT"},{"@type":"WebPage","@id":"https:\/\/portaltela.pt\/noticias\/2026\/01\/29\/homem-detido-em-gondomar-por-abuso-sexual-de-menor-e-pornografia-infantil\/","url":"https:\/\/portaltela.pt\/noticias\/2026\/01\/29\/homem-detido-em-gondomar-por-abuso-sexual-de-menor-e-pornografia-infantil\/","name":"Homem detido em Gondomar por abuso sexual de menor e pornografia infantil - Portal Tela Portugal","isPartOf":{"@id":"https:\/\/portaltela.pt\/#website"},"primaryImageOfPage":{"@id":"https:\/\/portaltela.pt\/noticias\/2026\/01\/29\/homem-detido-em-gondomar-por-abuso-sexual-de-menor-e-pornografia-infantil\/#primaryimage"},"image":{"@id":"https:\/\/portaltela.pt\/noticias\/2026\/01\/29\/homem-detido-em-gondomar-por-abuso-sexual-de-menor-e-pornografia-infantil\/#primaryimage"},"thumbnailUrl":"https:\/\/portaltela.pt\/s.01k8rhncp4jt1\/2026\/01\/unnamed-file-5764.jpg","datePublished":"2026-01-29T11:14:58+00:00","author":{"@id":"https:\/\/portaltela.pt\/#\/schema\/person\/c4278d4a6028830caff9ee44b42d32ed"},"breadcrumb":{"@id":"https:\/\/portaltela.pt\/noticias\/2026\/01\/29\/homem-detido-em-gondomar-por-abuso-sexual-de-menor-e-pornografia-infantil\/#breadcrumb"},"inLanguage":"pt-PT","potentialAction":[{"@type":"ReadAction","target":["https:\/\/portaltela.pt\/noticias\/2026\/01\/29\/homem-detido-em-gondomar-por-abuso-sexual-de-menor-e-pornografia-infantil\/"]}]},{"@type":"ImageObject","inLanguage":"pt-PT","@id":"https:\/\/portaltela.pt\/noticias\/2026\/01\/29\/homem-detido-em-gondomar-por-abuso-sexual-de-menor-e-pornografia-infantil\/#primaryimage","url":"https:\/\/portaltela.pt\/s.01k8rhncp4jt1\/2026\/01\/unnamed-file-5764.jpg","contentUrl":"https:\/\/portaltela.pt\/s.01k8rhncp4jt1\/2026\/01\/unnamed-file-5764.jpg","width":796,"height":448,"caption":"Homem detido em Gondomar por abuso sexual de crian\u00e7a e pornografia de menores"},{"@type":"BreadcrumbList","@id":"https:\/\/portaltela.pt\/noticias\/2026\/01\/29\/homem-detido-em-gondomar-por-abuso-sexual-de-menor-e-pornografia-infantil\/#breadcrumb","itemListElement":[{"@type":"ListItem","position":1,"name":"In\u00edcio","item":"https:\/\/portaltela.pt\/"},{"@type":"ListItem","position":2,"name":"Homem detido em Gondomar por abuso sexual de menor e pornografia infantil"}]},{"@type":"WebSite","@id":"https:\/\/portaltela.pt\/#website","url":"https:\/\/portaltela.pt\/","name":"Portal Tela Portugal","description":"","potentialAction":[{"@type":"SearchAction","target":{"@type":"EntryPoint","urlTemplate":"https:\/\/portaltela.pt\/?s={search_term_string}"},"query-input":{"@type":"PropertyValueSpecification","valueRequired":true,"valueName":"search_term_string"}}],"inLanguage":"pt-PT"},{"@type":"Person","@id":"https:\/\/portaltela.pt\/#\/schema\/person\/c4278d4a6028830caff9ee44b42d32ed","name":"Telinha","image":{"@type":"ImageObject","inLanguage":"pt-PT","@id":"https:\/\/portaltela.pt\/s.01k8rhncp4jt1\/2025\/11\/talking-bot-125x125.png","url":"https:\/\/portaltela.pt\/s.01k8rhncp4jt1\/2025\/11\/talking-bot-125x125.png","contentUrl":"https:\/\/portaltela.pt\/s.01k8rhncp4jt1\/2025\/11\/talking-bot-125x125.png","caption":"Telinha"},"sameAs":["https:\/\/portaltela.pt\/"],"url":"https:\/\/portaltela.pt\/por\/367410592786\/"}]}},"_links":{"self":[{"href":"https:\/\/portaltela.pt\/api\/wp\/v2\/posts\/180831","targetHints":{"allow":["GET"]}}],"collection":[{"href":"https:\/\/portaltela.pt\/api\/wp\/v2\/posts"}],"about":[{"href":"https:\/\/portaltela.pt\/api\/wp\/v2\/types\/post"}],"author":[{"embeddable":true,"href":"https:\/\/portaltela.pt\/api\/wp\/v2\/users\/2"}],"replies":[{"embeddable":true,"href":"https:\/\/portaltela.pt\/api\/wp\/v2\/comments?post=180831"}],"version-history":[{"count":0,"href":"https:\/\/portaltela.pt\/api\/wp\/v2\/posts\/180831\/revisions"}],"wp:featuredmedia":[{"embeddable":true,"href":"https:\/\/portaltela.pt\/api\/wp\/v2\/media\/180864"}],"wp:attachment":[{"href":"https:\/\/portaltela.pt\/api\/wp\/v2\/media?parent=180831"}],"wp:term":[{"taxonomy":"category","embeddable":true,"href":"https:\/\/portaltela.pt\/api\/wp\/v2\/categories?post=180831"},{"taxonomy":"post_tag","embeddable":true,"href":"https:\/\/portaltela.pt\/api\/wp\/v2\/tags?post=180831"}],"curies":[{"name":"wp","href":"https:\/\/api.w.org\/{rel}","templated":true}]}}