{"id":180829,"date":"2026-01-29T08:26:30","date_gmt":"2026-01-29T11:26:30","guid":{"rendered":"https:\/\/portaltela.pt\/noticias\/2026\/01\/29\/quem-e-nicola-peltz-e-o-papel-no-conflito-entre-os-beckhams\/"},"modified":"2026-01-29T08:26:30","modified_gmt":"2026-01-29T11:26:30","slug":"quem-e-nicola-peltz-e-o-papel-no-conflito-entre-os-beckhams","status":"publish","type":"post","link":"https:\/\/portaltela.pt\/noticias\/2026\/01\/29\/quem-e-nicola-peltz-e-o-papel-no-conflito-entre-os-beckhams\/","title":{"rendered":"Quem \u00e9 Nicola Peltz e o papel no conflito entre os Beckhams"},"content":{"rendered":"<p>O conflito familiar que envolve os Beckham tem ganhado destaque ap\u00f3s publica\u00e7\u00f5es de Brooklyn Beckham sobre a sua rela\u00e7\u00e3o com os pais. A figura central do atrito \u00e9 Nicola Peltz, mulher de Brooklyn, que diz sentir desrespeito por parte dos sogros.<\/p>\n<p>Nicola Peltz tem 31 anos e pertence \u00e0 alta sociedade nova-iorquina. \u00c9 atriz e modelo, filha de Nelson e Claudia Peltz, e casou com Brooklyn, filho de Victoria e David Beckham. O cl\u00e3 Peltz revela uma riqueza consider\u00e1vel na compara\u00e7\u00e3o com o patrim\u00f4nio da fam\u00edlia Beckham.<\/p>\n<p>Entre acusa\u00e7\u00f5es p\u00fablicas, Brooklyn aponta que os pais tentam sabotar o seu casamento, segundo o que tem sido partilhado nos \u00faltimos meses. O epis\u00f3dio envolve ainda a vida pessoal dos Beckham, que j\u00e1 est\u00e1 a ser escrutinada pela imprensa internacional.<\/p>\n<p>Os Peltz s\u00e3o apresentados como uma fam\u00edlia de grande influ\u00eancia social nos EUA, com uma fortuna que contrasta com a estimada de 580 milh\u00f5es de euros da linha Beckham, de acordo com listas financeiras. A crise envolve quest\u00f5es familiares e de rela\u00e7\u00f5es entre gera\u00e7\u00f5es.<\/p>\n<p>A cobertura do caso indica que Nicola Peltz, apesar de n\u00e3o ter crescido sob os holofotes, permanece no centro do embate entre a sua fam\u00edlia e os Beckham. O desenrolar do conflito continua sem que haja afirma\u00e7\u00f5es oficiais de tom conclusivo.<\/p>\n","protected":false},"excerpt":{"rendered":"<ul>\n<li>Nicola Peltz, 31 anos, \u00e9 atriz e modelo, esposa de Brooklyn Beckham (26) e ativista dos direitos dos animais.<\/li>\n<li>A crise familiar envolve Nicola como figura central, com Brooklyn a acusar os pais de tentarem sabotar o casamento.<\/li>\n<li>Nicola \u00e9 filha de Nelson e Claudia Peltz, de uma fam\u00edlia da alta sociedade nova-iorquina, uma entre oito filhos, nascida em Westchester County, Nova Iorque.<\/li>\n<li>O cl\u00e3 Beckham est\u00e1 avaliado em cerca de 580 milh\u00f5es de euros, segundo a lista dos mais ricos do The Sunday Times.<\/li>\n<li>Nelson Peltz, pai de Nicola, \u00e9 descrito como magnata pr\u00f3ximo de figuras como Donald Trump e Elon Musk.<\/li>\n<\/ul>\n","protected":false},"author":2,"featured_media":180862,"comment_status":"closed","ping_status":"closed","sticky":false,"template":"","format":"standard","meta":{"footnotes":""},"categories":[1],"tags":[76,3551,64,148,506,2318],"class_list":["post-180829","post","type-post","status-publish","format-standard","has-post-thumbnail","hentry","category-noticias","tag-celebridades","tag-david-beckham","tag-familia","tag-familias","tag-imprensa","tag-sociedade"],"yoast_head":"<!-- This site is optimized with the Yoast SEO plugin v27.2 - https:\/\/yoast.com\/product\/yoast-seo-wordpress\/ -->\n<title>Quem \u00e9 Nicola Peltz e o papel no conflito entre os Beckhams - Portal Tela Portugal<\/title>\n<meta name=\"robots\" content=\"index, follow, max-snippet:-1, max-image-preview:large, max-video-preview:-1\" \/>\n<meta property=\"og:locale\" content=\"pt_PT\" \/>\n<meta property=\"og:type\" content=\"article\" \/>\n<meta property=\"og:title\" content=\"Quem \u00e9 Nicola Peltz e o papel no conflito entre os Beckhams - Portal Tela Portugal\" \/>\n<meta property=\"og:description\" content=\"Nicola Peltz, 31 anos, \u00e9 atriz e modelo, esposa de Brooklyn Beckham (26) e ativista dos direitos dos animais. A crise familiar envolve Nicola como figura central, com Brooklyn a acusar os pais de tentarem sabotar o casamento. Nicola \u00e9 filha de Nelson e Claudia Peltz, de uma fam\u00edlia da alta sociedade nova-iorquina, uma entre oito filhos, nascida em Westchester County, Nova Iorque. O cl\u00e3 Beckham est\u00e1 avaliado em cerca de 580 milh\u00f5es de euros, segundo a lista dos mais ricos do The Sunday Times. Nelson Peltz, pai de Nicola, \u00e9 descrito como magnata pr\u00f3ximo de figuras como Donald Trump e Elon Musk.\" \/>\n<meta property=\"og:url\" content=\"https:\/\/portaltela.pt\/noticias\/2026\/01\/29\/quem-e-nicola-peltz-e-o-papel-no-conflito-entre-os-beckhams\/\" \/>\n<meta property=\"og:site_name\" content=\"Portal Tela Portugal\" \/>\n<meta property=\"article:published_time\" content=\"2026-01-29T11:26:30+00:00\" \/>\n<meta name=\"author\" content=\"Telinha\" \/>\n<meta name=\"twitter:card\" content=\"summary_large_image\" \/>\n<meta name=\"twitter:label1\" content=\"Escrito por\" \/>\n\t<meta name=\"twitter:data1\" content=\"Telinha\" \/>\n\t<meta name=\"twitter:label2\" content=\"Tempo estimado de leitura\" \/>\n\t<meta name=\"twitter:data2\" content=\"1 minuto\" \/>\n<script type=\"application\/ld+json\" class=\"yoast-schema-graph\">{\"@context\":\"https:\/\/schema.org\",\"@graph\":[{\"@type\":\"Article\",\"@id\":\"https:\/\/portaltela.pt\/noticias\/2026\/01\/29\/quem-e-nicola-peltz-e-o-papel-no-conflito-entre-os-beckhams\/#article\",\"isPartOf\":{\"@id\":\"https:\/\/portaltela.pt\/noticias\/2026\/01\/29\/quem-e-nicola-peltz-e-o-papel-no-conflito-entre-os-beckhams\/\"},\"author\":{\"name\":\"Telinha\",\"@id\":\"https:\/\/portaltela.pt\/#\/schema\/person\/c4278d4a6028830caff9ee44b42d32ed\"},\"headline\":\"Quem \u00e9 Nicola Peltz e o papel no conflito entre os Beckhams\",\"datePublished\":\"2026-01-29T11:26:30+00:00\",\"mainEntityOfPage\":{\"@id\":\"https:\/\/portaltela.pt\/noticias\/2026\/01\/29\/quem-e-nicola-peltz-e-o-papel-no-conflito-entre-os-beckhams\/\"},\"wordCount\":238,\"image\":{\"@id\":\"https:\/\/portaltela.pt\/noticias\/2026\/01\/29\/quem-e-nicola-peltz-e-o-papel-no-conflito-entre-os-beckhams\/#primaryimage\"},\"thumbnailUrl\":\"https:\/\/portaltela.pt\/s.01k8rhncp4jt1\/2026\/01\/img_920x518uu2026-01-29-11-25-06-2418190.jpg\",\"keywords\":[\"celebridades\",\"David Beckham\",\"fam\u00edlia\",\"fam\u00edlias\",\"imprensa\",\"sociedade\"],\"articleSection\":[\"Not\u00edcias\"],\"inLanguage\":\"pt-PT\"},{\"@type\":\"WebPage\",\"@id\":\"https:\/\/portaltela.pt\/noticias\/2026\/01\/29\/quem-e-nicola-peltz-e-o-papel-no-conflito-entre-os-beckhams\/\",\"url\":\"https:\/\/portaltela.pt\/noticias\/2026\/01\/29\/quem-e-nicola-peltz-e-o-papel-no-conflito-entre-os-beckhams\/\",\"name\":\"Quem \u00e9 Nicola Peltz e o papel no conflito entre os Beckhams - Portal Tela Portugal\",\"isPartOf\":{\"@id\":\"https:\/\/portaltela.pt\/#website\"},\"primaryImageOfPage\":{\"@id\":\"https:\/\/portaltela.pt\/noticias\/2026\/01\/29\/quem-e-nicola-peltz-e-o-papel-no-conflito-entre-os-beckhams\/#primaryimage\"},\"image\":{\"@id\":\"https:\/\/portaltela.pt\/noticias\/2026\/01\/29\/quem-e-nicola-peltz-e-o-papel-no-conflito-entre-os-beckhams\/#primaryimage\"},\"thumbnailUrl\":\"https:\/\/portaltela.pt\/s.01k8rhncp4jt1\/2026\/01\/img_920x518uu2026-01-29-11-25-06-2418190.jpg\",\"datePublished\":\"2026-01-29T11:26:30+00:00\",\"author\":{\"@id\":\"https:\/\/portaltela.pt\/#\/schema\/person\/c4278d4a6028830caff9ee44b42d32ed\"},\"breadcrumb\":{\"@id\":\"https:\/\/portaltela.pt\/noticias\/2026\/01\/29\/quem-e-nicola-peltz-e-o-papel-no-conflito-entre-os-beckhams\/#breadcrumb\"},\"inLanguage\":\"pt-PT\",\"potentialAction\":[{\"@type\":\"ReadAction\",\"target\":[\"https:\/\/portaltela.pt\/noticias\/2026\/01\/29\/quem-e-nicola-peltz-e-o-papel-no-conflito-entre-os-beckhams\/\"]}]},{\"@type\":\"ImageObject\",\"inLanguage\":\"pt-PT\",\"@id\":\"https:\/\/portaltela.pt\/noticias\/2026\/01\/29\/quem-e-nicola-peltz-e-o-papel-no-conflito-entre-os-beckhams\/#primaryimage\",\"url\":\"https:\/\/portaltela.pt\/s.01k8rhncp4jt1\/2026\/01\/img_920x518uu2026-01-29-11-25-06-2418190.jpg\",\"contentUrl\":\"https:\/\/portaltela.pt\/s.01k8rhncp4jt1\/2026\/01\/img_920x518uu2026-01-29-11-25-06-2418190.jpg\",\"width\":796,\"height\":448,\"caption\":\"Brooklyn Beckham e Nicola Peltz\"},{\"@type\":\"BreadcrumbList\",\"@id\":\"https:\/\/portaltela.pt\/noticias\/2026\/01\/29\/quem-e-nicola-peltz-e-o-papel-no-conflito-entre-os-beckhams\/#breadcrumb\",\"itemListElement\":[{\"@type\":\"ListItem\",\"position\":1,\"name\":\"In\u00edcio\",\"item\":\"https:\/\/portaltela.pt\/\"},{\"@type\":\"ListItem\",\"position\":2,\"name\":\"Quem \u00e9 Nicola Peltz e o papel no conflito entre os Beckhams\"}]},{\"@type\":\"WebSite\",\"@id\":\"https:\/\/portaltela.pt\/#website\",\"url\":\"https:\/\/portaltela.pt\/\",\"name\":\"Portal Tela Portugal\",\"description\":\"\",\"potentialAction\":[{\"@type\":\"SearchAction\",\"target\":{\"@type\":\"EntryPoint\",\"urlTemplate\":\"https:\/\/portaltela.pt\/?s={search_term_string}\"},\"query-input\":{\"@type\":\"PropertyValueSpecification\",\"valueRequired\":true,\"valueName\":\"search_term_string\"}}],\"inLanguage\":\"pt-PT\"},{\"@type\":\"Person\",\"@id\":\"https:\/\/portaltela.pt\/#\/schema\/person\/c4278d4a6028830caff9ee44b42d32ed\",\"name\":\"Telinha\",\"image\":{\"@type\":\"ImageObject\",\"inLanguage\":\"pt-PT\",\"@id\":\"https:\/\/portaltela.pt\/s.01k8rhncp4jt1\/2025\/11\/talking-bot-125x125.png\",\"url\":\"https:\/\/portaltela.pt\/s.01k8rhncp4jt1\/2025\/11\/talking-bot-125x125.png\",\"contentUrl\":\"https:\/\/portaltela.pt\/s.01k8rhncp4jt1\/2025\/11\/talking-bot-125x125.png\",\"caption\":\"Telinha\"},\"sameAs\":[\"https:\/\/portaltela.pt\/\"],\"url\":\"https:\/\/portaltela.pt\/por\/367410592786\/\"}]}<\/script>\n<!-- \/ Yoast SEO plugin. -->","yoast_head_json":{"title":"Quem \u00e9 Nicola Peltz e o papel no conflito entre os Beckhams - Portal Tela Portugal","robots":{"index":"index","follow":"follow","max-snippet":"max-snippet:-1","max-image-preview":"max-image-preview:large","max-video-preview":"max-video-preview:-1"},"og_locale":"pt_PT","og_type":"article","og_title":"Quem \u00e9 Nicola Peltz e o papel no conflito entre os Beckhams - Portal Tela Portugal","og_description":"Nicola Peltz, 31 anos, \u00e9 atriz e modelo, esposa de Brooklyn Beckham (26) e ativista dos direitos dos animais. A crise familiar envolve Nicola como figura central, com Brooklyn a acusar os pais de tentarem sabotar o casamento. Nicola \u00e9 filha de Nelson e Claudia Peltz, de uma fam\u00edlia da alta sociedade nova-iorquina, uma entre oito filhos, nascida em Westchester County, Nova Iorque. O cl\u00e3 Beckham est\u00e1 avaliado em cerca de 580 milh\u00f5es de euros, segundo a lista dos mais ricos do The Sunday Times. Nelson Peltz, pai de Nicola, \u00e9 descrito como magnata pr\u00f3ximo de figuras como Donald Trump e Elon Musk.","og_url":"https:\/\/portaltela.pt\/noticias\/2026\/01\/29\/quem-e-nicola-peltz-e-o-papel-no-conflito-entre-os-beckhams\/","og_site_name":"Portal Tela Portugal","article_published_time":"2026-01-29T11:26:30+00:00","author":"Telinha","twitter_card":"summary_large_image","twitter_misc":{"Escrito por":"Telinha","Tempo estimado de leitura":"1 minuto"},"schema":{"@context":"https:\/\/schema.org","@graph":[{"@type":"Article","@id":"https:\/\/portaltela.pt\/noticias\/2026\/01\/29\/quem-e-nicola-peltz-e-o-papel-no-conflito-entre-os-beckhams\/#article","isPartOf":{"@id":"https:\/\/portaltela.pt\/noticias\/2026\/01\/29\/quem-e-nicola-peltz-e-o-papel-no-conflito-entre-os-beckhams\/"},"author":{"name":"Telinha","@id":"https:\/\/portaltela.pt\/#\/schema\/person\/c4278d4a6028830caff9ee44b42d32ed"},"headline":"Quem \u00e9 Nicola Peltz e o papel no conflito entre os Beckhams","datePublished":"2026-01-29T11:26:30+00:00","mainEntityOfPage":{"@id":"https:\/\/portaltela.pt\/noticias\/2026\/01\/29\/quem-e-nicola-peltz-e-o-papel-no-conflito-entre-os-beckhams\/"},"wordCount":238,"image":{"@id":"https:\/\/portaltela.pt\/noticias\/2026\/01\/29\/quem-e-nicola-peltz-e-o-papel-no-conflito-entre-os-beckhams\/#primaryimage"},"thumbnailUrl":"https:\/\/portaltela.pt\/s.01k8rhncp4jt1\/2026\/01\/img_920x518uu2026-01-29-11-25-06-2418190.jpg","keywords":["celebridades","David Beckham","fam\u00edlia","fam\u00edlias","imprensa","sociedade"],"articleSection":["Not\u00edcias"],"inLanguage":"pt-PT"},{"@type":"WebPage","@id":"https:\/\/portaltela.pt\/noticias\/2026\/01\/29\/quem-e-nicola-peltz-e-o-papel-no-conflito-entre-os-beckhams\/","url":"https:\/\/portaltela.pt\/noticias\/2026\/01\/29\/quem-e-nicola-peltz-e-o-papel-no-conflito-entre-os-beckhams\/","name":"Quem \u00e9 Nicola Peltz e o papel no conflito entre os Beckhams - Portal Tela Portugal","isPartOf":{"@id":"https:\/\/portaltela.pt\/#website"},"primaryImageOfPage":{"@id":"https:\/\/portaltela.pt\/noticias\/2026\/01\/29\/quem-e-nicola-peltz-e-o-papel-no-conflito-entre-os-beckhams\/#primaryimage"},"image":{"@id":"https:\/\/portaltela.pt\/noticias\/2026\/01\/29\/quem-e-nicola-peltz-e-o-papel-no-conflito-entre-os-beckhams\/#primaryimage"},"thumbnailUrl":"https:\/\/portaltela.pt\/s.01k8rhncp4jt1\/2026\/01\/img_920x518uu2026-01-29-11-25-06-2418190.jpg","datePublished":"2026-01-29T11:26:30+00:00","author":{"@id":"https:\/\/portaltela.pt\/#\/schema\/person\/c4278d4a6028830caff9ee44b42d32ed"},"breadcrumb":{"@id":"https:\/\/portaltela.pt\/noticias\/2026\/01\/29\/quem-e-nicola-peltz-e-o-papel-no-conflito-entre-os-beckhams\/#breadcrumb"},"inLanguage":"pt-PT","potentialAction":[{"@type":"ReadAction","target":["https:\/\/portaltela.pt\/noticias\/2026\/01\/29\/quem-e-nicola-peltz-e-o-papel-no-conflito-entre-os-beckhams\/"]}]},{"@type":"ImageObject","inLanguage":"pt-PT","@id":"https:\/\/portaltela.pt\/noticias\/2026\/01\/29\/quem-e-nicola-peltz-e-o-papel-no-conflito-entre-os-beckhams\/#primaryimage","url":"https:\/\/portaltela.pt\/s.01k8rhncp4jt1\/2026\/01\/img_920x518uu2026-01-29-11-25-06-2418190.jpg","contentUrl":"https:\/\/portaltela.pt\/s.01k8rhncp4jt1\/2026\/01\/img_920x518uu2026-01-29-11-25-06-2418190.jpg","width":796,"height":448,"caption":"Brooklyn Beckham e Nicola Peltz"},{"@type":"BreadcrumbList","@id":"https:\/\/portaltela.pt\/noticias\/2026\/01\/29\/quem-e-nicola-peltz-e-o-papel-no-conflito-entre-os-beckhams\/#breadcrumb","itemListElement":[{"@type":"ListItem","position":1,"name":"In\u00edcio","item":"https:\/\/portaltela.pt\/"},{"@type":"ListItem","position":2,"name":"Quem \u00e9 Nicola Peltz e o papel no conflito entre os Beckhams"}]},{"@type":"WebSite","@id":"https:\/\/portaltela.pt\/#website","url":"https:\/\/portaltela.pt\/","name":"Portal Tela Portugal","description":"","potentialAction":[{"@type":"SearchAction","target":{"@type":"EntryPoint","urlTemplate":"https:\/\/portaltela.pt\/?s={search_term_string}"},"query-input":{"@type":"PropertyValueSpecification","valueRequired":true,"valueName":"search_term_string"}}],"inLanguage":"pt-PT"},{"@type":"Person","@id":"https:\/\/portaltela.pt\/#\/schema\/person\/c4278d4a6028830caff9ee44b42d32ed","name":"Telinha","image":{"@type":"ImageObject","inLanguage":"pt-PT","@id":"https:\/\/portaltela.pt\/s.01k8rhncp4jt1\/2025\/11\/talking-bot-125x125.png","url":"https:\/\/portaltela.pt\/s.01k8rhncp4jt1\/2025\/11\/talking-bot-125x125.png","contentUrl":"https:\/\/portaltela.pt\/s.01k8rhncp4jt1\/2025\/11\/talking-bot-125x125.png","caption":"Telinha"},"sameAs":["https:\/\/portaltela.pt\/"],"url":"https:\/\/portaltela.pt\/por\/367410592786\/"}]}},"_links":{"self":[{"href":"https:\/\/portaltela.pt\/api\/wp\/v2\/posts\/180829","targetHints":{"allow":["GET"]}}],"collection":[{"href":"https:\/\/portaltela.pt\/api\/wp\/v2\/posts"}],"about":[{"href":"https:\/\/portaltela.pt\/api\/wp\/v2\/types\/post"}],"author":[{"embeddable":true,"href":"https:\/\/portaltela.pt\/api\/wp\/v2\/users\/2"}],"replies":[{"embeddable":true,"href":"https:\/\/portaltela.pt\/api\/wp\/v2\/comments?post=180829"}],"version-history":[{"count":0,"href":"https:\/\/portaltela.pt\/api\/wp\/v2\/posts\/180829\/revisions"}],"wp:featuredmedia":[{"embeddable":true,"href":"https:\/\/portaltela.pt\/api\/wp\/v2\/media\/180862"}],"wp:attachment":[{"href":"https:\/\/portaltela.pt\/api\/wp\/v2\/media?parent=180829"}],"wp:term":[{"taxonomy":"category","embeddable":true,"href":"https:\/\/portaltela.pt\/api\/wp\/v2\/categories?post=180829"},{"taxonomy":"post_tag","embeddable":true,"href":"https:\/\/portaltela.pt\/api\/wp\/v2\/tags?post=180829"}],"curies":[{"name":"wp","href":"https:\/\/api.w.org\/{rel}","templated":true}]}}