{"id":180815,"date":"2026-01-29T08:15:00","date_gmt":"2026-01-29T11:15:00","guid":{"rendered":"https:\/\/portaltela.pt\/noticias\/2026\/01\/29\/presidenciais-historicos-do-cds-criticam-direcao-e-desrespeito-a-historia\/"},"modified":"2026-01-29T08:15:00","modified_gmt":"2026-01-29T11:15:00","slug":"presidenciais-historicos-do-cds-criticam-direcao-e-desrespeito-a-historia","status":"publish","type":"post","link":"https:\/\/portaltela.pt\/noticias\/politica\/2026\/01\/29\/presidenciais-historicos-do-cds-criticam-direcao-e-desrespeito-a-historia\/","title":{"rendered":"Presidenciais: Hist\u00f3ricos do CDS criticam dire\u00e7\u00e3o e desrespeito \u00e0 hist\u00f3ria"},"content":{"rendered":"<p>A dire\u00e7\u00e3o do CDS mant\u00e9m uma postura de neutralidade na segunda volta das elei\u00e7\u00f5es presidenciais, posi\u00e7\u00e3o que tem gerado cr\u00edticas entre antigos dirigentes do partido. A leitura de alguns inquilinos do poder hist\u00f3rico aponta que a linha atual n\u00e3o reflete a hist\u00f3ria do CDS. As rea\u00e7\u00f5es surgem num contexto em que figuras hist\u00f3ricas do partido j\u00e1 sinalizaram apoio a candidatos rivais.<\/p>\n<p>Para al\u00e9m da dire\u00e7\u00e3o, personalidades como Lobo Xavier, Pires de Lima, Diogo Feio e Mendes da Silva criticam a escolha de n\u00e3o apoiar publicamente nenhum candidato. A contesta\u00e7\u00e3o ocorre num momento em que o CDS enfrenta press\u00e3o para definir uma posi\u00e7\u00e3o clara diante do segundo escrut\u00ednio nacional. As vozes discordantes destacam o peso hist\u00f3rico do partido na pol\u00edtica nacional.<\/p>\n<h3>Rea\u00e7\u00f5es internas no CDS<\/h3>\n<p>Paulo Portas, ex-l\u00edder do CDS, j\u00e1 anunciou apoio a Ant\u00f3nio Jos\u00e9 Seguro, numa posi\u00e7\u00e3o apresentada como contr\u00e1ria \u00e0 neutralidade institucional do partido. A not\u00edcia assinala que a diverg\u00eancia entre a atual dire\u00e7\u00e3o e membros hist\u00f3ricos se intensifica, alimentando debate sobre a linha estrat\u00e9gica a adotar na elei\u00e7\u00e3o.<\/p>\n<p>O epis\u00f3dio revela uma tens\u00e3o entre a continuidade da orienta\u00e7\u00e3o institucional do CDS e a chamada de antigos dirigentes a alinhamentos ideol\u00f3gicos diferentes. O desfecho deste conflito interno ainda n\u00e3o \u00e9 conhecido.<\/p>\n","protected":false},"excerpt":{"rendered":"<ul>\n<li>Personalidades do CDS criticam a neutralidade da direc\u00e7\u00e3o na segunda volta das presidenciais.<\/li>\n<li>Declara\u00e7\u00f5es de Paulo N\u00fancio associadas a essa posi\u00e7\u00e3o geraram descontentamento entre membros do partido.<\/li>\n<li>Lobo Xavier, Pires de Lima, Diogo Feio e Mendes da Silva questionam a linha oficial do CDS.<\/li>\n<li>Paulo Portas, antigo l\u00edder, j\u00e1 manifestou apoio a Ant\u00f3nio Jos\u00e9 Seguro, evidenciando dissid\u00eancias internas.<\/li>\n<\/ul>\n","protected":false},"author":2,"featured_media":180816,"comment_status":"closed","ping_status":"closed","sticky":false,"template":"","format":"standard","meta":{"footnotes":""},"categories":[1,5],"tags":[2478,3763,68,1732,4655,2832],"class_list":["post-180815","post","type-post","status-publish","format-standard","has-post-thumbnail","hentry","category-noticias","category-politica","tag-cds","tag-cds-cds","tag-eleicoes","tag-partidos","tag-paulo-portas","tag-politica"],"yoast_head":"<!-- This site is optimized with the Yoast SEO plugin v27.2 - https:\/\/yoast.com\/product\/yoast-seo-wordpress\/ -->\n<title>Presidenciais: Hist\u00f3ricos do CDS criticam dire\u00e7\u00e3o e desrespeito \u00e0 hist\u00f3ria - Portal Tela Portugal<\/title>\n<meta name=\"robots\" content=\"index, follow, max-snippet:-1, max-image-preview:large, max-video-preview:-1\" \/>\n<meta property=\"og:locale\" content=\"pt_PT\" \/>\n<meta property=\"og:type\" content=\"article\" \/>\n<meta property=\"og:title\" content=\"Presidenciais: Hist\u00f3ricos do CDS criticam dire\u00e7\u00e3o e desrespeito \u00e0 hist\u00f3ria - Portal Tela Portugal\" \/>\n<meta property=\"og:description\" content=\"Personalidades do CDS criticam a neutralidade da direc\u00e7\u00e3o na segunda volta das presidenciais. Declara\u00e7\u00f5es de Paulo N\u00fancio associadas a essa posi\u00e7\u00e3o geraram descontentamento entre membros do partido. Lobo Xavier, Pires de Lima, Diogo Feio e Mendes da Silva questionam a linha oficial do CDS. Paulo Portas, antigo l\u00edder, j\u00e1 manifestou apoio a Ant\u00f3nio Jos\u00e9 Seguro, evidenciando dissid\u00eancias internas.\" \/>\n<meta property=\"og:url\" content=\"https:\/\/portaltela.pt\/noticias\/2026\/01\/29\/presidenciais-historicos-do-cds-criticam-direcao-e-desrespeito-a-historia\/\" \/>\n<meta property=\"og:site_name\" content=\"Portal Tela Portugal\" \/>\n<meta property=\"article:published_time\" content=\"2026-01-29T11:15:00+00:00\" \/>\n<meta name=\"author\" content=\"Telinha\" \/>\n<meta name=\"twitter:card\" content=\"summary_large_image\" \/>\n<meta name=\"twitter:label1\" content=\"Escrito por\" \/>\n\t<meta name=\"twitter:data1\" content=\"Telinha\" \/>\n\t<meta name=\"twitter:label2\" content=\"Tempo estimado de leitura\" \/>\n\t<meta name=\"twitter:data2\" content=\"1 minuto\" \/>\n<script type=\"application\/ld+json\" class=\"yoast-schema-graph\">{\"@context\":\"https:\/\/schema.org\",\"@graph\":[{\"@type\":\"Article\",\"@id\":\"https:\/\/portaltela.pt\/noticias\/2026\/01\/29\/presidenciais-historicos-do-cds-criticam-direcao-e-desrespeito-a-historia\/#article\",\"isPartOf\":{\"@id\":\"https:\/\/portaltela.pt\/noticias\/2026\/01\/29\/presidenciais-historicos-do-cds-criticam-direcao-e-desrespeito-a-historia\/\"},\"author\":{\"name\":\"Telinha\",\"@id\":\"https:\/\/portaltela.pt\/#\/schema\/person\/c4278d4a6028830caff9ee44b42d32ed\"},\"headline\":\"Presidenciais: Hist\u00f3ricos do CDS criticam dire\u00e7\u00e3o e desrespeito \u00e0 hist\u00f3ria\",\"datePublished\":\"2026-01-29T11:15:00+00:00\",\"mainEntityOfPage\":{\"@id\":\"https:\/\/portaltela.pt\/noticias\/2026\/01\/29\/presidenciais-historicos-do-cds-criticam-direcao-e-desrespeito-a-historia\/\"},\"wordCount\":248,\"image\":{\"@id\":\"https:\/\/portaltela.pt\/noticias\/2026\/01\/29\/presidenciais-historicos-do-cds-criticam-direcao-e-desrespeito-a-historia\/#primaryimage\"},\"thumbnailUrl\":\"https:\/\/portaltela.pt\/s.01k8rhncp4jt1\/2026\/01\/2062698.jpg\",\"keywords\":[\"CDS\",\"CDS\/CDS\",\"elei\u00e7\u00f5es\",\"partidos\",\"Paulo Portas\",\"pol\u00edtica\"],\"articleSection\":[\"Not\u00edcias\",\"Pol\u00edtica\"],\"inLanguage\":\"pt-PT\"},{\"@type\":\"WebPage\",\"@id\":\"https:\/\/portaltela.pt\/noticias\/2026\/01\/29\/presidenciais-historicos-do-cds-criticam-direcao-e-desrespeito-a-historia\/\",\"url\":\"https:\/\/portaltela.pt\/noticias\/2026\/01\/29\/presidenciais-historicos-do-cds-criticam-direcao-e-desrespeito-a-historia\/\",\"name\":\"Presidenciais: Hist\u00f3ricos do CDS criticam dire\u00e7\u00e3o e desrespeito \u00e0 hist\u00f3ria - Portal Tela Portugal\",\"isPartOf\":{\"@id\":\"https:\/\/portaltela.pt\/#website\"},\"primaryImageOfPage\":{\"@id\":\"https:\/\/portaltela.pt\/noticias\/2026\/01\/29\/presidenciais-historicos-do-cds-criticam-direcao-e-desrespeito-a-historia\/#primaryimage\"},\"image\":{\"@id\":\"https:\/\/portaltela.pt\/noticias\/2026\/01\/29\/presidenciais-historicos-do-cds-criticam-direcao-e-desrespeito-a-historia\/#primaryimage\"},\"thumbnailUrl\":\"https:\/\/portaltela.pt\/s.01k8rhncp4jt1\/2026\/01\/2062698.jpg\",\"datePublished\":\"2026-01-29T11:15:00+00:00\",\"author\":{\"@id\":\"https:\/\/portaltela.pt\/#\/schema\/person\/c4278d4a6028830caff9ee44b42d32ed\"},\"breadcrumb\":{\"@id\":\"https:\/\/portaltela.pt\/noticias\/2026\/01\/29\/presidenciais-historicos-do-cds-criticam-direcao-e-desrespeito-a-historia\/#breadcrumb\"},\"inLanguage\":\"pt-PT\",\"potentialAction\":[{\"@type\":\"ReadAction\",\"target\":[\"https:\/\/portaltela.pt\/noticias\/2026\/01\/29\/presidenciais-historicos-do-cds-criticam-direcao-e-desrespeito-a-historia\/\"]}]},{\"@type\":\"ImageObject\",\"inLanguage\":\"pt-PT\",\"@id\":\"https:\/\/portaltela.pt\/noticias\/2026\/01\/29\/presidenciais-historicos-do-cds-criticam-direcao-e-desrespeito-a-historia\/#primaryimage\",\"url\":\"https:\/\/portaltela.pt\/s.01k8rhncp4jt1\/2026\/01\/2062698.jpg\",\"contentUrl\":\"https:\/\/portaltela.pt\/s.01k8rhncp4jt1\/2026\/01\/2062698.jpg\",\"width\":796,\"height\":448,\"caption\":\"Para Ant\u00f3nio Lobo Xavier \u201c\u00e9 dif\u00edcil aceitar a neutralidade do CDS\\\" na segunda volta das presidenciais, disputada entre Ant\u00f3nio Jos\u00e9 Seguro e Andr\u00e9 Ventura\"},{\"@type\":\"BreadcrumbList\",\"@id\":\"https:\/\/portaltela.pt\/noticias\/2026\/01\/29\/presidenciais-historicos-do-cds-criticam-direcao-e-desrespeito-a-historia\/#breadcrumb\",\"itemListElement\":[{\"@type\":\"ListItem\",\"position\":1,\"name\":\"In\u00edcio\",\"item\":\"https:\/\/portaltela.pt\/\"},{\"@type\":\"ListItem\",\"position\":2,\"name\":\"Presidenciais: Hist\u00f3ricos do CDS criticam dire\u00e7\u00e3o e desrespeito \u00e0 hist\u00f3ria\"}]},{\"@type\":\"WebSite\",\"@id\":\"https:\/\/portaltela.pt\/#website\",\"url\":\"https:\/\/portaltela.pt\/\",\"name\":\"Portal Tela Portugal\",\"description\":\"\",\"potentialAction\":[{\"@type\":\"SearchAction\",\"target\":{\"@type\":\"EntryPoint\",\"urlTemplate\":\"https:\/\/portaltela.pt\/?s={search_term_string}\"},\"query-input\":{\"@type\":\"PropertyValueSpecification\",\"valueRequired\":true,\"valueName\":\"search_term_string\"}}],\"inLanguage\":\"pt-PT\"},{\"@type\":\"Person\",\"@id\":\"https:\/\/portaltela.pt\/#\/schema\/person\/c4278d4a6028830caff9ee44b42d32ed\",\"name\":\"Telinha\",\"image\":{\"@type\":\"ImageObject\",\"inLanguage\":\"pt-PT\",\"@id\":\"https:\/\/portaltela.pt\/s.01k8rhncp4jt1\/2025\/11\/talking-bot-125x125.png\",\"url\":\"https:\/\/portaltela.pt\/s.01k8rhncp4jt1\/2025\/11\/talking-bot-125x125.png\",\"contentUrl\":\"https:\/\/portaltela.pt\/s.01k8rhncp4jt1\/2025\/11\/talking-bot-125x125.png\",\"caption\":\"Telinha\"},\"sameAs\":[\"https:\/\/portaltela.pt\/\"],\"url\":\"https:\/\/portaltela.pt\/por\/367410592786\/\"}]}<\/script>\n<!-- \/ Yoast SEO plugin. -->","yoast_head_json":{"title":"Presidenciais: Hist\u00f3ricos do CDS criticam dire\u00e7\u00e3o e desrespeito \u00e0 hist\u00f3ria - Portal Tela Portugal","robots":{"index":"index","follow":"follow","max-snippet":"max-snippet:-1","max-image-preview":"max-image-preview:large","max-video-preview":"max-video-preview:-1"},"og_locale":"pt_PT","og_type":"article","og_title":"Presidenciais: Hist\u00f3ricos do CDS criticam dire\u00e7\u00e3o e desrespeito \u00e0 hist\u00f3ria - Portal Tela Portugal","og_description":"Personalidades do CDS criticam a neutralidade da direc\u00e7\u00e3o na segunda volta das presidenciais. Declara\u00e7\u00f5es de Paulo N\u00fancio associadas a essa posi\u00e7\u00e3o geraram descontentamento entre membros do partido. Lobo Xavier, Pires de Lima, Diogo Feio e Mendes da Silva questionam a linha oficial do CDS. Paulo Portas, antigo l\u00edder, j\u00e1 manifestou apoio a Ant\u00f3nio Jos\u00e9 Seguro, evidenciando dissid\u00eancias internas.","og_url":"https:\/\/portaltela.pt\/noticias\/2026\/01\/29\/presidenciais-historicos-do-cds-criticam-direcao-e-desrespeito-a-historia\/","og_site_name":"Portal Tela Portugal","article_published_time":"2026-01-29T11:15:00+00:00","author":"Telinha","twitter_card":"summary_large_image","twitter_misc":{"Escrito por":"Telinha","Tempo estimado de leitura":"1 minuto"},"schema":{"@context":"https:\/\/schema.org","@graph":[{"@type":"Article","@id":"https:\/\/portaltela.pt\/noticias\/2026\/01\/29\/presidenciais-historicos-do-cds-criticam-direcao-e-desrespeito-a-historia\/#article","isPartOf":{"@id":"https:\/\/portaltela.pt\/noticias\/2026\/01\/29\/presidenciais-historicos-do-cds-criticam-direcao-e-desrespeito-a-historia\/"},"author":{"name":"Telinha","@id":"https:\/\/portaltela.pt\/#\/schema\/person\/c4278d4a6028830caff9ee44b42d32ed"},"headline":"Presidenciais: Hist\u00f3ricos do CDS criticam dire\u00e7\u00e3o e desrespeito \u00e0 hist\u00f3ria","datePublished":"2026-01-29T11:15:00+00:00","mainEntityOfPage":{"@id":"https:\/\/portaltela.pt\/noticias\/2026\/01\/29\/presidenciais-historicos-do-cds-criticam-direcao-e-desrespeito-a-historia\/"},"wordCount":248,"image":{"@id":"https:\/\/portaltela.pt\/noticias\/2026\/01\/29\/presidenciais-historicos-do-cds-criticam-direcao-e-desrespeito-a-historia\/#primaryimage"},"thumbnailUrl":"https:\/\/portaltela.pt\/s.01k8rhncp4jt1\/2026\/01\/2062698.jpg","keywords":["CDS","CDS\/CDS","elei\u00e7\u00f5es","partidos","Paulo Portas","pol\u00edtica"],"articleSection":["Not\u00edcias","Pol\u00edtica"],"inLanguage":"pt-PT"},{"@type":"WebPage","@id":"https:\/\/portaltela.pt\/noticias\/2026\/01\/29\/presidenciais-historicos-do-cds-criticam-direcao-e-desrespeito-a-historia\/","url":"https:\/\/portaltela.pt\/noticias\/2026\/01\/29\/presidenciais-historicos-do-cds-criticam-direcao-e-desrespeito-a-historia\/","name":"Presidenciais: Hist\u00f3ricos do CDS criticam dire\u00e7\u00e3o e desrespeito \u00e0 hist\u00f3ria - Portal Tela Portugal","isPartOf":{"@id":"https:\/\/portaltela.pt\/#website"},"primaryImageOfPage":{"@id":"https:\/\/portaltela.pt\/noticias\/2026\/01\/29\/presidenciais-historicos-do-cds-criticam-direcao-e-desrespeito-a-historia\/#primaryimage"},"image":{"@id":"https:\/\/portaltela.pt\/noticias\/2026\/01\/29\/presidenciais-historicos-do-cds-criticam-direcao-e-desrespeito-a-historia\/#primaryimage"},"thumbnailUrl":"https:\/\/portaltela.pt\/s.01k8rhncp4jt1\/2026\/01\/2062698.jpg","datePublished":"2026-01-29T11:15:00+00:00","author":{"@id":"https:\/\/portaltela.pt\/#\/schema\/person\/c4278d4a6028830caff9ee44b42d32ed"},"breadcrumb":{"@id":"https:\/\/portaltela.pt\/noticias\/2026\/01\/29\/presidenciais-historicos-do-cds-criticam-direcao-e-desrespeito-a-historia\/#breadcrumb"},"inLanguage":"pt-PT","potentialAction":[{"@type":"ReadAction","target":["https:\/\/portaltela.pt\/noticias\/2026\/01\/29\/presidenciais-historicos-do-cds-criticam-direcao-e-desrespeito-a-historia\/"]}]},{"@type":"ImageObject","inLanguage":"pt-PT","@id":"https:\/\/portaltela.pt\/noticias\/2026\/01\/29\/presidenciais-historicos-do-cds-criticam-direcao-e-desrespeito-a-historia\/#primaryimage","url":"https:\/\/portaltela.pt\/s.01k8rhncp4jt1\/2026\/01\/2062698.jpg","contentUrl":"https:\/\/portaltela.pt\/s.01k8rhncp4jt1\/2026\/01\/2062698.jpg","width":796,"height":448,"caption":"Para Ant\u00f3nio Lobo Xavier \u201c\u00e9 dif\u00edcil aceitar a neutralidade do CDS\" na segunda volta das presidenciais, disputada entre Ant\u00f3nio Jos\u00e9 Seguro e Andr\u00e9 Ventura"},{"@type":"BreadcrumbList","@id":"https:\/\/portaltela.pt\/noticias\/2026\/01\/29\/presidenciais-historicos-do-cds-criticam-direcao-e-desrespeito-a-historia\/#breadcrumb","itemListElement":[{"@type":"ListItem","position":1,"name":"In\u00edcio","item":"https:\/\/portaltela.pt\/"},{"@type":"ListItem","position":2,"name":"Presidenciais: Hist\u00f3ricos do CDS criticam dire\u00e7\u00e3o e desrespeito \u00e0 hist\u00f3ria"}]},{"@type":"WebSite","@id":"https:\/\/portaltela.pt\/#website","url":"https:\/\/portaltela.pt\/","name":"Portal Tela Portugal","description":"","potentialAction":[{"@type":"SearchAction","target":{"@type":"EntryPoint","urlTemplate":"https:\/\/portaltela.pt\/?s={search_term_string}"},"query-input":{"@type":"PropertyValueSpecification","valueRequired":true,"valueName":"search_term_string"}}],"inLanguage":"pt-PT"},{"@type":"Person","@id":"https:\/\/portaltela.pt\/#\/schema\/person\/c4278d4a6028830caff9ee44b42d32ed","name":"Telinha","image":{"@type":"ImageObject","inLanguage":"pt-PT","@id":"https:\/\/portaltela.pt\/s.01k8rhncp4jt1\/2025\/11\/talking-bot-125x125.png","url":"https:\/\/portaltela.pt\/s.01k8rhncp4jt1\/2025\/11\/talking-bot-125x125.png","contentUrl":"https:\/\/portaltela.pt\/s.01k8rhncp4jt1\/2025\/11\/talking-bot-125x125.png","caption":"Telinha"},"sameAs":["https:\/\/portaltela.pt\/"],"url":"https:\/\/portaltela.pt\/por\/367410592786\/"}]}},"_links":{"self":[{"href":"https:\/\/portaltela.pt\/api\/wp\/v2\/posts\/180815","targetHints":{"allow":["GET"]}}],"collection":[{"href":"https:\/\/portaltela.pt\/api\/wp\/v2\/posts"}],"about":[{"href":"https:\/\/portaltela.pt\/api\/wp\/v2\/types\/post"}],"author":[{"embeddable":true,"href":"https:\/\/portaltela.pt\/api\/wp\/v2\/users\/2"}],"replies":[{"embeddable":true,"href":"https:\/\/portaltela.pt\/api\/wp\/v2\/comments?post=180815"}],"version-history":[{"count":0,"href":"https:\/\/portaltela.pt\/api\/wp\/v2\/posts\/180815\/revisions"}],"wp:featuredmedia":[{"embeddable":true,"href":"https:\/\/portaltela.pt\/api\/wp\/v2\/media\/180816"}],"wp:attachment":[{"href":"https:\/\/portaltela.pt\/api\/wp\/v2\/media?parent=180815"}],"wp:term":[{"taxonomy":"category","embeddable":true,"href":"https:\/\/portaltela.pt\/api\/wp\/v2\/categories?post=180815"},{"taxonomy":"post_tag","embeddable":true,"href":"https:\/\/portaltela.pt\/api\/wp\/v2\/tags?post=180815"}],"curies":[{"name":"wp","href":"https:\/\/api.w.org\/{rel}","templated":true}]}}